{"id":1018053,"date":"2022-01-31T11:05:31","date_gmt":"2022-01-31T08:05:31","guid":{"rendered":"https:\/\/darkamazi.site\/?p=1018053"},"modified":"2022-01-31T11:05:31","modified_gmt":"2022-01-31T08:05:31","slug":"mesud-barzani-krizleri-cozmek-ve-irakta-siyasi-surec-icin-elverisli-bir-ortam-yaratmak-icin-siyasi-bir-girisim-baslattim","status":"publish","type":"post","link":"https:\/\/darkamazi.site\/archives\/1018053","title":{"rendered":"Mesud Barzani: \u201cKrizleri \u00e7\u00f6zmek ve Irak\u2019ta siyasi s\u00fcre\u00e7 i\u00e7in elveri\u015fli bir ortam yaratmak i\u00e7in siyasi bir giri\u015fim ba\u015flatt\u0131m\u201d"},"content":{"rendered":"<p style=\"text-align: justify\">Mesud Barzani, krizleri \u00e7\u00f6zmek ve Irak\u2019ta siyasi s\u00fcre\u00e7 i\u00e7in elveri\u015fli bir ortam yaratmak amac\u0131yla siyasi bir giri\u015fim ba\u015flatt\u0131\u011f\u0131n\u0131 a\u00e7\u0131klad\u0131.<\/p>\n<p style=\"text-align: justify\">Mesud Barzani, Irak ve K\u00fcrdistan B\u00f6lgesi kamuoyuna hitaben bir mesaj yay\u0131lmad\u0131.<\/p>\n<p style=\"text-align: justify\">\u201cKrizleri \u00e7\u00f6zmek ve Irak\u2019ta siyasi s\u00fcre\u00e7 i\u00e7in elveri\u015fli bir ortam yaratmak i\u00e7in siyasi bir giri\u015fim ba\u015flatt\u0131m\u201d diyen Barzani, bu ama\u00e7la K\u00fcrdistan B\u00f6lgesi Ba\u015fkan\u0131 ve K\u00fcrdistan Demokrat Partisi (KDP) Ba\u015fkan Yard\u0131mc\u0131s\u0131 Ne\u00e7irvan Barzani ile S\u00fcnni lideri Muhammed Halbusi&#8217;yi, siyasi s\u00fcrecin devam ettirilmesi ve engellerin a\u015f\u0131lmas\u0131 konular\u0131n\u0131 tart\u0131\u015fmak \u00fczere Sadr ile g\u00f6r\u00fc\u015fmeye davet etti\u011fini belirtti.<\/p>\n<p style=\"text-align: justify\">Ba\u015fkan Barzani, \u201cUmar\u0131m bu giri\u015fimin Irak&#8217;\u0131n ve t\u00fcm bile\u015fenlerinin \u00e7\u0131kar\u0131na olumlu bir etkisi olur\u201d dedi.<\/p>\n","protected":false},"excerpt":{"rendered":"<p>Mesud Barzani, krizleri \u00e7\u00f6zmek ve Irak\u2019ta siyasi s\u00fcre\u00e7 i\u00e7in elveri\u015fli bir ortam yaratmak amac\u0131yla siyasi bir giri\u015fim ba\u015flatt\u0131\u011f\u0131n\u0131 a\u00e7\u0131klad\u0131. Mesud Barzani, Irak ve K\u00fcrdistan B\u00f6lgesi kamuoyuna hitaben bir mesaj yay\u0131lmad\u0131. \u201cKrizleri \u00e7\u00f6zmek ve Irak\u2019ta siyasi s\u00fcre\u00e7 i\u00e7in elveri\u015fli bir ortam yaratmak i\u00e7in siyasi bir giri\u015fim ba\u015flatt\u0131m\u201d diyen Barzani, bu ama\u00e7la K\u00fcrdistan B\u00f6lgesi Ba\u015fkan\u0131 ve K\u00fcrdistan [&hellip;]<\/p>\n","protected":false},"author":2,"featured_media":1018054,"comment_status":"closed","ping_status":"closed","sticky":false,"template":"","format":"standard","meta":{"footnotes":""},"categories":[3],"tags":[31],"class_list":["post-1018053","post","type-post","status-publish","format-standard","has-post-thumbnail","hentry","category-kurdistan","tag-onemli"],"blocksy_meta":[],"seo_head":"<!-- This site is optimized with the Yoast SEO plugin v27.5 - https:\/\/yoast.com\/product\/yoast-seo-wordpress\/ -->\n<title>Mesud Barzani: \u201cKrizleri \u00e7\u00f6zmek ve Irak\u2019ta siyasi s\u00fcre\u00e7 i\u00e7in elveri\u015fli bir ortam yaratmak i\u00e7in siyasi bir giri\u015fim ba\u015flatt\u0131m\u201d - Darka Mazi<\/title>\n<meta name=\"robots\" content=\"index, follow, max-snippet:-1, max-image-preview:large, max-video-preview:-1\" \/>\n<link rel=\"canonical\" href=\"https:\/\/darkamazi.site\/archives\/1018053\" \/>\n<meta property=\"og:locale\" content=\"en_US\" \/>\n<meta property=\"og:type\" content=\"article\" \/>\n<meta property=\"og:title\" content=\"Mesud Barzani: \u201cKrizleri \u00e7\u00f6zmek ve Irak\u2019ta siyasi s\u00fcre\u00e7 i\u00e7in elveri\u015fli bir ortam yaratmak i\u00e7in siyasi bir giri\u015fim ba\u015flatt\u0131m\u201d - Darka Mazi\" \/>\n<meta property=\"og:description\" content=\"Mesud Barzani, krizleri \u00e7\u00f6zmek ve Irak\u2019ta siyasi s\u00fcre\u00e7 i\u00e7in elveri\u015fli bir ortam yaratmak amac\u0131yla siyasi bir giri\u015fim ba\u015flatt\u0131\u011f\u0131n\u0131 a\u00e7\u0131klad\u0131. Mesud Barzani, Irak ve K\u00fcrdistan B\u00f6lgesi kamuoyuna hitaben bir mesaj yay\u0131lmad\u0131. \u201cKrizleri \u00e7\u00f6zmek ve Irak\u2019ta siyasi s\u00fcre\u00e7 i\u00e7in elveri\u015fli bir ortam yaratmak i\u00e7in siyasi bir giri\u015fim ba\u015flatt\u0131m\u201d diyen Barzani, bu ama\u00e7la K\u00fcrdistan B\u00f6lgesi Ba\u015fkan\u0131 ve K\u00fcrdistan [&hellip;]\" \/>\n<meta property=\"og:url\" content=\"https:\/\/darkamazi.site\/archives\/1018053\" \/>\n<meta property=\"og:site_name\" content=\"Darka Mazi\" \/>\n<meta property=\"article:publisher\" content=\"https:\/\/www.facebook.com\/DarkaMaziturkce\" \/>\n<meta property=\"article:published_time\" content=\"2022-01-31T08:05:31+00:00\" \/>\n<meta property=\"og:image\" content=\"https:\/\/darkamazi.site\/file\/2022\/01\/Baskan-Barzani.jpg\" \/>\n\t<meta property=\"og:image:width\" content=\"680\" \/>\n\t<meta property=\"og:image:height\" content=\"392\" \/>\n\t<meta property=\"og:image:type\" content=\"image\/jpeg\" \/>\n<meta name=\"author\" content=\"darka mazi\" \/>\n<meta name=\"twitter:card\" content=\"summary_large_image\" \/>\n<meta name=\"twitter:creator\" content=\"@DarkaMaziTurkce\" \/>\n<meta name=\"twitter:site\" content=\"@DarkaMaziTurkce\" \/>\n<meta name=\"twitter:label1\" content=\"Written by\" \/>\n\t<meta name=\"twitter:data1\" content=\"darka mazi\" \/>\n\t<meta name=\"twitter:label2\" content=\"Est. reading time\" \/>\n\t<meta name=\"twitter:data2\" content=\"1 minute\" \/>\n<script type=\"application\/ld+json\" class=\"seo-schema-graph\">{\"@context\":\"https:\\\/\\\/schema.org\",\"@graph\":[{\"@type\":\"NewsArticle\",\"@id\":\"https:\\\/\\\/darkamazi.site\\\/archives\\\/1018053#article\",\"isPartOf\":{\"@id\":\"https:\\\/\\\/darkamazi.site\\\/archives\\\/1018053\"},\"author\":{\"name\":\"darka mazi\",\"@id\":\"https:\\\/\\\/darkamazi.site\\\/#\\\/schema\\\/person\\\/67986a95ac546c16760365877ef4a9d3\"},\"headline\":\"Mesud Barzani: \u201cKrizleri \u00e7\u00f6zmek ve Irak\u2019ta siyasi s\u00fcre\u00e7 i\u00e7in elveri\u015fli bir ortam yaratmak i\u00e7in siyasi bir giri\u015fim ba\u015flatt\u0131m\u201d\",\"datePublished\":\"2022-01-31T08:05:31+00:00\",\"mainEntityOfPage\":{\"@id\":\"https:\\\/\\\/darkamazi.site\\\/archives\\\/1018053\"},\"wordCount\":169,\"publisher\":{\"@id\":\"https:\\\/\\\/darkamazi.site\\\/#organization\"},\"image\":{\"@id\":\"https:\\\/\\\/darkamazi.site\\\/archives\\\/1018053#primaryimage\"},\"thumbnailUrl\":\"https:\\\/\\\/darkamazi.site\\\/darka-content\\\/uploads\\\/2022\\\/01\\\/Baskan-Barzani.jpg\",\"keywords\":[\"\u00f6nemli\"],\"articleSection\":[\"Kurdistan\"],\"inLanguage\":\"en-US\"},{\"@type\":\"WebPage\",\"@id\":\"https:\\\/\\\/darkamazi.site\\\/archives\\\/1018053\",\"url\":\"https:\\\/\\\/darkamazi.site\\\/archives\\\/1018053\",\"name\":\"Mesud Barzani: \u201cKrizleri \u00e7\u00f6zmek ve Irak\u2019ta siyasi s\u00fcre\u00e7 i\u00e7in elveri\u015fli bir ortam yaratmak i\u00e7in siyasi bir giri\u015fim ba\u015flatt\u0131m\u201d - Darka Mazi\",\"isPartOf\":{\"@id\":\"https:\\\/\\\/darkamazi.site\\\/#website\"},\"primaryImageOfPage\":{\"@id\":\"https:\\\/\\\/darkamazi.site\\\/archives\\\/1018053#primaryimage\"},\"image\":{\"@id\":\"https:\\\/\\\/darkamazi.site\\\/archives\\\/1018053#primaryimage\"},\"thumbnailUrl\":\"https:\\\/\\\/darkamazi.site\\\/darka-content\\\/uploads\\\/2022\\\/01\\\/Baskan-Barzani.jpg\",\"datePublished\":\"2022-01-31T08:05:31+00:00\",\"breadcrumb\":{\"@id\":\"https:\\\/\\\/darkamazi.site\\\/archives\\\/1018053#breadcrumb\"},\"inLanguage\":\"en-US\",\"potentialAction\":[{\"@type\":\"ReadAction\",\"target\":[\"https:\\\/\\\/darkamazi.site\\\/archives\\\/1018053\"]}]},{\"@type\":\"ImageObject\",\"inLanguage\":\"en-US\",\"@id\":\"https:\\\/\\\/darkamazi.site\\\/archives\\\/1018053#primaryimage\",\"url\":\"https:\\\/\\\/darkamazi.site\\\/darka-content\\\/uploads\\\/2022\\\/01\\\/Baskan-Barzani.jpg\",\"contentUrl\":\"https:\\\/\\\/darkamazi.site\\\/darka-content\\\/uploads\\\/2022\\\/01\\\/Baskan-Barzani.jpg\",\"width\":680,\"height\":392,\"caption\":\"Mesud Barzani: \u201cKrizleri \u00e7\u00f6zmek ve Irak\u2019ta siyasi s\u00fcre\u00e7 i\u00e7in elveri\u015fli bir ortam yaratmak i\u00e7in siyasi bir giri\u015fim ba\u015flatt\u0131m\u201d\"},{\"@type\":\"BreadcrumbList\",\"@id\":\"https:\\\/\\\/darkamazi.site\\\/archives\\\/1018053#breadcrumb\",\"itemListElement\":[{\"@type\":\"ListItem\",\"position\":1,\"name\":\"Home\",\"item\":\"https:\\\/\\\/darkamazi.site\\\/\"},{\"@type\":\"ListItem\",\"position\":2,\"name\":\"Mesud Barzani: \u201cKrizleri \u00e7\u00f6zmek ve Irak\u2019ta siyasi s\u00fcre\u00e7 i\u00e7in elveri\u015fli bir ortam yaratmak i\u00e7in siyasi bir giri\u015fim ba\u015flatt\u0131m\u201d\"}]},{\"@type\":\"WebSite\",\"@id\":\"https:\\\/\\\/darkamazi.site\\\/#website\",\"url\":\"https:\\\/\\\/darkamazi.site\\\/\",\"name\":\"Darka Mazi\",\"description\":\"Ana Sayfa\",\"publisher\":{\"@id\":\"https:\\\/\\\/darkamazi.site\\\/#organization\"},\"potentialAction\":[{\"@type\":\"SearchAction\",\"target\":{\"@type\":\"EntryPoint\",\"urlTemplate\":\"https:\\\/\\\/darkamazi.site\\\/?s={search_term_string}\"},\"query-input\":{\"@type\":\"PropertyValueSpecification\",\"valueRequired\":true,\"valueName\":\"search_term_string\"}}],\"inLanguage\":\"en-US\"},{\"@type\":\"Organization\",\"@id\":\"https:\\\/\\\/darkamazi.site\\\/#organization\",\"name\":\"Darka Mazi T\u00fcrk\u00e7e\",\"alternateName\":\"Darka Mazi\",\"url\":\"https:\\\/\\\/darkamazi.site\\\/\",\"logo\":{\"@type\":\"ImageObject\",\"inLanguage\":\"en-US\",\"@id\":\"https:\\\/\\\/darkamazi.site\\\/#\\\/schema\\\/logo\\\/image\\\/\",\"url\":\"https:\\\/\\\/darkamazi.site\\\/darka-content\\\/uploads\\\/2017\\\/12\\\/darka-mazi-logo.png\",\"contentUrl\":\"https:\\\/\\\/darkamazi.site\\\/darka-content\\\/uploads\\\/2017\\\/12\\\/darka-mazi-logo.png\",\"width\":151,\"height\":75,\"caption\":\"Darka Mazi T\u00fcrk\u00e7e\"},\"image\":{\"@id\":\"https:\\\/\\\/darkamazi.site\\\/#\\\/schema\\\/logo\\\/image\\\/\"},\"sameAs\":[\"https:\\\/\\\/www.facebook.com\\\/DarkaMaziturkce\",\"https:\\\/\\\/x.com\\\/DarkaMaziTurkce\"]},{\"@type\":\"Person\",\"@id\":\"https:\\\/\\\/darkamazi.site\\\/#\\\/schema\\\/person\\\/67986a95ac546c16760365877ef4a9d3\",\"name\":\"darka mazi\",\"sameAs\":[\"https:\\\/\\\/darkamazi.site\"],\"url\":\"https:\\\/\\\/darkamazi.site\\\/archives\\\/author\\\/turkish\"}]}<\/script>\n<!-- \/ Yoast SEO plugin. -->","seo_head_json":{"title":"Mesud Barzani: \u201cKrizleri \u00e7\u00f6zmek ve Irak\u2019ta siyasi s\u00fcre\u00e7 i\u00e7in elveri\u015fli bir ortam yaratmak i\u00e7in siyasi bir giri\u015fim ba\u015flatt\u0131m\u201d - Darka Mazi","robots":{"index":"index","follow":"follow","max-snippet":"max-snippet:-1","max-image-preview":"max-image-preview:large","max-video-preview":"max-video-preview:-1"},"canonical":"https:\/\/darkamazi.site\/archives\/1018053","og_locale":"en_US","og_type":"article","og_title":"Mesud Barzani: \u201cKrizleri \u00e7\u00f6zmek ve Irak\u2019ta siyasi s\u00fcre\u00e7 i\u00e7in elveri\u015fli bir ortam yaratmak i\u00e7in siyasi bir giri\u015fim ba\u015flatt\u0131m\u201d - Darka Mazi","og_description":"Mesud Barzani, krizleri \u00e7\u00f6zmek ve Irak\u2019ta siyasi s\u00fcre\u00e7 i\u00e7in elveri\u015fli bir ortam yaratmak amac\u0131yla siyasi bir giri\u015fim ba\u015flatt\u0131\u011f\u0131n\u0131 a\u00e7\u0131klad\u0131. Mesud Barzani, Irak ve K\u00fcrdistan B\u00f6lgesi kamuoyuna hitaben bir mesaj yay\u0131lmad\u0131. \u201cKrizleri \u00e7\u00f6zmek ve Irak\u2019ta siyasi s\u00fcre\u00e7 i\u00e7in elveri\u015fli bir ortam yaratmak i\u00e7in siyasi bir giri\u015fim ba\u015flatt\u0131m\u201d diyen Barzani, bu ama\u00e7la K\u00fcrdistan B\u00f6lgesi Ba\u015fkan\u0131 ve K\u00fcrdistan [&hellip;]","og_url":"https:\/\/darkamazi.site\/archives\/1018053","og_site_name":"Darka Mazi","article_publisher":"https:\/\/www.facebook.com\/DarkaMaziturkce","article_published_time":"2022-01-31T08:05:31+00:00","og_image":[{"width":680,"height":392,"url":"https:\/\/darkamazi.site\/file\/2022\/01\/Baskan-Barzani.jpg","type":"image\/jpeg"}],"author":"darka mazi","twitter_card":"summary_large_image","twitter_creator":"@DarkaMaziTurkce","twitter_site":"@DarkaMaziTurkce","twitter_misc":{"Written by":"darka mazi","Est. reading time":"1 minute"},"schema":{"@context":"https:\/\/schema.org","@graph":[{"@type":"NewsArticle","@id":"https:\/\/darkamazi.site\/archives\/1018053#article","isPartOf":{"@id":"https:\/\/darkamazi.site\/archives\/1018053"},"author":{"name":"darka mazi","@id":"https:\/\/darkamazi.site\/#\/schema\/person\/67986a95ac546c16760365877ef4a9d3"},"headline":"Mesud Barzani: \u201cKrizleri \u00e7\u00f6zmek ve Irak\u2019ta siyasi s\u00fcre\u00e7 i\u00e7in elveri\u015fli bir ortam yaratmak i\u00e7in siyasi bir giri\u015fim ba\u015flatt\u0131m\u201d","datePublished":"2022-01-31T08:05:31+00:00","mainEntityOfPage":{"@id":"https:\/\/darkamazi.site\/archives\/1018053"},"wordCount":169,"publisher":{"@id":"https:\/\/darkamazi.site\/#organization"},"image":{"@id":"https:\/\/darkamazi.site\/archives\/1018053#primaryimage"},"thumbnailUrl":"https:\/\/darkamazi.site\/file\/2022\/01\/Baskan-Barzani.jpg","keywords":["\u00f6nemli"],"articleSection":["Kurdistan"],"inLanguage":"en-US"},{"@type":"WebPage","@id":"https:\/\/darkamazi.site\/archives\/1018053","url":"https:\/\/darkamazi.site\/archives\/1018053","name":"Mesud Barzani: \u201cKrizleri \u00e7\u00f6zmek ve Irak\u2019ta siyasi s\u00fcre\u00e7 i\u00e7in elveri\u015fli bir ortam yaratmak i\u00e7in siyasi bir giri\u015fim ba\u015flatt\u0131m\u201d - Darka Mazi","isPartOf":{"@id":"https:\/\/darkamazi.site\/#website"},"primaryImageOfPage":{"@id":"https:\/\/darkamazi.site\/archives\/1018053#primaryimage"},"image":{"@id":"https:\/\/darkamazi.site\/archives\/1018053#primaryimage"},"thumbnailUrl":"https:\/\/darkamazi.site\/file\/2022\/01\/Baskan-Barzani.jpg","datePublished":"2022-01-31T08:05:31+00:00","breadcrumb":{"@id":"https:\/\/darkamazi.site\/archives\/1018053#breadcrumb"},"inLanguage":"en-US","potentialAction":[{"@type":"ReadAction","target":["https:\/\/darkamazi.site\/archives\/1018053"]}]},{"@type":"ImageObject","inLanguage":"en-US","@id":"https:\/\/darkamazi.site\/archives\/1018053#primaryimage","url":"https:\/\/darkamazi.site\/file\/2022\/01\/Baskan-Barzani.jpg","contentUrl":"https:\/\/darkamazi.site\/file\/2022\/01\/Baskan-Barzani.jpg","width":680,"height":392,"caption":"Mesud Barzani: \u201cKrizleri \u00e7\u00f6zmek ve Irak\u2019ta siyasi s\u00fcre\u00e7 i\u00e7in elveri\u015fli bir ortam yaratmak i\u00e7in siyasi bir giri\u015fim ba\u015flatt\u0131m\u201d"},{"@type":"BreadcrumbList","@id":"https:\/\/darkamazi.site\/archives\/1018053#breadcrumb","itemListElement":[{"@type":"ListItem","position":1,"name":"Home","item":"https:\/\/darkamazi.site\/"},{"@type":"ListItem","position":2,"name":"Mesud Barzani: \u201cKrizleri \u00e7\u00f6zmek ve Irak\u2019ta siyasi s\u00fcre\u00e7 i\u00e7in elveri\u015fli bir ortam yaratmak i\u00e7in siyasi bir giri\u015fim ba\u015flatt\u0131m\u201d"}]},{"@type":"WebSite","@id":"https:\/\/darkamazi.site\/#website","url":"https:\/\/darkamazi.site\/","name":"Darka Mazi","description":"Ana Sayfa","publisher":{"@id":"https:\/\/darkamazi.site\/#organization"},"potentialAction":[{"@type":"SearchAction","target":{"@type":"EntryPoint","urlTemplate":"https:\/\/darkamazi.site\/?s={search_term_string}"},"query-input":{"@type":"PropertyValueSpecification","valueRequired":true,"valueName":"search_term_string"}}],"inLanguage":"en-US"},{"@type":"Organization","@id":"https:\/\/darkamazi.site\/#organization","name":"Darka Mazi T\u00fcrk\u00e7e","alternateName":"Darka Mazi","url":"https:\/\/darkamazi.site\/","logo":{"@type":"ImageObject","inLanguage":"en-US","@id":"https:\/\/darkamazi.site\/#\/schema\/logo\/image\/","url":"https:\/\/darkamazi.site\/file\/2017\/12\/darka-mazi-logo.png","contentUrl":"https:\/\/darkamazi.site\/file\/2017\/12\/darka-mazi-logo.png","width":151,"height":75,"caption":"Darka Mazi T\u00fcrk\u00e7e"},"image":{"@id":"https:\/\/darkamazi.site\/#\/schema\/logo\/image\/"},"sameAs":["https:\/\/www.facebook.com\/DarkaMaziturkce","https:\/\/x.com\/DarkaMaziTurkce"]},{"@type":"Person","@id":"https:\/\/darkamazi.site\/#\/schema\/person\/67986a95ac546c16760365877ef4a9d3","name":"darka mazi","sameAs":["https:\/\/darkamazi.site"],"url":"https:\/\/darkamazi.site\/archives\/author\/turkish"}]}},"_links":{"self":[{"href":"https:\/\/darkamazi.site\/funavuv\/wp\/v2\/posts\/1018053","targetHints":{"allow":["GET"]}}],"collection":[{"href":"https:\/\/darkamazi.site\/funavuv\/wp\/v2\/posts"}],"about":[{"href":"https:\/\/darkamazi.site\/funavuv\/wp\/v2\/types\/post"}],"author":[{"embeddable":true,"href":"https:\/\/darkamazi.site\/funavuv\/wp\/v2\/users\/2"}],"replies":[{"embeddable":true,"href":"https:\/\/darkamazi.site\/funavuv\/wp\/v2\/comments?post=1018053"}],"version-history":[{"count":0,"href":"https:\/\/darkamazi.site\/funavuv\/wp\/v2\/posts\/1018053\/revisions"}],"wp:featuredmedia":[{"embeddable":true,"href":"https:\/\/darkamazi.site\/funavuv\/wp\/v2\/media\/1018054"}],"wp:attachment":[{"href":"https:\/\/darkamazi.site\/funavuv\/wp\/v2\/media?parent=1018053"}],"wp:term":[{"taxonomy":"category","embeddable":true,"href":"https:\/\/darkamazi.site\/funavuv\/wp\/v2\/categories?post=1018053"},{"taxonomy":"post_tag","embeddable":true,"href":"https:\/\/darkamazi.site\/funavuv\/wp\/v2\/tags?post=1018053"}],"curies":[{"name":"wp","href":"https:\/\/api.w.org\/{rel}","templated":true}]}}