{"id":1018071,"date":"2022-02-01T22:58:37","date_gmt":"2022-02-01T19:58:37","guid":{"rendered":"https:\/\/darkamazi.site\/?p=1018071"},"modified":"2022-02-01T22:58:37","modified_gmt":"2022-02-01T19:58:37","slug":"turk-savas-ucaklari-mahmur-kampini-bombaladi","status":"publish","type":"post","link":"https:\/\/darkamazi.site\/archives\/1018071","title":{"rendered":"T\u00fcrk sava\u015f u\u00e7aklar\u0131 Mahmur Kamp\u0131n\u0131 bombalad\u0131"},"content":{"rendered":"<p style=\"text-align: justify\">Bu ak\u015fam saat 10.30 sular\u0131nda Mahmur Kamp\u0131nda iki ayr\u0131 patlama medyada geldi. Yerel kaynaklar patlaman\u0131n T\u00fcrk sava\u015f u\u00e7aklar\u0131n\u0131n bombard\u0131man\u0131 sonucu oldu\u011funu belirtiyor.<\/p>\n<p style=\"text-align: justify\">Mahmur Kamp\u0131 ve Kara\u00e7o\u011f da\u011f\u0131ndaki patlamalar Mahmuk Kaymakam\u0131 taraf\u0131ndan da teyit edildi. Konuya d\u00f6n\u00fck Mahmur Cephesi komutan\u0131 Sirvan Barzani de a\u00e7\u0131klama yapt\u0131. Patlaman\u0131n kamp\u0131n i\u00e7inde ve \u00e7evresinde oldu\u011fu belirtildi. Bombardman\u0131n sonu\u00e7lar\u0131 hakk\u0131nda \u015fu ana de\u011fin Mahmur Kamp\u0131 y\u00f6netimi ve PKK taraf\u0131ndan bir a\u00e7\u0131klama yap\u0131lmad\u0131.<br \/>\nAyr\u0131nt\u0131lar geliyor&#8230;<\/p>\n","protected":false},"excerpt":{"rendered":"<p>Bu ak\u015fam saat 10.30 sular\u0131nda Mahmur Kamp\u0131nda iki ayr\u0131 patlama medyada geldi. Yerel kaynaklar patlaman\u0131n T\u00fcrk sava\u015f u\u00e7aklar\u0131n\u0131n bombard\u0131man\u0131 sonucu oldu\u011funu belirtiyor. Mahmur Kamp\u0131 ve Kara\u00e7o\u011f da\u011f\u0131ndaki patlamalar Mahmuk Kaymakam\u0131 taraf\u0131ndan da teyit edildi. Konuya d\u00f6n\u00fck Mahmur Cephesi komutan\u0131 Sirvan Barzani de a\u00e7\u0131klama yapt\u0131. Patlaman\u0131n kamp\u0131n i\u00e7inde ve \u00e7evresinde oldu\u011fu belirtildi. Bombardman\u0131n sonu\u00e7lar\u0131 hakk\u0131nda \u015fu [&hellip;]<\/p>\n","protected":false},"author":2,"featured_media":1018072,"comment_status":"closed","ping_status":"closed","sticky":false,"template":"","format":"standard","meta":{"footnotes":""},"categories":[3],"tags":[31],"class_list":["post-1018071","post","type-post","status-publish","format-standard","has-post-thumbnail","hentry","category-kurdistan","tag-onemli"],"blocksy_meta":[],"seo_head":"<!-- This site is optimized with the Yoast SEO plugin v27.5 - https:\/\/yoast.com\/product\/yoast-seo-wordpress\/ -->\n<title>T\u00fcrk sava\u015f u\u00e7aklar\u0131 Mahmur Kamp\u0131n\u0131 bombalad\u0131 - Darka Mazi<\/title>\n<meta name=\"robots\" content=\"index, follow, max-snippet:-1, max-image-preview:large, max-video-preview:-1\" \/>\n<link rel=\"canonical\" href=\"https:\/\/darkamazi.site\/archives\/1018071\" \/>\n<meta property=\"og:locale\" content=\"en_US\" \/>\n<meta property=\"og:type\" content=\"article\" \/>\n<meta property=\"og:title\" content=\"T\u00fcrk sava\u015f u\u00e7aklar\u0131 Mahmur Kamp\u0131n\u0131 bombalad\u0131 - Darka Mazi\" \/>\n<meta property=\"og:description\" content=\"Bu ak\u015fam saat 10.30 sular\u0131nda Mahmur Kamp\u0131nda iki ayr\u0131 patlama medyada geldi. Yerel kaynaklar patlaman\u0131n T\u00fcrk sava\u015f u\u00e7aklar\u0131n\u0131n bombard\u0131man\u0131 sonucu oldu\u011funu belirtiyor. Mahmur Kamp\u0131 ve Kara\u00e7o\u011f da\u011f\u0131ndaki patlamalar Mahmuk Kaymakam\u0131 taraf\u0131ndan da teyit edildi. Konuya d\u00f6n\u00fck Mahmur Cephesi komutan\u0131 Sirvan Barzani de a\u00e7\u0131klama yapt\u0131. Patlaman\u0131n kamp\u0131n i\u00e7inde ve \u00e7evresinde oldu\u011fu belirtildi. Bombardman\u0131n sonu\u00e7lar\u0131 hakk\u0131nda \u015fu [&hellip;]\" \/>\n<meta property=\"og:url\" content=\"https:\/\/darkamazi.site\/archives\/1018071\" \/>\n<meta property=\"og:site_name\" content=\"Darka Mazi\" \/>\n<meta property=\"article:publisher\" content=\"https:\/\/www.facebook.com\/DarkaMaziturkce\" \/>\n<meta property=\"article:published_time\" content=\"2022-02-01T19:58:37+00:00\" \/>\n<meta property=\"og:image\" content=\"https:\/\/darkamazi.site\/file\/2022\/02\/son-dakika-2.jpg\" \/>\n\t<meta property=\"og:image:width\" content=\"978\" \/>\n\t<meta property=\"og:image:height\" content=\"550\" \/>\n\t<meta property=\"og:image:type\" content=\"image\/jpeg\" \/>\n<meta name=\"author\" content=\"darka mazi\" \/>\n<meta name=\"twitter:card\" content=\"summary_large_image\" \/>\n<meta name=\"twitter:creator\" content=\"@DarkaMaziTurkce\" \/>\n<meta name=\"twitter:site\" content=\"@DarkaMaziTurkce\" \/>\n<meta name=\"twitter:label1\" content=\"Written by\" \/>\n\t<meta name=\"twitter:data1\" content=\"darka mazi\" \/>\n\t<meta name=\"twitter:label2\" content=\"Est. reading time\" \/>\n\t<meta name=\"twitter:data2\" content=\"1 minute\" \/>\n<script type=\"application\/ld+json\" class=\"seo-schema-graph\">{\"@context\":\"https:\\\/\\\/schema.org\",\"@graph\":[{\"@type\":\"NewsArticle\",\"@id\":\"https:\\\/\\\/darkamazi.site\\\/archives\\\/1018071#article\",\"isPartOf\":{\"@id\":\"https:\\\/\\\/darkamazi.site\\\/archives\\\/1018071\"},\"author\":{\"name\":\"darka mazi\",\"@id\":\"https:\\\/\\\/darkamazi.site\\\/#\\\/schema\\\/person\\\/67986a95ac546c16760365877ef4a9d3\"},\"headline\":\"T\u00fcrk sava\u015f u\u00e7aklar\u0131 Mahmur Kamp\u0131n\u0131 bombalad\u0131\",\"datePublished\":\"2022-02-01T19:58:37+00:00\",\"mainEntityOfPage\":{\"@id\":\"https:\\\/\\\/darkamazi.site\\\/archives\\\/1018071\"},\"wordCount\":106,\"publisher\":{\"@id\":\"https:\\\/\\\/darkamazi.site\\\/#organization\"},\"image\":{\"@id\":\"https:\\\/\\\/darkamazi.site\\\/archives\\\/1018071#primaryimage\"},\"thumbnailUrl\":\"https:\\\/\\\/darkamazi.site\\\/darka-content\\\/uploads\\\/2022\\\/02\\\/son-dakika-2.jpg\",\"keywords\":[\"\u00f6nemli\"],\"articleSection\":[\"Kurdistan\"],\"inLanguage\":\"en-US\"},{\"@type\":\"WebPage\",\"@id\":\"https:\\\/\\\/darkamazi.site\\\/archives\\\/1018071\",\"url\":\"https:\\\/\\\/darkamazi.site\\\/archives\\\/1018071\",\"name\":\"T\u00fcrk sava\u015f u\u00e7aklar\u0131 Mahmur Kamp\u0131n\u0131 bombalad\u0131 - Darka Mazi\",\"isPartOf\":{\"@id\":\"https:\\\/\\\/darkamazi.site\\\/#website\"},\"primaryImageOfPage\":{\"@id\":\"https:\\\/\\\/darkamazi.site\\\/archives\\\/1018071#primaryimage\"},\"image\":{\"@id\":\"https:\\\/\\\/darkamazi.site\\\/archives\\\/1018071#primaryimage\"},\"thumbnailUrl\":\"https:\\\/\\\/darkamazi.site\\\/darka-content\\\/uploads\\\/2022\\\/02\\\/son-dakika-2.jpg\",\"datePublished\":\"2022-02-01T19:58:37+00:00\",\"breadcrumb\":{\"@id\":\"https:\\\/\\\/darkamazi.site\\\/archives\\\/1018071#breadcrumb\"},\"inLanguage\":\"en-US\",\"potentialAction\":[{\"@type\":\"ReadAction\",\"target\":[\"https:\\\/\\\/darkamazi.site\\\/archives\\\/1018071\"]}]},{\"@type\":\"ImageObject\",\"inLanguage\":\"en-US\",\"@id\":\"https:\\\/\\\/darkamazi.site\\\/archives\\\/1018071#primaryimage\",\"url\":\"https:\\\/\\\/darkamazi.site\\\/darka-content\\\/uploads\\\/2022\\\/02\\\/son-dakika-2.jpg\",\"contentUrl\":\"https:\\\/\\\/darkamazi.site\\\/darka-content\\\/uploads\\\/2022\\\/02\\\/son-dakika-2.jpg\",\"width\":978,\"height\":550,\"caption\":\"T\u00fcrk sava\u015f u\u00e7aklar\u0131 Mahmur Kamp\u0131n\u0131 bombalad\u0131\"},{\"@type\":\"BreadcrumbList\",\"@id\":\"https:\\\/\\\/darkamazi.site\\\/archives\\\/1018071#breadcrumb\",\"itemListElement\":[{\"@type\":\"ListItem\",\"position\":1,\"name\":\"Home\",\"item\":\"https:\\\/\\\/darkamazi.site\\\/\"},{\"@type\":\"ListItem\",\"position\":2,\"name\":\"T\u00fcrk sava\u015f u\u00e7aklar\u0131 Mahmur Kamp\u0131n\u0131 bombalad\u0131\"}]},{\"@type\":\"WebSite\",\"@id\":\"https:\\\/\\\/darkamazi.site\\\/#website\",\"url\":\"https:\\\/\\\/darkamazi.site\\\/\",\"name\":\"Darka Mazi\",\"description\":\"Ana Sayfa\",\"publisher\":{\"@id\":\"https:\\\/\\\/darkamazi.site\\\/#organization\"},\"potentialAction\":[{\"@type\":\"SearchAction\",\"target\":{\"@type\":\"EntryPoint\",\"urlTemplate\":\"https:\\\/\\\/darkamazi.site\\\/?s={search_term_string}\"},\"query-input\":{\"@type\":\"PropertyValueSpecification\",\"valueRequired\":true,\"valueName\":\"search_term_string\"}}],\"inLanguage\":\"en-US\"},{\"@type\":\"Organization\",\"@id\":\"https:\\\/\\\/darkamazi.site\\\/#organization\",\"name\":\"Darka Mazi T\u00fcrk\u00e7e\",\"alternateName\":\"Darka Mazi\",\"url\":\"https:\\\/\\\/darkamazi.site\\\/\",\"logo\":{\"@type\":\"ImageObject\",\"inLanguage\":\"en-US\",\"@id\":\"https:\\\/\\\/darkamazi.site\\\/#\\\/schema\\\/logo\\\/image\\\/\",\"url\":\"https:\\\/\\\/darkamazi.site\\\/darka-content\\\/uploads\\\/2017\\\/12\\\/darka-mazi-logo.png\",\"contentUrl\":\"https:\\\/\\\/darkamazi.site\\\/darka-content\\\/uploads\\\/2017\\\/12\\\/darka-mazi-logo.png\",\"width\":151,\"height\":75,\"caption\":\"Darka Mazi T\u00fcrk\u00e7e\"},\"image\":{\"@id\":\"https:\\\/\\\/darkamazi.site\\\/#\\\/schema\\\/logo\\\/image\\\/\"},\"sameAs\":[\"https:\\\/\\\/www.facebook.com\\\/DarkaMaziturkce\",\"https:\\\/\\\/x.com\\\/DarkaMaziTurkce\"]},{\"@type\":\"Person\",\"@id\":\"https:\\\/\\\/darkamazi.site\\\/#\\\/schema\\\/person\\\/67986a95ac546c16760365877ef4a9d3\",\"name\":\"darka mazi\",\"sameAs\":[\"https:\\\/\\\/darkamazi.site\"],\"url\":\"https:\\\/\\\/darkamazi.site\\\/archives\\\/author\\\/turkish\"}]}<\/script>\n<!-- \/ Yoast SEO plugin. -->","seo_head_json":{"title":"T\u00fcrk sava\u015f u\u00e7aklar\u0131 Mahmur Kamp\u0131n\u0131 bombalad\u0131 - Darka Mazi","robots":{"index":"index","follow":"follow","max-snippet":"max-snippet:-1","max-image-preview":"max-image-preview:large","max-video-preview":"max-video-preview:-1"},"canonical":"https:\/\/darkamazi.site\/archives\/1018071","og_locale":"en_US","og_type":"article","og_title":"T\u00fcrk sava\u015f u\u00e7aklar\u0131 Mahmur Kamp\u0131n\u0131 bombalad\u0131 - Darka Mazi","og_description":"Bu ak\u015fam saat 10.30 sular\u0131nda Mahmur Kamp\u0131nda iki ayr\u0131 patlama medyada geldi. Yerel kaynaklar patlaman\u0131n T\u00fcrk sava\u015f u\u00e7aklar\u0131n\u0131n bombard\u0131man\u0131 sonucu oldu\u011funu belirtiyor. Mahmur Kamp\u0131 ve Kara\u00e7o\u011f da\u011f\u0131ndaki patlamalar Mahmuk Kaymakam\u0131 taraf\u0131ndan da teyit edildi. Konuya d\u00f6n\u00fck Mahmur Cephesi komutan\u0131 Sirvan Barzani de a\u00e7\u0131klama yapt\u0131. Patlaman\u0131n kamp\u0131n i\u00e7inde ve \u00e7evresinde oldu\u011fu belirtildi. Bombardman\u0131n sonu\u00e7lar\u0131 hakk\u0131nda \u015fu [&hellip;]","og_url":"https:\/\/darkamazi.site\/archives\/1018071","og_site_name":"Darka Mazi","article_publisher":"https:\/\/www.facebook.com\/DarkaMaziturkce","article_published_time":"2022-02-01T19:58:37+00:00","og_image":[{"width":978,"height":550,"url":"https:\/\/darkamazi.site\/file\/2022\/02\/son-dakika-2.jpg","type":"image\/jpeg"}],"author":"darka mazi","twitter_card":"summary_large_image","twitter_creator":"@DarkaMaziTurkce","twitter_site":"@DarkaMaziTurkce","twitter_misc":{"Written by":"darka mazi","Est. reading time":"1 minute"},"schema":{"@context":"https:\/\/schema.org","@graph":[{"@type":"NewsArticle","@id":"https:\/\/darkamazi.site\/archives\/1018071#article","isPartOf":{"@id":"https:\/\/darkamazi.site\/archives\/1018071"},"author":{"name":"darka mazi","@id":"https:\/\/darkamazi.site\/#\/schema\/person\/67986a95ac546c16760365877ef4a9d3"},"headline":"T\u00fcrk sava\u015f u\u00e7aklar\u0131 Mahmur Kamp\u0131n\u0131 bombalad\u0131","datePublished":"2022-02-01T19:58:37+00:00","mainEntityOfPage":{"@id":"https:\/\/darkamazi.site\/archives\/1018071"},"wordCount":106,"publisher":{"@id":"https:\/\/darkamazi.site\/#organization"},"image":{"@id":"https:\/\/darkamazi.site\/archives\/1018071#primaryimage"},"thumbnailUrl":"https:\/\/darkamazi.site\/file\/2022\/02\/son-dakika-2.jpg","keywords":["\u00f6nemli"],"articleSection":["Kurdistan"],"inLanguage":"en-US"},{"@type":"WebPage","@id":"https:\/\/darkamazi.site\/archives\/1018071","url":"https:\/\/darkamazi.site\/archives\/1018071","name":"T\u00fcrk sava\u015f u\u00e7aklar\u0131 Mahmur Kamp\u0131n\u0131 bombalad\u0131 - Darka Mazi","isPartOf":{"@id":"https:\/\/darkamazi.site\/#website"},"primaryImageOfPage":{"@id":"https:\/\/darkamazi.site\/archives\/1018071#primaryimage"},"image":{"@id":"https:\/\/darkamazi.site\/archives\/1018071#primaryimage"},"thumbnailUrl":"https:\/\/darkamazi.site\/file\/2022\/02\/son-dakika-2.jpg","datePublished":"2022-02-01T19:58:37+00:00","breadcrumb":{"@id":"https:\/\/darkamazi.site\/archives\/1018071#breadcrumb"},"inLanguage":"en-US","potentialAction":[{"@type":"ReadAction","target":["https:\/\/darkamazi.site\/archives\/1018071"]}]},{"@type":"ImageObject","inLanguage":"en-US","@id":"https:\/\/darkamazi.site\/archives\/1018071#primaryimage","url":"https:\/\/darkamazi.site\/file\/2022\/02\/son-dakika-2.jpg","contentUrl":"https:\/\/darkamazi.site\/file\/2022\/02\/son-dakika-2.jpg","width":978,"height":550,"caption":"T\u00fcrk sava\u015f u\u00e7aklar\u0131 Mahmur Kamp\u0131n\u0131 bombalad\u0131"},{"@type":"BreadcrumbList","@id":"https:\/\/darkamazi.site\/archives\/1018071#breadcrumb","itemListElement":[{"@type":"ListItem","position":1,"name":"Home","item":"https:\/\/darkamazi.site\/"},{"@type":"ListItem","position":2,"name":"T\u00fcrk sava\u015f u\u00e7aklar\u0131 Mahmur Kamp\u0131n\u0131 bombalad\u0131"}]},{"@type":"WebSite","@id":"https:\/\/darkamazi.site\/#website","url":"https:\/\/darkamazi.site\/","name":"Darka Mazi","description":"Ana Sayfa","publisher":{"@id":"https:\/\/darkamazi.site\/#organization"},"potentialAction":[{"@type":"SearchAction","target":{"@type":"EntryPoint","urlTemplate":"https:\/\/darkamazi.site\/?s={search_term_string}"},"query-input":{"@type":"PropertyValueSpecification","valueRequired":true,"valueName":"search_term_string"}}],"inLanguage":"en-US"},{"@type":"Organization","@id":"https:\/\/darkamazi.site\/#organization","name":"Darka Mazi T\u00fcrk\u00e7e","alternateName":"Darka Mazi","url":"https:\/\/darkamazi.site\/","logo":{"@type":"ImageObject","inLanguage":"en-US","@id":"https:\/\/darkamazi.site\/#\/schema\/logo\/image\/","url":"https:\/\/darkamazi.site\/file\/2017\/12\/darka-mazi-logo.png","contentUrl":"https:\/\/darkamazi.site\/file\/2017\/12\/darka-mazi-logo.png","width":151,"height":75,"caption":"Darka Mazi T\u00fcrk\u00e7e"},"image":{"@id":"https:\/\/darkamazi.site\/#\/schema\/logo\/image\/"},"sameAs":["https:\/\/www.facebook.com\/DarkaMaziturkce","https:\/\/x.com\/DarkaMaziTurkce"]},{"@type":"Person","@id":"https:\/\/darkamazi.site\/#\/schema\/person\/67986a95ac546c16760365877ef4a9d3","name":"darka mazi","sameAs":["https:\/\/darkamazi.site"],"url":"https:\/\/darkamazi.site\/archives\/author\/turkish"}]}},"_links":{"self":[{"href":"https:\/\/darkamazi.site\/funavuv\/wp\/v2\/posts\/1018071","targetHints":{"allow":["GET"]}}],"collection":[{"href":"https:\/\/darkamazi.site\/funavuv\/wp\/v2\/posts"}],"about":[{"href":"https:\/\/darkamazi.site\/funavuv\/wp\/v2\/types\/post"}],"author":[{"embeddable":true,"href":"https:\/\/darkamazi.site\/funavuv\/wp\/v2\/users\/2"}],"replies":[{"embeddable":true,"href":"https:\/\/darkamazi.site\/funavuv\/wp\/v2\/comments?post=1018071"}],"version-history":[{"count":0,"href":"https:\/\/darkamazi.site\/funavuv\/wp\/v2\/posts\/1018071\/revisions"}],"wp:featuredmedia":[{"embeddable":true,"href":"https:\/\/darkamazi.site\/funavuv\/wp\/v2\/media\/1018072"}],"wp:attachment":[{"href":"https:\/\/darkamazi.site\/funavuv\/wp\/v2\/media?parent=1018071"}],"wp:term":[{"taxonomy":"category","embeddable":true,"href":"https:\/\/darkamazi.site\/funavuv\/wp\/v2\/categories?post=1018071"},{"taxonomy":"post_tag","embeddable":true,"href":"https:\/\/darkamazi.site\/funavuv\/wp\/v2\/tags?post=1018071"}],"curies":[{"name":"wp","href":"https:\/\/api.w.org\/{rel}","templated":true}]}}