{"id":1018342,"date":"2022-02-22T19:41:39","date_gmt":"2022-02-22T16:41:39","guid":{"rendered":"https:\/\/darkamazi.site\/?p=1018342"},"modified":"2022-02-22T19:41:39","modified_gmt":"2022-02-22T16:41:39","slug":"hollanda-pesmergeye-destegini-devam-ettirecek","status":"publish","type":"post","link":"https:\/\/darkamazi.site\/archives\/1018342","title":{"rendered":"Hollanda Pe\u015fmerge&#8217;ye deste\u011fini devam ettirecek"},"content":{"rendered":"<p style=\"text-align: justify\">Uluslararas\u0131 Koalisyon b\u00fcnyesindeki Hollanda g\u00fc\u00e7lerinin dan\u0131\u015fman\u0131 Colonel Paul, Pe\u015fmerge Bakanl\u0131\u011f\u0131 yetkilileriyle, Pe\u015fmerge g\u00fc\u00e7lerine deste\u011fi g\u00f6r\u00fc\u015ft\u00fc.<\/p>\n<p style=\"text-align: justify\">Pe\u015fmerge Bakanl\u0131\u011f\u0131\u2019ndan yap\u0131lan a\u00e7\u0131klamada, Pe\u015fmerge Bakanl\u0131\u011f\u0131 K\u0131demli Dan\u0131\u015fman\u0131 Hejar Omer\u2019in Hollanda g\u00fc\u00e7lerinin k\u0131demli dan\u0131\u015fman\u0131 Colonel Paul ile g\u00f6r\u00fc\u015ft\u00fc\u011f\u00fc bildirildi.<\/p>\n<p style=\"text-align: justify\">Pe\u015fmerge Bakanl\u0131\u011f\u0131\u2019ndaki reform program\u0131n\u0131n ilerlemesinin konu\u015fuldu\u011fu g\u00f6r\u00fc\u015fmede, Hollandal\u0131 k\u0131demli askeri dan\u0131\u015fman Paul\u2019un dan\u0131\u015fmanl\u0131\u011f\u0131n\u0131 yapt\u0131\u011f\u0131 g\u00f6n\u00fcll\u00fc Pe\u015fmergeler konusunun da ele al\u0131nd\u0131\u011f\u0131 belirtildi.<\/p>\n<p style=\"text-align: justify\">Pe\u015fmerge cephelerine y\u00f6nelik ziyaretiyle ilgili izlenimlerini payla\u015fan Paul, Hollanda g\u00fc\u00e7lerinin Pe\u015fmerge g\u00fc\u00e7lerine destek olmaya devam edece\u011fi ifade edildi.<\/p>\n","protected":false},"excerpt":{"rendered":"<p>Uluslararas\u0131 Koalisyon b\u00fcnyesindeki Hollanda g\u00fc\u00e7lerinin dan\u0131\u015fman\u0131 Colonel Paul, Pe\u015fmerge Bakanl\u0131\u011f\u0131 yetkilileriyle, Pe\u015fmerge g\u00fc\u00e7lerine deste\u011fi g\u00f6r\u00fc\u015ft\u00fc. Pe\u015fmerge Bakanl\u0131\u011f\u0131\u2019ndan yap\u0131lan a\u00e7\u0131klamada, Pe\u015fmerge Bakanl\u0131\u011f\u0131 K\u0131demli Dan\u0131\u015fman\u0131 Hejar Omer\u2019in Hollanda g\u00fc\u00e7lerinin k\u0131demli dan\u0131\u015fman\u0131 Colonel Paul ile g\u00f6r\u00fc\u015ft\u00fc\u011f\u00fc bildirildi. Pe\u015fmerge Bakanl\u0131\u011f\u0131\u2019ndaki reform program\u0131n\u0131n ilerlemesinin konu\u015fuldu\u011fu g\u00f6r\u00fc\u015fmede, Hollandal\u0131 k\u0131demli askeri dan\u0131\u015fman Paul\u2019un dan\u0131\u015fmanl\u0131\u011f\u0131n\u0131 yapt\u0131\u011f\u0131 g\u00f6n\u00fcll\u00fc Pe\u015fmergeler konusunun da ele al\u0131nd\u0131\u011f\u0131 belirtildi. [&hellip;]<\/p>\n","protected":false},"author":2,"featured_media":1018343,"comment_status":"closed","ping_status":"closed","sticky":false,"template":"","format":"standard","meta":{"footnotes":""},"categories":[3],"tags":[31],"class_list":["post-1018342","post","type-post","status-publish","format-standard","has-post-thumbnail","hentry","category-kurdistan","tag-onemli"],"blocksy_meta":[],"seo_head":"<!-- This site is optimized with the Yoast SEO plugin v27.5 - https:\/\/yoast.com\/product\/yoast-seo-wordpress\/ -->\n<title>Hollanda Pe\u015fmerge&#039;ye deste\u011fini devam ettirecek - Darka Mazi<\/title>\n<meta name=\"robots\" content=\"index, follow, max-snippet:-1, max-image-preview:large, max-video-preview:-1\" \/>\n<link rel=\"canonical\" href=\"https:\/\/darkamazi.site\/archives\/1018342\" \/>\n<meta property=\"og:locale\" content=\"en_US\" \/>\n<meta property=\"og:type\" content=\"article\" \/>\n<meta property=\"og:title\" content=\"Hollanda Pe\u015fmerge&#039;ye deste\u011fini devam ettirecek - Darka Mazi\" \/>\n<meta property=\"og:description\" content=\"Uluslararas\u0131 Koalisyon b\u00fcnyesindeki Hollanda g\u00fc\u00e7lerinin dan\u0131\u015fman\u0131 Colonel Paul, Pe\u015fmerge Bakanl\u0131\u011f\u0131 yetkilileriyle, Pe\u015fmerge g\u00fc\u00e7lerine deste\u011fi g\u00f6r\u00fc\u015ft\u00fc. Pe\u015fmerge Bakanl\u0131\u011f\u0131\u2019ndan yap\u0131lan a\u00e7\u0131klamada, Pe\u015fmerge Bakanl\u0131\u011f\u0131 K\u0131demli Dan\u0131\u015fman\u0131 Hejar Omer\u2019in Hollanda g\u00fc\u00e7lerinin k\u0131demli dan\u0131\u015fman\u0131 Colonel Paul ile g\u00f6r\u00fc\u015ft\u00fc\u011f\u00fc bildirildi. Pe\u015fmerge Bakanl\u0131\u011f\u0131\u2019ndaki reform program\u0131n\u0131n ilerlemesinin konu\u015fuldu\u011fu g\u00f6r\u00fc\u015fmede, Hollandal\u0131 k\u0131demli askeri dan\u0131\u015fman Paul\u2019un dan\u0131\u015fmanl\u0131\u011f\u0131n\u0131 yapt\u0131\u011f\u0131 g\u00f6n\u00fcll\u00fc Pe\u015fmergeler konusunun da ele al\u0131nd\u0131\u011f\u0131 belirtildi. [&hellip;]\" \/>\n<meta property=\"og:url\" content=\"https:\/\/darkamazi.site\/archives\/1018342\" \/>\n<meta property=\"og:site_name\" content=\"Darka Mazi\" \/>\n<meta property=\"article:publisher\" content=\"https:\/\/www.facebook.com\/DarkaMaziturkce\" \/>\n<meta property=\"article:published_time\" content=\"2022-02-22T16:41:39+00:00\" \/>\n<meta property=\"og:image\" content=\"https:\/\/darkamazi.site\/file\/2022\/02\/Hollanda.jpg\" \/>\n\t<meta property=\"og:image:width\" content=\"900\" \/>\n\t<meta property=\"og:image:height\" content=\"497\" \/>\n\t<meta property=\"og:image:type\" content=\"image\/jpeg\" \/>\n<meta name=\"author\" content=\"darka mazi\" \/>\n<meta name=\"twitter:card\" content=\"summary_large_image\" \/>\n<meta name=\"twitter:creator\" content=\"@DarkaMaziTurkce\" \/>\n<meta name=\"twitter:site\" content=\"@DarkaMaziTurkce\" \/>\n<meta name=\"twitter:label1\" content=\"Written by\" \/>\n\t<meta name=\"twitter:data1\" content=\"darka mazi\" \/>\n\t<meta name=\"twitter:label2\" content=\"Est. reading time\" \/>\n\t<meta name=\"twitter:data2\" content=\"1 minute\" \/>\n<script type=\"application\/ld+json\" class=\"seo-schema-graph\">{\"@context\":\"https:\\\/\\\/schema.org\",\"@graph\":[{\"@type\":\"NewsArticle\",\"@id\":\"https:\\\/\\\/darkamazi.site\\\/archives\\\/1018342#article\",\"isPartOf\":{\"@id\":\"https:\\\/\\\/darkamazi.site\\\/archives\\\/1018342\"},\"author\":{\"name\":\"darka mazi\",\"@id\":\"https:\\\/\\\/darkamazi.site\\\/#\\\/schema\\\/person\\\/67986a95ac546c16760365877ef4a9d3\"},\"headline\":\"Hollanda Pe\u015fmerge&#8217;ye deste\u011fini devam ettirecek\",\"datePublished\":\"2022-02-22T16:41:39+00:00\",\"mainEntityOfPage\":{\"@id\":\"https:\\\/\\\/darkamazi.site\\\/archives\\\/1018342\"},\"wordCount\":127,\"publisher\":{\"@id\":\"https:\\\/\\\/darkamazi.site\\\/#organization\"},\"image\":{\"@id\":\"https:\\\/\\\/darkamazi.site\\\/archives\\\/1018342#primaryimage\"},\"thumbnailUrl\":\"https:\\\/\\\/darkamazi.site\\\/darka-content\\\/uploads\\\/2022\\\/02\\\/Hollanda.jpg\",\"keywords\":[\"\u00f6nemli\"],\"articleSection\":[\"Kurdistan\"],\"inLanguage\":\"en-US\"},{\"@type\":\"WebPage\",\"@id\":\"https:\\\/\\\/darkamazi.site\\\/archives\\\/1018342\",\"url\":\"https:\\\/\\\/darkamazi.site\\\/archives\\\/1018342\",\"name\":\"Hollanda Pe\u015fmerge'ye deste\u011fini devam ettirecek - Darka Mazi\",\"isPartOf\":{\"@id\":\"https:\\\/\\\/darkamazi.site\\\/#website\"},\"primaryImageOfPage\":{\"@id\":\"https:\\\/\\\/darkamazi.site\\\/archives\\\/1018342#primaryimage\"},\"image\":{\"@id\":\"https:\\\/\\\/darkamazi.site\\\/archives\\\/1018342#primaryimage\"},\"thumbnailUrl\":\"https:\\\/\\\/darkamazi.site\\\/darka-content\\\/uploads\\\/2022\\\/02\\\/Hollanda.jpg\",\"datePublished\":\"2022-02-22T16:41:39+00:00\",\"breadcrumb\":{\"@id\":\"https:\\\/\\\/darkamazi.site\\\/archives\\\/1018342#breadcrumb\"},\"inLanguage\":\"en-US\",\"potentialAction\":[{\"@type\":\"ReadAction\",\"target\":[\"https:\\\/\\\/darkamazi.site\\\/archives\\\/1018342\"]}]},{\"@type\":\"ImageObject\",\"inLanguage\":\"en-US\",\"@id\":\"https:\\\/\\\/darkamazi.site\\\/archives\\\/1018342#primaryimage\",\"url\":\"https:\\\/\\\/darkamazi.site\\\/darka-content\\\/uploads\\\/2022\\\/02\\\/Hollanda.jpg\",\"contentUrl\":\"https:\\\/\\\/darkamazi.site\\\/darka-content\\\/uploads\\\/2022\\\/02\\\/Hollanda.jpg\",\"width\":900,\"height\":497,\"caption\":\"Hollanda Pe\u015fmerge'ye deste\u011fini devam ettirecek\"},{\"@type\":\"BreadcrumbList\",\"@id\":\"https:\\\/\\\/darkamazi.site\\\/archives\\\/1018342#breadcrumb\",\"itemListElement\":[{\"@type\":\"ListItem\",\"position\":1,\"name\":\"Home\",\"item\":\"https:\\\/\\\/darkamazi.site\\\/\"},{\"@type\":\"ListItem\",\"position\":2,\"name\":\"Hollanda Pe\u015fmerge&#8217;ye deste\u011fini devam ettirecek\"}]},{\"@type\":\"WebSite\",\"@id\":\"https:\\\/\\\/darkamazi.site\\\/#website\",\"url\":\"https:\\\/\\\/darkamazi.site\\\/\",\"name\":\"Darka Mazi\",\"description\":\"Ana Sayfa\",\"publisher\":{\"@id\":\"https:\\\/\\\/darkamazi.site\\\/#organization\"},\"potentialAction\":[{\"@type\":\"SearchAction\",\"target\":{\"@type\":\"EntryPoint\",\"urlTemplate\":\"https:\\\/\\\/darkamazi.site\\\/?s={search_term_string}\"},\"query-input\":{\"@type\":\"PropertyValueSpecification\",\"valueRequired\":true,\"valueName\":\"search_term_string\"}}],\"inLanguage\":\"en-US\"},{\"@type\":\"Organization\",\"@id\":\"https:\\\/\\\/darkamazi.site\\\/#organization\",\"name\":\"Darka Mazi T\u00fcrk\u00e7e\",\"alternateName\":\"Darka Mazi\",\"url\":\"https:\\\/\\\/darkamazi.site\\\/\",\"logo\":{\"@type\":\"ImageObject\",\"inLanguage\":\"en-US\",\"@id\":\"https:\\\/\\\/darkamazi.site\\\/#\\\/schema\\\/logo\\\/image\\\/\",\"url\":\"https:\\\/\\\/darkamazi.site\\\/darka-content\\\/uploads\\\/2017\\\/12\\\/darka-mazi-logo.png\",\"contentUrl\":\"https:\\\/\\\/darkamazi.site\\\/darka-content\\\/uploads\\\/2017\\\/12\\\/darka-mazi-logo.png\",\"width\":151,\"height\":75,\"caption\":\"Darka Mazi T\u00fcrk\u00e7e\"},\"image\":{\"@id\":\"https:\\\/\\\/darkamazi.site\\\/#\\\/schema\\\/logo\\\/image\\\/\"},\"sameAs\":[\"https:\\\/\\\/www.facebook.com\\\/DarkaMaziturkce\",\"https:\\\/\\\/x.com\\\/DarkaMaziTurkce\"]},{\"@type\":\"Person\",\"@id\":\"https:\\\/\\\/darkamazi.site\\\/#\\\/schema\\\/person\\\/67986a95ac546c16760365877ef4a9d3\",\"name\":\"darka mazi\",\"sameAs\":[\"https:\\\/\\\/darkamazi.site\"],\"url\":\"https:\\\/\\\/darkamazi.site\\\/archives\\\/author\\\/turkish\"}]}<\/script>\n<!-- \/ Yoast SEO plugin. -->","seo_head_json":{"title":"Hollanda Pe\u015fmerge'ye deste\u011fini devam ettirecek - Darka Mazi","robots":{"index":"index","follow":"follow","max-snippet":"max-snippet:-1","max-image-preview":"max-image-preview:large","max-video-preview":"max-video-preview:-1"},"canonical":"https:\/\/darkamazi.site\/archives\/1018342","og_locale":"en_US","og_type":"article","og_title":"Hollanda Pe\u015fmerge'ye deste\u011fini devam ettirecek - Darka Mazi","og_description":"Uluslararas\u0131 Koalisyon b\u00fcnyesindeki Hollanda g\u00fc\u00e7lerinin dan\u0131\u015fman\u0131 Colonel Paul, Pe\u015fmerge Bakanl\u0131\u011f\u0131 yetkilileriyle, Pe\u015fmerge g\u00fc\u00e7lerine deste\u011fi g\u00f6r\u00fc\u015ft\u00fc. Pe\u015fmerge Bakanl\u0131\u011f\u0131\u2019ndan yap\u0131lan a\u00e7\u0131klamada, Pe\u015fmerge Bakanl\u0131\u011f\u0131 K\u0131demli Dan\u0131\u015fman\u0131 Hejar Omer\u2019in Hollanda g\u00fc\u00e7lerinin k\u0131demli dan\u0131\u015fman\u0131 Colonel Paul ile g\u00f6r\u00fc\u015ft\u00fc\u011f\u00fc bildirildi. Pe\u015fmerge Bakanl\u0131\u011f\u0131\u2019ndaki reform program\u0131n\u0131n ilerlemesinin konu\u015fuldu\u011fu g\u00f6r\u00fc\u015fmede, Hollandal\u0131 k\u0131demli askeri dan\u0131\u015fman Paul\u2019un dan\u0131\u015fmanl\u0131\u011f\u0131n\u0131 yapt\u0131\u011f\u0131 g\u00f6n\u00fcll\u00fc Pe\u015fmergeler konusunun da ele al\u0131nd\u0131\u011f\u0131 belirtildi. [&hellip;]","og_url":"https:\/\/darkamazi.site\/archives\/1018342","og_site_name":"Darka Mazi","article_publisher":"https:\/\/www.facebook.com\/DarkaMaziturkce","article_published_time":"2022-02-22T16:41:39+00:00","og_image":[{"width":900,"height":497,"url":"https:\/\/darkamazi.site\/file\/2022\/02\/Hollanda.jpg","type":"image\/jpeg"}],"author":"darka mazi","twitter_card":"summary_large_image","twitter_creator":"@DarkaMaziTurkce","twitter_site":"@DarkaMaziTurkce","twitter_misc":{"Written by":"darka mazi","Est. reading time":"1 minute"},"schema":{"@context":"https:\/\/schema.org","@graph":[{"@type":"NewsArticle","@id":"https:\/\/darkamazi.site\/archives\/1018342#article","isPartOf":{"@id":"https:\/\/darkamazi.site\/archives\/1018342"},"author":{"name":"darka mazi","@id":"https:\/\/darkamazi.site\/#\/schema\/person\/67986a95ac546c16760365877ef4a9d3"},"headline":"Hollanda Pe\u015fmerge&#8217;ye deste\u011fini devam ettirecek","datePublished":"2022-02-22T16:41:39+00:00","mainEntityOfPage":{"@id":"https:\/\/darkamazi.site\/archives\/1018342"},"wordCount":127,"publisher":{"@id":"https:\/\/darkamazi.site\/#organization"},"image":{"@id":"https:\/\/darkamazi.site\/archives\/1018342#primaryimage"},"thumbnailUrl":"https:\/\/darkamazi.site\/file\/2022\/02\/Hollanda.jpg","keywords":["\u00f6nemli"],"articleSection":["Kurdistan"],"inLanguage":"en-US"},{"@type":"WebPage","@id":"https:\/\/darkamazi.site\/archives\/1018342","url":"https:\/\/darkamazi.site\/archives\/1018342","name":"Hollanda Pe\u015fmerge'ye deste\u011fini devam ettirecek - Darka Mazi","isPartOf":{"@id":"https:\/\/darkamazi.site\/#website"},"primaryImageOfPage":{"@id":"https:\/\/darkamazi.site\/archives\/1018342#primaryimage"},"image":{"@id":"https:\/\/darkamazi.site\/archives\/1018342#primaryimage"},"thumbnailUrl":"https:\/\/darkamazi.site\/file\/2022\/02\/Hollanda.jpg","datePublished":"2022-02-22T16:41:39+00:00","breadcrumb":{"@id":"https:\/\/darkamazi.site\/archives\/1018342#breadcrumb"},"inLanguage":"en-US","potentialAction":[{"@type":"ReadAction","target":["https:\/\/darkamazi.site\/archives\/1018342"]}]},{"@type":"ImageObject","inLanguage":"en-US","@id":"https:\/\/darkamazi.site\/archives\/1018342#primaryimage","url":"https:\/\/darkamazi.site\/file\/2022\/02\/Hollanda.jpg","contentUrl":"https:\/\/darkamazi.site\/file\/2022\/02\/Hollanda.jpg","width":900,"height":497,"caption":"Hollanda Pe\u015fmerge'ye deste\u011fini devam ettirecek"},{"@type":"BreadcrumbList","@id":"https:\/\/darkamazi.site\/archives\/1018342#breadcrumb","itemListElement":[{"@type":"ListItem","position":1,"name":"Home","item":"https:\/\/darkamazi.site\/"},{"@type":"ListItem","position":2,"name":"Hollanda Pe\u015fmerge&#8217;ye deste\u011fini devam ettirecek"}]},{"@type":"WebSite","@id":"https:\/\/darkamazi.site\/#website","url":"https:\/\/darkamazi.site\/","name":"Darka Mazi","description":"Ana Sayfa","publisher":{"@id":"https:\/\/darkamazi.site\/#organization"},"potentialAction":[{"@type":"SearchAction","target":{"@type":"EntryPoint","urlTemplate":"https:\/\/darkamazi.site\/?s={search_term_string}"},"query-input":{"@type":"PropertyValueSpecification","valueRequired":true,"valueName":"search_term_string"}}],"inLanguage":"en-US"},{"@type":"Organization","@id":"https:\/\/darkamazi.site\/#organization","name":"Darka Mazi T\u00fcrk\u00e7e","alternateName":"Darka Mazi","url":"https:\/\/darkamazi.site\/","logo":{"@type":"ImageObject","inLanguage":"en-US","@id":"https:\/\/darkamazi.site\/#\/schema\/logo\/image\/","url":"https:\/\/darkamazi.site\/file\/2017\/12\/darka-mazi-logo.png","contentUrl":"https:\/\/darkamazi.site\/file\/2017\/12\/darka-mazi-logo.png","width":151,"height":75,"caption":"Darka Mazi T\u00fcrk\u00e7e"},"image":{"@id":"https:\/\/darkamazi.site\/#\/schema\/logo\/image\/"},"sameAs":["https:\/\/www.facebook.com\/DarkaMaziturkce","https:\/\/x.com\/DarkaMaziTurkce"]},{"@type":"Person","@id":"https:\/\/darkamazi.site\/#\/schema\/person\/67986a95ac546c16760365877ef4a9d3","name":"darka mazi","sameAs":["https:\/\/darkamazi.site"],"url":"https:\/\/darkamazi.site\/archives\/author\/turkish"}]}},"_links":{"self":[{"href":"https:\/\/darkamazi.site\/funavuv\/wp\/v2\/posts\/1018342","targetHints":{"allow":["GET"]}}],"collection":[{"href":"https:\/\/darkamazi.site\/funavuv\/wp\/v2\/posts"}],"about":[{"href":"https:\/\/darkamazi.site\/funavuv\/wp\/v2\/types\/post"}],"author":[{"embeddable":true,"href":"https:\/\/darkamazi.site\/funavuv\/wp\/v2\/users\/2"}],"replies":[{"embeddable":true,"href":"https:\/\/darkamazi.site\/funavuv\/wp\/v2\/comments?post=1018342"}],"version-history":[{"count":0,"href":"https:\/\/darkamazi.site\/funavuv\/wp\/v2\/posts\/1018342\/revisions"}],"wp:featuredmedia":[{"embeddable":true,"href":"https:\/\/darkamazi.site\/funavuv\/wp\/v2\/media\/1018343"}],"wp:attachment":[{"href":"https:\/\/darkamazi.site\/funavuv\/wp\/v2\/media?parent=1018342"}],"wp:term":[{"taxonomy":"category","embeddable":true,"href":"https:\/\/darkamazi.site\/funavuv\/wp\/v2\/categories?post=1018342"},{"taxonomy":"post_tag","embeddable":true,"href":"https:\/\/darkamazi.site\/funavuv\/wp\/v2\/tags?post=1018342"}],"curies":[{"name":"wp","href":"https:\/\/api.w.org\/{rel}","templated":true}]}}