{"id":1018417,"date":"2022-02-27T12:56:14","date_gmt":"2022-02-27T09:56:14","guid":{"rendered":"https:\/\/darkamazi.site\/?p=1018417"},"modified":"2022-02-27T12:56:14","modified_gmt":"2022-02-27T09:56:14","slug":"nubihar-dergisinin-158-sayisi-cikti","status":"publish","type":"post","link":"https:\/\/darkamazi.site\/archives\/1018417","title":{"rendered":"N\u00fbbihar dergisinin 158. say\u0131s\u0131 \u00e7\u0131kt\u0131"},"content":{"rendered":"<p style=\"text-align: justify\">\u00a03 ayda bir K\u00fcrt\u00e7e yay\u0131nlanan N\u00fbbihar dergisinin 158. say\u0131s\u0131 zengin bir i\u00e7erikle okuyucularla bulu\u015ftu.<\/p>\n<p style=\"text-align: justify\">1992 y\u0131l\u0131ndan beri \u0130stanbul\u2019dan yay\u0131n\u0131 s\u00fcren K\u00fcrt\u00e7e, k\u00fclt\u00fcr, sanat, edebiyat dergisi N\u00fbbihar\u00a0 yeni say\u0131s\u0131n\u0131 yay\u0131nlad\u0131.<\/p>\n<p style=\"text-align: justify\">S\u00fcleyman \u00c7evik edit\u00f6rl\u00fc\u011f\u00fcnde haz\u0131rlanan derginin bu say\u0131s\u0131nda, Mustafa K\u0131l\u0131\u00e7aslan, Dr. Karl\u00ean\u00ea \u00c7a\u00e7an\u2019\u0131n 1999\u2019de Ermenice yay\u0131nlanan bir yaz\u0131s\u0131n\u0131 \u00e7evirmi\u015f. Dr. Karl\u00ean\u00ea \u00c7a\u00e7an yaz\u0131s\u0131nda 19. y\u00fczy\u0131l\u0131n ortalar\u0131nda K\u00fcrt k\u00fclt\u00fcr\u00fcn\u00fcn geli\u015fmesine katk\u0131 sunan Ermeni ayd\u0131nlardan bahsediyor.<\/p>\n<p style=\"text-align: justify\">Murad Celal\u00ee ise yaz\u0131s\u0131n\u0131, Ali Bey isimli Osmanl\u0131 devlet g\u00f6revlisinin 4 y\u0131l s\u00fcren K\u00fcrt \u015fehirlerindeki seyahatini ve bu seyahatteki g\u00f6zlemlerine ay\u0131rm\u0131\u015f.<\/p>\n<p style=\"text-align: justify\">Dergide \u015fair Rojen Barnas ile yazar, \u00e7evirmen Abdullah \u0130ncekan\u2019\u0131n yapm\u0131\u015f oldu\u011fu r\u00f6portaj ve Rojen Barnas\u2019\u0131n ilk kez yay\u0131nlanan birka\u00e7 foto\u011fraf\u0131 da dikkat \u00e7eken i\u00e7eriklerden.<\/p>\n<p style=\"text-align: justify\">\u00cebrah\u00eem Seydo Aydo\u011fan da yaz\u0131s\u0131nda, Hawar dergisinde yay\u0131nlanan ara\u015ft\u0131rma, dil, deneme, ele\u015ftiri, tarih ve klasik edebiyata dair yaz\u0131 t\u00fcrlerinden bahsediyor.<\/p>\n<p style=\"text-align: justify\">Dergide ayr\u0131ca, M. Zana Karak\u2019\u0131n katk\u0131lar\u0131yla \u015e\u00eax Mistefay\u00ea Abir\u00ee\u2019nin ilk kez yay\u0131nlanan bir \u015fiirine yer verildi.<\/p>\n","protected":false},"excerpt":{"rendered":"<p>\u00a03 ayda bir K\u00fcrt\u00e7e yay\u0131nlanan N\u00fbbihar dergisinin 158. say\u0131s\u0131 zengin bir i\u00e7erikle okuyucularla bulu\u015ftu. 1992 y\u0131l\u0131ndan beri \u0130stanbul\u2019dan yay\u0131n\u0131 s\u00fcren K\u00fcrt\u00e7e, k\u00fclt\u00fcr, sanat, edebiyat dergisi N\u00fbbihar\u00a0 yeni say\u0131s\u0131n\u0131 yay\u0131nlad\u0131. S\u00fcleyman \u00c7evik edit\u00f6rl\u00fc\u011f\u00fcnde haz\u0131rlanan derginin bu say\u0131s\u0131nda, Mustafa K\u0131l\u0131\u00e7aslan, Dr. Karl\u00ean\u00ea \u00c7a\u00e7an\u2019\u0131n 1999\u2019de Ermenice yay\u0131nlanan bir yaz\u0131s\u0131n\u0131 \u00e7evirmi\u015f. Dr. Karl\u00ean\u00ea \u00c7a\u00e7an yaz\u0131s\u0131nda 19. y\u00fczy\u0131l\u0131n ortalar\u0131nda K\u00fcrt [&hellip;]<\/p>\n","protected":false},"author":2,"featured_media":1018419,"comment_status":"closed","ping_status":"closed","sticky":false,"template":"","format":"standard","meta":{"footnotes":""},"categories":[33],"tags":[31],"class_list":["post-1018417","post","type-post","status-publish","format-standard","has-post-thumbnail","hentry","category-sanat","tag-onemli"],"blocksy_meta":[],"seo_head":"<!-- This site is optimized with the Yoast SEO plugin v27.5 - https:\/\/yoast.com\/product\/yoast-seo-wordpress\/ -->\n<title>N\u00fbbihar dergisinin 158. say\u0131s\u0131 \u00e7\u0131kt\u0131 - Darka Mazi<\/title>\n<meta name=\"robots\" content=\"index, follow, max-snippet:-1, max-image-preview:large, max-video-preview:-1\" \/>\n<link rel=\"canonical\" href=\"https:\/\/darkamazi.site\/archives\/1018417\" \/>\n<meta property=\"og:locale\" content=\"en_US\" \/>\n<meta property=\"og:type\" content=\"article\" \/>\n<meta property=\"og:title\" content=\"N\u00fbbihar dergisinin 158. say\u0131s\u0131 \u00e7\u0131kt\u0131 - Darka Mazi\" \/>\n<meta property=\"og:description\" content=\"\u00a03 ayda bir K\u00fcrt\u00e7e yay\u0131nlanan N\u00fbbihar dergisinin 158. say\u0131s\u0131 zengin bir i\u00e7erikle okuyucularla bulu\u015ftu. 1992 y\u0131l\u0131ndan beri \u0130stanbul\u2019dan yay\u0131n\u0131 s\u00fcren K\u00fcrt\u00e7e, k\u00fclt\u00fcr, sanat, edebiyat dergisi N\u00fbbihar\u00a0 yeni say\u0131s\u0131n\u0131 yay\u0131nlad\u0131. S\u00fcleyman \u00c7evik edit\u00f6rl\u00fc\u011f\u00fcnde haz\u0131rlanan derginin bu say\u0131s\u0131nda, Mustafa K\u0131l\u0131\u00e7aslan, Dr. Karl\u00ean\u00ea \u00c7a\u00e7an\u2019\u0131n 1999\u2019de Ermenice yay\u0131nlanan bir yaz\u0131s\u0131n\u0131 \u00e7evirmi\u015f. Dr. Karl\u00ean\u00ea \u00c7a\u00e7an yaz\u0131s\u0131nda 19. y\u00fczy\u0131l\u0131n ortalar\u0131nda K\u00fcrt [&hellip;]\" \/>\n<meta property=\"og:url\" content=\"https:\/\/darkamazi.site\/archives\/1018417\" \/>\n<meta property=\"og:site_name\" content=\"Darka Mazi\" \/>\n<meta property=\"article:publisher\" content=\"https:\/\/www.facebook.com\/DarkaMaziturkce\" \/>\n<meta property=\"article:published_time\" content=\"2022-02-27T09:56:14+00:00\" \/>\n<meta property=\"og:image\" content=\"https:\/\/darkamazi.site\/file\/2022\/02\/darkamazi-1.jpg\" \/>\n\t<meta property=\"og:image:width\" content=\"960\" \/>\n\t<meta property=\"og:image:height\" content=\"550\" \/>\n\t<meta property=\"og:image:type\" content=\"image\/jpeg\" \/>\n<meta name=\"author\" content=\"darka mazi\" \/>\n<meta name=\"twitter:card\" content=\"summary_large_image\" \/>\n<meta name=\"twitter:creator\" content=\"@DarkaMaziTurkce\" \/>\n<meta name=\"twitter:site\" content=\"@DarkaMaziTurkce\" \/>\n<meta name=\"twitter:label1\" content=\"Written by\" \/>\n\t<meta name=\"twitter:data1\" content=\"darka mazi\" \/>\n\t<meta name=\"twitter:label2\" content=\"Est. reading time\" \/>\n\t<meta name=\"twitter:data2\" content=\"1 minute\" \/>\n<script type=\"application\/ld+json\" class=\"seo-schema-graph\">{\"@context\":\"https:\\\/\\\/schema.org\",\"@graph\":[{\"@type\":\"NewsArticle\",\"@id\":\"https:\\\/\\\/darkamazi.site\\\/archives\\\/1018417#article\",\"isPartOf\":{\"@id\":\"https:\\\/\\\/darkamazi.site\\\/archives\\\/1018417\"},\"author\":{\"name\":\"darka mazi\",\"@id\":\"https:\\\/\\\/darkamazi.site\\\/#\\\/schema\\\/person\\\/67986a95ac546c16760365877ef4a9d3\"},\"headline\":\"N\u00fbbihar dergisinin 158. say\u0131s\u0131 \u00e7\u0131kt\u0131\",\"datePublished\":\"2022-02-27T09:56:14+00:00\",\"mainEntityOfPage\":{\"@id\":\"https:\\\/\\\/darkamazi.site\\\/archives\\\/1018417\"},\"wordCount\":223,\"publisher\":{\"@id\":\"https:\\\/\\\/darkamazi.site\\\/#organization\"},\"image\":{\"@id\":\"https:\\\/\\\/darkamazi.site\\\/archives\\\/1018417#primaryimage\"},\"thumbnailUrl\":\"https:\\\/\\\/darkamazi.site\\\/darka-content\\\/uploads\\\/2022\\\/02\\\/darkamazi-1.jpg\",\"keywords\":[\"\u00f6nemli\"],\"articleSection\":[\"Sanat\"],\"inLanguage\":\"en-US\"},{\"@type\":\"WebPage\",\"@id\":\"https:\\\/\\\/darkamazi.site\\\/archives\\\/1018417\",\"url\":\"https:\\\/\\\/darkamazi.site\\\/archives\\\/1018417\",\"name\":\"N\u00fbbihar dergisinin 158. say\u0131s\u0131 \u00e7\u0131kt\u0131 - Darka Mazi\",\"isPartOf\":{\"@id\":\"https:\\\/\\\/darkamazi.site\\\/#website\"},\"primaryImageOfPage\":{\"@id\":\"https:\\\/\\\/darkamazi.site\\\/archives\\\/1018417#primaryimage\"},\"image\":{\"@id\":\"https:\\\/\\\/darkamazi.site\\\/archives\\\/1018417#primaryimage\"},\"thumbnailUrl\":\"https:\\\/\\\/darkamazi.site\\\/darka-content\\\/uploads\\\/2022\\\/02\\\/darkamazi-1.jpg\",\"datePublished\":\"2022-02-27T09:56:14+00:00\",\"breadcrumb\":{\"@id\":\"https:\\\/\\\/darkamazi.site\\\/archives\\\/1018417#breadcrumb\"},\"inLanguage\":\"en-US\",\"potentialAction\":[{\"@type\":\"ReadAction\",\"target\":[\"https:\\\/\\\/darkamazi.site\\\/archives\\\/1018417\"]}]},{\"@type\":\"ImageObject\",\"inLanguage\":\"en-US\",\"@id\":\"https:\\\/\\\/darkamazi.site\\\/archives\\\/1018417#primaryimage\",\"url\":\"https:\\\/\\\/darkamazi.site\\\/darka-content\\\/uploads\\\/2022\\\/02\\\/darkamazi-1.jpg\",\"contentUrl\":\"https:\\\/\\\/darkamazi.site\\\/darka-content\\\/uploads\\\/2022\\\/02\\\/darkamazi-1.jpg\",\"width\":960,\"height\":550,\"caption\":\"N\u00fbbihar dergisinin 158. say\u0131s\u0131 \u00e7\u0131kt\u0131\"},{\"@type\":\"BreadcrumbList\",\"@id\":\"https:\\\/\\\/darkamazi.site\\\/archives\\\/1018417#breadcrumb\",\"itemListElement\":[{\"@type\":\"ListItem\",\"position\":1,\"name\":\"Home\",\"item\":\"https:\\\/\\\/darkamazi.site\\\/\"},{\"@type\":\"ListItem\",\"position\":2,\"name\":\"N\u00fbbihar dergisinin 158. say\u0131s\u0131 \u00e7\u0131kt\u0131\"}]},{\"@type\":\"WebSite\",\"@id\":\"https:\\\/\\\/darkamazi.site\\\/#website\",\"url\":\"https:\\\/\\\/darkamazi.site\\\/\",\"name\":\"Darka Mazi\",\"description\":\"Ana Sayfa\",\"publisher\":{\"@id\":\"https:\\\/\\\/darkamazi.site\\\/#organization\"},\"potentialAction\":[{\"@type\":\"SearchAction\",\"target\":{\"@type\":\"EntryPoint\",\"urlTemplate\":\"https:\\\/\\\/darkamazi.site\\\/?s={search_term_string}\"},\"query-input\":{\"@type\":\"PropertyValueSpecification\",\"valueRequired\":true,\"valueName\":\"search_term_string\"}}],\"inLanguage\":\"en-US\"},{\"@type\":\"Organization\",\"@id\":\"https:\\\/\\\/darkamazi.site\\\/#organization\",\"name\":\"Darka Mazi T\u00fcrk\u00e7e\",\"alternateName\":\"Darka Mazi\",\"url\":\"https:\\\/\\\/darkamazi.site\\\/\",\"logo\":{\"@type\":\"ImageObject\",\"inLanguage\":\"en-US\",\"@id\":\"https:\\\/\\\/darkamazi.site\\\/#\\\/schema\\\/logo\\\/image\\\/\",\"url\":\"https:\\\/\\\/darkamazi.site\\\/darka-content\\\/uploads\\\/2017\\\/12\\\/darka-mazi-logo.png\",\"contentUrl\":\"https:\\\/\\\/darkamazi.site\\\/darka-content\\\/uploads\\\/2017\\\/12\\\/darka-mazi-logo.png\",\"width\":151,\"height\":75,\"caption\":\"Darka Mazi T\u00fcrk\u00e7e\"},\"image\":{\"@id\":\"https:\\\/\\\/darkamazi.site\\\/#\\\/schema\\\/logo\\\/image\\\/\"},\"sameAs\":[\"https:\\\/\\\/www.facebook.com\\\/DarkaMaziturkce\",\"https:\\\/\\\/x.com\\\/DarkaMaziTurkce\"]},{\"@type\":\"Person\",\"@id\":\"https:\\\/\\\/darkamazi.site\\\/#\\\/schema\\\/person\\\/67986a95ac546c16760365877ef4a9d3\",\"name\":\"darka mazi\",\"sameAs\":[\"https:\\\/\\\/darkamazi.site\"],\"url\":\"https:\\\/\\\/darkamazi.site\\\/archives\\\/author\\\/turkish\"}]}<\/script>\n<!-- \/ Yoast SEO plugin. -->","seo_head_json":{"title":"N\u00fbbihar dergisinin 158. say\u0131s\u0131 \u00e7\u0131kt\u0131 - Darka Mazi","robots":{"index":"index","follow":"follow","max-snippet":"max-snippet:-1","max-image-preview":"max-image-preview:large","max-video-preview":"max-video-preview:-1"},"canonical":"https:\/\/darkamazi.site\/archives\/1018417","og_locale":"en_US","og_type":"article","og_title":"N\u00fbbihar dergisinin 158. say\u0131s\u0131 \u00e7\u0131kt\u0131 - Darka Mazi","og_description":"\u00a03 ayda bir K\u00fcrt\u00e7e yay\u0131nlanan N\u00fbbihar dergisinin 158. say\u0131s\u0131 zengin bir i\u00e7erikle okuyucularla bulu\u015ftu. 1992 y\u0131l\u0131ndan beri \u0130stanbul\u2019dan yay\u0131n\u0131 s\u00fcren K\u00fcrt\u00e7e, k\u00fclt\u00fcr, sanat, edebiyat dergisi N\u00fbbihar\u00a0 yeni say\u0131s\u0131n\u0131 yay\u0131nlad\u0131. S\u00fcleyman \u00c7evik edit\u00f6rl\u00fc\u011f\u00fcnde haz\u0131rlanan derginin bu say\u0131s\u0131nda, Mustafa K\u0131l\u0131\u00e7aslan, Dr. Karl\u00ean\u00ea \u00c7a\u00e7an\u2019\u0131n 1999\u2019de Ermenice yay\u0131nlanan bir yaz\u0131s\u0131n\u0131 \u00e7evirmi\u015f. Dr. Karl\u00ean\u00ea \u00c7a\u00e7an yaz\u0131s\u0131nda 19. y\u00fczy\u0131l\u0131n ortalar\u0131nda K\u00fcrt [&hellip;]","og_url":"https:\/\/darkamazi.site\/archives\/1018417","og_site_name":"Darka Mazi","article_publisher":"https:\/\/www.facebook.com\/DarkaMaziturkce","article_published_time":"2022-02-27T09:56:14+00:00","og_image":[{"width":960,"height":550,"url":"https:\/\/darkamazi.site\/file\/2022\/02\/darkamazi-1.jpg","type":"image\/jpeg"}],"author":"darka mazi","twitter_card":"summary_large_image","twitter_creator":"@DarkaMaziTurkce","twitter_site":"@DarkaMaziTurkce","twitter_misc":{"Written by":"darka mazi","Est. reading time":"1 minute"},"schema":{"@context":"https:\/\/schema.org","@graph":[{"@type":"NewsArticle","@id":"https:\/\/darkamazi.site\/archives\/1018417#article","isPartOf":{"@id":"https:\/\/darkamazi.site\/archives\/1018417"},"author":{"name":"darka mazi","@id":"https:\/\/darkamazi.site\/#\/schema\/person\/67986a95ac546c16760365877ef4a9d3"},"headline":"N\u00fbbihar dergisinin 158. say\u0131s\u0131 \u00e7\u0131kt\u0131","datePublished":"2022-02-27T09:56:14+00:00","mainEntityOfPage":{"@id":"https:\/\/darkamazi.site\/archives\/1018417"},"wordCount":223,"publisher":{"@id":"https:\/\/darkamazi.site\/#organization"},"image":{"@id":"https:\/\/darkamazi.site\/archives\/1018417#primaryimage"},"thumbnailUrl":"https:\/\/darkamazi.site\/file\/2022\/02\/darkamazi-1.jpg","keywords":["\u00f6nemli"],"articleSection":["Sanat"],"inLanguage":"en-US"},{"@type":"WebPage","@id":"https:\/\/darkamazi.site\/archives\/1018417","url":"https:\/\/darkamazi.site\/archives\/1018417","name":"N\u00fbbihar dergisinin 158. say\u0131s\u0131 \u00e7\u0131kt\u0131 - Darka Mazi","isPartOf":{"@id":"https:\/\/darkamazi.site\/#website"},"primaryImageOfPage":{"@id":"https:\/\/darkamazi.site\/archives\/1018417#primaryimage"},"image":{"@id":"https:\/\/darkamazi.site\/archives\/1018417#primaryimage"},"thumbnailUrl":"https:\/\/darkamazi.site\/file\/2022\/02\/darkamazi-1.jpg","datePublished":"2022-02-27T09:56:14+00:00","breadcrumb":{"@id":"https:\/\/darkamazi.site\/archives\/1018417#breadcrumb"},"inLanguage":"en-US","potentialAction":[{"@type":"ReadAction","target":["https:\/\/darkamazi.site\/archives\/1018417"]}]},{"@type":"ImageObject","inLanguage":"en-US","@id":"https:\/\/darkamazi.site\/archives\/1018417#primaryimage","url":"https:\/\/darkamazi.site\/file\/2022\/02\/darkamazi-1.jpg","contentUrl":"https:\/\/darkamazi.site\/file\/2022\/02\/darkamazi-1.jpg","width":960,"height":550,"caption":"N\u00fbbihar dergisinin 158. say\u0131s\u0131 \u00e7\u0131kt\u0131"},{"@type":"BreadcrumbList","@id":"https:\/\/darkamazi.site\/archives\/1018417#breadcrumb","itemListElement":[{"@type":"ListItem","position":1,"name":"Home","item":"https:\/\/darkamazi.site\/"},{"@type":"ListItem","position":2,"name":"N\u00fbbihar dergisinin 158. say\u0131s\u0131 \u00e7\u0131kt\u0131"}]},{"@type":"WebSite","@id":"https:\/\/darkamazi.site\/#website","url":"https:\/\/darkamazi.site\/","name":"Darka Mazi","description":"Ana Sayfa","publisher":{"@id":"https:\/\/darkamazi.site\/#organization"},"potentialAction":[{"@type":"SearchAction","target":{"@type":"EntryPoint","urlTemplate":"https:\/\/darkamazi.site\/?s={search_term_string}"},"query-input":{"@type":"PropertyValueSpecification","valueRequired":true,"valueName":"search_term_string"}}],"inLanguage":"en-US"},{"@type":"Organization","@id":"https:\/\/darkamazi.site\/#organization","name":"Darka Mazi T\u00fcrk\u00e7e","alternateName":"Darka Mazi","url":"https:\/\/darkamazi.site\/","logo":{"@type":"ImageObject","inLanguage":"en-US","@id":"https:\/\/darkamazi.site\/#\/schema\/logo\/image\/","url":"https:\/\/darkamazi.site\/file\/2017\/12\/darka-mazi-logo.png","contentUrl":"https:\/\/darkamazi.site\/file\/2017\/12\/darka-mazi-logo.png","width":151,"height":75,"caption":"Darka Mazi T\u00fcrk\u00e7e"},"image":{"@id":"https:\/\/darkamazi.site\/#\/schema\/logo\/image\/"},"sameAs":["https:\/\/www.facebook.com\/DarkaMaziturkce","https:\/\/x.com\/DarkaMaziTurkce"]},{"@type":"Person","@id":"https:\/\/darkamazi.site\/#\/schema\/person\/67986a95ac546c16760365877ef4a9d3","name":"darka mazi","sameAs":["https:\/\/darkamazi.site"],"url":"https:\/\/darkamazi.site\/archives\/author\/turkish"}]}},"_links":{"self":[{"href":"https:\/\/darkamazi.site\/funavuv\/wp\/v2\/posts\/1018417","targetHints":{"allow":["GET"]}}],"collection":[{"href":"https:\/\/darkamazi.site\/funavuv\/wp\/v2\/posts"}],"about":[{"href":"https:\/\/darkamazi.site\/funavuv\/wp\/v2\/types\/post"}],"author":[{"embeddable":true,"href":"https:\/\/darkamazi.site\/funavuv\/wp\/v2\/users\/2"}],"replies":[{"embeddable":true,"href":"https:\/\/darkamazi.site\/funavuv\/wp\/v2\/comments?post=1018417"}],"version-history":[{"count":0,"href":"https:\/\/darkamazi.site\/funavuv\/wp\/v2\/posts\/1018417\/revisions"}],"wp:featuredmedia":[{"embeddable":true,"href":"https:\/\/darkamazi.site\/funavuv\/wp\/v2\/media\/1018419"}],"wp:attachment":[{"href":"https:\/\/darkamazi.site\/funavuv\/wp\/v2\/media?parent=1018417"}],"wp:term":[{"taxonomy":"category","embeddable":true,"href":"https:\/\/darkamazi.site\/funavuv\/wp\/v2\/categories?post=1018417"},{"taxonomy":"post_tag","embeddable":true,"href":"https:\/\/darkamazi.site\/funavuv\/wp\/v2\/tags?post=1018417"}],"curies":[{"name":"wp","href":"https:\/\/api.w.org\/{rel}","templated":true}]}}