{"id":1018465,"date":"2022-03-01T19:33:19","date_gmt":"2022-03-01T16:33:19","guid":{"rendered":"https:\/\/darkamazi.site\/?p=1018465"},"modified":"2022-03-01T19:33:19","modified_gmt":"2022-03-01T16:33:19","slug":"turkiyeye-bagli-ceteler-efrinde-5-sivili-kacirdi-2","status":"publish","type":"post","link":"https:\/\/darkamazi.site\/archives\/1018465","title":{"rendered":"T\u00fcrkiye&#8217;ye ba\u011fl\u0131 \u00e7eteler Efrin&#8217;de 5 sivili ka\u00e7\u0131rd\u0131"},"content":{"rendered":"<p style=\"text-align: justify\">T\u00fcrkiye destekli \u00e7eteler Efrin\u2019de 5 K\u00fcrt sivili ka\u00e7\u0131rd\u0131\u011f\u0131 bildirildi.<\/p>\n<p style=\"text-align: justify\">Efrin \u0130nsan Haklar\u0131 \u00d6rg\u00fct\u00fc, Feyleq el \u015eam grubunun 21 ve 23 \u015eubat tarihleri aras\u0131nda Efrin\u2019imn \u015eerawa il\u00e7esine ba\u011fl\u0131 \u00ceska k\u00f6y\u00fcnde 5 sivili ka\u00e7\u0131rd\u0131.<\/p>\n<p style=\"text-align: justify\">Yap\u0131lan a\u00e7\u0131klamaya g\u00f6re ka\u00e7\u0131r\u0131lan sivillerin kimlik bilgileri \u015f\u00f6yle: \u015eiyar Ehmed \u015e\u00eaxo Mistefa, F\u00eeras Mistefa K\u00eafo, Rod\u00ee Rifet K\u00eafo, Hem\u00eede Mihemed Mistefa ve Wa\u00eal Y\u00fbsif Tirk.<\/p>\n<p style=\"text-align: justify\">Efrin \u0130nsan Haklar\u0131 \u00d6rg\u00fct\u00fc, Feyleq el \u015eam grubunun ge\u00e7ti\u011fimiz aylarda yine ayn\u0131 k\u00f6yde 13 ki\u015fiyi ka\u00e7\u0131rd\u0131\u011f\u0131 ka\u00e7\u0131ralanlardan 9\u2019unun ak\u0131betinin bilinmedi\u011fini kaydetti.<\/p>\n<p style=\"text-align: justify\">Haklar\u0131nda herhangi bir haber al\u0131namayan K\u00fcrtlerin isimleri \u015f\u00f6yle: Ehmed Y\u00fbsif Hus\u00ean, Sil\u00eaman Zek\u00ee Mistefa, N\u00eedal Mihemed Nor K\u00eafo, De\u015ft\u00ee Ez\u00eez Bir\u00eemo, Ismet Hesen Bir\u00eemo, Eymen Mihemed El\u00ee K\u00eafo, Omer ve Ziyad Hemo Cemlo.<\/p>\n","protected":false},"excerpt":{"rendered":"<p>T\u00fcrkiye destekli \u00e7eteler Efrin\u2019de 5 K\u00fcrt sivili ka\u00e7\u0131rd\u0131\u011f\u0131 bildirildi. Efrin \u0130nsan Haklar\u0131 \u00d6rg\u00fct\u00fc, Feyleq el \u015eam grubunun 21 ve 23 \u015eubat tarihleri aras\u0131nda Efrin\u2019imn \u015eerawa il\u00e7esine ba\u011fl\u0131 \u00ceska k\u00f6y\u00fcnde 5 sivili ka\u00e7\u0131rd\u0131. Yap\u0131lan a\u00e7\u0131klamaya g\u00f6re ka\u00e7\u0131r\u0131lan sivillerin kimlik bilgileri \u015f\u00f6yle: \u015eiyar Ehmed \u015e\u00eaxo Mistefa, F\u00eeras Mistefa K\u00eafo, Rod\u00ee Rifet K\u00eafo, Hem\u00eede Mihemed Mistefa ve Wa\u00eal [&hellip;]<\/p>\n","protected":false},"author":2,"featured_media":1018466,"comment_status":"closed","ping_status":"closed","sticky":false,"template":"","format":"standard","meta":{"footnotes":""},"categories":[3],"tags":[31],"class_list":["post-1018465","post","type-post","status-publish","format-standard","has-post-thumbnail","hentry","category-kurdistan","tag-onemli"],"blocksy_meta":[],"seo_head":"<!-- This site is optimized with the Yoast SEO plugin v27.5 - https:\/\/yoast.com\/product\/yoast-seo-wordpress\/ -->\n<title>T\u00fcrkiye&#039;ye ba\u011fl\u0131 \u00e7eteler Efrin&#039;de 5 sivili ka\u00e7\u0131rd\u0131 - Darka Mazi<\/title>\n<meta name=\"robots\" content=\"index, follow, max-snippet:-1, max-image-preview:large, max-video-preview:-1\" \/>\n<link rel=\"canonical\" href=\"https:\/\/darkamazi.site\/archives\/1018465\" \/>\n<meta property=\"og:locale\" content=\"en_US\" \/>\n<meta property=\"og:type\" content=\"article\" \/>\n<meta property=\"og:title\" content=\"T\u00fcrkiye&#039;ye ba\u011fl\u0131 \u00e7eteler Efrin&#039;de 5 sivili ka\u00e7\u0131rd\u0131 - Darka Mazi\" \/>\n<meta property=\"og:description\" content=\"T\u00fcrkiye destekli \u00e7eteler Efrin\u2019de 5 K\u00fcrt sivili ka\u00e7\u0131rd\u0131\u011f\u0131 bildirildi. Efrin \u0130nsan Haklar\u0131 \u00d6rg\u00fct\u00fc, Feyleq el \u015eam grubunun 21 ve 23 \u015eubat tarihleri aras\u0131nda Efrin\u2019imn \u015eerawa il\u00e7esine ba\u011fl\u0131 \u00ceska k\u00f6y\u00fcnde 5 sivili ka\u00e7\u0131rd\u0131. Yap\u0131lan a\u00e7\u0131klamaya g\u00f6re ka\u00e7\u0131r\u0131lan sivillerin kimlik bilgileri \u015f\u00f6yle: \u015eiyar Ehmed \u015e\u00eaxo Mistefa, F\u00eeras Mistefa K\u00eafo, Rod\u00ee Rifet K\u00eafo, Hem\u00eede Mihemed Mistefa ve Wa\u00eal [&hellip;]\" \/>\n<meta property=\"og:url\" content=\"https:\/\/darkamazi.site\/archives\/1018465\" \/>\n<meta property=\"og:site_name\" content=\"Darka Mazi\" \/>\n<meta property=\"article:publisher\" content=\"https:\/\/www.facebook.com\/DarkaMaziturkce\" \/>\n<meta property=\"article:published_time\" content=\"2022-03-01T16:33:19+00:00\" \/>\n<meta property=\"og:image\" content=\"https:\/\/darkamazi.site\/file\/2022\/03\/efrin.jpg\" \/>\n\t<meta property=\"og:image:width\" content=\"1536\" \/>\n\t<meta property=\"og:image:height\" content=\"922\" \/>\n\t<meta property=\"og:image:type\" content=\"image\/jpeg\" \/>\n<meta name=\"author\" content=\"darka mazi\" \/>\n<meta name=\"twitter:card\" content=\"summary_large_image\" \/>\n<meta name=\"twitter:creator\" content=\"@DarkaMaziTurkce\" \/>\n<meta name=\"twitter:site\" content=\"@DarkaMaziTurkce\" \/>\n<meta name=\"twitter:label1\" content=\"Written by\" \/>\n\t<meta name=\"twitter:data1\" content=\"darka mazi\" \/>\n\t<meta name=\"twitter:label2\" content=\"Est. reading time\" \/>\n\t<meta name=\"twitter:data2\" content=\"1 minute\" \/>\n<script type=\"application\/ld+json\" class=\"seo-schema-graph\">{\"@context\":\"https:\\\/\\\/schema.org\",\"@graph\":[{\"@type\":\"NewsArticle\",\"@id\":\"https:\\\/\\\/darkamazi.site\\\/archives\\\/1018465#article\",\"isPartOf\":{\"@id\":\"https:\\\/\\\/darkamazi.site\\\/archives\\\/1018465\"},\"author\":{\"name\":\"darka mazi\",\"@id\":\"https:\\\/\\\/darkamazi.site\\\/#\\\/schema\\\/person\\\/67986a95ac546c16760365877ef4a9d3\"},\"headline\":\"T\u00fcrkiye&#8217;ye ba\u011fl\u0131 \u00e7eteler Efrin&#8217;de 5 sivili ka\u00e7\u0131rd\u0131\",\"datePublished\":\"2022-03-01T16:33:19+00:00\",\"mainEntityOfPage\":{\"@id\":\"https:\\\/\\\/darkamazi.site\\\/archives\\\/1018465\"},\"wordCount\":162,\"publisher\":{\"@id\":\"https:\\\/\\\/darkamazi.site\\\/#organization\"},\"image\":{\"@id\":\"https:\\\/\\\/darkamazi.site\\\/archives\\\/1018465#primaryimage\"},\"thumbnailUrl\":\"https:\\\/\\\/darkamazi.site\\\/darka-content\\\/uploads\\\/2022\\\/03\\\/efrin.jpg\",\"keywords\":[\"\u00f6nemli\"],\"articleSection\":[\"Kurdistan\"],\"inLanguage\":\"en-US\"},{\"@type\":\"WebPage\",\"@id\":\"https:\\\/\\\/darkamazi.site\\\/archives\\\/1018465\",\"url\":\"https:\\\/\\\/darkamazi.site\\\/archives\\\/1018465\",\"name\":\"T\u00fcrkiye'ye ba\u011fl\u0131 \u00e7eteler Efrin'de 5 sivili ka\u00e7\u0131rd\u0131 - Darka Mazi\",\"isPartOf\":{\"@id\":\"https:\\\/\\\/darkamazi.site\\\/#website\"},\"primaryImageOfPage\":{\"@id\":\"https:\\\/\\\/darkamazi.site\\\/archives\\\/1018465#primaryimage\"},\"image\":{\"@id\":\"https:\\\/\\\/darkamazi.site\\\/archives\\\/1018465#primaryimage\"},\"thumbnailUrl\":\"https:\\\/\\\/darkamazi.site\\\/darka-content\\\/uploads\\\/2022\\\/03\\\/efrin.jpg\",\"datePublished\":\"2022-03-01T16:33:19+00:00\",\"breadcrumb\":{\"@id\":\"https:\\\/\\\/darkamazi.site\\\/archives\\\/1018465#breadcrumb\"},\"inLanguage\":\"en-US\",\"potentialAction\":[{\"@type\":\"ReadAction\",\"target\":[\"https:\\\/\\\/darkamazi.site\\\/archives\\\/1018465\"]}]},{\"@type\":\"ImageObject\",\"inLanguage\":\"en-US\",\"@id\":\"https:\\\/\\\/darkamazi.site\\\/archives\\\/1018465#primaryimage\",\"url\":\"https:\\\/\\\/darkamazi.site\\\/darka-content\\\/uploads\\\/2022\\\/03\\\/efrin.jpg\",\"contentUrl\":\"https:\\\/\\\/darkamazi.site\\\/darka-content\\\/uploads\\\/2022\\\/03\\\/efrin.jpg\",\"width\":1536,\"height\":922,\"caption\":\"T\u00fcrkiye'ye ba\u011fl\u0131 \u00e7eteler Efrin'de 5 sivili ka\u00e7\u0131rd\u0131\"},{\"@type\":\"BreadcrumbList\",\"@id\":\"https:\\\/\\\/darkamazi.site\\\/archives\\\/1018465#breadcrumb\",\"itemListElement\":[{\"@type\":\"ListItem\",\"position\":1,\"name\":\"Home\",\"item\":\"https:\\\/\\\/darkamazi.site\\\/\"},{\"@type\":\"ListItem\",\"position\":2,\"name\":\"T\u00fcrkiye&#8217;ye ba\u011fl\u0131 \u00e7eteler Efrin&#8217;de 5 sivili ka\u00e7\u0131rd\u0131\"}]},{\"@type\":\"WebSite\",\"@id\":\"https:\\\/\\\/darkamazi.site\\\/#website\",\"url\":\"https:\\\/\\\/darkamazi.site\\\/\",\"name\":\"Darka Mazi\",\"description\":\"Ana Sayfa\",\"publisher\":{\"@id\":\"https:\\\/\\\/darkamazi.site\\\/#organization\"},\"potentialAction\":[{\"@type\":\"SearchAction\",\"target\":{\"@type\":\"EntryPoint\",\"urlTemplate\":\"https:\\\/\\\/darkamazi.site\\\/?s={search_term_string}\"},\"query-input\":{\"@type\":\"PropertyValueSpecification\",\"valueRequired\":true,\"valueName\":\"search_term_string\"}}],\"inLanguage\":\"en-US\"},{\"@type\":\"Organization\",\"@id\":\"https:\\\/\\\/darkamazi.site\\\/#organization\",\"name\":\"Darka Mazi T\u00fcrk\u00e7e\",\"alternateName\":\"Darka Mazi\",\"url\":\"https:\\\/\\\/darkamazi.site\\\/\",\"logo\":{\"@type\":\"ImageObject\",\"inLanguage\":\"en-US\",\"@id\":\"https:\\\/\\\/darkamazi.site\\\/#\\\/schema\\\/logo\\\/image\\\/\",\"url\":\"https:\\\/\\\/darkamazi.site\\\/darka-content\\\/uploads\\\/2017\\\/12\\\/darka-mazi-logo.png\",\"contentUrl\":\"https:\\\/\\\/darkamazi.site\\\/darka-content\\\/uploads\\\/2017\\\/12\\\/darka-mazi-logo.png\",\"width\":151,\"height\":75,\"caption\":\"Darka Mazi T\u00fcrk\u00e7e\"},\"image\":{\"@id\":\"https:\\\/\\\/darkamazi.site\\\/#\\\/schema\\\/logo\\\/image\\\/\"},\"sameAs\":[\"https:\\\/\\\/www.facebook.com\\\/DarkaMaziturkce\",\"https:\\\/\\\/x.com\\\/DarkaMaziTurkce\"]},{\"@type\":\"Person\",\"@id\":\"https:\\\/\\\/darkamazi.site\\\/#\\\/schema\\\/person\\\/67986a95ac546c16760365877ef4a9d3\",\"name\":\"darka mazi\",\"sameAs\":[\"https:\\\/\\\/darkamazi.site\"],\"url\":\"https:\\\/\\\/darkamazi.site\\\/archives\\\/author\\\/turkish\"}]}<\/script>\n<!-- \/ Yoast SEO plugin. -->","seo_head_json":{"title":"T\u00fcrkiye'ye ba\u011fl\u0131 \u00e7eteler Efrin'de 5 sivili ka\u00e7\u0131rd\u0131 - Darka Mazi","robots":{"index":"index","follow":"follow","max-snippet":"max-snippet:-1","max-image-preview":"max-image-preview:large","max-video-preview":"max-video-preview:-1"},"canonical":"https:\/\/darkamazi.site\/archives\/1018465","og_locale":"en_US","og_type":"article","og_title":"T\u00fcrkiye'ye ba\u011fl\u0131 \u00e7eteler Efrin'de 5 sivili ka\u00e7\u0131rd\u0131 - Darka Mazi","og_description":"T\u00fcrkiye destekli \u00e7eteler Efrin\u2019de 5 K\u00fcrt sivili ka\u00e7\u0131rd\u0131\u011f\u0131 bildirildi. Efrin \u0130nsan Haklar\u0131 \u00d6rg\u00fct\u00fc, Feyleq el \u015eam grubunun 21 ve 23 \u015eubat tarihleri aras\u0131nda Efrin\u2019imn \u015eerawa il\u00e7esine ba\u011fl\u0131 \u00ceska k\u00f6y\u00fcnde 5 sivili ka\u00e7\u0131rd\u0131. Yap\u0131lan a\u00e7\u0131klamaya g\u00f6re ka\u00e7\u0131r\u0131lan sivillerin kimlik bilgileri \u015f\u00f6yle: \u015eiyar Ehmed \u015e\u00eaxo Mistefa, F\u00eeras Mistefa K\u00eafo, Rod\u00ee Rifet K\u00eafo, Hem\u00eede Mihemed Mistefa ve Wa\u00eal [&hellip;]","og_url":"https:\/\/darkamazi.site\/archives\/1018465","og_site_name":"Darka Mazi","article_publisher":"https:\/\/www.facebook.com\/DarkaMaziturkce","article_published_time":"2022-03-01T16:33:19+00:00","og_image":[{"width":1536,"height":922,"url":"https:\/\/darkamazi.site\/file\/2022\/03\/efrin.jpg","type":"image\/jpeg"}],"author":"darka mazi","twitter_card":"summary_large_image","twitter_creator":"@DarkaMaziTurkce","twitter_site":"@DarkaMaziTurkce","twitter_misc":{"Written by":"darka mazi","Est. reading time":"1 minute"},"schema":{"@context":"https:\/\/schema.org","@graph":[{"@type":"NewsArticle","@id":"https:\/\/darkamazi.site\/archives\/1018465#article","isPartOf":{"@id":"https:\/\/darkamazi.site\/archives\/1018465"},"author":{"name":"darka mazi","@id":"https:\/\/darkamazi.site\/#\/schema\/person\/67986a95ac546c16760365877ef4a9d3"},"headline":"T\u00fcrkiye&#8217;ye ba\u011fl\u0131 \u00e7eteler Efrin&#8217;de 5 sivili ka\u00e7\u0131rd\u0131","datePublished":"2022-03-01T16:33:19+00:00","mainEntityOfPage":{"@id":"https:\/\/darkamazi.site\/archives\/1018465"},"wordCount":162,"publisher":{"@id":"https:\/\/darkamazi.site\/#organization"},"image":{"@id":"https:\/\/darkamazi.site\/archives\/1018465#primaryimage"},"thumbnailUrl":"https:\/\/darkamazi.site\/file\/2022\/03\/efrin.jpg","keywords":["\u00f6nemli"],"articleSection":["Kurdistan"],"inLanguage":"en-US"},{"@type":"WebPage","@id":"https:\/\/darkamazi.site\/archives\/1018465","url":"https:\/\/darkamazi.site\/archives\/1018465","name":"T\u00fcrkiye'ye ba\u011fl\u0131 \u00e7eteler Efrin'de 5 sivili ka\u00e7\u0131rd\u0131 - Darka Mazi","isPartOf":{"@id":"https:\/\/darkamazi.site\/#website"},"primaryImageOfPage":{"@id":"https:\/\/darkamazi.site\/archives\/1018465#primaryimage"},"image":{"@id":"https:\/\/darkamazi.site\/archives\/1018465#primaryimage"},"thumbnailUrl":"https:\/\/darkamazi.site\/file\/2022\/03\/efrin.jpg","datePublished":"2022-03-01T16:33:19+00:00","breadcrumb":{"@id":"https:\/\/darkamazi.site\/archives\/1018465#breadcrumb"},"inLanguage":"en-US","potentialAction":[{"@type":"ReadAction","target":["https:\/\/darkamazi.site\/archives\/1018465"]}]},{"@type":"ImageObject","inLanguage":"en-US","@id":"https:\/\/darkamazi.site\/archives\/1018465#primaryimage","url":"https:\/\/darkamazi.site\/file\/2022\/03\/efrin.jpg","contentUrl":"https:\/\/darkamazi.site\/file\/2022\/03\/efrin.jpg","width":1536,"height":922,"caption":"T\u00fcrkiye'ye ba\u011fl\u0131 \u00e7eteler Efrin'de 5 sivili ka\u00e7\u0131rd\u0131"},{"@type":"BreadcrumbList","@id":"https:\/\/darkamazi.site\/archives\/1018465#breadcrumb","itemListElement":[{"@type":"ListItem","position":1,"name":"Home","item":"https:\/\/darkamazi.site\/"},{"@type":"ListItem","position":2,"name":"T\u00fcrkiye&#8217;ye ba\u011fl\u0131 \u00e7eteler Efrin&#8217;de 5 sivili ka\u00e7\u0131rd\u0131"}]},{"@type":"WebSite","@id":"https:\/\/darkamazi.site\/#website","url":"https:\/\/darkamazi.site\/","name":"Darka Mazi","description":"Ana Sayfa","publisher":{"@id":"https:\/\/darkamazi.site\/#organization"},"potentialAction":[{"@type":"SearchAction","target":{"@type":"EntryPoint","urlTemplate":"https:\/\/darkamazi.site\/?s={search_term_string}"},"query-input":{"@type":"PropertyValueSpecification","valueRequired":true,"valueName":"search_term_string"}}],"inLanguage":"en-US"},{"@type":"Organization","@id":"https:\/\/darkamazi.site\/#organization","name":"Darka Mazi T\u00fcrk\u00e7e","alternateName":"Darka Mazi","url":"https:\/\/darkamazi.site\/","logo":{"@type":"ImageObject","inLanguage":"en-US","@id":"https:\/\/darkamazi.site\/#\/schema\/logo\/image\/","url":"https:\/\/darkamazi.site\/file\/2017\/12\/darka-mazi-logo.png","contentUrl":"https:\/\/darkamazi.site\/file\/2017\/12\/darka-mazi-logo.png","width":151,"height":75,"caption":"Darka Mazi T\u00fcrk\u00e7e"},"image":{"@id":"https:\/\/darkamazi.site\/#\/schema\/logo\/image\/"},"sameAs":["https:\/\/www.facebook.com\/DarkaMaziturkce","https:\/\/x.com\/DarkaMaziTurkce"]},{"@type":"Person","@id":"https:\/\/darkamazi.site\/#\/schema\/person\/67986a95ac546c16760365877ef4a9d3","name":"darka mazi","sameAs":["https:\/\/darkamazi.site"],"url":"https:\/\/darkamazi.site\/archives\/author\/turkish"}]}},"_links":{"self":[{"href":"https:\/\/darkamazi.site\/funavuv\/wp\/v2\/posts\/1018465","targetHints":{"allow":["GET"]}}],"collection":[{"href":"https:\/\/darkamazi.site\/funavuv\/wp\/v2\/posts"}],"about":[{"href":"https:\/\/darkamazi.site\/funavuv\/wp\/v2\/types\/post"}],"author":[{"embeddable":true,"href":"https:\/\/darkamazi.site\/funavuv\/wp\/v2\/users\/2"}],"replies":[{"embeddable":true,"href":"https:\/\/darkamazi.site\/funavuv\/wp\/v2\/comments?post=1018465"}],"version-history":[{"count":0,"href":"https:\/\/darkamazi.site\/funavuv\/wp\/v2\/posts\/1018465\/revisions"}],"wp:featuredmedia":[{"embeddable":true,"href":"https:\/\/darkamazi.site\/funavuv\/wp\/v2\/media\/1018466"}],"wp:attachment":[{"href":"https:\/\/darkamazi.site\/funavuv\/wp\/v2\/media?parent=1018465"}],"wp:term":[{"taxonomy":"category","embeddable":true,"href":"https:\/\/darkamazi.site\/funavuv\/wp\/v2\/categories?post=1018465"},{"taxonomy":"post_tag","embeddable":true,"href":"https:\/\/darkamazi.site\/funavuv\/wp\/v2\/tags?post=1018465"}],"curies":[{"name":"wp","href":"https:\/\/api.w.org\/{rel}","templated":true}]}}