{"id":1018524,"date":"2022-03-05T13:02:26","date_gmt":"2022-03-05T10:02:26","guid":{"rendered":"https:\/\/darkamazi.site\/?p=1018524"},"modified":"2022-03-05T13:02:26","modified_gmt":"2022-03-05T10:02:26","slug":"bu-gun-kurt-halkinin-20-yuzyildaki-kazanimlarinin-kivilcimi-raperinin-31inci-yil-donumu","status":"publish","type":"post","link":"https:\/\/darkamazi.site\/archives\/1018524","title":{"rendered":"Bu g\u00fcn K\u00fcrt halk\u0131n\u0131n 20. Y\u00fczy\u0131l&#8217;daki kazan\u0131mlar\u0131n\u0131n k\u0131v\u0131lc\u0131m\u0131 Raperin&#8217;in 31&#8217;inci y\u0131l d\u00f6n\u00fcm\u00fc"},"content":{"rendered":"<p style=\"text-align: justify\">Bug\u00fcn G\u00fcney K\u00fcrdistan\u00a0halk\u0131n\u0131n Saddam rejimine kar\u015f\u0131 ba\u015flatt\u0131\u011f\u0131 \u2018Raper\u00een\u2019inin (ayaklanma) y\u0131ld\u00f6n\u00fcm\u00fc. K\u00fcrdistan halk\u0131, 1991 Mart\u2019\u0131nda Baas rejiminin zulm\u00fcne kar\u015f\u0131 ba\u015fkald\u0131rm\u0131\u015f, K\u00fcrdistan B\u00f6lgesi\u2019nin bug\u00fcnk\u00fc stat\u00fcs\u00fcn\u00fcn kazan\u0131mlar\u0131 o d\u00f6nemde ki Raper\u00een sayesinde elde edilmi\u015fti.<\/p>\n<p style=\"text-align: justify\">5 Mart 1991\u2019de K\u00fcrdistan halk\u0131, Baas rejimine kar\u015f\u0131 ayakland\u0131 ve ayaklanman\u0131n ilk g\u00fcn\u00fcnde Ranye, Qeladize\u2019yi kurtard\u0131. Daha sonra buraya \u201cRaperin\u2019in Kap\u0131s\u0131\u201d denildi.<\/p>\n<p style=\"text-align: justify\">Pi\u015fder ve Bitwen b\u00f6lgelerinin kurtar\u0131lmas\u0131n\u0131n ard\u0131ndan halk, Pe\u015fmerge m\u00fcfrezelerinin deste\u011fiyle ayaklanarak, herg\u00fcn yeni yerlerde kurtulu\u015fu sa\u011flad\u0131.<\/p>\n<p style=\"text-align: justify\">Pe\u015fmerge\u2019nin deste\u011fiyle halk\u0131n Baas rejimi zulm\u00fcne kar\u015f\u0131 ba\u015flatt\u0131\u011f\u0131 ayaklanma neticesinde halk\u0131n ve siyasi g\u00fc\u00e7lerin birli\u011fi sa\u011fland\u0131. Bu sayede k\u0131sa bir zaman diliminde G\u00fcney K\u00fcrdistan topraklar\u0131n\u0131n b\u00fcy\u00fck b\u00f6l\u00fcm\u00fc kurtar\u0131larak, i\u015fgale son verildi.<\/p>\n<p style=\"text-align: justify\">Raperin\u2019den bir y\u0131l sonra K\u00fcrdistan siyasi liderli\u011fi, y\u00f6netimde demokrasi sistemini uygulmaya ba\u015flad\u0131.19 May\u0131s 1992\u2019de, ilk kez parlamento se\u00e7imleri yap\u0131ld\u0131. B\u00fct\u00fcn sorunlara ve ya\u015fanan olumsuzluklar kar\u015f\u0131s\u0131nda bu geli\u015fme, G\u00fcney K\u00fcrdistan\u2019da K\u00fcrtler ad\u0131na \u00f6nemli bir kazan\u0131m olarak tarihe ge\u00e7ti. \u00c7\u00fcnk\u00fc tarih boyunca K\u00fcrtler ilk kez kendi parlamento ve h\u00fck\u00fcmetlerini kurmay\u0131 ba\u015farm\u0131\u015ft\u0131.<\/p>\n<p style=\"text-align: justify\">K\u00fcrdistan\u2019\u0131n kendi kendini y\u00f6netebilmesi ve farkl\u0131 alanlarda projelerin hayata ge\u00e7irilmesi haricinde, K\u00fcrt liderli\u011fi, uluslararas\u0131 diplomaside de ili\u015fkilerini geli\u015ftirmeyi, K\u00fcrtlerin haklar\u0131n\u0131 d\u00fcnya siyaset merkezlerine duyurmay\u0131 ba\u015fard\u0131.<\/p>\n<p style=\"text-align: justify\">B\u00fcy\u00fck ayaklanman\u0131n 31\u2019inci y\u0131ld\u00f6n\u00fcm\u00fcnde K\u00fcrdistan\u2019da yeni h\u00fck\u00fcmetin kurulmas\u0131 \u00e7al\u0131\u015fmalar\u0131 s\u00fcr\u00fcyor. K\u00fcrdistan, Irak\u2019\u0131n di\u011fer b\u00f6lgelerinde g\u00f6re gerek siyasi gerekse de ekonomik anlamda istikrar\u0131yla dikkat \u00e7ekiyor.<\/p>\n<p style=\"text-align: justify\">Bug\u00fcn, bir\u00e7ok b\u00f6lgede, ayaklanman\u0131n y\u0131ld\u00f6n\u00fcm\u00fc dolay\u0131s\u0131yla etkinliklerin d\u00fczenlenmesi bekleniyor.<\/p>\n","protected":false},"excerpt":{"rendered":"<p>Bug\u00fcn G\u00fcney K\u00fcrdistan\u00a0halk\u0131n\u0131n Saddam rejimine kar\u015f\u0131 ba\u015flatt\u0131\u011f\u0131 \u2018Raper\u00een\u2019inin (ayaklanma) y\u0131ld\u00f6n\u00fcm\u00fc. K\u00fcrdistan halk\u0131, 1991 Mart\u2019\u0131nda Baas rejiminin zulm\u00fcne kar\u015f\u0131 ba\u015fkald\u0131rm\u0131\u015f, K\u00fcrdistan B\u00f6lgesi\u2019nin bug\u00fcnk\u00fc stat\u00fcs\u00fcn\u00fcn kazan\u0131mlar\u0131 o d\u00f6nemde ki Raper\u00een sayesinde elde edilmi\u015fti. 5 Mart 1991\u2019de K\u00fcrdistan halk\u0131, Baas rejimine kar\u015f\u0131 ayakland\u0131 ve ayaklanman\u0131n ilk g\u00fcn\u00fcnde Ranye, Qeladize\u2019yi kurtard\u0131. Daha sonra buraya \u201cRaperin\u2019in Kap\u0131s\u0131\u201d denildi. Pi\u015fder ve [&hellip;]<\/p>\n","protected":false},"author":2,"featured_media":1018525,"comment_status":"closed","ping_status":"closed","sticky":false,"template":"","format":"standard","meta":{"footnotes":""},"categories":[3],"tags":[31],"class_list":["post-1018524","post","type-post","status-publish","format-standard","has-post-thumbnail","hentry","category-kurdistan","tag-onemli"],"blocksy_meta":[],"seo_head":"<!-- This site is optimized with the Yoast SEO plugin v27.5 - https:\/\/yoast.com\/product\/yoast-seo-wordpress\/ -->\n<title>Bu g\u00fcn K\u00fcrt halk\u0131n\u0131n 20. Y\u00fczy\u0131l&#039;daki kazan\u0131mlar\u0131n\u0131n k\u0131v\u0131lc\u0131m\u0131 Raperin&#039;in 31&#039;inci y\u0131l d\u00f6n\u00fcm\u00fc - Darka Mazi<\/title>\n<meta name=\"robots\" content=\"index, follow, max-snippet:-1, max-image-preview:large, max-video-preview:-1\" \/>\n<link rel=\"canonical\" href=\"https:\/\/darkamazi.site\/archives\/1018524\" \/>\n<meta property=\"og:locale\" content=\"en_US\" \/>\n<meta property=\"og:type\" content=\"article\" \/>\n<meta property=\"og:title\" content=\"Bu g\u00fcn K\u00fcrt halk\u0131n\u0131n 20. Y\u00fczy\u0131l&#039;daki kazan\u0131mlar\u0131n\u0131n k\u0131v\u0131lc\u0131m\u0131 Raperin&#039;in 31&#039;inci y\u0131l d\u00f6n\u00fcm\u00fc - Darka Mazi\" \/>\n<meta property=\"og:description\" content=\"Bug\u00fcn G\u00fcney K\u00fcrdistan\u00a0halk\u0131n\u0131n Saddam rejimine kar\u015f\u0131 ba\u015flatt\u0131\u011f\u0131 \u2018Raper\u00een\u2019inin (ayaklanma) y\u0131ld\u00f6n\u00fcm\u00fc. K\u00fcrdistan halk\u0131, 1991 Mart\u2019\u0131nda Baas rejiminin zulm\u00fcne kar\u015f\u0131 ba\u015fkald\u0131rm\u0131\u015f, K\u00fcrdistan B\u00f6lgesi\u2019nin bug\u00fcnk\u00fc stat\u00fcs\u00fcn\u00fcn kazan\u0131mlar\u0131 o d\u00f6nemde ki Raper\u00een sayesinde elde edilmi\u015fti. 5 Mart 1991\u2019de K\u00fcrdistan halk\u0131, Baas rejimine kar\u015f\u0131 ayakland\u0131 ve ayaklanman\u0131n ilk g\u00fcn\u00fcnde Ranye, Qeladize\u2019yi kurtard\u0131. Daha sonra buraya \u201cRaperin\u2019in Kap\u0131s\u0131\u201d denildi. Pi\u015fder ve [&hellip;]\" \/>\n<meta property=\"og:url\" content=\"https:\/\/darkamazi.site\/archives\/1018524\" \/>\n<meta property=\"og:site_name\" content=\"Darka Mazi\" \/>\n<meta property=\"article:publisher\" content=\"https:\/\/www.facebook.com\/DarkaMaziturkce\" \/>\n<meta property=\"article:published_time\" content=\"2022-03-05T10:02:26+00:00\" \/>\n<meta property=\"og:image\" content=\"https:\/\/darkamazi.site\/file\/2022\/03\/FNE5VF7XwAQG40X-1.jpg\" \/>\n\t<meta property=\"og:image:width\" content=\"900\" \/>\n\t<meta property=\"og:image:height\" content=\"497\" \/>\n\t<meta property=\"og:image:type\" content=\"image\/jpeg\" \/>\n<meta name=\"author\" content=\"darka mazi\" \/>\n<meta name=\"twitter:card\" content=\"summary_large_image\" \/>\n<meta name=\"twitter:creator\" content=\"@DarkaMaziTurkce\" \/>\n<meta name=\"twitter:site\" content=\"@DarkaMaziTurkce\" \/>\n<meta name=\"twitter:label1\" content=\"Written by\" \/>\n\t<meta name=\"twitter:data1\" content=\"darka mazi\" \/>\n\t<meta name=\"twitter:label2\" content=\"Est. reading time\" \/>\n\t<meta name=\"twitter:data2\" content=\"1 minute\" \/>\n<script type=\"application\/ld+json\" class=\"seo-schema-graph\">{\"@context\":\"https:\\\/\\\/schema.org\",\"@graph\":[{\"@type\":\"NewsArticle\",\"@id\":\"https:\\\/\\\/darkamazi.site\\\/archives\\\/1018524#article\",\"isPartOf\":{\"@id\":\"https:\\\/\\\/darkamazi.site\\\/archives\\\/1018524\"},\"author\":{\"name\":\"darka mazi\",\"@id\":\"https:\\\/\\\/darkamazi.site\\\/#\\\/schema\\\/person\\\/67986a95ac546c16760365877ef4a9d3\"},\"headline\":\"Bu g\u00fcn K\u00fcrt halk\u0131n\u0131n 20. Y\u00fczy\u0131l&#8217;daki kazan\u0131mlar\u0131n\u0131n k\u0131v\u0131lc\u0131m\u0131 Raperin&#8217;in 31&#8217;inci y\u0131l d\u00f6n\u00fcm\u00fc\",\"datePublished\":\"2022-03-05T10:02:26+00:00\",\"mainEntityOfPage\":{\"@id\":\"https:\\\/\\\/darkamazi.site\\\/archives\\\/1018524\"},\"wordCount\":370,\"publisher\":{\"@id\":\"https:\\\/\\\/darkamazi.site\\\/#organization\"},\"image\":{\"@id\":\"https:\\\/\\\/darkamazi.site\\\/archives\\\/1018524#primaryimage\"},\"thumbnailUrl\":\"https:\\\/\\\/darkamazi.site\\\/darka-content\\\/uploads\\\/2022\\\/03\\\/FNE5VF7XwAQG40X-1.jpg\",\"keywords\":[\"\u00f6nemli\"],\"articleSection\":[\"Kurdistan\"],\"inLanguage\":\"en-US\"},{\"@type\":\"WebPage\",\"@id\":\"https:\\\/\\\/darkamazi.site\\\/archives\\\/1018524\",\"url\":\"https:\\\/\\\/darkamazi.site\\\/archives\\\/1018524\",\"name\":\"Bu g\u00fcn K\u00fcrt halk\u0131n\u0131n 20. Y\u00fczy\u0131l'daki kazan\u0131mlar\u0131n\u0131n k\u0131v\u0131lc\u0131m\u0131 Raperin'in 31'inci y\u0131l d\u00f6n\u00fcm\u00fc - Darka Mazi\",\"isPartOf\":{\"@id\":\"https:\\\/\\\/darkamazi.site\\\/#website\"},\"primaryImageOfPage\":{\"@id\":\"https:\\\/\\\/darkamazi.site\\\/archives\\\/1018524#primaryimage\"},\"image\":{\"@id\":\"https:\\\/\\\/darkamazi.site\\\/archives\\\/1018524#primaryimage\"},\"thumbnailUrl\":\"https:\\\/\\\/darkamazi.site\\\/darka-content\\\/uploads\\\/2022\\\/03\\\/FNE5VF7XwAQG40X-1.jpg\",\"datePublished\":\"2022-03-05T10:02:26+00:00\",\"breadcrumb\":{\"@id\":\"https:\\\/\\\/darkamazi.site\\\/archives\\\/1018524#breadcrumb\"},\"inLanguage\":\"en-US\",\"potentialAction\":[{\"@type\":\"ReadAction\",\"target\":[\"https:\\\/\\\/darkamazi.site\\\/archives\\\/1018524\"]}]},{\"@type\":\"ImageObject\",\"inLanguage\":\"en-US\",\"@id\":\"https:\\\/\\\/darkamazi.site\\\/archives\\\/1018524#primaryimage\",\"url\":\"https:\\\/\\\/darkamazi.site\\\/darka-content\\\/uploads\\\/2022\\\/03\\\/FNE5VF7XwAQG40X-1.jpg\",\"contentUrl\":\"https:\\\/\\\/darkamazi.site\\\/darka-content\\\/uploads\\\/2022\\\/03\\\/FNE5VF7XwAQG40X-1.jpg\",\"width\":900,\"height\":497,\"caption\":\"Bu g\u00fcn K\u00fcrt halk\u0131n\u0131n 20. Y\u00fczy\u0131l'daki kazan\u0131mlar\u0131n\u0131n k\u0131v\u0131lc\u0131m\u0131 Raperin'in 31'inci y\u0131l d\u00f6n\u00fcm\u00fc\"},{\"@type\":\"BreadcrumbList\",\"@id\":\"https:\\\/\\\/darkamazi.site\\\/archives\\\/1018524#breadcrumb\",\"itemListElement\":[{\"@type\":\"ListItem\",\"position\":1,\"name\":\"Home\",\"item\":\"https:\\\/\\\/darkamazi.site\\\/\"},{\"@type\":\"ListItem\",\"position\":2,\"name\":\"Bu g\u00fcn K\u00fcrt halk\u0131n\u0131n 20. Y\u00fczy\u0131l&#8217;daki kazan\u0131mlar\u0131n\u0131n k\u0131v\u0131lc\u0131m\u0131 Raperin&#8217;in 31&#8217;inci y\u0131l d\u00f6n\u00fcm\u00fc\"}]},{\"@type\":\"WebSite\",\"@id\":\"https:\\\/\\\/darkamazi.site\\\/#website\",\"url\":\"https:\\\/\\\/darkamazi.site\\\/\",\"name\":\"Darka Mazi\",\"description\":\"Ana Sayfa\",\"publisher\":{\"@id\":\"https:\\\/\\\/darkamazi.site\\\/#organization\"},\"potentialAction\":[{\"@type\":\"SearchAction\",\"target\":{\"@type\":\"EntryPoint\",\"urlTemplate\":\"https:\\\/\\\/darkamazi.site\\\/?s={search_term_string}\"},\"query-input\":{\"@type\":\"PropertyValueSpecification\",\"valueRequired\":true,\"valueName\":\"search_term_string\"}}],\"inLanguage\":\"en-US\"},{\"@type\":\"Organization\",\"@id\":\"https:\\\/\\\/darkamazi.site\\\/#organization\",\"name\":\"Darka Mazi T\u00fcrk\u00e7e\",\"alternateName\":\"Darka Mazi\",\"url\":\"https:\\\/\\\/darkamazi.site\\\/\",\"logo\":{\"@type\":\"ImageObject\",\"inLanguage\":\"en-US\",\"@id\":\"https:\\\/\\\/darkamazi.site\\\/#\\\/schema\\\/logo\\\/image\\\/\",\"url\":\"https:\\\/\\\/darkamazi.site\\\/darka-content\\\/uploads\\\/2017\\\/12\\\/darka-mazi-logo.png\",\"contentUrl\":\"https:\\\/\\\/darkamazi.site\\\/darka-content\\\/uploads\\\/2017\\\/12\\\/darka-mazi-logo.png\",\"width\":151,\"height\":75,\"caption\":\"Darka Mazi T\u00fcrk\u00e7e\"},\"image\":{\"@id\":\"https:\\\/\\\/darkamazi.site\\\/#\\\/schema\\\/logo\\\/image\\\/\"},\"sameAs\":[\"https:\\\/\\\/www.facebook.com\\\/DarkaMaziturkce\",\"https:\\\/\\\/x.com\\\/DarkaMaziTurkce\"]},{\"@type\":\"Person\",\"@id\":\"https:\\\/\\\/darkamazi.site\\\/#\\\/schema\\\/person\\\/67986a95ac546c16760365877ef4a9d3\",\"name\":\"darka mazi\",\"sameAs\":[\"https:\\\/\\\/darkamazi.site\"],\"url\":\"https:\\\/\\\/darkamazi.site\\\/archives\\\/author\\\/turkish\"}]}<\/script>\n<!-- \/ Yoast SEO plugin. -->","seo_head_json":{"title":"Bu g\u00fcn K\u00fcrt halk\u0131n\u0131n 20. Y\u00fczy\u0131l'daki kazan\u0131mlar\u0131n\u0131n k\u0131v\u0131lc\u0131m\u0131 Raperin'in 31'inci y\u0131l d\u00f6n\u00fcm\u00fc - Darka Mazi","robots":{"index":"index","follow":"follow","max-snippet":"max-snippet:-1","max-image-preview":"max-image-preview:large","max-video-preview":"max-video-preview:-1"},"canonical":"https:\/\/darkamazi.site\/archives\/1018524","og_locale":"en_US","og_type":"article","og_title":"Bu g\u00fcn K\u00fcrt halk\u0131n\u0131n 20. Y\u00fczy\u0131l'daki kazan\u0131mlar\u0131n\u0131n k\u0131v\u0131lc\u0131m\u0131 Raperin'in 31'inci y\u0131l d\u00f6n\u00fcm\u00fc - Darka Mazi","og_description":"Bug\u00fcn G\u00fcney K\u00fcrdistan\u00a0halk\u0131n\u0131n Saddam rejimine kar\u015f\u0131 ba\u015flatt\u0131\u011f\u0131 \u2018Raper\u00een\u2019inin (ayaklanma) y\u0131ld\u00f6n\u00fcm\u00fc. K\u00fcrdistan halk\u0131, 1991 Mart\u2019\u0131nda Baas rejiminin zulm\u00fcne kar\u015f\u0131 ba\u015fkald\u0131rm\u0131\u015f, K\u00fcrdistan B\u00f6lgesi\u2019nin bug\u00fcnk\u00fc stat\u00fcs\u00fcn\u00fcn kazan\u0131mlar\u0131 o d\u00f6nemde ki Raper\u00een sayesinde elde edilmi\u015fti. 5 Mart 1991\u2019de K\u00fcrdistan halk\u0131, Baas rejimine kar\u015f\u0131 ayakland\u0131 ve ayaklanman\u0131n ilk g\u00fcn\u00fcnde Ranye, Qeladize\u2019yi kurtard\u0131. Daha sonra buraya \u201cRaperin\u2019in Kap\u0131s\u0131\u201d denildi. Pi\u015fder ve [&hellip;]","og_url":"https:\/\/darkamazi.site\/archives\/1018524","og_site_name":"Darka Mazi","article_publisher":"https:\/\/www.facebook.com\/DarkaMaziturkce","article_published_time":"2022-03-05T10:02:26+00:00","og_image":[{"width":900,"height":497,"url":"https:\/\/darkamazi.site\/file\/2022\/03\/FNE5VF7XwAQG40X-1.jpg","type":"image\/jpeg"}],"author":"darka mazi","twitter_card":"summary_large_image","twitter_creator":"@DarkaMaziTurkce","twitter_site":"@DarkaMaziTurkce","twitter_misc":{"Written by":"darka mazi","Est. reading time":"1 minute"},"schema":{"@context":"https:\/\/schema.org","@graph":[{"@type":"NewsArticle","@id":"https:\/\/darkamazi.site\/archives\/1018524#article","isPartOf":{"@id":"https:\/\/darkamazi.site\/archives\/1018524"},"author":{"name":"darka mazi","@id":"https:\/\/darkamazi.site\/#\/schema\/person\/67986a95ac546c16760365877ef4a9d3"},"headline":"Bu g\u00fcn K\u00fcrt halk\u0131n\u0131n 20. Y\u00fczy\u0131l&#8217;daki kazan\u0131mlar\u0131n\u0131n k\u0131v\u0131lc\u0131m\u0131 Raperin&#8217;in 31&#8217;inci y\u0131l d\u00f6n\u00fcm\u00fc","datePublished":"2022-03-05T10:02:26+00:00","mainEntityOfPage":{"@id":"https:\/\/darkamazi.site\/archives\/1018524"},"wordCount":370,"publisher":{"@id":"https:\/\/darkamazi.site\/#organization"},"image":{"@id":"https:\/\/darkamazi.site\/archives\/1018524#primaryimage"},"thumbnailUrl":"https:\/\/darkamazi.site\/file\/2022\/03\/FNE5VF7XwAQG40X-1.jpg","keywords":["\u00f6nemli"],"articleSection":["Kurdistan"],"inLanguage":"en-US"},{"@type":"WebPage","@id":"https:\/\/darkamazi.site\/archives\/1018524","url":"https:\/\/darkamazi.site\/archives\/1018524","name":"Bu g\u00fcn K\u00fcrt halk\u0131n\u0131n 20. Y\u00fczy\u0131l'daki kazan\u0131mlar\u0131n\u0131n k\u0131v\u0131lc\u0131m\u0131 Raperin'in 31'inci y\u0131l d\u00f6n\u00fcm\u00fc - Darka Mazi","isPartOf":{"@id":"https:\/\/darkamazi.site\/#website"},"primaryImageOfPage":{"@id":"https:\/\/darkamazi.site\/archives\/1018524#primaryimage"},"image":{"@id":"https:\/\/darkamazi.site\/archives\/1018524#primaryimage"},"thumbnailUrl":"https:\/\/darkamazi.site\/file\/2022\/03\/FNE5VF7XwAQG40X-1.jpg","datePublished":"2022-03-05T10:02:26+00:00","breadcrumb":{"@id":"https:\/\/darkamazi.site\/archives\/1018524#breadcrumb"},"inLanguage":"en-US","potentialAction":[{"@type":"ReadAction","target":["https:\/\/darkamazi.site\/archives\/1018524"]}]},{"@type":"ImageObject","inLanguage":"en-US","@id":"https:\/\/darkamazi.site\/archives\/1018524#primaryimage","url":"https:\/\/darkamazi.site\/file\/2022\/03\/FNE5VF7XwAQG40X-1.jpg","contentUrl":"https:\/\/darkamazi.site\/file\/2022\/03\/FNE5VF7XwAQG40X-1.jpg","width":900,"height":497,"caption":"Bu g\u00fcn K\u00fcrt halk\u0131n\u0131n 20. Y\u00fczy\u0131l'daki kazan\u0131mlar\u0131n\u0131n k\u0131v\u0131lc\u0131m\u0131 Raperin'in 31'inci y\u0131l d\u00f6n\u00fcm\u00fc"},{"@type":"BreadcrumbList","@id":"https:\/\/darkamazi.site\/archives\/1018524#breadcrumb","itemListElement":[{"@type":"ListItem","position":1,"name":"Home","item":"https:\/\/darkamazi.site\/"},{"@type":"ListItem","position":2,"name":"Bu g\u00fcn K\u00fcrt halk\u0131n\u0131n 20. Y\u00fczy\u0131l&#8217;daki kazan\u0131mlar\u0131n\u0131n k\u0131v\u0131lc\u0131m\u0131 Raperin&#8217;in 31&#8217;inci y\u0131l d\u00f6n\u00fcm\u00fc"}]},{"@type":"WebSite","@id":"https:\/\/darkamazi.site\/#website","url":"https:\/\/darkamazi.site\/","name":"Darka Mazi","description":"Ana Sayfa","publisher":{"@id":"https:\/\/darkamazi.site\/#organization"},"potentialAction":[{"@type":"SearchAction","target":{"@type":"EntryPoint","urlTemplate":"https:\/\/darkamazi.site\/?s={search_term_string}"},"query-input":{"@type":"PropertyValueSpecification","valueRequired":true,"valueName":"search_term_string"}}],"inLanguage":"en-US"},{"@type":"Organization","@id":"https:\/\/darkamazi.site\/#organization","name":"Darka Mazi T\u00fcrk\u00e7e","alternateName":"Darka Mazi","url":"https:\/\/darkamazi.site\/","logo":{"@type":"ImageObject","inLanguage":"en-US","@id":"https:\/\/darkamazi.site\/#\/schema\/logo\/image\/","url":"https:\/\/darkamazi.site\/file\/2017\/12\/darka-mazi-logo.png","contentUrl":"https:\/\/darkamazi.site\/file\/2017\/12\/darka-mazi-logo.png","width":151,"height":75,"caption":"Darka Mazi T\u00fcrk\u00e7e"},"image":{"@id":"https:\/\/darkamazi.site\/#\/schema\/logo\/image\/"},"sameAs":["https:\/\/www.facebook.com\/DarkaMaziturkce","https:\/\/x.com\/DarkaMaziTurkce"]},{"@type":"Person","@id":"https:\/\/darkamazi.site\/#\/schema\/person\/67986a95ac546c16760365877ef4a9d3","name":"darka mazi","sameAs":["https:\/\/darkamazi.site"],"url":"https:\/\/darkamazi.site\/archives\/author\/turkish"}]}},"_links":{"self":[{"href":"https:\/\/darkamazi.site\/funavuv\/wp\/v2\/posts\/1018524","targetHints":{"allow":["GET"]}}],"collection":[{"href":"https:\/\/darkamazi.site\/funavuv\/wp\/v2\/posts"}],"about":[{"href":"https:\/\/darkamazi.site\/funavuv\/wp\/v2\/types\/post"}],"author":[{"embeddable":true,"href":"https:\/\/darkamazi.site\/funavuv\/wp\/v2\/users\/2"}],"replies":[{"embeddable":true,"href":"https:\/\/darkamazi.site\/funavuv\/wp\/v2\/comments?post=1018524"}],"version-history":[{"count":0,"href":"https:\/\/darkamazi.site\/funavuv\/wp\/v2\/posts\/1018524\/revisions"}],"wp:featuredmedia":[{"embeddable":true,"href":"https:\/\/darkamazi.site\/funavuv\/wp\/v2\/media\/1018525"}],"wp:attachment":[{"href":"https:\/\/darkamazi.site\/funavuv\/wp\/v2\/media?parent=1018524"}],"wp:term":[{"taxonomy":"category","embeddable":true,"href":"https:\/\/darkamazi.site\/funavuv\/wp\/v2\/categories?post=1018524"},{"taxonomy":"post_tag","embeddable":true,"href":"https:\/\/darkamazi.site\/funavuv\/wp\/v2\/tags?post=1018524"}],"curies":[{"name":"wp","href":"https:\/\/api.w.org\/{rel}","templated":true}]}}