{"id":1018662,"date":"2022-03-16T09:53:28","date_gmt":"2022-03-16T06:53:28","guid":{"rendered":"https:\/\/darkamazi.site\/?p=1018662"},"modified":"2022-03-16T09:53:28","modified_gmt":"2022-03-16T06:53:28","slug":"zelenskiy-kievde-cekya-polonya-ve-slovenya-basbakanlari-ile-bir-araya-geldi","status":"publish","type":"post","link":"https:\/\/darkamazi.site\/archives\/1018662","title":{"rendered":"Zelenskiy Kiev\u2019de \u00c7ekya, Polonya ve Slovenya Ba\u015fbakanlar\u0131 ile bir araya geldi"},"content":{"rendered":"<p style=\"text-align: justify\">\u00a0Ukrayna Devlet Ba\u015fkan\u0131 Vladimir Zelenskiy, \u00fclkesinde temaslarda bulunan \u00c7ekya Ba\u015fbakan\u0131 Petr Fiala, Polonya Ba\u015fbakan\u0131 Mateusz Morawiecki ve Slovenya Ba\u015fbakan\u0131 Janez Jansa&#8217;y\u0131 kabul etti.<\/p>\n<p style=\"text-align: justify\">Zelenskiy, Rus ordusunun sald\u0131r\u0131lar\u0131 alt\u0131ndaki Ukrayna&#8217;n\u0131n ba\u015fkenti Kiev&#8217;e gelen konuk ba\u015fbakanlara, Rusya&#8217;n\u0131n \u00fclkesinde ba\u015flatt\u0131\u011f\u0131 sava\u015f hakk\u0131nda detayl\u0131 bilgi verdi.<\/p>\n<p style=\"text-align: justify\">Zelenskiy ayr\u0131ca Telegram hesab\u0131ndan halka seslendi. Rusya-Ukrayna sava\u015f\u0131n\u0131n 3 haftad\u0131r s\u00fcrd\u00fc\u011f\u00fcn\u00fc hat\u0131rlatan Zelenskiy, &#8220;Hepimiz bar\u0131\u015f\u0131n bir an \u00f6nce tesis edilmesini istiyoruz&#8221; dedi.<\/p>\n<p style=\"text-align: justify\">Sava\u015f\u0131n sona ermesi, ate\u015fkesin sa\u011flanmas\u0131 ve Rus sald\u0131r\u0131lar\u0131n\u0131n durmas\u0131 i\u00e7in m\u00fczakerelerin s\u00fcrd\u00fc\u011f\u00fcne dikkati \u00e7eken Zelenskiy, herkesi diyalogdan \u00e7\u0131kan sonu\u00e7lar\u0131 sab\u0131rla beklemeye davet ederek, &#8220;Bu \u00f6nemli. Zor ama \u00f6nemli. \u00c7\u00fcnk\u00fc her sava\u015f bir anla\u015fmayla biter. Toplant\u0131lar devam ediyor\u201d ifadesini kulland\u0131.<\/p>\n<p style=\"text-align: justify\">Bir yandan m\u00fczakereler s\u00fcrerken ayn\u0131 zamanda Rus ordusunun sald\u0131r\u0131lar d\u00fczenlemeye devam etti\u011fini kaydeden Zelenskiy, Rus askerlerinin, yerel ve yabanc\u0131 gazeteciler ile sivilleri ac\u0131mas\u0131zca \u00f6ld\u00fcrd\u00fc\u011f\u00fcn\u00fc \u00f6ne s\u00fcrd\u00fc.<\/p>\n<p style=\"text-align: justify\">Rus askerlerinin, Ukrayna topraklar\u0131nda sava\u015f su\u00e7u i\u015flediklerini belirten Zelenskiy, &#8220;\u0130\u015fgalciler sava\u015f su\u00e7lar\u0131n\u0131 i\u015flemeye devam ediyor, yerle\u015fim yerlerini ve sivil altyap\u0131lar\u0131 ate\u015fe veriyor, Rusya&#8217;n\u0131n Ukrayna&#8217;da kulland\u0131\u011f\u0131 f\u00fcze say\u0131s\u0131 900&#8217;\u00fc a\u015ft\u0131. Hava sald\u0131r\u0131lar\u0131n\u0131 saymak ise m\u00fcmk\u00fcn de\u011fil&#8221; diye konu\u015ftu.<\/p>\n<p style=\"text-align: justify\">Konu\u015fmas\u0131nda Rus halk\u0131na da hitap eden Zelenskiy, Rus i\u015f insanlar\u0131n\u0131 ve vatanda\u015flar\u0131 sava\u015fa kar\u015f\u0131 \u00e7\u0131kmaya \u00e7a\u011f\u0131rarak, Rusya&#8217;n\u0131n bu sava\u015ftan b\u00fcy\u00fck utan\u00e7 ve yoksullukla \u00e7\u0131kaca\u011f\u0131n\u0131 dile getirdi.<\/p>\n<p style=\"text-align: justify\"><strong>&#8220;S\u00f6z verilen sava\u015f u\u00e7aklar\u0131 hen\u00fcz gelmedi&#8221;<\/strong><\/p>\n<p style=\"text-align: justify\">A\u00e7\u0131klamas\u0131nda, Ukrayna taraf\u0131na sava\u015f u\u00e7aklar\u0131n\u0131n verilmesine s\u00f6z verildi\u011fini, ama bug\u00fcne kadar bu u\u00e7aklar\u0131n \u00fclkesine gelmedi\u011fini vurgulayan Zelenskiy, &#8220;U\u00e7aklar\u0131n Ukrayna&#8217;ya g\u00f6nderilmesi karar\u0131 hala yerine getirilmedi. Hen\u00fcz onlar\u0131 almad\u0131k&#8221; a\u00e7\u0131klamas\u0131nda bulundu.<\/p>\n<p style=\"text-align: justify\">Ba\u015fta Mariupol olmak \u00fczere Ukrayna genelinde 15 Mart&#8217;ta a\u00e7\u0131lan insan\u0131 koridorlardan 29 bine yak\u0131n insan\u0131n tahliye edildi\u011fi bilgisini payla\u015fan Zelenskiy, insanlar\u0131n \u00f6zel ara\u00e7lar\u0131yla kendilerini kurtarmaya \u00e7al\u0131\u015ft\u0131klar\u0131n\u0131 kaydetti.<\/p>\n","protected":false},"excerpt":{"rendered":"<p>\u00a0Ukrayna Devlet Ba\u015fkan\u0131 Vladimir Zelenskiy, \u00fclkesinde temaslarda bulunan \u00c7ekya Ba\u015fbakan\u0131 Petr Fiala, Polonya Ba\u015fbakan\u0131 Mateusz Morawiecki ve Slovenya Ba\u015fbakan\u0131 Janez Jansa&#8217;y\u0131 kabul etti. Zelenskiy, Rus ordusunun sald\u0131r\u0131lar\u0131 alt\u0131ndaki Ukrayna&#8217;n\u0131n ba\u015fkenti Kiev&#8217;e gelen konuk ba\u015fbakanlara, Rusya&#8217;n\u0131n \u00fclkesinde ba\u015flatt\u0131\u011f\u0131 sava\u015f hakk\u0131nda detayl\u0131 bilgi verdi. Zelenskiy ayr\u0131ca Telegram hesab\u0131ndan halka seslendi. Rusya-Ukrayna sava\u015f\u0131n\u0131n 3 haftad\u0131r s\u00fcrd\u00fc\u011f\u00fcn\u00fc hat\u0131rlatan Zelenskiy, [&hellip;]<\/p>\n","protected":false},"author":2,"featured_media":1018663,"comment_status":"closed","ping_status":"closed","sticky":false,"template":"","format":"standard","meta":{"footnotes":""},"categories":[6],"tags":[31],"class_list":["post-1018662","post","type-post","status-publish","format-standard","has-post-thumbnail","hentry","category-dunya","tag-onemli"],"blocksy_meta":[],"seo_head":"<!-- This site is optimized with the Yoast SEO plugin v27.5 - https:\/\/yoast.com\/product\/yoast-seo-wordpress\/ -->\n<title>Zelenskiy Kiev\u2019de \u00c7ekya, Polonya ve Slovenya Ba\u015fbakanlar\u0131 ile bir araya geldi - Darka Mazi<\/title>\n<meta name=\"robots\" content=\"index, follow, max-snippet:-1, max-image-preview:large, max-video-preview:-1\" \/>\n<link rel=\"canonical\" href=\"https:\/\/darkamazi.site\/archives\/1018662\" \/>\n<meta property=\"og:locale\" content=\"en_US\" \/>\n<meta property=\"og:type\" content=\"article\" \/>\n<meta property=\"og:title\" content=\"Zelenskiy Kiev\u2019de \u00c7ekya, Polonya ve Slovenya Ba\u015fbakanlar\u0131 ile bir araya geldi - Darka Mazi\" \/>\n<meta property=\"og:description\" content=\"\u00a0Ukrayna Devlet Ba\u015fkan\u0131 Vladimir Zelenskiy, \u00fclkesinde temaslarda bulunan \u00c7ekya Ba\u015fbakan\u0131 Petr Fiala, Polonya Ba\u015fbakan\u0131 Mateusz Morawiecki ve Slovenya Ba\u015fbakan\u0131 Janez Jansa&#8217;y\u0131 kabul etti. Zelenskiy, Rus ordusunun sald\u0131r\u0131lar\u0131 alt\u0131ndaki Ukrayna&#8217;n\u0131n ba\u015fkenti Kiev&#8217;e gelen konuk ba\u015fbakanlara, Rusya&#8217;n\u0131n \u00fclkesinde ba\u015flatt\u0131\u011f\u0131 sava\u015f hakk\u0131nda detayl\u0131 bilgi verdi. Zelenskiy ayr\u0131ca Telegram hesab\u0131ndan halka seslendi. Rusya-Ukrayna sava\u015f\u0131n\u0131n 3 haftad\u0131r s\u00fcrd\u00fc\u011f\u00fcn\u00fc hat\u0131rlatan Zelenskiy, [&hellip;]\" \/>\n<meta property=\"og:url\" content=\"https:\/\/darkamazi.site\/archives\/1018662\" \/>\n<meta property=\"og:site_name\" content=\"Darka Mazi\" \/>\n<meta property=\"article:publisher\" content=\"https:\/\/www.facebook.com\/DarkaMaziturkce\" \/>\n<meta property=\"article:published_time\" content=\"2022-03-16T06:53:28+00:00\" \/>\n<meta property=\"og:image\" content=\"https:\/\/darkamazi.site\/file\/2022\/03\/Meeting.jpg\" \/>\n\t<meta property=\"og:image:width\" content=\"960\" \/>\n\t<meta property=\"og:image:height\" content=\"540\" \/>\n\t<meta property=\"og:image:type\" content=\"image\/jpeg\" \/>\n<meta name=\"author\" content=\"darka mazi\" \/>\n<meta name=\"twitter:card\" content=\"summary_large_image\" \/>\n<meta name=\"twitter:creator\" content=\"@DarkaMaziTurkce\" \/>\n<meta name=\"twitter:site\" content=\"@DarkaMaziTurkce\" \/>\n<meta name=\"twitter:label1\" content=\"Written by\" \/>\n\t<meta name=\"twitter:data1\" content=\"darka mazi\" \/>\n\t<meta name=\"twitter:label2\" content=\"Est. reading time\" \/>\n\t<meta name=\"twitter:data2\" content=\"2 minutes\" \/>\n<script type=\"application\/ld+json\" class=\"seo-schema-graph\">{\"@context\":\"https:\\\/\\\/schema.org\",\"@graph\":[{\"@type\":\"NewsArticle\",\"@id\":\"https:\\\/\\\/darkamazi.site\\\/archives\\\/1018662#article\",\"isPartOf\":{\"@id\":\"https:\\\/\\\/darkamazi.site\\\/archives\\\/1018662\"},\"author\":{\"name\":\"darka mazi\",\"@id\":\"https:\\\/\\\/darkamazi.site\\\/#\\\/schema\\\/person\\\/67986a95ac546c16760365877ef4a9d3\"},\"headline\":\"Zelenskiy Kiev\u2019de \u00c7ekya, Polonya ve Slovenya Ba\u015fbakanlar\u0131 ile bir araya geldi\",\"datePublished\":\"2022-03-16T06:53:28+00:00\",\"mainEntityOfPage\":{\"@id\":\"https:\\\/\\\/darkamazi.site\\\/archives\\\/1018662\"},\"wordCount\":386,\"publisher\":{\"@id\":\"https:\\\/\\\/darkamazi.site\\\/#organization\"},\"image\":{\"@id\":\"https:\\\/\\\/darkamazi.site\\\/archives\\\/1018662#primaryimage\"},\"thumbnailUrl\":\"https:\\\/\\\/darkamazi.site\\\/darka-content\\\/uploads\\\/2022\\\/03\\\/Meeting.jpg\",\"keywords\":[\"\u00f6nemli\"],\"articleSection\":[\"D\u00fcnya\"],\"inLanguage\":\"en-US\"},{\"@type\":\"WebPage\",\"@id\":\"https:\\\/\\\/darkamazi.site\\\/archives\\\/1018662\",\"url\":\"https:\\\/\\\/darkamazi.site\\\/archives\\\/1018662\",\"name\":\"Zelenskiy Kiev\u2019de \u00c7ekya, Polonya ve Slovenya Ba\u015fbakanlar\u0131 ile bir araya geldi - Darka Mazi\",\"isPartOf\":{\"@id\":\"https:\\\/\\\/darkamazi.site\\\/#website\"},\"primaryImageOfPage\":{\"@id\":\"https:\\\/\\\/darkamazi.site\\\/archives\\\/1018662#primaryimage\"},\"image\":{\"@id\":\"https:\\\/\\\/darkamazi.site\\\/archives\\\/1018662#primaryimage\"},\"thumbnailUrl\":\"https:\\\/\\\/darkamazi.site\\\/darka-content\\\/uploads\\\/2022\\\/03\\\/Meeting.jpg\",\"datePublished\":\"2022-03-16T06:53:28+00:00\",\"breadcrumb\":{\"@id\":\"https:\\\/\\\/darkamazi.site\\\/archives\\\/1018662#breadcrumb\"},\"inLanguage\":\"en-US\",\"potentialAction\":[{\"@type\":\"ReadAction\",\"target\":[\"https:\\\/\\\/darkamazi.site\\\/archives\\\/1018662\"]}]},{\"@type\":\"ImageObject\",\"inLanguage\":\"en-US\",\"@id\":\"https:\\\/\\\/darkamazi.site\\\/archives\\\/1018662#primaryimage\",\"url\":\"https:\\\/\\\/darkamazi.site\\\/darka-content\\\/uploads\\\/2022\\\/03\\\/Meeting.jpg\",\"contentUrl\":\"https:\\\/\\\/darkamazi.site\\\/darka-content\\\/uploads\\\/2022\\\/03\\\/Meeting.jpg\",\"width\":960,\"height\":540,\"caption\":\"Zelenskiy Kiev\u2019de \u00c7ekya, Polonya ve Slovenya Ba\u015fbakanlar\u0131 ile bir araya geldi\"},{\"@type\":\"BreadcrumbList\",\"@id\":\"https:\\\/\\\/darkamazi.site\\\/archives\\\/1018662#breadcrumb\",\"itemListElement\":[{\"@type\":\"ListItem\",\"position\":1,\"name\":\"Home\",\"item\":\"https:\\\/\\\/darkamazi.site\\\/\"},{\"@type\":\"ListItem\",\"position\":2,\"name\":\"Zelenskiy Kiev\u2019de \u00c7ekya, Polonya ve Slovenya Ba\u015fbakanlar\u0131 ile bir araya geldi\"}]},{\"@type\":\"WebSite\",\"@id\":\"https:\\\/\\\/darkamazi.site\\\/#website\",\"url\":\"https:\\\/\\\/darkamazi.site\\\/\",\"name\":\"Darka Mazi\",\"description\":\"Ana Sayfa\",\"publisher\":{\"@id\":\"https:\\\/\\\/darkamazi.site\\\/#organization\"},\"potentialAction\":[{\"@type\":\"SearchAction\",\"target\":{\"@type\":\"EntryPoint\",\"urlTemplate\":\"https:\\\/\\\/darkamazi.site\\\/?s={search_term_string}\"},\"query-input\":{\"@type\":\"PropertyValueSpecification\",\"valueRequired\":true,\"valueName\":\"search_term_string\"}}],\"inLanguage\":\"en-US\"},{\"@type\":\"Organization\",\"@id\":\"https:\\\/\\\/darkamazi.site\\\/#organization\",\"name\":\"Darka Mazi T\u00fcrk\u00e7e\",\"alternateName\":\"Darka Mazi\",\"url\":\"https:\\\/\\\/darkamazi.site\\\/\",\"logo\":{\"@type\":\"ImageObject\",\"inLanguage\":\"en-US\",\"@id\":\"https:\\\/\\\/darkamazi.site\\\/#\\\/schema\\\/logo\\\/image\\\/\",\"url\":\"https:\\\/\\\/darkamazi.site\\\/darka-content\\\/uploads\\\/2017\\\/12\\\/darka-mazi-logo.png\",\"contentUrl\":\"https:\\\/\\\/darkamazi.site\\\/darka-content\\\/uploads\\\/2017\\\/12\\\/darka-mazi-logo.png\",\"width\":151,\"height\":75,\"caption\":\"Darka Mazi T\u00fcrk\u00e7e\"},\"image\":{\"@id\":\"https:\\\/\\\/darkamazi.site\\\/#\\\/schema\\\/logo\\\/image\\\/\"},\"sameAs\":[\"https:\\\/\\\/www.facebook.com\\\/DarkaMaziturkce\",\"https:\\\/\\\/x.com\\\/DarkaMaziTurkce\"]},{\"@type\":\"Person\",\"@id\":\"https:\\\/\\\/darkamazi.site\\\/#\\\/schema\\\/person\\\/67986a95ac546c16760365877ef4a9d3\",\"name\":\"darka mazi\",\"sameAs\":[\"https:\\\/\\\/darkamazi.site\"],\"url\":\"https:\\\/\\\/darkamazi.site\\\/archives\\\/author\\\/turkish\"}]}<\/script>\n<!-- \/ Yoast SEO plugin. -->","seo_head_json":{"title":"Zelenskiy Kiev\u2019de \u00c7ekya, Polonya ve Slovenya Ba\u015fbakanlar\u0131 ile bir araya geldi - Darka Mazi","robots":{"index":"index","follow":"follow","max-snippet":"max-snippet:-1","max-image-preview":"max-image-preview:large","max-video-preview":"max-video-preview:-1"},"canonical":"https:\/\/darkamazi.site\/archives\/1018662","og_locale":"en_US","og_type":"article","og_title":"Zelenskiy Kiev\u2019de \u00c7ekya, Polonya ve Slovenya Ba\u015fbakanlar\u0131 ile bir araya geldi - Darka Mazi","og_description":"\u00a0Ukrayna Devlet Ba\u015fkan\u0131 Vladimir Zelenskiy, \u00fclkesinde temaslarda bulunan \u00c7ekya Ba\u015fbakan\u0131 Petr Fiala, Polonya Ba\u015fbakan\u0131 Mateusz Morawiecki ve Slovenya Ba\u015fbakan\u0131 Janez Jansa&#8217;y\u0131 kabul etti. Zelenskiy, Rus ordusunun sald\u0131r\u0131lar\u0131 alt\u0131ndaki Ukrayna&#8217;n\u0131n ba\u015fkenti Kiev&#8217;e gelen konuk ba\u015fbakanlara, Rusya&#8217;n\u0131n \u00fclkesinde ba\u015flatt\u0131\u011f\u0131 sava\u015f hakk\u0131nda detayl\u0131 bilgi verdi. Zelenskiy ayr\u0131ca Telegram hesab\u0131ndan halka seslendi. Rusya-Ukrayna sava\u015f\u0131n\u0131n 3 haftad\u0131r s\u00fcrd\u00fc\u011f\u00fcn\u00fc hat\u0131rlatan Zelenskiy, [&hellip;]","og_url":"https:\/\/darkamazi.site\/archives\/1018662","og_site_name":"Darka Mazi","article_publisher":"https:\/\/www.facebook.com\/DarkaMaziturkce","article_published_time":"2022-03-16T06:53:28+00:00","og_image":[{"width":960,"height":540,"url":"https:\/\/darkamazi.site\/file\/2022\/03\/Meeting.jpg","type":"image\/jpeg"}],"author":"darka mazi","twitter_card":"summary_large_image","twitter_creator":"@DarkaMaziTurkce","twitter_site":"@DarkaMaziTurkce","twitter_misc":{"Written by":"darka mazi","Est. reading time":"2 minutes"},"schema":{"@context":"https:\/\/schema.org","@graph":[{"@type":"NewsArticle","@id":"https:\/\/darkamazi.site\/archives\/1018662#article","isPartOf":{"@id":"https:\/\/darkamazi.site\/archives\/1018662"},"author":{"name":"darka mazi","@id":"https:\/\/darkamazi.site\/#\/schema\/person\/67986a95ac546c16760365877ef4a9d3"},"headline":"Zelenskiy Kiev\u2019de \u00c7ekya, Polonya ve Slovenya Ba\u015fbakanlar\u0131 ile bir araya geldi","datePublished":"2022-03-16T06:53:28+00:00","mainEntityOfPage":{"@id":"https:\/\/darkamazi.site\/archives\/1018662"},"wordCount":386,"publisher":{"@id":"https:\/\/darkamazi.site\/#organization"},"image":{"@id":"https:\/\/darkamazi.site\/archives\/1018662#primaryimage"},"thumbnailUrl":"https:\/\/darkamazi.site\/file\/2022\/03\/Meeting.jpg","keywords":["\u00f6nemli"],"articleSection":["D\u00fcnya"],"inLanguage":"en-US"},{"@type":"WebPage","@id":"https:\/\/darkamazi.site\/archives\/1018662","url":"https:\/\/darkamazi.site\/archives\/1018662","name":"Zelenskiy Kiev\u2019de \u00c7ekya, Polonya ve Slovenya Ba\u015fbakanlar\u0131 ile bir araya geldi - Darka Mazi","isPartOf":{"@id":"https:\/\/darkamazi.site\/#website"},"primaryImageOfPage":{"@id":"https:\/\/darkamazi.site\/archives\/1018662#primaryimage"},"image":{"@id":"https:\/\/darkamazi.site\/archives\/1018662#primaryimage"},"thumbnailUrl":"https:\/\/darkamazi.site\/file\/2022\/03\/Meeting.jpg","datePublished":"2022-03-16T06:53:28+00:00","breadcrumb":{"@id":"https:\/\/darkamazi.site\/archives\/1018662#breadcrumb"},"inLanguage":"en-US","potentialAction":[{"@type":"ReadAction","target":["https:\/\/darkamazi.site\/archives\/1018662"]}]},{"@type":"ImageObject","inLanguage":"en-US","@id":"https:\/\/darkamazi.site\/archives\/1018662#primaryimage","url":"https:\/\/darkamazi.site\/file\/2022\/03\/Meeting.jpg","contentUrl":"https:\/\/darkamazi.site\/file\/2022\/03\/Meeting.jpg","width":960,"height":540,"caption":"Zelenskiy Kiev\u2019de \u00c7ekya, Polonya ve Slovenya Ba\u015fbakanlar\u0131 ile bir araya geldi"},{"@type":"BreadcrumbList","@id":"https:\/\/darkamazi.site\/archives\/1018662#breadcrumb","itemListElement":[{"@type":"ListItem","position":1,"name":"Home","item":"https:\/\/darkamazi.site\/"},{"@type":"ListItem","position":2,"name":"Zelenskiy Kiev\u2019de \u00c7ekya, Polonya ve Slovenya Ba\u015fbakanlar\u0131 ile bir araya geldi"}]},{"@type":"WebSite","@id":"https:\/\/darkamazi.site\/#website","url":"https:\/\/darkamazi.site\/","name":"Darka Mazi","description":"Ana Sayfa","publisher":{"@id":"https:\/\/darkamazi.site\/#organization"},"potentialAction":[{"@type":"SearchAction","target":{"@type":"EntryPoint","urlTemplate":"https:\/\/darkamazi.site\/?s={search_term_string}"},"query-input":{"@type":"PropertyValueSpecification","valueRequired":true,"valueName":"search_term_string"}}],"inLanguage":"en-US"},{"@type":"Organization","@id":"https:\/\/darkamazi.site\/#organization","name":"Darka Mazi T\u00fcrk\u00e7e","alternateName":"Darka Mazi","url":"https:\/\/darkamazi.site\/","logo":{"@type":"ImageObject","inLanguage":"en-US","@id":"https:\/\/darkamazi.site\/#\/schema\/logo\/image\/","url":"https:\/\/darkamazi.site\/file\/2017\/12\/darka-mazi-logo.png","contentUrl":"https:\/\/darkamazi.site\/file\/2017\/12\/darka-mazi-logo.png","width":151,"height":75,"caption":"Darka Mazi T\u00fcrk\u00e7e"},"image":{"@id":"https:\/\/darkamazi.site\/#\/schema\/logo\/image\/"},"sameAs":["https:\/\/www.facebook.com\/DarkaMaziturkce","https:\/\/x.com\/DarkaMaziTurkce"]},{"@type":"Person","@id":"https:\/\/darkamazi.site\/#\/schema\/person\/67986a95ac546c16760365877ef4a9d3","name":"darka mazi","sameAs":["https:\/\/darkamazi.site"],"url":"https:\/\/darkamazi.site\/archives\/author\/turkish"}]}},"_links":{"self":[{"href":"https:\/\/darkamazi.site\/funavuv\/wp\/v2\/posts\/1018662","targetHints":{"allow":["GET"]}}],"collection":[{"href":"https:\/\/darkamazi.site\/funavuv\/wp\/v2\/posts"}],"about":[{"href":"https:\/\/darkamazi.site\/funavuv\/wp\/v2\/types\/post"}],"author":[{"embeddable":true,"href":"https:\/\/darkamazi.site\/funavuv\/wp\/v2\/users\/2"}],"replies":[{"embeddable":true,"href":"https:\/\/darkamazi.site\/funavuv\/wp\/v2\/comments?post=1018662"}],"version-history":[{"count":0,"href":"https:\/\/darkamazi.site\/funavuv\/wp\/v2\/posts\/1018662\/revisions"}],"wp:featuredmedia":[{"embeddable":true,"href":"https:\/\/darkamazi.site\/funavuv\/wp\/v2\/media\/1018663"}],"wp:attachment":[{"href":"https:\/\/darkamazi.site\/funavuv\/wp\/v2\/media?parent=1018662"}],"wp:term":[{"taxonomy":"category","embeddable":true,"href":"https:\/\/darkamazi.site\/funavuv\/wp\/v2\/categories?post=1018662"},{"taxonomy":"post_tag","embeddable":true,"href":"https:\/\/darkamazi.site\/funavuv\/wp\/v2\/tags?post=1018662"}],"curies":[{"name":"wp","href":"https:\/\/api.w.org\/{rel}","templated":true}]}}