{"id":1018783,"date":"2022-03-28T15:27:57","date_gmt":"2022-03-28T12:27:57","guid":{"rendered":"https:\/\/darkamazi.site\/?p=1018783"},"modified":"2022-03-28T15:27:57","modified_gmt":"2022-03-28T12:27:57","slug":"basbakan-barzani-kuresel-enerji-formunda-konustu-kurdistan-bolgesi-kisa-surede-onemli-bir-enerji-merkezi-olacak","status":"publish","type":"post","link":"https:\/\/darkamazi.site\/archives\/1018783","title":{"rendered":"Ba\u015fbakan Barzani, K\u00fcresel Enerji Formunda konu\u015ftu: K\u00fcrdistan B\u00f6lgesi k\u0131sa s\u00fcrede \u00f6nemli bir enerji merkezi olacak"},"content":{"rendered":"<p style=\"text-align: justify\">Ba\u015fbakan Mesrur Barzani, K\u00fcrdistan B\u00f6lgesi\u2019nin k\u0131sa bir s\u00fcre i\u00e7erisinde \u00f6nemli bir enerji merkezi olaca\u011f\u0131n\u0131 s\u00f6yledi.<\/p>\n<p style=\"text-align: justify\">Ba\u015fbakan Mesrur Barzani Birle\u015fik Arap Emirlikleri\u2019nde d\u00fczenlenen 6\u2019\u0131nc\u0131s\u0131 d\u00fczenlenen\u00a0K\u00fcresel\u00a0Enerji Formunda konu\u015ftu.<\/p>\n<p style=\"text-align: justify\">Ba\u015fbakan Mesrur Barzani K\u00fcrdistan B\u00f6lgesi\u2019nin k\u0131sa bir s\u00fcre i\u00e7erisinde \u00f6nemli bir enerji merkezi olaca\u011f\u0131n\u0131 belirterek, K\u00fcrdistan B\u00f6lgesi\u2019nin BAE\u2019nin tecr\u00fcbelerinden faydaland\u0131\u011f\u0131n\u0131 s\u00f6yledi.<\/p>\n<p style=\"text-align: justify\">Ba\u015fbakan Mesrur Barzani konu\u015fmas\u0131nda &#8220;Irak ve K\u00fcrdistan B\u00f6lgesi&#8217;nin\u00a0<span class=\"css-901oao css-16my406 r-poiln3 r-bcqeeo r-qvutc0\">enerji potansiyeli hakk\u0131nda konu\u015fmak i\u00e7in\u00a0<\/span><span class=\"r-18u37iz\">K\u00fcresel Enerji Formu&#8217;na kat\u0131lmaktan<\/span><span class=\"css-901oao css-16my406 r-poiln3 r-bcqeeo r-qvutc0\">\u00a0onur duyuyorum<\/span><span class=\"css-901oao css-16my406 r-poiln3 r-bcqeeo r-qvutc0\">\u00a0bulunmaktan onur duyuyorum. Halk\u0131m\u0131z\u0131n iyi dileklerini ve \u00f6zlemlerini yan\u0131mda ta\u015f\u0131yorum<\/span>\u201d dedi.<\/p>\n","protected":false},"excerpt":{"rendered":"<p>Ba\u015fbakan Mesrur Barzani, K\u00fcrdistan B\u00f6lgesi\u2019nin k\u0131sa bir s\u00fcre i\u00e7erisinde \u00f6nemli bir enerji merkezi olaca\u011f\u0131n\u0131 s\u00f6yledi. Ba\u015fbakan Mesrur Barzani Birle\u015fik Arap Emirlikleri\u2019nde d\u00fczenlenen 6\u2019\u0131nc\u0131s\u0131 d\u00fczenlenen\u00a0K\u00fcresel\u00a0Enerji Formunda konu\u015ftu. Ba\u015fbakan Mesrur Barzani K\u00fcrdistan B\u00f6lgesi\u2019nin k\u0131sa bir s\u00fcre i\u00e7erisinde \u00f6nemli bir enerji merkezi olaca\u011f\u0131n\u0131 belirterek, K\u00fcrdistan B\u00f6lgesi\u2019nin BAE\u2019nin tecr\u00fcbelerinden faydaland\u0131\u011f\u0131n\u0131 s\u00f6yledi. Ba\u015fbakan Mesrur Barzani konu\u015fmas\u0131nda &#8220;Irak ve K\u00fcrdistan B\u00f6lgesi&#8217;nin\u00a0enerji [&hellip;]<\/p>\n","protected":false},"author":2,"featured_media":1018784,"comment_status":"closed","ping_status":"closed","sticky":false,"template":"","format":"standard","meta":{"footnotes":""},"categories":[3],"tags":[31],"class_list":["post-1018783","post","type-post","status-publish","format-standard","has-post-thumbnail","hentry","category-kurdistan","tag-onemli"],"blocksy_meta":[],"seo_head":"<!-- This site is optimized with the Yoast SEO plugin v27.5 - https:\/\/yoast.com\/product\/yoast-seo-wordpress\/ -->\n<title>Ba\u015fbakan Barzani, K\u00fcresel Enerji Formunda konu\u015ftu: K\u00fcrdistan B\u00f6lgesi k\u0131sa s\u00fcrede \u00f6nemli bir enerji merkezi olacak - Darka Mazi<\/title>\n<meta name=\"robots\" content=\"index, follow, max-snippet:-1, max-image-preview:large, max-video-preview:-1\" \/>\n<link rel=\"canonical\" href=\"https:\/\/darkamazi.site\/archives\/1018783\" \/>\n<meta property=\"og:locale\" content=\"en_US\" \/>\n<meta property=\"og:type\" content=\"article\" \/>\n<meta property=\"og:title\" content=\"Ba\u015fbakan Barzani, K\u00fcresel Enerji Formunda konu\u015ftu: K\u00fcrdistan B\u00f6lgesi k\u0131sa s\u00fcrede \u00f6nemli bir enerji merkezi olacak - Darka Mazi\" \/>\n<meta property=\"og:description\" content=\"Ba\u015fbakan Mesrur Barzani, K\u00fcrdistan B\u00f6lgesi\u2019nin k\u0131sa bir s\u00fcre i\u00e7erisinde \u00f6nemli bir enerji merkezi olaca\u011f\u0131n\u0131 s\u00f6yledi. Ba\u015fbakan Mesrur Barzani Birle\u015fik Arap Emirlikleri\u2019nde d\u00fczenlenen 6\u2019\u0131nc\u0131s\u0131 d\u00fczenlenen\u00a0K\u00fcresel\u00a0Enerji Formunda konu\u015ftu. Ba\u015fbakan Mesrur Barzani K\u00fcrdistan B\u00f6lgesi\u2019nin k\u0131sa bir s\u00fcre i\u00e7erisinde \u00f6nemli bir enerji merkezi olaca\u011f\u0131n\u0131 belirterek, K\u00fcrdistan B\u00f6lgesi\u2019nin BAE\u2019nin tecr\u00fcbelerinden faydaland\u0131\u011f\u0131n\u0131 s\u00f6yledi. Ba\u015fbakan Mesrur Barzani konu\u015fmas\u0131nda &#8220;Irak ve K\u00fcrdistan B\u00f6lgesi&#8217;nin\u00a0enerji [&hellip;]\" \/>\n<meta property=\"og:url\" content=\"https:\/\/darkamazi.site\/archives\/1018783\" \/>\n<meta property=\"og:site_name\" content=\"Darka Mazi\" \/>\n<meta property=\"article:publisher\" content=\"https:\/\/www.facebook.com\/DarkaMaziturkce\" \/>\n<meta property=\"article:published_time\" content=\"2022-03-28T12:27:57+00:00\" \/>\n<meta property=\"og:image\" content=\"https:\/\/darkamazi.site\/file\/2022\/03\/PM-1.jpg\" \/>\n\t<meta property=\"og:image:width\" content=\"710\" \/>\n\t<meta property=\"og:image:height\" content=\"343\" \/>\n\t<meta property=\"og:image:type\" content=\"image\/jpeg\" \/>\n<meta name=\"author\" content=\"darka mazi\" \/>\n<meta name=\"twitter:card\" content=\"summary_large_image\" \/>\n<meta name=\"twitter:creator\" content=\"@DarkaMaziTurkce\" \/>\n<meta name=\"twitter:site\" content=\"@DarkaMaziTurkce\" \/>\n<meta name=\"twitter:label1\" content=\"Written by\" \/>\n\t<meta name=\"twitter:data1\" content=\"darka mazi\" \/>\n\t<meta name=\"twitter:label2\" content=\"Est. reading time\" \/>\n\t<meta name=\"twitter:data2\" content=\"1 minute\" \/>\n<script type=\"application\/ld+json\" class=\"seo-schema-graph\">{\"@context\":\"https:\\\/\\\/schema.org\",\"@graph\":[{\"@type\":\"NewsArticle\",\"@id\":\"https:\\\/\\\/darkamazi.site\\\/archives\\\/1018783#article\",\"isPartOf\":{\"@id\":\"https:\\\/\\\/darkamazi.site\\\/archives\\\/1018783\"},\"author\":{\"name\":\"darka mazi\",\"@id\":\"https:\\\/\\\/darkamazi.site\\\/#\\\/schema\\\/person\\\/67986a95ac546c16760365877ef4a9d3\"},\"headline\":\"Ba\u015fbakan Barzani, K\u00fcresel Enerji Formunda konu\u015ftu: K\u00fcrdistan B\u00f6lgesi k\u0131sa s\u00fcrede \u00f6nemli bir enerji merkezi olacak\",\"datePublished\":\"2022-03-28T12:27:57+00:00\",\"mainEntityOfPage\":{\"@id\":\"https:\\\/\\\/darkamazi.site\\\/archives\\\/1018783\"},\"wordCount\":150,\"publisher\":{\"@id\":\"https:\\\/\\\/darkamazi.site\\\/#organization\"},\"image\":{\"@id\":\"https:\\\/\\\/darkamazi.site\\\/archives\\\/1018783#primaryimage\"},\"thumbnailUrl\":\"https:\\\/\\\/darkamazi.site\\\/darka-content\\\/uploads\\\/2022\\\/03\\\/PM-1.jpg\",\"keywords\":[\"\u00f6nemli\"],\"articleSection\":[\"Kurdistan\"],\"inLanguage\":\"en-US\"},{\"@type\":\"WebPage\",\"@id\":\"https:\\\/\\\/darkamazi.site\\\/archives\\\/1018783\",\"url\":\"https:\\\/\\\/darkamazi.site\\\/archives\\\/1018783\",\"name\":\"Ba\u015fbakan Barzani, K\u00fcresel Enerji Formunda konu\u015ftu: K\u00fcrdistan B\u00f6lgesi k\u0131sa s\u00fcrede \u00f6nemli bir enerji merkezi olacak - Darka Mazi\",\"isPartOf\":{\"@id\":\"https:\\\/\\\/darkamazi.site\\\/#website\"},\"primaryImageOfPage\":{\"@id\":\"https:\\\/\\\/darkamazi.site\\\/archives\\\/1018783#primaryimage\"},\"image\":{\"@id\":\"https:\\\/\\\/darkamazi.site\\\/archives\\\/1018783#primaryimage\"},\"thumbnailUrl\":\"https:\\\/\\\/darkamazi.site\\\/darka-content\\\/uploads\\\/2022\\\/03\\\/PM-1.jpg\",\"datePublished\":\"2022-03-28T12:27:57+00:00\",\"breadcrumb\":{\"@id\":\"https:\\\/\\\/darkamazi.site\\\/archives\\\/1018783#breadcrumb\"},\"inLanguage\":\"en-US\",\"potentialAction\":[{\"@type\":\"ReadAction\",\"target\":[\"https:\\\/\\\/darkamazi.site\\\/archives\\\/1018783\"]}]},{\"@type\":\"ImageObject\",\"inLanguage\":\"en-US\",\"@id\":\"https:\\\/\\\/darkamazi.site\\\/archives\\\/1018783#primaryimage\",\"url\":\"https:\\\/\\\/darkamazi.site\\\/darka-content\\\/uploads\\\/2022\\\/03\\\/PM-1.jpg\",\"contentUrl\":\"https:\\\/\\\/darkamazi.site\\\/darka-content\\\/uploads\\\/2022\\\/03\\\/PM-1.jpg\",\"width\":710,\"height\":343,\"caption\":\"Ba\u015fbakan Barzani, K\u00fcresel Enerji Formunda konu\u015ftu: K\u00fcrdistan B\u00f6lgesi k\u0131sa s\u00fcrede \u00f6nemli bir enerji merkezi olacak\"},{\"@type\":\"BreadcrumbList\",\"@id\":\"https:\\\/\\\/darkamazi.site\\\/archives\\\/1018783#breadcrumb\",\"itemListElement\":[{\"@type\":\"ListItem\",\"position\":1,\"name\":\"Home\",\"item\":\"https:\\\/\\\/darkamazi.site\\\/\"},{\"@type\":\"ListItem\",\"position\":2,\"name\":\"Ba\u015fbakan Barzani, K\u00fcresel Enerji Formunda konu\u015ftu: K\u00fcrdistan B\u00f6lgesi k\u0131sa s\u00fcrede \u00f6nemli bir enerji merkezi olacak\"}]},{\"@type\":\"WebSite\",\"@id\":\"https:\\\/\\\/darkamazi.site\\\/#website\",\"url\":\"https:\\\/\\\/darkamazi.site\\\/\",\"name\":\"Darka Mazi\",\"description\":\"Ana Sayfa\",\"publisher\":{\"@id\":\"https:\\\/\\\/darkamazi.site\\\/#organization\"},\"potentialAction\":[{\"@type\":\"SearchAction\",\"target\":{\"@type\":\"EntryPoint\",\"urlTemplate\":\"https:\\\/\\\/darkamazi.site\\\/?s={search_term_string}\"},\"query-input\":{\"@type\":\"PropertyValueSpecification\",\"valueRequired\":true,\"valueName\":\"search_term_string\"}}],\"inLanguage\":\"en-US\"},{\"@type\":\"Organization\",\"@id\":\"https:\\\/\\\/darkamazi.site\\\/#organization\",\"name\":\"Darka Mazi T\u00fcrk\u00e7e\",\"alternateName\":\"Darka Mazi\",\"url\":\"https:\\\/\\\/darkamazi.site\\\/\",\"logo\":{\"@type\":\"ImageObject\",\"inLanguage\":\"en-US\",\"@id\":\"https:\\\/\\\/darkamazi.site\\\/#\\\/schema\\\/logo\\\/image\\\/\",\"url\":\"https:\\\/\\\/darkamazi.site\\\/darka-content\\\/uploads\\\/2017\\\/12\\\/darka-mazi-logo.png\",\"contentUrl\":\"https:\\\/\\\/darkamazi.site\\\/darka-content\\\/uploads\\\/2017\\\/12\\\/darka-mazi-logo.png\",\"width\":151,\"height\":75,\"caption\":\"Darka Mazi T\u00fcrk\u00e7e\"},\"image\":{\"@id\":\"https:\\\/\\\/darkamazi.site\\\/#\\\/schema\\\/logo\\\/image\\\/\"},\"sameAs\":[\"https:\\\/\\\/www.facebook.com\\\/DarkaMaziturkce\",\"https:\\\/\\\/x.com\\\/DarkaMaziTurkce\"]},{\"@type\":\"Person\",\"@id\":\"https:\\\/\\\/darkamazi.site\\\/#\\\/schema\\\/person\\\/67986a95ac546c16760365877ef4a9d3\",\"name\":\"darka mazi\",\"sameAs\":[\"https:\\\/\\\/darkamazi.site\"],\"url\":\"https:\\\/\\\/darkamazi.site\\\/archives\\\/author\\\/turkish\"}]}<\/script>\n<!-- \/ Yoast SEO plugin. -->","seo_head_json":{"title":"Ba\u015fbakan Barzani, K\u00fcresel Enerji Formunda konu\u015ftu: K\u00fcrdistan B\u00f6lgesi k\u0131sa s\u00fcrede \u00f6nemli bir enerji merkezi olacak - Darka Mazi","robots":{"index":"index","follow":"follow","max-snippet":"max-snippet:-1","max-image-preview":"max-image-preview:large","max-video-preview":"max-video-preview:-1"},"canonical":"https:\/\/darkamazi.site\/archives\/1018783","og_locale":"en_US","og_type":"article","og_title":"Ba\u015fbakan Barzani, K\u00fcresel Enerji Formunda konu\u015ftu: K\u00fcrdistan B\u00f6lgesi k\u0131sa s\u00fcrede \u00f6nemli bir enerji merkezi olacak - Darka Mazi","og_description":"Ba\u015fbakan Mesrur Barzani, K\u00fcrdistan B\u00f6lgesi\u2019nin k\u0131sa bir s\u00fcre i\u00e7erisinde \u00f6nemli bir enerji merkezi olaca\u011f\u0131n\u0131 s\u00f6yledi. Ba\u015fbakan Mesrur Barzani Birle\u015fik Arap Emirlikleri\u2019nde d\u00fczenlenen 6\u2019\u0131nc\u0131s\u0131 d\u00fczenlenen\u00a0K\u00fcresel\u00a0Enerji Formunda konu\u015ftu. Ba\u015fbakan Mesrur Barzani K\u00fcrdistan B\u00f6lgesi\u2019nin k\u0131sa bir s\u00fcre i\u00e7erisinde \u00f6nemli bir enerji merkezi olaca\u011f\u0131n\u0131 belirterek, K\u00fcrdistan B\u00f6lgesi\u2019nin BAE\u2019nin tecr\u00fcbelerinden faydaland\u0131\u011f\u0131n\u0131 s\u00f6yledi. Ba\u015fbakan Mesrur Barzani konu\u015fmas\u0131nda &#8220;Irak ve K\u00fcrdistan B\u00f6lgesi&#8217;nin\u00a0enerji [&hellip;]","og_url":"https:\/\/darkamazi.site\/archives\/1018783","og_site_name":"Darka Mazi","article_publisher":"https:\/\/www.facebook.com\/DarkaMaziturkce","article_published_time":"2022-03-28T12:27:57+00:00","og_image":[{"width":710,"height":343,"url":"https:\/\/darkamazi.site\/file\/2022\/03\/PM-1.jpg","type":"image\/jpeg"}],"author":"darka mazi","twitter_card":"summary_large_image","twitter_creator":"@DarkaMaziTurkce","twitter_site":"@DarkaMaziTurkce","twitter_misc":{"Written by":"darka mazi","Est. reading time":"1 minute"},"schema":{"@context":"https:\/\/schema.org","@graph":[{"@type":"NewsArticle","@id":"https:\/\/darkamazi.site\/archives\/1018783#article","isPartOf":{"@id":"https:\/\/darkamazi.site\/archives\/1018783"},"author":{"name":"darka mazi","@id":"https:\/\/darkamazi.site\/#\/schema\/person\/67986a95ac546c16760365877ef4a9d3"},"headline":"Ba\u015fbakan Barzani, K\u00fcresel Enerji Formunda konu\u015ftu: K\u00fcrdistan B\u00f6lgesi k\u0131sa s\u00fcrede \u00f6nemli bir enerji merkezi olacak","datePublished":"2022-03-28T12:27:57+00:00","mainEntityOfPage":{"@id":"https:\/\/darkamazi.site\/archives\/1018783"},"wordCount":150,"publisher":{"@id":"https:\/\/darkamazi.site\/#organization"},"image":{"@id":"https:\/\/darkamazi.site\/archives\/1018783#primaryimage"},"thumbnailUrl":"https:\/\/darkamazi.site\/file\/2022\/03\/PM-1.jpg","keywords":["\u00f6nemli"],"articleSection":["Kurdistan"],"inLanguage":"en-US"},{"@type":"WebPage","@id":"https:\/\/darkamazi.site\/archives\/1018783","url":"https:\/\/darkamazi.site\/archives\/1018783","name":"Ba\u015fbakan Barzani, K\u00fcresel Enerji Formunda konu\u015ftu: K\u00fcrdistan B\u00f6lgesi k\u0131sa s\u00fcrede \u00f6nemli bir enerji merkezi olacak - Darka Mazi","isPartOf":{"@id":"https:\/\/darkamazi.site\/#website"},"primaryImageOfPage":{"@id":"https:\/\/darkamazi.site\/archives\/1018783#primaryimage"},"image":{"@id":"https:\/\/darkamazi.site\/archives\/1018783#primaryimage"},"thumbnailUrl":"https:\/\/darkamazi.site\/file\/2022\/03\/PM-1.jpg","datePublished":"2022-03-28T12:27:57+00:00","breadcrumb":{"@id":"https:\/\/darkamazi.site\/archives\/1018783#breadcrumb"},"inLanguage":"en-US","potentialAction":[{"@type":"ReadAction","target":["https:\/\/darkamazi.site\/archives\/1018783"]}]},{"@type":"ImageObject","inLanguage":"en-US","@id":"https:\/\/darkamazi.site\/archives\/1018783#primaryimage","url":"https:\/\/darkamazi.site\/file\/2022\/03\/PM-1.jpg","contentUrl":"https:\/\/darkamazi.site\/file\/2022\/03\/PM-1.jpg","width":710,"height":343,"caption":"Ba\u015fbakan Barzani, K\u00fcresel Enerji Formunda konu\u015ftu: K\u00fcrdistan B\u00f6lgesi k\u0131sa s\u00fcrede \u00f6nemli bir enerji merkezi olacak"},{"@type":"BreadcrumbList","@id":"https:\/\/darkamazi.site\/archives\/1018783#breadcrumb","itemListElement":[{"@type":"ListItem","position":1,"name":"Home","item":"https:\/\/darkamazi.site\/"},{"@type":"ListItem","position":2,"name":"Ba\u015fbakan Barzani, K\u00fcresel Enerji Formunda konu\u015ftu: K\u00fcrdistan B\u00f6lgesi k\u0131sa s\u00fcrede \u00f6nemli bir enerji merkezi olacak"}]},{"@type":"WebSite","@id":"https:\/\/darkamazi.site\/#website","url":"https:\/\/darkamazi.site\/","name":"Darka Mazi","description":"Ana Sayfa","publisher":{"@id":"https:\/\/darkamazi.site\/#organization"},"potentialAction":[{"@type":"SearchAction","target":{"@type":"EntryPoint","urlTemplate":"https:\/\/darkamazi.site\/?s={search_term_string}"},"query-input":{"@type":"PropertyValueSpecification","valueRequired":true,"valueName":"search_term_string"}}],"inLanguage":"en-US"},{"@type":"Organization","@id":"https:\/\/darkamazi.site\/#organization","name":"Darka Mazi T\u00fcrk\u00e7e","alternateName":"Darka Mazi","url":"https:\/\/darkamazi.site\/","logo":{"@type":"ImageObject","inLanguage":"en-US","@id":"https:\/\/darkamazi.site\/#\/schema\/logo\/image\/","url":"https:\/\/darkamazi.site\/file\/2017\/12\/darka-mazi-logo.png","contentUrl":"https:\/\/darkamazi.site\/file\/2017\/12\/darka-mazi-logo.png","width":151,"height":75,"caption":"Darka Mazi T\u00fcrk\u00e7e"},"image":{"@id":"https:\/\/darkamazi.site\/#\/schema\/logo\/image\/"},"sameAs":["https:\/\/www.facebook.com\/DarkaMaziturkce","https:\/\/x.com\/DarkaMaziTurkce"]},{"@type":"Person","@id":"https:\/\/darkamazi.site\/#\/schema\/person\/67986a95ac546c16760365877ef4a9d3","name":"darka mazi","sameAs":["https:\/\/darkamazi.site"],"url":"https:\/\/darkamazi.site\/archives\/author\/turkish"}]}},"_links":{"self":[{"href":"https:\/\/darkamazi.site\/funavuv\/wp\/v2\/posts\/1018783","targetHints":{"allow":["GET"]}}],"collection":[{"href":"https:\/\/darkamazi.site\/funavuv\/wp\/v2\/posts"}],"about":[{"href":"https:\/\/darkamazi.site\/funavuv\/wp\/v2\/types\/post"}],"author":[{"embeddable":true,"href":"https:\/\/darkamazi.site\/funavuv\/wp\/v2\/users\/2"}],"replies":[{"embeddable":true,"href":"https:\/\/darkamazi.site\/funavuv\/wp\/v2\/comments?post=1018783"}],"version-history":[{"count":0,"href":"https:\/\/darkamazi.site\/funavuv\/wp\/v2\/posts\/1018783\/revisions"}],"wp:featuredmedia":[{"embeddable":true,"href":"https:\/\/darkamazi.site\/funavuv\/wp\/v2\/media\/1018784"}],"wp:attachment":[{"href":"https:\/\/darkamazi.site\/funavuv\/wp\/v2\/media?parent=1018783"}],"wp:term":[{"taxonomy":"category","embeddable":true,"href":"https:\/\/darkamazi.site\/funavuv\/wp\/v2\/categories?post=1018783"},{"taxonomy":"post_tag","embeddable":true,"href":"https:\/\/darkamazi.site\/funavuv\/wp\/v2\/tags?post=1018783"}],"curies":[{"name":"wp","href":"https:\/\/api.w.org\/{rel}","templated":true}]}}