{"id":1018946,"date":"2022-04-10T09:59:07","date_gmt":"2022-04-10T06:59:07","guid":{"rendered":"https:\/\/darkamazi.site\/?p=1018946"},"modified":"2022-04-10T09:59:07","modified_gmt":"2022-04-10T06:59:07","slug":"ybs-ve-hasdi-sabi-guclerinin-ortak-operasyonun-nedenleri-ve-erbile-atilan-fuzeler","status":"publish","type":"post","link":"https:\/\/darkamazi.site\/archives\/1018946","title":{"rendered":"YB\u015e ve Ha\u015fdi \u015eabi g\u00fc\u00e7lerinin ortak operasyonun nedenleri ve Erbil\u2019e at\u0131lan f\u00fczeler"},"content":{"rendered":"<p style=\"text-align: justify\">PKK\u2019nin S\u00fcleymaniye\u2019de yay\u0131n yapan yay\u0131n organ\u0131 RojNews, 2 Nisan g\u00fcn\u00fc sosyal medya hesab\u0131ndan PKK\u2019ye ba\u011fl\u0131 YB\u015e g\u00fc\u00e7leri ile Irak\u2019taki \u0130ran yanl\u0131s\u0131 Ha\u015fdi \u015eabi g\u00fc\u00e7lerinin ortak operasyonunun payla\u015fm\u0131\u015ft\u0131.<\/p>\n<p style=\"text-align: justify\">D\u00fcn gece ise K\u00fcrdistan B\u00f6lgesinin ba\u015fkenti Hewler yak\u0131nlar\u0131na yine f\u00fcze ile sald\u0131r\u0131 d\u00fczenlendi. F\u00fczeler Kewirgosk\u2019taki petrol rafinerilerine yak\u0131n d\u00fc\u015ft\u00fc. F\u00fczelerin ise Musul yak\u0131nlar\u0131ndan at\u0131ld\u0131\u011f\u0131 belirtildi. Yani f\u00fczeleri atan yerin Ha\u015fdi \u015eabi olma olas\u0131l\u0131\u011f\u0131 y\u00fcksek. Elbette ki bu Ha\u015fdi \u015eabi\u2019nin ilk K\u00fcrdistan sald\u0131r\u0131s\u0131 de\u011fil. Daha \u00f6ncede de buna benzer sald\u0131r\u0131lar yap\u0131ld\u0131. En son olarak \u0130ran 13 Mart gecesi K\u00fcrdistan B\u00f6lgesi ba\u015fkenti Erbil\u2019e 12 f\u00fcze ile sald\u0131r\u0131 d\u00fczenlemi\u015fti.<\/p>\n<p style=\"text-align: justify\">Evet i\u015fin ilginci Musul\u2019da birka\u00e7 g\u00fcn \u00f6nce PKK\u2019nin \u015eengal g\u00fcc\u00fc YB\u015e ile Ha\u015fdi \u015eabi\u2019nin ortak operasyon g\u00f6r\u00fcnt\u00fclerini yay\u0131nlamas\u0131yd\u0131. RojNews\u2019in yay\u0131nlad\u0131\u011f\u0131 g\u00f6r\u00fcnt\u00fclerin tarihi belirtilmiyor. Fakat haberin yay\u0131nlama bi\u00e7imi sadece haber i\u00e7erikli olmad\u0131\u011f\u0131 ve asl\u0131nda bu haber ile dolayl\u0131 bir mesaj verilmek istendi\u011fidir. Burada verilen mesaj Ha\u015fdi \u015eabi ile ortakl\u0131\u011f\u0131n\u0131 askeri mecrada s\u00fcrd\u00fcrmektir.<\/p>\n<p style=\"text-align: justify\">\u0130ran\u2019a yanl\u0131s\u0131 Ha\u015fdi \u015eabi g\u00fc\u00e7leri I\u015e\u0130D\u2019in \u015eii versiyonu olarak biliniyor ve K\u00fcrtlere kar\u015f\u0131tl\u0131\u011f\u0131n\u0131 her bi\u00e7imde ortaya koyuyor. PKK ise I\u015e\u0130D\u2019in Irak\u2019a sald\u0131rd\u0131\u011f\u0131 2013 y\u0131l\u0131ndan bu yana \u0130ran\u2019\u0131n y\u00f6nlendirmesi ile Irak devleti i\u00e7indeki bir \u015eii kanat ve Ha\u015fdi \u015eabi ile ili\u015fkilendi. \u0130ran\u2019\u0131n \u015eii hilal projesinin bir devam\u0131 olan \u015eengal\u2019in K\u00fcrdistan B\u00f6lgesinden kopar\u0131lmas\u0131 projesinin devam\u0131 olarak PKK \u015eengal\u2019de Ha\u015fdi \u015eabi bayra\u011f\u0131 alt\u0131nda bir askeri g\u00fc\u00e7 topland\u0131. PKK\u2019nin Ha\u015fdi \u015eabi bayra\u011f\u0131 ta\u015f\u0131yan g\u00fcc\u00fc YB\u015e ise t\u00fcmden K\u00fcrdistan B\u00f6lgesi ve Pe\u015fmerge d\u00fc\u015fmanl\u0131\u011f\u0131na odaklanm\u0131\u015f durumda.<\/p>\n<p style=\"text-align: justify\">\u00a0Her a\u00e7\u0131dan K\u00fcrdistan B\u00f6lgesinin d\u00fc\u015fman\u0131 olan Ha\u015fdi \u015eabi\u2019nin orta\u011f\u0131 olan YB\u015e\u2019nin as\u0131l misyonu \u0130ran\u2019\u0131n olas\u0131 bir sald\u0131r\u0131s\u0131nda K\u00fcrdistan B\u00f6lgesine sald\u0131rmak olarak g\u00f6r\u00fcl\u00fcyor. \u00c7\u00fcnk\u00fc Irak ve \u0130ran gibi herhangi bir ordunun sald\u0131rmas\u0131 kar\u015f\u0131s\u0131nda K\u00fcrtlerin verece\u011fi genel tepki bilindi\u011fi i\u00e7in PKK olay\u0131 K\u00fcrtler aras\u0131 bir \u00e7at\u0131\u015fma olarak yans\u0131tmak istiyor.<\/p>\n<p style=\"text-align: justify\">PKK medyas\u0131n\u0131n uzun bir d\u00f6nemdir K\u00fcrdistan B\u00f6lgesini karalamak i\u00e7in yapt\u0131\u011f\u0131 yay\u0131nlar basit bir karalama kampanyas\u0131 veya basit bir rekabet olay\u0131ndan \u00e7ok daha detayl\u0131 d\u00fc\u015f\u00fcn\u00fclm\u00fc\u015f bir plan\u0131n par\u00e7as\u0131d\u0131r. Bu plan k\u0131saca anti-K\u00fcrt cephesi dedi\u011fimiz \u00e7evreye aittir. Bu cephe plan\u0131n\u0131 K\u00fcrdistan B\u00f6lgesini stat\u00fcs\u00fcn\u00fc uluslararas\u0131 toplumun ve K\u00fcrt halk\u0131n\u0131n tepkisi \u00e7ekmeden yapa bilmektir. Bunun i\u00e7inde PKK\u2019yi bu plan\u0131n stratejik bir yerine yerle\u015ftirmi\u015flerdir. PKK, K\u00fcrdistan B\u00f6lgesine yap\u0131lan sald\u0131r\u0131y\u0131 KDP\u2019yi yap\u0131lan sald\u0131r\u0131 gibi g\u00f6stermek, K\u00fcrdistan B\u00f6lgesinin kendini y\u00f6netmesine d\u00f6n\u00fck yap\u0131lan sald\u0131r\u0131y\u0131 ise s\u0131n\u0131fsal ve ekonomik baz\u0131 kavramlar alt\u0131nda gizlemek ile g\u00f6revlendirilmi\u015ftir.<br \/>\nPKK K\u00fcrt halk\u0131nda K\u00fcrdistan B\u00f6lgesine yap\u0131lan sald\u0131r\u0131lar\u0131 ve yok etme giri\u015fimlerini normalle\u015ftirmek gibi bir psikolojik alt yap\u0131 haz\u0131rlamakla g\u00f6revlidir. Ayr\u0131ca e\u011fer \u00f6n\u00fcm\u00fczdeki d\u00f6nemde K\u00fcrdistan B\u00f6lgesine yap\u0131lan sald\u0131r\u0131lar so\u011fuk ve \u00f6rt\u00fcl\u00fc bir s\u00fcre\u00e7ten \u00e7\u0131k\u0131p aleni ve aktif bir hal al\u0131rsa da PKK bu sald\u0131r\u0131lar\u0131n i\u00e7inde de\u011fi\u015fik isimlerle yer alacak. Bu isimlerden biri de YB\u015e\u2019dir. \u00c7\u00fcnk\u00fc PKK direk kendi ad\u0131na yapt\u0131\u011f\u0131 sald\u0131r\u0131larda tepki g\u00f6rd\u00fc, ayr\u0131ca kendisi bir ter\u00f6r \u00f6rg\u00fct\u00fc olarak kabul edildi\u011fi YB\u015e, PKK\u2019nin K\u00fcrdistan B\u00f6lgesine yapaca\u011f\u0131 sald\u0131r\u0131larda kullan\u0131lacakt\u0131r.<\/p>\n<p style=\"text-align: justify\">PKK\u2019nin Irak bayra\u011f\u0131n\u0131 K\u00fcrdistan topra\u011f\u0131 olan \u015eengal\u2019de kald\u0131rmas\u0131, K\u00fcrdistan bayra\u011f\u0131n\u0131 ret etmesi, bunu askeri bir g\u00f6vde g\u00f6sterisine d\u00f6kmesi K\u00fcrdistan B\u00f6lgesi stat\u00fcs\u00fcne sald\u0131ran g\u00fc\u00e7lerin ta\u015feronu olarak kullan\u0131ld\u0131\u011f\u0131n\u0131n a\u00e7\u0131k iland\u0131r.<\/p>\n<p style=\"text-align: justify\">Bu nedenle Ha\u015fdi \u015eabi\u2019nin ve \u0130ran\u2019\u0131n K\u00fcrdistan B\u00f6lgesine her sald\u0131r\u0131\u015f\u0131n\u0131n ard\u0131nda PKK\u2019nin izlerini, PKK\u2019nin her sald\u0131r\u0131s\u0131n\u0131n ard\u0131nda da \u0130ran ve Ha\u015fdi \u015eabi izlerini aramak yanl\u0131\u015f olmayacakt\u0131r.<\/p>\n","protected":false},"excerpt":{"rendered":"<p>PKK\u2019nin S\u00fcleymaniye\u2019de yay\u0131n yapan yay\u0131n organ\u0131 RojNews, 2 Nisan g\u00fcn\u00fc sosyal medya hesab\u0131ndan PKK\u2019ye ba\u011fl\u0131 YB\u015e g\u00fc\u00e7leri ile Irak\u2019taki \u0130ran yanl\u0131s\u0131 Ha\u015fdi \u015eabi g\u00fc\u00e7lerinin ortak operasyonunun payla\u015fm\u0131\u015ft\u0131. D\u00fcn gece ise K\u00fcrdistan B\u00f6lgesinin ba\u015fkenti Hewler yak\u0131nlar\u0131na yine f\u00fcze ile sald\u0131r\u0131 d\u00fczenlendi. F\u00fczeler Kewirgosk\u2019taki petrol rafinerilerine yak\u0131n d\u00fc\u015ft\u00fc. F\u00fczelerin ise Musul yak\u0131nlar\u0131ndan at\u0131ld\u0131\u011f\u0131 belirtildi. Yani f\u00fczeleri atan [&hellip;]<\/p>\n","protected":false},"author":2,"featured_media":1018947,"comment_status":"closed","ping_status":"closed","sticky":false,"template":"","format":"standard","meta":{"footnotes":""},"categories":[3],"tags":[31],"class_list":["post-1018946","post","type-post","status-publish","format-standard","has-post-thumbnail","hentry","category-kurdistan","tag-onemli"],"blocksy_meta":[],"seo_head":"<!-- This site is optimized with the Yoast SEO plugin v27.5 - https:\/\/yoast.com\/product\/yoast-seo-wordpress\/ -->\n<title>YB\u015e ve Ha\u015fdi \u015eabi g\u00fc\u00e7lerinin ortak operasyonun nedenleri ve Erbil\u2019e at\u0131lan f\u00fczeler - Darka Mazi<\/title>\n<meta name=\"robots\" content=\"index, follow, max-snippet:-1, max-image-preview:large, max-video-preview:-1\" \/>\n<link rel=\"canonical\" href=\"https:\/\/darkamazi.site\/archives\/1018946\" \/>\n<meta property=\"og:locale\" content=\"en_US\" \/>\n<meta property=\"og:type\" content=\"article\" \/>\n<meta property=\"og:title\" content=\"YB\u015e ve Ha\u015fdi \u015eabi g\u00fc\u00e7lerinin ortak operasyonun nedenleri ve Erbil\u2019e at\u0131lan f\u00fczeler - Darka Mazi\" \/>\n<meta property=\"og:description\" content=\"PKK\u2019nin S\u00fcleymaniye\u2019de yay\u0131n yapan yay\u0131n organ\u0131 RojNews, 2 Nisan g\u00fcn\u00fc sosyal medya hesab\u0131ndan PKK\u2019ye ba\u011fl\u0131 YB\u015e g\u00fc\u00e7leri ile Irak\u2019taki \u0130ran yanl\u0131s\u0131 Ha\u015fdi \u015eabi g\u00fc\u00e7lerinin ortak operasyonunun payla\u015fm\u0131\u015ft\u0131. D\u00fcn gece ise K\u00fcrdistan B\u00f6lgesinin ba\u015fkenti Hewler yak\u0131nlar\u0131na yine f\u00fcze ile sald\u0131r\u0131 d\u00fczenlendi. F\u00fczeler Kewirgosk\u2019taki petrol rafinerilerine yak\u0131n d\u00fc\u015ft\u00fc. F\u00fczelerin ise Musul yak\u0131nlar\u0131ndan at\u0131ld\u0131\u011f\u0131 belirtildi. Yani f\u00fczeleri atan [&hellip;]\" \/>\n<meta property=\"og:url\" content=\"https:\/\/darkamazi.site\/archives\/1018946\" \/>\n<meta property=\"og:site_name\" content=\"Darka Mazi\" \/>\n<meta property=\"article:publisher\" content=\"https:\/\/www.facebook.com\/DarkaMaziturkce\" \/>\n<meta property=\"article:published_time\" content=\"2022-04-10T06:59:07+00:00\" \/>\n<meta property=\"og:image\" content=\"https:\/\/darkamazi.site\/file\/2022\/04\/FP5HHCYWQAQVLDY.jpg\" \/>\n\t<meta property=\"og:image:width\" content=\"900\" \/>\n\t<meta property=\"og:image:height\" content=\"497\" \/>\n\t<meta property=\"og:image:type\" content=\"image\/jpeg\" \/>\n<meta name=\"author\" content=\"darka mazi\" \/>\n<meta name=\"twitter:card\" content=\"summary_large_image\" \/>\n<meta name=\"twitter:creator\" content=\"@DarkaMaziTurkce\" \/>\n<meta name=\"twitter:site\" content=\"@DarkaMaziTurkce\" \/>\n<meta name=\"twitter:label1\" content=\"Written by\" \/>\n\t<meta name=\"twitter:data1\" content=\"darka mazi\" \/>\n\t<meta name=\"twitter:label2\" content=\"Est. reading time\" \/>\n\t<meta name=\"twitter:data2\" content=\"3 minutes\" \/>\n<script type=\"application\/ld+json\" class=\"seo-schema-graph\">{\"@context\":\"https:\\\/\\\/schema.org\",\"@graph\":[{\"@type\":\"NewsArticle\",\"@id\":\"https:\\\/\\\/darkamazi.site\\\/archives\\\/1018946#article\",\"isPartOf\":{\"@id\":\"https:\\\/\\\/darkamazi.site\\\/archives\\\/1018946\"},\"author\":{\"name\":\"darka mazi\",\"@id\":\"https:\\\/\\\/darkamazi.site\\\/#\\\/schema\\\/person\\\/67986a95ac546c16760365877ef4a9d3\"},\"headline\":\"YB\u015e ve Ha\u015fdi \u015eabi g\u00fc\u00e7lerinin ortak operasyonun nedenleri ve Erbil\u2019e at\u0131lan f\u00fczeler\",\"datePublished\":\"2022-04-10T06:59:07+00:00\",\"mainEntityOfPage\":{\"@id\":\"https:\\\/\\\/darkamazi.site\\\/archives\\\/1018946\"},\"wordCount\":789,\"publisher\":{\"@id\":\"https:\\\/\\\/darkamazi.site\\\/#organization\"},\"image\":{\"@id\":\"https:\\\/\\\/darkamazi.site\\\/archives\\\/1018946#primaryimage\"},\"thumbnailUrl\":\"https:\\\/\\\/darkamazi.site\\\/darka-content\\\/uploads\\\/2022\\\/04\\\/FP5HHCYWQAQVLDY.jpg\",\"keywords\":[\"\u00f6nemli\"],\"articleSection\":[\"Kurdistan\"],\"inLanguage\":\"en-US\"},{\"@type\":\"WebPage\",\"@id\":\"https:\\\/\\\/darkamazi.site\\\/archives\\\/1018946\",\"url\":\"https:\\\/\\\/darkamazi.site\\\/archives\\\/1018946\",\"name\":\"YB\u015e ve Ha\u015fdi \u015eabi g\u00fc\u00e7lerinin ortak operasyonun nedenleri ve Erbil\u2019e at\u0131lan f\u00fczeler - Darka Mazi\",\"isPartOf\":{\"@id\":\"https:\\\/\\\/darkamazi.site\\\/#website\"},\"primaryImageOfPage\":{\"@id\":\"https:\\\/\\\/darkamazi.site\\\/archives\\\/1018946#primaryimage\"},\"image\":{\"@id\":\"https:\\\/\\\/darkamazi.site\\\/archives\\\/1018946#primaryimage\"},\"thumbnailUrl\":\"https:\\\/\\\/darkamazi.site\\\/darka-content\\\/uploads\\\/2022\\\/04\\\/FP5HHCYWQAQVLDY.jpg\",\"datePublished\":\"2022-04-10T06:59:07+00:00\",\"breadcrumb\":{\"@id\":\"https:\\\/\\\/darkamazi.site\\\/archives\\\/1018946#breadcrumb\"},\"inLanguage\":\"en-US\",\"potentialAction\":[{\"@type\":\"ReadAction\",\"target\":[\"https:\\\/\\\/darkamazi.site\\\/archives\\\/1018946\"]}]},{\"@type\":\"ImageObject\",\"inLanguage\":\"en-US\",\"@id\":\"https:\\\/\\\/darkamazi.site\\\/archives\\\/1018946#primaryimage\",\"url\":\"https:\\\/\\\/darkamazi.site\\\/darka-content\\\/uploads\\\/2022\\\/04\\\/FP5HHCYWQAQVLDY.jpg\",\"contentUrl\":\"https:\\\/\\\/darkamazi.site\\\/darka-content\\\/uploads\\\/2022\\\/04\\\/FP5HHCYWQAQVLDY.jpg\",\"width\":900,\"height\":497,\"caption\":\"YB\u015e ve Ha\u015fdi \u015eabi g\u00fc\u00e7lerinin ortak operasyonun nedenleri ve Erbil\u2019e at\u0131lan f\u00fczeler\"},{\"@type\":\"BreadcrumbList\",\"@id\":\"https:\\\/\\\/darkamazi.site\\\/archives\\\/1018946#breadcrumb\",\"itemListElement\":[{\"@type\":\"ListItem\",\"position\":1,\"name\":\"Home\",\"item\":\"https:\\\/\\\/darkamazi.site\\\/\"},{\"@type\":\"ListItem\",\"position\":2,\"name\":\"YB\u015e ve Ha\u015fdi \u015eabi g\u00fc\u00e7lerinin ortak operasyonun nedenleri ve Erbil\u2019e at\u0131lan f\u00fczeler\"}]},{\"@type\":\"WebSite\",\"@id\":\"https:\\\/\\\/darkamazi.site\\\/#website\",\"url\":\"https:\\\/\\\/darkamazi.site\\\/\",\"name\":\"Darka Mazi\",\"description\":\"Ana Sayfa\",\"publisher\":{\"@id\":\"https:\\\/\\\/darkamazi.site\\\/#organization\"},\"potentialAction\":[{\"@type\":\"SearchAction\",\"target\":{\"@type\":\"EntryPoint\",\"urlTemplate\":\"https:\\\/\\\/darkamazi.site\\\/?s={search_term_string}\"},\"query-input\":{\"@type\":\"PropertyValueSpecification\",\"valueRequired\":true,\"valueName\":\"search_term_string\"}}],\"inLanguage\":\"en-US\"},{\"@type\":\"Organization\",\"@id\":\"https:\\\/\\\/darkamazi.site\\\/#organization\",\"name\":\"Darka Mazi T\u00fcrk\u00e7e\",\"alternateName\":\"Darka Mazi\",\"url\":\"https:\\\/\\\/darkamazi.site\\\/\",\"logo\":{\"@type\":\"ImageObject\",\"inLanguage\":\"en-US\",\"@id\":\"https:\\\/\\\/darkamazi.site\\\/#\\\/schema\\\/logo\\\/image\\\/\",\"url\":\"https:\\\/\\\/darkamazi.site\\\/darka-content\\\/uploads\\\/2017\\\/12\\\/darka-mazi-logo.png\",\"contentUrl\":\"https:\\\/\\\/darkamazi.site\\\/darka-content\\\/uploads\\\/2017\\\/12\\\/darka-mazi-logo.png\",\"width\":151,\"height\":75,\"caption\":\"Darka Mazi T\u00fcrk\u00e7e\"},\"image\":{\"@id\":\"https:\\\/\\\/darkamazi.site\\\/#\\\/schema\\\/logo\\\/image\\\/\"},\"sameAs\":[\"https:\\\/\\\/www.facebook.com\\\/DarkaMaziturkce\",\"https:\\\/\\\/x.com\\\/DarkaMaziTurkce\"]},{\"@type\":\"Person\",\"@id\":\"https:\\\/\\\/darkamazi.site\\\/#\\\/schema\\\/person\\\/67986a95ac546c16760365877ef4a9d3\",\"name\":\"darka mazi\",\"sameAs\":[\"https:\\\/\\\/darkamazi.site\"],\"url\":\"https:\\\/\\\/darkamazi.site\\\/archives\\\/author\\\/turkish\"}]}<\/script>\n<!-- \/ Yoast SEO plugin. -->","seo_head_json":{"title":"YB\u015e ve Ha\u015fdi \u015eabi g\u00fc\u00e7lerinin ortak operasyonun nedenleri ve Erbil\u2019e at\u0131lan f\u00fczeler - Darka Mazi","robots":{"index":"index","follow":"follow","max-snippet":"max-snippet:-1","max-image-preview":"max-image-preview:large","max-video-preview":"max-video-preview:-1"},"canonical":"https:\/\/darkamazi.site\/archives\/1018946","og_locale":"en_US","og_type":"article","og_title":"YB\u015e ve Ha\u015fdi \u015eabi g\u00fc\u00e7lerinin ortak operasyonun nedenleri ve Erbil\u2019e at\u0131lan f\u00fczeler - Darka Mazi","og_description":"PKK\u2019nin S\u00fcleymaniye\u2019de yay\u0131n yapan yay\u0131n organ\u0131 RojNews, 2 Nisan g\u00fcn\u00fc sosyal medya hesab\u0131ndan PKK\u2019ye ba\u011fl\u0131 YB\u015e g\u00fc\u00e7leri ile Irak\u2019taki \u0130ran yanl\u0131s\u0131 Ha\u015fdi \u015eabi g\u00fc\u00e7lerinin ortak operasyonunun payla\u015fm\u0131\u015ft\u0131. D\u00fcn gece ise K\u00fcrdistan B\u00f6lgesinin ba\u015fkenti Hewler yak\u0131nlar\u0131na yine f\u00fcze ile sald\u0131r\u0131 d\u00fczenlendi. F\u00fczeler Kewirgosk\u2019taki petrol rafinerilerine yak\u0131n d\u00fc\u015ft\u00fc. F\u00fczelerin ise Musul yak\u0131nlar\u0131ndan at\u0131ld\u0131\u011f\u0131 belirtildi. Yani f\u00fczeleri atan [&hellip;]","og_url":"https:\/\/darkamazi.site\/archives\/1018946","og_site_name":"Darka Mazi","article_publisher":"https:\/\/www.facebook.com\/DarkaMaziturkce","article_published_time":"2022-04-10T06:59:07+00:00","og_image":[{"width":900,"height":497,"url":"https:\/\/darkamazi.site\/file\/2022\/04\/FP5HHCYWQAQVLDY.jpg","type":"image\/jpeg"}],"author":"darka mazi","twitter_card":"summary_large_image","twitter_creator":"@DarkaMaziTurkce","twitter_site":"@DarkaMaziTurkce","twitter_misc":{"Written by":"darka mazi","Est. reading time":"3 minutes"},"schema":{"@context":"https:\/\/schema.org","@graph":[{"@type":"NewsArticle","@id":"https:\/\/darkamazi.site\/archives\/1018946#article","isPartOf":{"@id":"https:\/\/darkamazi.site\/archives\/1018946"},"author":{"name":"darka mazi","@id":"https:\/\/darkamazi.site\/#\/schema\/person\/67986a95ac546c16760365877ef4a9d3"},"headline":"YB\u015e ve Ha\u015fdi \u015eabi g\u00fc\u00e7lerinin ortak operasyonun nedenleri ve Erbil\u2019e at\u0131lan f\u00fczeler","datePublished":"2022-04-10T06:59:07+00:00","mainEntityOfPage":{"@id":"https:\/\/darkamazi.site\/archives\/1018946"},"wordCount":789,"publisher":{"@id":"https:\/\/darkamazi.site\/#organization"},"image":{"@id":"https:\/\/darkamazi.site\/archives\/1018946#primaryimage"},"thumbnailUrl":"https:\/\/darkamazi.site\/file\/2022\/04\/FP5HHCYWQAQVLDY.jpg","keywords":["\u00f6nemli"],"articleSection":["Kurdistan"],"inLanguage":"en-US"},{"@type":"WebPage","@id":"https:\/\/darkamazi.site\/archives\/1018946","url":"https:\/\/darkamazi.site\/archives\/1018946","name":"YB\u015e ve Ha\u015fdi \u015eabi g\u00fc\u00e7lerinin ortak operasyonun nedenleri ve Erbil\u2019e at\u0131lan f\u00fczeler - Darka Mazi","isPartOf":{"@id":"https:\/\/darkamazi.site\/#website"},"primaryImageOfPage":{"@id":"https:\/\/darkamazi.site\/archives\/1018946#primaryimage"},"image":{"@id":"https:\/\/darkamazi.site\/archives\/1018946#primaryimage"},"thumbnailUrl":"https:\/\/darkamazi.site\/file\/2022\/04\/FP5HHCYWQAQVLDY.jpg","datePublished":"2022-04-10T06:59:07+00:00","breadcrumb":{"@id":"https:\/\/darkamazi.site\/archives\/1018946#breadcrumb"},"inLanguage":"en-US","potentialAction":[{"@type":"ReadAction","target":["https:\/\/darkamazi.site\/archives\/1018946"]}]},{"@type":"ImageObject","inLanguage":"en-US","@id":"https:\/\/darkamazi.site\/archives\/1018946#primaryimage","url":"https:\/\/darkamazi.site\/file\/2022\/04\/FP5HHCYWQAQVLDY.jpg","contentUrl":"https:\/\/darkamazi.site\/file\/2022\/04\/FP5HHCYWQAQVLDY.jpg","width":900,"height":497,"caption":"YB\u015e ve Ha\u015fdi \u015eabi g\u00fc\u00e7lerinin ortak operasyonun nedenleri ve Erbil\u2019e at\u0131lan f\u00fczeler"},{"@type":"BreadcrumbList","@id":"https:\/\/darkamazi.site\/archives\/1018946#breadcrumb","itemListElement":[{"@type":"ListItem","position":1,"name":"Home","item":"https:\/\/darkamazi.site\/"},{"@type":"ListItem","position":2,"name":"YB\u015e ve Ha\u015fdi \u015eabi g\u00fc\u00e7lerinin ortak operasyonun nedenleri ve Erbil\u2019e at\u0131lan f\u00fczeler"}]},{"@type":"WebSite","@id":"https:\/\/darkamazi.site\/#website","url":"https:\/\/darkamazi.site\/","name":"Darka Mazi","description":"Ana Sayfa","publisher":{"@id":"https:\/\/darkamazi.site\/#organization"},"potentialAction":[{"@type":"SearchAction","target":{"@type":"EntryPoint","urlTemplate":"https:\/\/darkamazi.site\/?s={search_term_string}"},"query-input":{"@type":"PropertyValueSpecification","valueRequired":true,"valueName":"search_term_string"}}],"inLanguage":"en-US"},{"@type":"Organization","@id":"https:\/\/darkamazi.site\/#organization","name":"Darka Mazi T\u00fcrk\u00e7e","alternateName":"Darka Mazi","url":"https:\/\/darkamazi.site\/","logo":{"@type":"ImageObject","inLanguage":"en-US","@id":"https:\/\/darkamazi.site\/#\/schema\/logo\/image\/","url":"https:\/\/darkamazi.site\/file\/2017\/12\/darka-mazi-logo.png","contentUrl":"https:\/\/darkamazi.site\/file\/2017\/12\/darka-mazi-logo.png","width":151,"height":75,"caption":"Darka Mazi T\u00fcrk\u00e7e"},"image":{"@id":"https:\/\/darkamazi.site\/#\/schema\/logo\/image\/"},"sameAs":["https:\/\/www.facebook.com\/DarkaMaziturkce","https:\/\/x.com\/DarkaMaziTurkce"]},{"@type":"Person","@id":"https:\/\/darkamazi.site\/#\/schema\/person\/67986a95ac546c16760365877ef4a9d3","name":"darka mazi","sameAs":["https:\/\/darkamazi.site"],"url":"https:\/\/darkamazi.site\/archives\/author\/turkish"}]}},"_links":{"self":[{"href":"https:\/\/darkamazi.site\/funavuv\/wp\/v2\/posts\/1018946","targetHints":{"allow":["GET"]}}],"collection":[{"href":"https:\/\/darkamazi.site\/funavuv\/wp\/v2\/posts"}],"about":[{"href":"https:\/\/darkamazi.site\/funavuv\/wp\/v2\/types\/post"}],"author":[{"embeddable":true,"href":"https:\/\/darkamazi.site\/funavuv\/wp\/v2\/users\/2"}],"replies":[{"embeddable":true,"href":"https:\/\/darkamazi.site\/funavuv\/wp\/v2\/comments?post=1018946"}],"version-history":[{"count":0,"href":"https:\/\/darkamazi.site\/funavuv\/wp\/v2\/posts\/1018946\/revisions"}],"wp:featuredmedia":[{"embeddable":true,"href":"https:\/\/darkamazi.site\/funavuv\/wp\/v2\/media\/1018947"}],"wp:attachment":[{"href":"https:\/\/darkamazi.site\/funavuv\/wp\/v2\/media?parent=1018946"}],"wp:term":[{"taxonomy":"category","embeddable":true,"href":"https:\/\/darkamazi.site\/funavuv\/wp\/v2\/categories?post=1018946"},{"taxonomy":"post_tag","embeddable":true,"href":"https:\/\/darkamazi.site\/funavuv\/wp\/v2\/tags?post=1018946"}],"curies":[{"name":"wp","href":"https:\/\/api.w.org\/{rel}","templated":true}]}}