{"id":1019214,"date":"2022-05-01T14:26:20","date_gmt":"2022-05-01T11:26:20","guid":{"rendered":"https:\/\/darkamazi.site\/?p=1019214"},"modified":"2022-05-01T14:26:20","modified_gmt":"2022-05-01T11:26:20","slug":"nizamettin-aricten-emine-senyasara-sanati-ile-destek-esa-te-esa-mine-dayike","status":"publish","type":"post","link":"https:\/\/darkamazi.site\/archives\/1019214","title":{"rendered":"Nizamettin Ari\u00e7&#8217;ten Emine \u015eenya\u015far&#8217;a sanat\u0131 ile destek: &#8220;\u00ca\u015fa te \u00ea\u015fa mine dayik\u00ea&#8221;"},"content":{"rendered":"<p style=\"text-align: justify\">\u00dcnl\u00fc K\u00fcrt sanat\u00e7\u0131 Nizamettin Ari\u00e7, katledilen e\u015fi ve iki \u00e7ocu\u011fu i\u00e7in \u201cadalet n\u00f6beti\u201d tutan Emine \u015eenya\u015far\u2019a destek amac\u0131yla\u00a0 \u201c\u00ca\u015fa te \u00ea\u015fa mine dayik\u00ea\u201d(Ac\u0131n ac\u0131md\u0131r anne) isimli bir klip \u00e7\u0131kard\u0131.<\/p>\n<p style=\"text-align: justify\">Nizamettin Ari\u00e7, AK Parti milletvekili \u0130brahim Halil Y\u0131ld\u0131z\u2019\u0131n yak\u0131nlar\u0131 taraf\u0131ndan e\u015fi ve iki o\u011flu \u00f6ld\u00fcr\u00fclen Emine \u015een\u015fayar\u2019a \u00e7ekti\u011fi klip ve s\u00f6yledi\u011fi \u015fark\u0131 ile destek verdi.<\/p>\n<p style=\"text-align: justify\">Ari\u015f, \u201c\u00ca\u015fa te \u00ea\u015fa mine dayik\u00ea\u201d (Ac\u0131n ac\u0131md\u0131r anne) isimli klibinde \u015eenya\u015far ailesinin ac\u0131lar\u0131n\u0131 payla\u015farak adalet aray\u0131\u015fana destek oldu.<\/p>\n<p style=\"text-align: justify\">Sanat\u00e7\u0131n\u0131n youtube kanal\u0131nda yay\u0131nlanan klibin ba\u015f\u0131nda Ari\u00e7, K\u00fcrt\u00e7e ve \u0130ngilizce \u201c14 Haziran 2018 tarihinde Suru\u00e7 Devlet Hastanesi\u2019nde bir baba ve iki o\u011flu herkesin g\u00f6zleri \u00f6n\u00fcnde katledildi. Emine \u015een\u015fayar ana, hukuksuz bir \u015fekilde katledilen ve g\u00f6zalt\u0131na al\u0131nan \u00e7ocuklar\u0131 i\u00e7in herg\u00fcn mahkeme kap\u0131lar\u0131nda adalet bekliyor. Herkes i\u00e7in adalet\u201d ifadelerini payla\u015ft\u0131.<\/p>\n<p>Linkten klibi izleye bilirsiniz: https:\/\/www.youtube.com\/watch?v=46bYRpUod_4<\/p>\n","protected":false},"excerpt":{"rendered":"<p>\u00dcnl\u00fc K\u00fcrt sanat\u00e7\u0131 Nizamettin Ari\u00e7, katledilen e\u015fi ve iki \u00e7ocu\u011fu i\u00e7in \u201cadalet n\u00f6beti\u201d tutan Emine \u015eenya\u015far\u2019a destek amac\u0131yla\u00a0 \u201c\u00ca\u015fa te \u00ea\u015fa mine dayik\u00ea\u201d(Ac\u0131n ac\u0131md\u0131r anne) isimli bir klip \u00e7\u0131kard\u0131. Nizamettin Ari\u00e7, AK Parti milletvekili \u0130brahim Halil Y\u0131ld\u0131z\u2019\u0131n yak\u0131nlar\u0131 taraf\u0131ndan e\u015fi ve iki o\u011flu \u00f6ld\u00fcr\u00fclen Emine \u015een\u015fayar\u2019a \u00e7ekti\u011fi klip ve s\u00f6yledi\u011fi \u015fark\u0131 ile destek verdi. Ari\u015f, [&hellip;]<\/p>\n","protected":false},"author":2,"featured_media":1019215,"comment_status":"closed","ping_status":"closed","sticky":false,"template":"","format":"standard","meta":{"footnotes":""},"categories":[33],"tags":[31],"class_list":["post-1019214","post","type-post","status-publish","format-standard","has-post-thumbnail","hentry","category-sanat","tag-onemli"],"blocksy_meta":[],"seo_head":"<!-- This site is optimized with the Yoast SEO plugin v27.5 - https:\/\/yoast.com\/product\/yoast-seo-wordpress\/ -->\n<title>Nizamettin Ari\u00e7&#039;ten Emine \u015eenya\u015far&#039;a sanat\u0131 ile destek: &quot;\u00ca\u015fa te \u00ea\u015fa mine dayik\u00ea&quot; - Darka Mazi<\/title>\n<meta name=\"robots\" content=\"index, follow, max-snippet:-1, max-image-preview:large, max-video-preview:-1\" \/>\n<link rel=\"canonical\" href=\"https:\/\/darkamazi.site\/archives\/1019214\" \/>\n<meta property=\"og:locale\" content=\"en_US\" \/>\n<meta property=\"og:type\" content=\"article\" \/>\n<meta property=\"og:title\" content=\"Nizamettin Ari\u00e7&#039;ten Emine \u015eenya\u015far&#039;a sanat\u0131 ile destek: &quot;\u00ca\u015fa te \u00ea\u015fa mine dayik\u00ea&quot; - Darka Mazi\" \/>\n<meta property=\"og:description\" content=\"\u00dcnl\u00fc K\u00fcrt sanat\u00e7\u0131 Nizamettin Ari\u00e7, katledilen e\u015fi ve iki \u00e7ocu\u011fu i\u00e7in \u201cadalet n\u00f6beti\u201d tutan Emine \u015eenya\u015far\u2019a destek amac\u0131yla\u00a0 \u201c\u00ca\u015fa te \u00ea\u015fa mine dayik\u00ea\u201d(Ac\u0131n ac\u0131md\u0131r anne) isimli bir klip \u00e7\u0131kard\u0131. Nizamettin Ari\u00e7, AK Parti milletvekili \u0130brahim Halil Y\u0131ld\u0131z\u2019\u0131n yak\u0131nlar\u0131 taraf\u0131ndan e\u015fi ve iki o\u011flu \u00f6ld\u00fcr\u00fclen Emine \u015een\u015fayar\u2019a \u00e7ekti\u011fi klip ve s\u00f6yledi\u011fi \u015fark\u0131 ile destek verdi. Ari\u015f, [&hellip;]\" \/>\n<meta property=\"og:url\" content=\"https:\/\/darkamazi.site\/archives\/1019214\" \/>\n<meta property=\"og:site_name\" content=\"Darka Mazi\" \/>\n<meta property=\"article:publisher\" content=\"https:\/\/www.facebook.com\/DarkaMaziturkce\" \/>\n<meta property=\"article:published_time\" content=\"2022-05-01T11:26:20+00:00\" \/>\n<meta property=\"og:image\" content=\"https:\/\/darkamazi.site\/file\/2022\/05\/Senyasar.jpg\" \/>\n\t<meta property=\"og:image:width\" content=\"690\" \/>\n\t<meta property=\"og:image:height\" content=\"390\" \/>\n\t<meta property=\"og:image:type\" content=\"image\/jpeg\" \/>\n<meta name=\"author\" content=\"darka mazi\" \/>\n<meta name=\"twitter:card\" content=\"summary_large_image\" \/>\n<meta name=\"twitter:creator\" content=\"@DarkaMaziTurkce\" \/>\n<meta name=\"twitter:site\" content=\"@DarkaMaziTurkce\" \/>\n<meta name=\"twitter:label1\" content=\"Written by\" \/>\n\t<meta name=\"twitter:data1\" content=\"darka mazi\" \/>\n\t<meta name=\"twitter:label2\" content=\"Est. reading time\" \/>\n\t<meta name=\"twitter:data2\" content=\"1 minute\" \/>\n<script type=\"application\/ld+json\" class=\"seo-schema-graph\">{\"@context\":\"https:\\\/\\\/schema.org\",\"@graph\":[{\"@type\":\"NewsArticle\",\"@id\":\"https:\\\/\\\/darkamazi.site\\\/archives\\\/1019214#article\",\"isPartOf\":{\"@id\":\"https:\\\/\\\/darkamazi.site\\\/archives\\\/1019214\"},\"author\":{\"name\":\"darka mazi\",\"@id\":\"https:\\\/\\\/darkamazi.site\\\/#\\\/schema\\\/person\\\/67986a95ac546c16760365877ef4a9d3\"},\"headline\":\"Nizamettin Ari\u00e7&#8217;ten Emine \u015eenya\u015far&#8217;a sanat\u0131 ile destek: &#8220;\u00ca\u015fa te \u00ea\u015fa mine dayik\u00ea&#8221;\",\"datePublished\":\"2022-05-01T11:26:20+00:00\",\"mainEntityOfPage\":{\"@id\":\"https:\\\/\\\/darkamazi.site\\\/archives\\\/1019214\"},\"wordCount\":200,\"publisher\":{\"@id\":\"https:\\\/\\\/darkamazi.site\\\/#organization\"},\"image\":{\"@id\":\"https:\\\/\\\/darkamazi.site\\\/archives\\\/1019214#primaryimage\"},\"thumbnailUrl\":\"https:\\\/\\\/darkamazi.site\\\/darka-content\\\/uploads\\\/2022\\\/05\\\/Senyasar.jpg\",\"keywords\":[\"\u00f6nemli\"],\"articleSection\":[\"Sanat\"],\"inLanguage\":\"en-US\"},{\"@type\":\"WebPage\",\"@id\":\"https:\\\/\\\/darkamazi.site\\\/archives\\\/1019214\",\"url\":\"https:\\\/\\\/darkamazi.site\\\/archives\\\/1019214\",\"name\":\"Nizamettin Ari\u00e7'ten Emine \u015eenya\u015far'a sanat\u0131 ile destek: \\\"\u00ca\u015fa te \u00ea\u015fa mine dayik\u00ea\\\" - Darka Mazi\",\"isPartOf\":{\"@id\":\"https:\\\/\\\/darkamazi.site\\\/#website\"},\"primaryImageOfPage\":{\"@id\":\"https:\\\/\\\/darkamazi.site\\\/archives\\\/1019214#primaryimage\"},\"image\":{\"@id\":\"https:\\\/\\\/darkamazi.site\\\/archives\\\/1019214#primaryimage\"},\"thumbnailUrl\":\"https:\\\/\\\/darkamazi.site\\\/darka-content\\\/uploads\\\/2022\\\/05\\\/Senyasar.jpg\",\"datePublished\":\"2022-05-01T11:26:20+00:00\",\"breadcrumb\":{\"@id\":\"https:\\\/\\\/darkamazi.site\\\/archives\\\/1019214#breadcrumb\"},\"inLanguage\":\"en-US\",\"potentialAction\":[{\"@type\":\"ReadAction\",\"target\":[\"https:\\\/\\\/darkamazi.site\\\/archives\\\/1019214\"]}]},{\"@type\":\"ImageObject\",\"inLanguage\":\"en-US\",\"@id\":\"https:\\\/\\\/darkamazi.site\\\/archives\\\/1019214#primaryimage\",\"url\":\"https:\\\/\\\/darkamazi.site\\\/darka-content\\\/uploads\\\/2022\\\/05\\\/Senyasar.jpg\",\"contentUrl\":\"https:\\\/\\\/darkamazi.site\\\/darka-content\\\/uploads\\\/2022\\\/05\\\/Senyasar.jpg\",\"width\":690,\"height\":390,\"caption\":\"Nizamettin Ari\u00e7'ten Emine \u015eenya\u015far'a kliple destek: \\\"\u00ca\u015fa te \u00ea\u015fa mine dayik\u00ea\\\"\"},{\"@type\":\"BreadcrumbList\",\"@id\":\"https:\\\/\\\/darkamazi.site\\\/archives\\\/1019214#breadcrumb\",\"itemListElement\":[{\"@type\":\"ListItem\",\"position\":1,\"name\":\"Home\",\"item\":\"https:\\\/\\\/darkamazi.site\\\/\"},{\"@type\":\"ListItem\",\"position\":2,\"name\":\"Nizamettin Ari\u00e7&#8217;ten Emine \u015eenya\u015far&#8217;a sanat\u0131 ile destek: &#8220;\u00ca\u015fa te \u00ea\u015fa mine dayik\u00ea&#8221;\"}]},{\"@type\":\"WebSite\",\"@id\":\"https:\\\/\\\/darkamazi.site\\\/#website\",\"url\":\"https:\\\/\\\/darkamazi.site\\\/\",\"name\":\"Darka Mazi\",\"description\":\"Ana Sayfa\",\"publisher\":{\"@id\":\"https:\\\/\\\/darkamazi.site\\\/#organization\"},\"potentialAction\":[{\"@type\":\"SearchAction\",\"target\":{\"@type\":\"EntryPoint\",\"urlTemplate\":\"https:\\\/\\\/darkamazi.site\\\/?s={search_term_string}\"},\"query-input\":{\"@type\":\"PropertyValueSpecification\",\"valueRequired\":true,\"valueName\":\"search_term_string\"}}],\"inLanguage\":\"en-US\"},{\"@type\":\"Organization\",\"@id\":\"https:\\\/\\\/darkamazi.site\\\/#organization\",\"name\":\"Darka Mazi T\u00fcrk\u00e7e\",\"alternateName\":\"Darka Mazi\",\"url\":\"https:\\\/\\\/darkamazi.site\\\/\",\"logo\":{\"@type\":\"ImageObject\",\"inLanguage\":\"en-US\",\"@id\":\"https:\\\/\\\/darkamazi.site\\\/#\\\/schema\\\/logo\\\/image\\\/\",\"url\":\"https:\\\/\\\/darkamazi.site\\\/darka-content\\\/uploads\\\/2017\\\/12\\\/darka-mazi-logo.png\",\"contentUrl\":\"https:\\\/\\\/darkamazi.site\\\/darka-content\\\/uploads\\\/2017\\\/12\\\/darka-mazi-logo.png\",\"width\":151,\"height\":75,\"caption\":\"Darka Mazi T\u00fcrk\u00e7e\"},\"image\":{\"@id\":\"https:\\\/\\\/darkamazi.site\\\/#\\\/schema\\\/logo\\\/image\\\/\"},\"sameAs\":[\"https:\\\/\\\/www.facebook.com\\\/DarkaMaziturkce\",\"https:\\\/\\\/x.com\\\/DarkaMaziTurkce\"]},{\"@type\":\"Person\",\"@id\":\"https:\\\/\\\/darkamazi.site\\\/#\\\/schema\\\/person\\\/67986a95ac546c16760365877ef4a9d3\",\"name\":\"darka mazi\",\"sameAs\":[\"https:\\\/\\\/darkamazi.site\"],\"url\":\"https:\\\/\\\/darkamazi.site\\\/archives\\\/author\\\/turkish\"}]}<\/script>\n<!-- \/ Yoast SEO plugin. -->","seo_head_json":{"title":"Nizamettin Ari\u00e7'ten Emine \u015eenya\u015far'a sanat\u0131 ile destek: \"\u00ca\u015fa te \u00ea\u015fa mine dayik\u00ea\" - Darka Mazi","robots":{"index":"index","follow":"follow","max-snippet":"max-snippet:-1","max-image-preview":"max-image-preview:large","max-video-preview":"max-video-preview:-1"},"canonical":"https:\/\/darkamazi.site\/archives\/1019214","og_locale":"en_US","og_type":"article","og_title":"Nizamettin Ari\u00e7'ten Emine \u015eenya\u015far'a sanat\u0131 ile destek: \"\u00ca\u015fa te \u00ea\u015fa mine dayik\u00ea\" - Darka Mazi","og_description":"\u00dcnl\u00fc K\u00fcrt sanat\u00e7\u0131 Nizamettin Ari\u00e7, katledilen e\u015fi ve iki \u00e7ocu\u011fu i\u00e7in \u201cadalet n\u00f6beti\u201d tutan Emine \u015eenya\u015far\u2019a destek amac\u0131yla\u00a0 \u201c\u00ca\u015fa te \u00ea\u015fa mine dayik\u00ea\u201d(Ac\u0131n ac\u0131md\u0131r anne) isimli bir klip \u00e7\u0131kard\u0131. Nizamettin Ari\u00e7, AK Parti milletvekili \u0130brahim Halil Y\u0131ld\u0131z\u2019\u0131n yak\u0131nlar\u0131 taraf\u0131ndan e\u015fi ve iki o\u011flu \u00f6ld\u00fcr\u00fclen Emine \u015een\u015fayar\u2019a \u00e7ekti\u011fi klip ve s\u00f6yledi\u011fi \u015fark\u0131 ile destek verdi. Ari\u015f, [&hellip;]","og_url":"https:\/\/darkamazi.site\/archives\/1019214","og_site_name":"Darka Mazi","article_publisher":"https:\/\/www.facebook.com\/DarkaMaziturkce","article_published_time":"2022-05-01T11:26:20+00:00","og_image":[{"width":690,"height":390,"url":"https:\/\/darkamazi.site\/file\/2022\/05\/Senyasar.jpg","type":"image\/jpeg"}],"author":"darka mazi","twitter_card":"summary_large_image","twitter_creator":"@DarkaMaziTurkce","twitter_site":"@DarkaMaziTurkce","twitter_misc":{"Written by":"darka mazi","Est. reading time":"1 minute"},"schema":{"@context":"https:\/\/schema.org","@graph":[{"@type":"NewsArticle","@id":"https:\/\/darkamazi.site\/archives\/1019214#article","isPartOf":{"@id":"https:\/\/darkamazi.site\/archives\/1019214"},"author":{"name":"darka mazi","@id":"https:\/\/darkamazi.site\/#\/schema\/person\/67986a95ac546c16760365877ef4a9d3"},"headline":"Nizamettin Ari\u00e7&#8217;ten Emine \u015eenya\u015far&#8217;a sanat\u0131 ile destek: &#8220;\u00ca\u015fa te \u00ea\u015fa mine dayik\u00ea&#8221;","datePublished":"2022-05-01T11:26:20+00:00","mainEntityOfPage":{"@id":"https:\/\/darkamazi.site\/archives\/1019214"},"wordCount":200,"publisher":{"@id":"https:\/\/darkamazi.site\/#organization"},"image":{"@id":"https:\/\/darkamazi.site\/archives\/1019214#primaryimage"},"thumbnailUrl":"https:\/\/darkamazi.site\/file\/2022\/05\/Senyasar.jpg","keywords":["\u00f6nemli"],"articleSection":["Sanat"],"inLanguage":"en-US"},{"@type":"WebPage","@id":"https:\/\/darkamazi.site\/archives\/1019214","url":"https:\/\/darkamazi.site\/archives\/1019214","name":"Nizamettin Ari\u00e7'ten Emine \u015eenya\u015far'a sanat\u0131 ile destek: \"\u00ca\u015fa te \u00ea\u015fa mine dayik\u00ea\" - Darka Mazi","isPartOf":{"@id":"https:\/\/darkamazi.site\/#website"},"primaryImageOfPage":{"@id":"https:\/\/darkamazi.site\/archives\/1019214#primaryimage"},"image":{"@id":"https:\/\/darkamazi.site\/archives\/1019214#primaryimage"},"thumbnailUrl":"https:\/\/darkamazi.site\/file\/2022\/05\/Senyasar.jpg","datePublished":"2022-05-01T11:26:20+00:00","breadcrumb":{"@id":"https:\/\/darkamazi.site\/archives\/1019214#breadcrumb"},"inLanguage":"en-US","potentialAction":[{"@type":"ReadAction","target":["https:\/\/darkamazi.site\/archives\/1019214"]}]},{"@type":"ImageObject","inLanguage":"en-US","@id":"https:\/\/darkamazi.site\/archives\/1019214#primaryimage","url":"https:\/\/darkamazi.site\/file\/2022\/05\/Senyasar.jpg","contentUrl":"https:\/\/darkamazi.site\/file\/2022\/05\/Senyasar.jpg","width":690,"height":390,"caption":"Nizamettin Ari\u00e7'ten Emine \u015eenya\u015far'a kliple destek: \"\u00ca\u015fa te \u00ea\u015fa mine dayik\u00ea\""},{"@type":"BreadcrumbList","@id":"https:\/\/darkamazi.site\/archives\/1019214#breadcrumb","itemListElement":[{"@type":"ListItem","position":1,"name":"Home","item":"https:\/\/darkamazi.site\/"},{"@type":"ListItem","position":2,"name":"Nizamettin Ari\u00e7&#8217;ten Emine \u015eenya\u015far&#8217;a sanat\u0131 ile destek: &#8220;\u00ca\u015fa te \u00ea\u015fa mine dayik\u00ea&#8221;"}]},{"@type":"WebSite","@id":"https:\/\/darkamazi.site\/#website","url":"https:\/\/darkamazi.site\/","name":"Darka Mazi","description":"Ana Sayfa","publisher":{"@id":"https:\/\/darkamazi.site\/#organization"},"potentialAction":[{"@type":"SearchAction","target":{"@type":"EntryPoint","urlTemplate":"https:\/\/darkamazi.site\/?s={search_term_string}"},"query-input":{"@type":"PropertyValueSpecification","valueRequired":true,"valueName":"search_term_string"}}],"inLanguage":"en-US"},{"@type":"Organization","@id":"https:\/\/darkamazi.site\/#organization","name":"Darka Mazi T\u00fcrk\u00e7e","alternateName":"Darka Mazi","url":"https:\/\/darkamazi.site\/","logo":{"@type":"ImageObject","inLanguage":"en-US","@id":"https:\/\/darkamazi.site\/#\/schema\/logo\/image\/","url":"https:\/\/darkamazi.site\/file\/2017\/12\/darka-mazi-logo.png","contentUrl":"https:\/\/darkamazi.site\/file\/2017\/12\/darka-mazi-logo.png","width":151,"height":75,"caption":"Darka Mazi T\u00fcrk\u00e7e"},"image":{"@id":"https:\/\/darkamazi.site\/#\/schema\/logo\/image\/"},"sameAs":["https:\/\/www.facebook.com\/DarkaMaziturkce","https:\/\/x.com\/DarkaMaziTurkce"]},{"@type":"Person","@id":"https:\/\/darkamazi.site\/#\/schema\/person\/67986a95ac546c16760365877ef4a9d3","name":"darka mazi","sameAs":["https:\/\/darkamazi.site"],"url":"https:\/\/darkamazi.site\/archives\/author\/turkish"}]}},"_links":{"self":[{"href":"https:\/\/darkamazi.site\/funavuv\/wp\/v2\/posts\/1019214","targetHints":{"allow":["GET"]}}],"collection":[{"href":"https:\/\/darkamazi.site\/funavuv\/wp\/v2\/posts"}],"about":[{"href":"https:\/\/darkamazi.site\/funavuv\/wp\/v2\/types\/post"}],"author":[{"embeddable":true,"href":"https:\/\/darkamazi.site\/funavuv\/wp\/v2\/users\/2"}],"replies":[{"embeddable":true,"href":"https:\/\/darkamazi.site\/funavuv\/wp\/v2\/comments?post=1019214"}],"version-history":[{"count":0,"href":"https:\/\/darkamazi.site\/funavuv\/wp\/v2\/posts\/1019214\/revisions"}],"wp:featuredmedia":[{"embeddable":true,"href":"https:\/\/darkamazi.site\/funavuv\/wp\/v2\/media\/1019215"}],"wp:attachment":[{"href":"https:\/\/darkamazi.site\/funavuv\/wp\/v2\/media?parent=1019214"}],"wp:term":[{"taxonomy":"category","embeddable":true,"href":"https:\/\/darkamazi.site\/funavuv\/wp\/v2\/categories?post=1019214"},{"taxonomy":"post_tag","embeddable":true,"href":"https:\/\/darkamazi.site\/funavuv\/wp\/v2\/tags?post=1019214"}],"curies":[{"name":"wp","href":"https:\/\/api.w.org\/{rel}","templated":true}]}}