{"id":1019311,"date":"2022-05-11T12:13:58","date_gmt":"2022-05-11T09:13:58","guid":{"rendered":"https:\/\/darkamazi.site\/?p=1019311"},"modified":"2022-05-11T12:13:58","modified_gmt":"2022-05-11T09:13:58","slug":"sihalar-kobanide-bir-arac-ve-evi-hedef-aldi","status":"publish","type":"post","link":"https:\/\/darkamazi.site\/archives\/1019311","title":{"rendered":"S\u0130HA\u2019lar Kobani\u2019de bir ara\u00e7 ve evi hedef ald\u0131"},"content":{"rendered":"<p style=\"text-align: justify\">T\u00fcrk Silahl\u0131 Kuvvetleri\u2019ne (TSK) ait S\u0130HA\u2019lar\u0131n Rojava\u2019n\u0131n Kobani kentinde bir ara\u00e7 ve bir evi bombalad\u0131\u011f\u0131 bildirildi.<\/p>\n<p style=\"text-align: justify\">Rojava\u2019daki yerel kaynaklar, TSK\u2019ya ait S\u0130HA\u2019lar\u0131n Kobani kent merkezinin iki ayr\u0131 noktas\u0131n\u0131 bombalad\u0131\u011f\u0131n\u0131 bildirdi.<\/p>\n<p style=\"text-align: justify\">\u0130lk sald\u0131r\u0131n\u0131n kentin g\u00fcneyindeki Halep yolu \u00e7evresi, ikinci sald\u0131r\u0131n\u0131n ise Kobani kent merkezine y\u00f6nelik yap\u0131ld\u0131\u011f\u0131 kaydedildi.<\/p>\n<p style=\"text-align: justify\">Sald\u0131r\u0131da can kayb\u0131 olup olmad\u0131\u011f\u0131 konusunda herhangi bir bilgi elde edilemedi. Yerel medyan\u0131n yay\u0131nlad\u0131\u011f\u0131 g\u00f6r\u00fcnt\u00fclerde baz\u0131 evlerin ve ara\u00e7lar\u0131n camlar\u0131n\u0131n k\u0131r\u0131ld\u0131\u011f\u0131 g\u00f6r\u00fcl\u00fcyor.<\/p>\n<p style=\"text-align: justify\">Kaynaklara g\u00f6re kent \u00fczerindeki hava hareketlili\u011fi devam ediyor.<\/p>\n<p style=\"text-align: justify\">Suriye \u0130nsan Haklar\u0131 G\u00f6zlemevi (SOHR) ise, S\u0130HA\u2019lar\u0131n Halep-Kobani yolunda bir arac\u0131 hedef ald\u0131\u011f\u0131n\u0131 ve dakikalar sonra \u015fehir merkezinde bir evin hedef al\u0131nd\u0131\u011f\u0131n\u0131 bildirdi.<\/p>\n<p style=\"text-align: justify\">SOHR\u2019a g\u00f6re, T\u00fcrk Hava Kuvvetlerine ait S\u0130HA\u2019lar 2022\u2019nin ba\u015f\u0131ndan bu yana Rojava \u00d6zerk Y\u00f6netimi\u2019nin kontrol\u00fc alt\u0131ndaki b\u00f6lgelere d\u00fczenledi\u011fi 28 sald\u0131r\u0131da 2\u2019si \u00e7ocuk, 5\u2019i kad\u0131n 17 ki\u015fi hayat\u0131n\u0131 kaybetti, 55 ki\u015fi yaraland\u0131.<\/p>\n<p style=\"text-align: justify\">\u00d6te yandan TSK\u2019n\u0131n \u015eehba b\u00f6lgesindeki Um Qura ve Um Ho\u015f k\u00f6ylerini tank ve f\u00fczelerle bombalad\u0131\u011f\u0131 gelen bilgiler aras\u0131nda.<\/p>\n","protected":false},"excerpt":{"rendered":"<p>T\u00fcrk Silahl\u0131 Kuvvetleri\u2019ne (TSK) ait S\u0130HA\u2019lar\u0131n Rojava\u2019n\u0131n Kobani kentinde bir ara\u00e7 ve bir evi bombalad\u0131\u011f\u0131 bildirildi. Rojava\u2019daki yerel kaynaklar, TSK\u2019ya ait S\u0130HA\u2019lar\u0131n Kobani kent merkezinin iki ayr\u0131 noktas\u0131n\u0131 bombalad\u0131\u011f\u0131n\u0131 bildirdi. \u0130lk sald\u0131r\u0131n\u0131n kentin g\u00fcneyindeki Halep yolu \u00e7evresi, ikinci sald\u0131r\u0131n\u0131n ise Kobani kent merkezine y\u00f6nelik yap\u0131ld\u0131\u011f\u0131 kaydedildi. Sald\u0131r\u0131da can kayb\u0131 olup olmad\u0131\u011f\u0131 konusunda herhangi bir bilgi [&hellip;]<\/p>\n","protected":false},"author":2,"featured_media":1019312,"comment_status":"closed","ping_status":"closed","sticky":false,"template":"","format":"standard","meta":{"footnotes":""},"categories":[3],"tags":[31],"class_list":["post-1019311","post","type-post","status-publish","format-standard","has-post-thumbnail","hentry","category-kurdistan","tag-onemli"],"blocksy_meta":[],"seo_head":"<!-- This site is optimized with the Yoast SEO plugin v27.5 - https:\/\/yoast.com\/product\/yoast-seo-wordpress\/ -->\n<title>S\u0130HA\u2019lar Kobani\u2019de bir ara\u00e7 ve evi hedef ald\u0131 - Darka Mazi<\/title>\n<meta name=\"robots\" content=\"index, follow, max-snippet:-1, max-image-preview:large, max-video-preview:-1\" \/>\n<link rel=\"canonical\" href=\"https:\/\/darkamazi.site\/archives\/1019311\" \/>\n<meta property=\"og:locale\" content=\"en_US\" \/>\n<meta property=\"og:type\" content=\"article\" \/>\n<meta property=\"og:title\" content=\"S\u0130HA\u2019lar Kobani\u2019de bir ara\u00e7 ve evi hedef ald\u0131 - Darka Mazi\" \/>\n<meta property=\"og:description\" content=\"T\u00fcrk Silahl\u0131 Kuvvetleri\u2019ne (TSK) ait S\u0130HA\u2019lar\u0131n Rojava\u2019n\u0131n Kobani kentinde bir ara\u00e7 ve bir evi bombalad\u0131\u011f\u0131 bildirildi. Rojava\u2019daki yerel kaynaklar, TSK\u2019ya ait S\u0130HA\u2019lar\u0131n Kobani kent merkezinin iki ayr\u0131 noktas\u0131n\u0131 bombalad\u0131\u011f\u0131n\u0131 bildirdi. \u0130lk sald\u0131r\u0131n\u0131n kentin g\u00fcneyindeki Halep yolu \u00e7evresi, ikinci sald\u0131r\u0131n\u0131n ise Kobani kent merkezine y\u00f6nelik yap\u0131ld\u0131\u011f\u0131 kaydedildi. Sald\u0131r\u0131da can kayb\u0131 olup olmad\u0131\u011f\u0131 konusunda herhangi bir bilgi [&hellip;]\" \/>\n<meta property=\"og:url\" content=\"https:\/\/darkamazi.site\/archives\/1019311\" \/>\n<meta property=\"og:site_name\" content=\"Darka Mazi\" \/>\n<meta property=\"article:publisher\" content=\"https:\/\/www.facebook.com\/DarkaMaziturkce\" \/>\n<meta property=\"article:published_time\" content=\"2022-05-11T09:13:58+00:00\" \/>\n<meta property=\"og:image\" content=\"https:\/\/darkamazi.site\/file\/2022\/05\/Siha.jpg\" \/>\n\t<meta property=\"og:image:width\" content=\"781\" \/>\n\t<meta property=\"og:image:height\" content=\"439\" \/>\n\t<meta property=\"og:image:type\" content=\"image\/jpeg\" \/>\n<meta name=\"author\" content=\"darka mazi\" \/>\n<meta name=\"twitter:card\" content=\"summary_large_image\" \/>\n<meta name=\"twitter:creator\" content=\"@DarkaMaziTurkce\" \/>\n<meta name=\"twitter:site\" content=\"@DarkaMaziTurkce\" \/>\n<meta name=\"twitter:label1\" content=\"Written by\" \/>\n\t<meta name=\"twitter:data1\" content=\"darka mazi\" \/>\n\t<meta name=\"twitter:label2\" content=\"Est. reading time\" \/>\n\t<meta name=\"twitter:data2\" content=\"1 minute\" \/>\n<script type=\"application\/ld+json\" class=\"seo-schema-graph\">{\"@context\":\"https:\\\/\\\/schema.org\",\"@graph\":[{\"@type\":\"NewsArticle\",\"@id\":\"https:\\\/\\\/darkamazi.site\\\/archives\\\/1019311#article\",\"isPartOf\":{\"@id\":\"https:\\\/\\\/darkamazi.site\\\/archives\\\/1019311\"},\"author\":{\"name\":\"darka mazi\",\"@id\":\"https:\\\/\\\/darkamazi.site\\\/#\\\/schema\\\/person\\\/67986a95ac546c16760365877ef4a9d3\"},\"headline\":\"S\u0130HA\u2019lar Kobani\u2019de bir ara\u00e7 ve evi hedef ald\u0131\",\"datePublished\":\"2022-05-11T09:13:58+00:00\",\"mainEntityOfPage\":{\"@id\":\"https:\\\/\\\/darkamazi.site\\\/archives\\\/1019311\"},\"wordCount\":228,\"publisher\":{\"@id\":\"https:\\\/\\\/darkamazi.site\\\/#organization\"},\"image\":{\"@id\":\"https:\\\/\\\/darkamazi.site\\\/archives\\\/1019311#primaryimage\"},\"thumbnailUrl\":\"https:\\\/\\\/darkamazi.site\\\/darka-content\\\/uploads\\\/2022\\\/05\\\/Siha.jpg\",\"keywords\":[\"\u00f6nemli\"],\"articleSection\":[\"Kurdistan\"],\"inLanguage\":\"en-US\"},{\"@type\":\"WebPage\",\"@id\":\"https:\\\/\\\/darkamazi.site\\\/archives\\\/1019311\",\"url\":\"https:\\\/\\\/darkamazi.site\\\/archives\\\/1019311\",\"name\":\"S\u0130HA\u2019lar Kobani\u2019de bir ara\u00e7 ve evi hedef ald\u0131 - Darka Mazi\",\"isPartOf\":{\"@id\":\"https:\\\/\\\/darkamazi.site\\\/#website\"},\"primaryImageOfPage\":{\"@id\":\"https:\\\/\\\/darkamazi.site\\\/archives\\\/1019311#primaryimage\"},\"image\":{\"@id\":\"https:\\\/\\\/darkamazi.site\\\/archives\\\/1019311#primaryimage\"},\"thumbnailUrl\":\"https:\\\/\\\/darkamazi.site\\\/darka-content\\\/uploads\\\/2022\\\/05\\\/Siha.jpg\",\"datePublished\":\"2022-05-11T09:13:58+00:00\",\"breadcrumb\":{\"@id\":\"https:\\\/\\\/darkamazi.site\\\/archives\\\/1019311#breadcrumb\"},\"inLanguage\":\"en-US\",\"potentialAction\":[{\"@type\":\"ReadAction\",\"target\":[\"https:\\\/\\\/darkamazi.site\\\/archives\\\/1019311\"]}]},{\"@type\":\"ImageObject\",\"inLanguage\":\"en-US\",\"@id\":\"https:\\\/\\\/darkamazi.site\\\/archives\\\/1019311#primaryimage\",\"url\":\"https:\\\/\\\/darkamazi.site\\\/darka-content\\\/uploads\\\/2022\\\/05\\\/Siha.jpg\",\"contentUrl\":\"https:\\\/\\\/darkamazi.site\\\/darka-content\\\/uploads\\\/2022\\\/05\\\/Siha.jpg\",\"width\":781,\"height\":439,\"caption\":\"S\u0130HA\u2019lar Kobani\u2019de bir ara\u00e7 ve evi hedef ald\u0131\"},{\"@type\":\"BreadcrumbList\",\"@id\":\"https:\\\/\\\/darkamazi.site\\\/archives\\\/1019311#breadcrumb\",\"itemListElement\":[{\"@type\":\"ListItem\",\"position\":1,\"name\":\"Home\",\"item\":\"https:\\\/\\\/darkamazi.site\\\/\"},{\"@type\":\"ListItem\",\"position\":2,\"name\":\"S\u0130HA\u2019lar Kobani\u2019de bir ara\u00e7 ve evi hedef ald\u0131\"}]},{\"@type\":\"WebSite\",\"@id\":\"https:\\\/\\\/darkamazi.site\\\/#website\",\"url\":\"https:\\\/\\\/darkamazi.site\\\/\",\"name\":\"Darka Mazi\",\"description\":\"Ana Sayfa\",\"publisher\":{\"@id\":\"https:\\\/\\\/darkamazi.site\\\/#organization\"},\"potentialAction\":[{\"@type\":\"SearchAction\",\"target\":{\"@type\":\"EntryPoint\",\"urlTemplate\":\"https:\\\/\\\/darkamazi.site\\\/?s={search_term_string}\"},\"query-input\":{\"@type\":\"PropertyValueSpecification\",\"valueRequired\":true,\"valueName\":\"search_term_string\"}}],\"inLanguage\":\"en-US\"},{\"@type\":\"Organization\",\"@id\":\"https:\\\/\\\/darkamazi.site\\\/#organization\",\"name\":\"Darka Mazi T\u00fcrk\u00e7e\",\"alternateName\":\"Darka Mazi\",\"url\":\"https:\\\/\\\/darkamazi.site\\\/\",\"logo\":{\"@type\":\"ImageObject\",\"inLanguage\":\"en-US\",\"@id\":\"https:\\\/\\\/darkamazi.site\\\/#\\\/schema\\\/logo\\\/image\\\/\",\"url\":\"https:\\\/\\\/darkamazi.site\\\/darka-content\\\/uploads\\\/2017\\\/12\\\/darka-mazi-logo.png\",\"contentUrl\":\"https:\\\/\\\/darkamazi.site\\\/darka-content\\\/uploads\\\/2017\\\/12\\\/darka-mazi-logo.png\",\"width\":151,\"height\":75,\"caption\":\"Darka Mazi T\u00fcrk\u00e7e\"},\"image\":{\"@id\":\"https:\\\/\\\/darkamazi.site\\\/#\\\/schema\\\/logo\\\/image\\\/\"},\"sameAs\":[\"https:\\\/\\\/www.facebook.com\\\/DarkaMaziturkce\",\"https:\\\/\\\/x.com\\\/DarkaMaziTurkce\"]},{\"@type\":\"Person\",\"@id\":\"https:\\\/\\\/darkamazi.site\\\/#\\\/schema\\\/person\\\/67986a95ac546c16760365877ef4a9d3\",\"name\":\"darka mazi\",\"sameAs\":[\"https:\\\/\\\/darkamazi.site\"],\"url\":\"https:\\\/\\\/darkamazi.site\\\/archives\\\/author\\\/turkish\"}]}<\/script>\n<!-- \/ Yoast SEO plugin. -->","seo_head_json":{"title":"S\u0130HA\u2019lar Kobani\u2019de bir ara\u00e7 ve evi hedef ald\u0131 - Darka Mazi","robots":{"index":"index","follow":"follow","max-snippet":"max-snippet:-1","max-image-preview":"max-image-preview:large","max-video-preview":"max-video-preview:-1"},"canonical":"https:\/\/darkamazi.site\/archives\/1019311","og_locale":"en_US","og_type":"article","og_title":"S\u0130HA\u2019lar Kobani\u2019de bir ara\u00e7 ve evi hedef ald\u0131 - Darka Mazi","og_description":"T\u00fcrk Silahl\u0131 Kuvvetleri\u2019ne (TSK) ait S\u0130HA\u2019lar\u0131n Rojava\u2019n\u0131n Kobani kentinde bir ara\u00e7 ve bir evi bombalad\u0131\u011f\u0131 bildirildi. Rojava\u2019daki yerel kaynaklar, TSK\u2019ya ait S\u0130HA\u2019lar\u0131n Kobani kent merkezinin iki ayr\u0131 noktas\u0131n\u0131 bombalad\u0131\u011f\u0131n\u0131 bildirdi. \u0130lk sald\u0131r\u0131n\u0131n kentin g\u00fcneyindeki Halep yolu \u00e7evresi, ikinci sald\u0131r\u0131n\u0131n ise Kobani kent merkezine y\u00f6nelik yap\u0131ld\u0131\u011f\u0131 kaydedildi. Sald\u0131r\u0131da can kayb\u0131 olup olmad\u0131\u011f\u0131 konusunda herhangi bir bilgi [&hellip;]","og_url":"https:\/\/darkamazi.site\/archives\/1019311","og_site_name":"Darka Mazi","article_publisher":"https:\/\/www.facebook.com\/DarkaMaziturkce","article_published_time":"2022-05-11T09:13:58+00:00","og_image":[{"width":781,"height":439,"url":"https:\/\/darkamazi.site\/file\/2022\/05\/Siha.jpg","type":"image\/jpeg"}],"author":"darka mazi","twitter_card":"summary_large_image","twitter_creator":"@DarkaMaziTurkce","twitter_site":"@DarkaMaziTurkce","twitter_misc":{"Written by":"darka mazi","Est. reading time":"1 minute"},"schema":{"@context":"https:\/\/schema.org","@graph":[{"@type":"NewsArticle","@id":"https:\/\/darkamazi.site\/archives\/1019311#article","isPartOf":{"@id":"https:\/\/darkamazi.site\/archives\/1019311"},"author":{"name":"darka mazi","@id":"https:\/\/darkamazi.site\/#\/schema\/person\/67986a95ac546c16760365877ef4a9d3"},"headline":"S\u0130HA\u2019lar Kobani\u2019de bir ara\u00e7 ve evi hedef ald\u0131","datePublished":"2022-05-11T09:13:58+00:00","mainEntityOfPage":{"@id":"https:\/\/darkamazi.site\/archives\/1019311"},"wordCount":228,"publisher":{"@id":"https:\/\/darkamazi.site\/#organization"},"image":{"@id":"https:\/\/darkamazi.site\/archives\/1019311#primaryimage"},"thumbnailUrl":"https:\/\/darkamazi.site\/file\/2022\/05\/Siha.jpg","keywords":["\u00f6nemli"],"articleSection":["Kurdistan"],"inLanguage":"en-US"},{"@type":"WebPage","@id":"https:\/\/darkamazi.site\/archives\/1019311","url":"https:\/\/darkamazi.site\/archives\/1019311","name":"S\u0130HA\u2019lar Kobani\u2019de bir ara\u00e7 ve evi hedef ald\u0131 - Darka Mazi","isPartOf":{"@id":"https:\/\/darkamazi.site\/#website"},"primaryImageOfPage":{"@id":"https:\/\/darkamazi.site\/archives\/1019311#primaryimage"},"image":{"@id":"https:\/\/darkamazi.site\/archives\/1019311#primaryimage"},"thumbnailUrl":"https:\/\/darkamazi.site\/file\/2022\/05\/Siha.jpg","datePublished":"2022-05-11T09:13:58+00:00","breadcrumb":{"@id":"https:\/\/darkamazi.site\/archives\/1019311#breadcrumb"},"inLanguage":"en-US","potentialAction":[{"@type":"ReadAction","target":["https:\/\/darkamazi.site\/archives\/1019311"]}]},{"@type":"ImageObject","inLanguage":"en-US","@id":"https:\/\/darkamazi.site\/archives\/1019311#primaryimage","url":"https:\/\/darkamazi.site\/file\/2022\/05\/Siha.jpg","contentUrl":"https:\/\/darkamazi.site\/file\/2022\/05\/Siha.jpg","width":781,"height":439,"caption":"S\u0130HA\u2019lar Kobani\u2019de bir ara\u00e7 ve evi hedef ald\u0131"},{"@type":"BreadcrumbList","@id":"https:\/\/darkamazi.site\/archives\/1019311#breadcrumb","itemListElement":[{"@type":"ListItem","position":1,"name":"Home","item":"https:\/\/darkamazi.site\/"},{"@type":"ListItem","position":2,"name":"S\u0130HA\u2019lar Kobani\u2019de bir ara\u00e7 ve evi hedef ald\u0131"}]},{"@type":"WebSite","@id":"https:\/\/darkamazi.site\/#website","url":"https:\/\/darkamazi.site\/","name":"Darka Mazi","description":"Ana Sayfa","publisher":{"@id":"https:\/\/darkamazi.site\/#organization"},"potentialAction":[{"@type":"SearchAction","target":{"@type":"EntryPoint","urlTemplate":"https:\/\/darkamazi.site\/?s={search_term_string}"},"query-input":{"@type":"PropertyValueSpecification","valueRequired":true,"valueName":"search_term_string"}}],"inLanguage":"en-US"},{"@type":"Organization","@id":"https:\/\/darkamazi.site\/#organization","name":"Darka Mazi T\u00fcrk\u00e7e","alternateName":"Darka Mazi","url":"https:\/\/darkamazi.site\/","logo":{"@type":"ImageObject","inLanguage":"en-US","@id":"https:\/\/darkamazi.site\/#\/schema\/logo\/image\/","url":"https:\/\/darkamazi.site\/file\/2017\/12\/darka-mazi-logo.png","contentUrl":"https:\/\/darkamazi.site\/file\/2017\/12\/darka-mazi-logo.png","width":151,"height":75,"caption":"Darka Mazi T\u00fcrk\u00e7e"},"image":{"@id":"https:\/\/darkamazi.site\/#\/schema\/logo\/image\/"},"sameAs":["https:\/\/www.facebook.com\/DarkaMaziturkce","https:\/\/x.com\/DarkaMaziTurkce"]},{"@type":"Person","@id":"https:\/\/darkamazi.site\/#\/schema\/person\/67986a95ac546c16760365877ef4a9d3","name":"darka mazi","sameAs":["https:\/\/darkamazi.site"],"url":"https:\/\/darkamazi.site\/archives\/author\/turkish"}]}},"_links":{"self":[{"href":"https:\/\/darkamazi.site\/funavuv\/wp\/v2\/posts\/1019311","targetHints":{"allow":["GET"]}}],"collection":[{"href":"https:\/\/darkamazi.site\/funavuv\/wp\/v2\/posts"}],"about":[{"href":"https:\/\/darkamazi.site\/funavuv\/wp\/v2\/types\/post"}],"author":[{"embeddable":true,"href":"https:\/\/darkamazi.site\/funavuv\/wp\/v2\/users\/2"}],"replies":[{"embeddable":true,"href":"https:\/\/darkamazi.site\/funavuv\/wp\/v2\/comments?post=1019311"}],"version-history":[{"count":0,"href":"https:\/\/darkamazi.site\/funavuv\/wp\/v2\/posts\/1019311\/revisions"}],"wp:featuredmedia":[{"embeddable":true,"href":"https:\/\/darkamazi.site\/funavuv\/wp\/v2\/media\/1019312"}],"wp:attachment":[{"href":"https:\/\/darkamazi.site\/funavuv\/wp\/v2\/media?parent=1019311"}],"wp:term":[{"taxonomy":"category","embeddable":true,"href":"https:\/\/darkamazi.site\/funavuv\/wp\/v2\/categories?post=1019311"},{"taxonomy":"post_tag","embeddable":true,"href":"https:\/\/darkamazi.site\/funavuv\/wp\/v2\/tags?post=1019311"}],"curies":[{"name":"wp","href":"https:\/\/api.w.org\/{rel}","templated":true}]}}