{"id":1019361,"date":"2022-05-16T19:05:07","date_gmt":"2022-05-16T16:05:07","guid":{"rendered":"https:\/\/darkamazi.site\/?p=1019361"},"modified":"2022-05-16T19:18:54","modified_gmt":"2022-05-16T16:18:54","slug":"sahram-naziri-kurdistan-bolgesinden-bana-verilen-odul-dunyadaki-butun-odullerden-daha-degerli","status":"publish","type":"post","link":"https:\/\/darkamazi.site\/archives\/1019361","title":{"rendered":"\u015eahram Nazir\u00ee: K\u00fcrdistan B\u00f6lgesi\u2019nden bana verilen \u00f6d\u00fcl d\u00fcnyadaki b\u00fct\u00fcn \u00f6d\u00fcllerden daha de\u011ferli"},"content":{"rendered":"<p style=\"text-align: justify\">K\u00fcrdistan B\u00f6lgesi H\u00fck\u00fcmeti Ayd\u0131nlanma ve Gen\u00e7lik Bakanl\u0131\u011f\u0131, yakla\u015f\u0131k 50 y\u0131ld\u0131r K\u00fcrt m\u00fczi\u011fi, sanat\u0131, \u015fiirlerine yapt\u0131\u011f\u0131 katk\u0131lar\u0131 nedeniyle Uluslararas\u0131 tan\u0131nm\u0131\u015f K\u00fcrt sanat\u00e7\u0131 \u015eahram Nazir\u00ee\u2019ye \u201cSayg\u0131 \u00d6d\u00fcl\u00fc\u201d takdim etti.<\/p>\n<p style=\"text-align: justify\">K\u00fcrdistan B\u00f6lgesi H\u00fck\u00fcmeti ad\u0131na \u00f6d\u00fcl t\u00f6reninde bir konu\u015fma yapan Ayd\u0131nlanma ve Gen\u00e7lik Bakan\u0131 Heme Heme Se\u00eed, Nazir\u00ee\u2019nin K\u00fcrt sanat\u0131nda \u00f6zel bir yerinin oldu\u011funu, \u015fu ana kadar 40\u2019tan fazla alb\u00fcm eserini icra etti\u011fini belirtti.<\/p>\n<p style=\"text-align: justify\">Ayd\u0131nlanma Bakan\u0131 a\u00e7\u0131klamas\u0131nda, K\u00fcrdistan B\u00f6lgesi halk\u0131n\u0131n b\u00f6ylesine de\u011ferli ve b\u00fcy\u00fck bir sanat\u00e7\u0131y\u0131 a\u011f\u0131rlamaktan gurur duydu\u011funu s\u00f6yledi.<\/p>\n<p style=\"text-align: justify\">\u00d6d\u00fcl t\u00f6reninde bir konu\u015fma yapan \u015eahram Nazir\u00ee\u2019de \u015fu duygular\u0131n\u0131 payla\u015ft\u0131: \u201cUzun zamandan beridir takip etti\u011fim, i\u00e7inde oldu\u011fum m\u00fczik d\u00fcnyas\u0131nda ula\u015ft\u0131\u011f\u0131m sonu\u00e7; K\u00fcrt m\u00fczi\u011fi en temiz kalanlardan ve bunun sebebi de K\u00fcrt dili olmu\u015ftur.\u201d<\/p>\n<p style=\"text-align: justify\">Merasimin ilerleyen b\u00f6l\u00fcm\u00fcnde K\u00fcrdistan B\u00f6lgesi Ayd\u0131nlanma ve Gen\u00e7lik Bakan\u0131 Heme Heme Se\u00eed, K\u00fcrdistan B\u00f6lgesi Sanat\u00e7\u0131lar Sendikas\u0131 ile baz\u0131 kurum \u2013 kurulu\u015flar K\u00fcrdistan B\u00f6lgesi \u201cSayg\u0131 \u00d6d\u00fcl\u00fc\u2019n\u00fc\u201d tan\u0131nm\u0131\u015f Sanat\u00e7\u0131 \u015eahram Nazir\u00ee\u2019ye taktim ettiler.<\/p>\n<p style=\"text-align: justify\">\u00d6d\u00fcl alma esnas\u0131nda da bir konu\u015fma yapan Nazir\u00ee \u015funlar\u0131 dile getirdi: \u201c\u015eu an halk\u0131m\u0131n i\u00e7erisinde ve topraklar\u0131mda olmaktan dolay\u0131 \u00e7ok mutluyum. \u0130lk sanata ba\u015flad\u0131\u011f\u0131m g\u00fcnden bug\u00fcne dek yapt\u0131\u011f\u0131m \u00e7al\u0131\u015fmalar\u0131mla K\u00fcrt m\u00fczi\u011fine, sanat\u0131na ve tarihine hizmet etmek en temel amac\u0131m oldu.\u201d<\/p>\n<p style=\"text-align: justify\">\u015eahram Nazir\u00ee K\u00fcrdistan B\u00f6lgesi H\u00fck\u00fcmeti taraf\u0131ndan kendisine lay\u0131k g\u00f6r\u00fclen \u00f6d\u00fcl nedeniyle \u00e7ok duyguland\u0131\u011f\u0131n\u0131 ve ald\u0131\u011f\u0131 bu \u00f6d\u00fcl\u00fcn \u015fu ana kadar d\u00fcnyan\u0131n farkl\u0131 \u00fclkelerinde ald\u0131\u011f\u0131, farkl\u0131 \u00f6d\u00fcllerden daha b\u00fcy\u00fck, daha k\u0131ymetli oldu\u011funu vurgulad\u0131.<\/p>\n<p style=\"text-align: justify\">K\u00fcrdistan B\u00f6lgesi H\u00fck\u00fcmeti\u2019nin sanata \u00e7ok hizmet etti\u011fini ifade eden Nazir\u00ee a\u00e7\u0131klamas\u0131n\u0131n sonunda, yap\u0131lan hizmetlerin daha fazla netice almas\u0131 ve sanat\u0131n b\u00fct\u00fcn dallar\u0131nda bu hizmetin yans\u0131mas\u0131 gerekti\u011fini dile getirdi.<\/p>\n","protected":false},"excerpt":{"rendered":"<p>K\u00fcrdistan B\u00f6lgesi H\u00fck\u00fcmeti Ayd\u0131nlanma ve Gen\u00e7lik Bakanl\u0131\u011f\u0131, yakla\u015f\u0131k 50 y\u0131ld\u0131r K\u00fcrt m\u00fczi\u011fi, sanat\u0131, \u015fiirlerine yapt\u0131\u011f\u0131 katk\u0131lar\u0131 nedeniyle Uluslararas\u0131 tan\u0131nm\u0131\u015f K\u00fcrt sanat\u00e7\u0131 \u015eahram Nazir\u00ee\u2019ye \u201cSayg\u0131 \u00d6d\u00fcl\u00fc\u201d takdim etti. K\u00fcrdistan B\u00f6lgesi H\u00fck\u00fcmeti ad\u0131na \u00f6d\u00fcl t\u00f6reninde bir konu\u015fma yapan Ayd\u0131nlanma ve Gen\u00e7lik Bakan\u0131 Heme Heme Se\u00eed, Nazir\u00ee\u2019nin K\u00fcrt sanat\u0131nda \u00f6zel bir yerinin oldu\u011funu, \u015fu ana kadar 40\u2019tan fazla [&hellip;]<\/p>\n","protected":false},"author":2,"featured_media":0,"comment_status":"closed","ping_status":"closed","sticky":false,"template":"","format":"standard","meta":{"footnotes":""},"categories":[33],"tags":[31],"class_list":["post-1019361","post","type-post","status-publish","format-standard","hentry","category-sanat","tag-onemli"],"blocksy_meta":[],"seo_head":"<!-- This site is optimized with the Yoast SEO plugin v27.5 - https:\/\/yoast.com\/product\/yoast-seo-wordpress\/ -->\n<title>\u015eahram Nazir\u00ee: K\u00fcrdistan B\u00f6lgesi\u2019nden bana verilen \u00f6d\u00fcl d\u00fcnyadaki b\u00fct\u00fcn \u00f6d\u00fcllerden daha de\u011ferli - Darka Mazi<\/title>\n<meta name=\"robots\" content=\"index, follow, max-snippet:-1, max-image-preview:large, max-video-preview:-1\" \/>\n<link rel=\"canonical\" href=\"https:\/\/darkamazi.site\/archives\/1019361\" \/>\n<meta property=\"og:locale\" content=\"en_US\" \/>\n<meta property=\"og:type\" content=\"article\" \/>\n<meta property=\"og:title\" content=\"\u015eahram Nazir\u00ee: K\u00fcrdistan B\u00f6lgesi\u2019nden bana verilen \u00f6d\u00fcl d\u00fcnyadaki b\u00fct\u00fcn \u00f6d\u00fcllerden daha de\u011ferli - Darka Mazi\" \/>\n<meta property=\"og:description\" content=\"K\u00fcrdistan B\u00f6lgesi H\u00fck\u00fcmeti Ayd\u0131nlanma ve Gen\u00e7lik Bakanl\u0131\u011f\u0131, yakla\u015f\u0131k 50 y\u0131ld\u0131r K\u00fcrt m\u00fczi\u011fi, sanat\u0131, \u015fiirlerine yapt\u0131\u011f\u0131 katk\u0131lar\u0131 nedeniyle Uluslararas\u0131 tan\u0131nm\u0131\u015f K\u00fcrt sanat\u00e7\u0131 \u015eahram Nazir\u00ee\u2019ye \u201cSayg\u0131 \u00d6d\u00fcl\u00fc\u201d takdim etti. K\u00fcrdistan B\u00f6lgesi H\u00fck\u00fcmeti ad\u0131na \u00f6d\u00fcl t\u00f6reninde bir konu\u015fma yapan Ayd\u0131nlanma ve Gen\u00e7lik Bakan\u0131 Heme Heme Se\u00eed, Nazir\u00ee\u2019nin K\u00fcrt sanat\u0131nda \u00f6zel bir yerinin oldu\u011funu, \u015fu ana kadar 40\u2019tan fazla [&hellip;]\" \/>\n<meta property=\"og:url\" content=\"https:\/\/darkamazi.site\/archives\/1019361\" \/>\n<meta property=\"og:site_name\" content=\"Darka Mazi\" \/>\n<meta property=\"article:publisher\" content=\"https:\/\/www.facebook.com\/DarkaMaziturkce\" \/>\n<meta property=\"article:published_time\" content=\"2022-05-16T16:05:07+00:00\" \/>\n<meta property=\"article:modified_time\" content=\"2022-05-16T16:18:54+00:00\" \/>\n<meta name=\"author\" content=\"darka mazi\" \/>\n<meta name=\"twitter:card\" content=\"summary_large_image\" \/>\n<meta name=\"twitter:creator\" content=\"@DarkaMaziTurkce\" \/>\n<meta name=\"twitter:site\" content=\"@DarkaMaziTurkce\" \/>\n<meta name=\"twitter:label1\" content=\"Written by\" \/>\n\t<meta name=\"twitter:data1\" content=\"darka mazi\" \/>\n\t<meta name=\"twitter:label2\" content=\"Est. reading time\" \/>\n\t<meta name=\"twitter:data2\" content=\"2 minutes\" \/>\n<script type=\"application\/ld+json\" class=\"seo-schema-graph\">{\"@context\":\"https:\\\/\\\/schema.org\",\"@graph\":[{\"@type\":\"NewsArticle\",\"@id\":\"https:\\\/\\\/darkamazi.site\\\/archives\\\/1019361#article\",\"isPartOf\":{\"@id\":\"https:\\\/\\\/darkamazi.site\\\/archives\\\/1019361\"},\"author\":{\"name\":\"darka mazi\",\"@id\":\"https:\\\/\\\/darkamazi.site\\\/#\\\/schema\\\/person\\\/67986a95ac546c16760365877ef4a9d3\"},\"headline\":\"\u015eahram Nazir\u00ee: K\u00fcrdistan B\u00f6lgesi\u2019nden bana verilen \u00f6d\u00fcl d\u00fcnyadaki b\u00fct\u00fcn \u00f6d\u00fcllerden daha de\u011ferli\",\"datePublished\":\"2022-05-16T16:05:07+00:00\",\"dateModified\":\"2022-05-16T16:18:54+00:00\",\"mainEntityOfPage\":{\"@id\":\"https:\\\/\\\/darkamazi.site\\\/archives\\\/1019361\"},\"wordCount\":399,\"publisher\":{\"@id\":\"https:\\\/\\\/darkamazi.site\\\/#organization\"},\"keywords\":[\"\u00f6nemli\"],\"articleSection\":[\"Sanat\"],\"inLanguage\":\"en-US\"},{\"@type\":\"WebPage\",\"@id\":\"https:\\\/\\\/darkamazi.site\\\/archives\\\/1019361\",\"url\":\"https:\\\/\\\/darkamazi.site\\\/archives\\\/1019361\",\"name\":\"\u015eahram Nazir\u00ee: K\u00fcrdistan B\u00f6lgesi\u2019nden bana verilen \u00f6d\u00fcl d\u00fcnyadaki b\u00fct\u00fcn \u00f6d\u00fcllerden daha de\u011ferli - Darka Mazi\",\"isPartOf\":{\"@id\":\"https:\\\/\\\/darkamazi.site\\\/#website\"},\"datePublished\":\"2022-05-16T16:05:07+00:00\",\"dateModified\":\"2022-05-16T16:18:54+00:00\",\"breadcrumb\":{\"@id\":\"https:\\\/\\\/darkamazi.site\\\/archives\\\/1019361#breadcrumb\"},\"inLanguage\":\"en-US\",\"potentialAction\":[{\"@type\":\"ReadAction\",\"target\":[\"https:\\\/\\\/darkamazi.site\\\/archives\\\/1019361\"]}]},{\"@type\":\"BreadcrumbList\",\"@id\":\"https:\\\/\\\/darkamazi.site\\\/archives\\\/1019361#breadcrumb\",\"itemListElement\":[{\"@type\":\"ListItem\",\"position\":1,\"name\":\"Home\",\"item\":\"https:\\\/\\\/darkamazi.site\\\/\"},{\"@type\":\"ListItem\",\"position\":2,\"name\":\"\u015eahram Nazir\u00ee: K\u00fcrdistan B\u00f6lgesi\u2019nden bana verilen \u00f6d\u00fcl d\u00fcnyadaki b\u00fct\u00fcn \u00f6d\u00fcllerden daha de\u011ferli\"}]},{\"@type\":\"WebSite\",\"@id\":\"https:\\\/\\\/darkamazi.site\\\/#website\",\"url\":\"https:\\\/\\\/darkamazi.site\\\/\",\"name\":\"Darka Mazi\",\"description\":\"Ana Sayfa\",\"publisher\":{\"@id\":\"https:\\\/\\\/darkamazi.site\\\/#organization\"},\"potentialAction\":[{\"@type\":\"SearchAction\",\"target\":{\"@type\":\"EntryPoint\",\"urlTemplate\":\"https:\\\/\\\/darkamazi.site\\\/?s={search_term_string}\"},\"query-input\":{\"@type\":\"PropertyValueSpecification\",\"valueRequired\":true,\"valueName\":\"search_term_string\"}}],\"inLanguage\":\"en-US\"},{\"@type\":\"Organization\",\"@id\":\"https:\\\/\\\/darkamazi.site\\\/#organization\",\"name\":\"Darka Mazi T\u00fcrk\u00e7e\",\"alternateName\":\"Darka Mazi\",\"url\":\"https:\\\/\\\/darkamazi.site\\\/\",\"logo\":{\"@type\":\"ImageObject\",\"inLanguage\":\"en-US\",\"@id\":\"https:\\\/\\\/darkamazi.site\\\/#\\\/schema\\\/logo\\\/image\\\/\",\"url\":\"https:\\\/\\\/darkamazi.site\\\/darka-content\\\/uploads\\\/2017\\\/12\\\/darka-mazi-logo.png\",\"contentUrl\":\"https:\\\/\\\/darkamazi.site\\\/darka-content\\\/uploads\\\/2017\\\/12\\\/darka-mazi-logo.png\",\"width\":151,\"height\":75,\"caption\":\"Darka Mazi T\u00fcrk\u00e7e\"},\"image\":{\"@id\":\"https:\\\/\\\/darkamazi.site\\\/#\\\/schema\\\/logo\\\/image\\\/\"},\"sameAs\":[\"https:\\\/\\\/www.facebook.com\\\/DarkaMaziturkce\",\"https:\\\/\\\/x.com\\\/DarkaMaziTurkce\"]},{\"@type\":\"Person\",\"@id\":\"https:\\\/\\\/darkamazi.site\\\/#\\\/schema\\\/person\\\/67986a95ac546c16760365877ef4a9d3\",\"name\":\"darka mazi\",\"sameAs\":[\"https:\\\/\\\/darkamazi.site\"],\"url\":\"https:\\\/\\\/darkamazi.site\\\/archives\\\/author\\\/turkish\"}]}<\/script>\n<!-- \/ Yoast SEO plugin. -->","seo_head_json":{"title":"\u015eahram Nazir\u00ee: K\u00fcrdistan B\u00f6lgesi\u2019nden bana verilen \u00f6d\u00fcl d\u00fcnyadaki b\u00fct\u00fcn \u00f6d\u00fcllerden daha de\u011ferli - Darka Mazi","robots":{"index":"index","follow":"follow","max-snippet":"max-snippet:-1","max-image-preview":"max-image-preview:large","max-video-preview":"max-video-preview:-1"},"canonical":"https:\/\/darkamazi.site\/archives\/1019361","og_locale":"en_US","og_type":"article","og_title":"\u015eahram Nazir\u00ee: K\u00fcrdistan B\u00f6lgesi\u2019nden bana verilen \u00f6d\u00fcl d\u00fcnyadaki b\u00fct\u00fcn \u00f6d\u00fcllerden daha de\u011ferli - Darka Mazi","og_description":"K\u00fcrdistan B\u00f6lgesi H\u00fck\u00fcmeti Ayd\u0131nlanma ve Gen\u00e7lik Bakanl\u0131\u011f\u0131, yakla\u015f\u0131k 50 y\u0131ld\u0131r K\u00fcrt m\u00fczi\u011fi, sanat\u0131, \u015fiirlerine yapt\u0131\u011f\u0131 katk\u0131lar\u0131 nedeniyle Uluslararas\u0131 tan\u0131nm\u0131\u015f K\u00fcrt sanat\u00e7\u0131 \u015eahram Nazir\u00ee\u2019ye \u201cSayg\u0131 \u00d6d\u00fcl\u00fc\u201d takdim etti. K\u00fcrdistan B\u00f6lgesi H\u00fck\u00fcmeti ad\u0131na \u00f6d\u00fcl t\u00f6reninde bir konu\u015fma yapan Ayd\u0131nlanma ve Gen\u00e7lik Bakan\u0131 Heme Heme Se\u00eed, Nazir\u00ee\u2019nin K\u00fcrt sanat\u0131nda \u00f6zel bir yerinin oldu\u011funu, \u015fu ana kadar 40\u2019tan fazla [&hellip;]","og_url":"https:\/\/darkamazi.site\/archives\/1019361","og_site_name":"Darka Mazi","article_publisher":"https:\/\/www.facebook.com\/DarkaMaziturkce","article_published_time":"2022-05-16T16:05:07+00:00","article_modified_time":"2022-05-16T16:18:54+00:00","author":"darka mazi","twitter_card":"summary_large_image","twitter_creator":"@DarkaMaziTurkce","twitter_site":"@DarkaMaziTurkce","twitter_misc":{"Written by":"darka mazi","Est. reading time":"2 minutes"},"schema":{"@context":"https:\/\/schema.org","@graph":[{"@type":"NewsArticle","@id":"https:\/\/darkamazi.site\/archives\/1019361#article","isPartOf":{"@id":"https:\/\/darkamazi.site\/archives\/1019361"},"author":{"name":"darka mazi","@id":"https:\/\/darkamazi.site\/#\/schema\/person\/67986a95ac546c16760365877ef4a9d3"},"headline":"\u015eahram Nazir\u00ee: K\u00fcrdistan B\u00f6lgesi\u2019nden bana verilen \u00f6d\u00fcl d\u00fcnyadaki b\u00fct\u00fcn \u00f6d\u00fcllerden daha de\u011ferli","datePublished":"2022-05-16T16:05:07+00:00","dateModified":"2022-05-16T16:18:54+00:00","mainEntityOfPage":{"@id":"https:\/\/darkamazi.site\/archives\/1019361"},"wordCount":399,"publisher":{"@id":"https:\/\/darkamazi.site\/#organization"},"keywords":["\u00f6nemli"],"articleSection":["Sanat"],"inLanguage":"en-US"},{"@type":"WebPage","@id":"https:\/\/darkamazi.site\/archives\/1019361","url":"https:\/\/darkamazi.site\/archives\/1019361","name":"\u015eahram Nazir\u00ee: K\u00fcrdistan B\u00f6lgesi\u2019nden bana verilen \u00f6d\u00fcl d\u00fcnyadaki b\u00fct\u00fcn \u00f6d\u00fcllerden daha de\u011ferli - Darka Mazi","isPartOf":{"@id":"https:\/\/darkamazi.site\/#website"},"datePublished":"2022-05-16T16:05:07+00:00","dateModified":"2022-05-16T16:18:54+00:00","breadcrumb":{"@id":"https:\/\/darkamazi.site\/archives\/1019361#breadcrumb"},"inLanguage":"en-US","potentialAction":[{"@type":"ReadAction","target":["https:\/\/darkamazi.site\/archives\/1019361"]}]},{"@type":"BreadcrumbList","@id":"https:\/\/darkamazi.site\/archives\/1019361#breadcrumb","itemListElement":[{"@type":"ListItem","position":1,"name":"Home","item":"https:\/\/darkamazi.site\/"},{"@type":"ListItem","position":2,"name":"\u015eahram Nazir\u00ee: K\u00fcrdistan B\u00f6lgesi\u2019nden bana verilen \u00f6d\u00fcl d\u00fcnyadaki b\u00fct\u00fcn \u00f6d\u00fcllerden daha de\u011ferli"}]},{"@type":"WebSite","@id":"https:\/\/darkamazi.site\/#website","url":"https:\/\/darkamazi.site\/","name":"Darka Mazi","description":"Ana Sayfa","publisher":{"@id":"https:\/\/darkamazi.site\/#organization"},"potentialAction":[{"@type":"SearchAction","target":{"@type":"EntryPoint","urlTemplate":"https:\/\/darkamazi.site\/?s={search_term_string}"},"query-input":{"@type":"PropertyValueSpecification","valueRequired":true,"valueName":"search_term_string"}}],"inLanguage":"en-US"},{"@type":"Organization","@id":"https:\/\/darkamazi.site\/#organization","name":"Darka Mazi T\u00fcrk\u00e7e","alternateName":"Darka Mazi","url":"https:\/\/darkamazi.site\/","logo":{"@type":"ImageObject","inLanguage":"en-US","@id":"https:\/\/darkamazi.site\/#\/schema\/logo\/image\/","url":"https:\/\/darkamazi.site\/file\/2017\/12\/darka-mazi-logo.png","contentUrl":"https:\/\/darkamazi.site\/file\/2017\/12\/darka-mazi-logo.png","width":151,"height":75,"caption":"Darka Mazi T\u00fcrk\u00e7e"},"image":{"@id":"https:\/\/darkamazi.site\/#\/schema\/logo\/image\/"},"sameAs":["https:\/\/www.facebook.com\/DarkaMaziturkce","https:\/\/x.com\/DarkaMaziTurkce"]},{"@type":"Person","@id":"https:\/\/darkamazi.site\/#\/schema\/person\/67986a95ac546c16760365877ef4a9d3","name":"darka mazi","sameAs":["https:\/\/darkamazi.site"],"url":"https:\/\/darkamazi.site\/archives\/author\/turkish"}]}},"_links":{"self":[{"href":"https:\/\/darkamazi.site\/funavuv\/wp\/v2\/posts\/1019361","targetHints":{"allow":["GET"]}}],"collection":[{"href":"https:\/\/darkamazi.site\/funavuv\/wp\/v2\/posts"}],"about":[{"href":"https:\/\/darkamazi.site\/funavuv\/wp\/v2\/types\/post"}],"author":[{"embeddable":true,"href":"https:\/\/darkamazi.site\/funavuv\/wp\/v2\/users\/2"}],"replies":[{"embeddable":true,"href":"https:\/\/darkamazi.site\/funavuv\/wp\/v2\/comments?post=1019361"}],"version-history":[{"count":0,"href":"https:\/\/darkamazi.site\/funavuv\/wp\/v2\/posts\/1019361\/revisions"}],"wp:attachment":[{"href":"https:\/\/darkamazi.site\/funavuv\/wp\/v2\/media?parent=1019361"}],"wp:term":[{"taxonomy":"category","embeddable":true,"href":"https:\/\/darkamazi.site\/funavuv\/wp\/v2\/categories?post=1019361"},{"taxonomy":"post_tag","embeddable":true,"href":"https:\/\/darkamazi.site\/funavuv\/wp\/v2\/tags?post=1019361"}],"curies":[{"name":"wp","href":"https:\/\/api.w.org\/{rel}","templated":true}]}}