{"id":1019484,"date":"2022-05-25T18:51:43","date_gmt":"2022-05-25T15:51:43","guid":{"rendered":"https:\/\/darkamazi.site\/?p=1019484"},"modified":"2022-05-25T18:51:43","modified_gmt":"2022-05-25T15:51:43","slug":"kdp-ve-ynknin-kritik-toplantisi-sonuclandi-hukumete-destek-yenilendi-diyalog-devam-edecek","status":"publish","type":"post","link":"https:\/\/darkamazi.site\/archives\/1019484","title":{"rendered":"KDP ve YNK&#8217;nin kritik toplant\u0131s\u0131 sonu\u00e7land\u0131: H\u00fck\u00fcmete destek yenilendi, diyalog devam edecek"},"content":{"rendered":"<p style=\"text-align: justify\">K\u00fcrdistan Demokrat Partisi (KDP) ve K\u00fcrdistan Yurtseverler Birli\u011fi (KYB) heyetleri ba\u015fkent Erbil\u2019de bir araya geldi. Toplant\u0131da Ba\u015fkan Ne\u00e7irvan Barzani ve KYB E\u015f Genel Ba\u015fkan\u0131 Baf\u0131l Talabani de haz\u0131r bulundu. taraflar aras\u0131ndaki kopan ili\u015fkiyi sa\u011flamak i\u00e7in kritik \u00f6nem ta\u015f\u0131yan, toplant\u0131 pozitif bir ortam yaratt\u0131.<\/p>\n<p style=\"text-align: justify\">Bug\u00fcn KDP ile KYB politb\u00fcrolar\u0131 K\u00fcrdistan B\u00f6lgesi Ba\u015fkan\u0131 Ne\u00e7irvan Barzani ve KYB E\u015f Ba\u015fkan\u0131 Baf\u0131l Talabani\u2019nin kat\u0131m\u0131yla Erbil\u2019de topland\u0131.<\/p>\n<p style=\"text-align: justify\">Toplant\u0131ya KDP cephesinden; Politb\u00fcro Sekreteri Faz\u0131l Mirani , Politb\u00fcro \u00fcyeleri Ho\u015fyar Zebari, Azad Berwari, Mahmud Muhammed, Rebwar Yalda, Cafer Eminki\u2019nin yan\u0131s\u0131ra Y\u00f6netim Kurulu \u00fcyeleri D\u0131l\u015fad \u015eehab ve Ali H\u00fcseyin yer ald\u0131.<\/p>\n<p style=\"text-align: justify\">KYB\u2019den ise Kubat Talabani, Derbaz Kosret Rasul, R\u0131zgar Ali, Xesraw Gul Muhammed, \u015ealaw Ali Askeri, Soran Cemal Tahir Emin, Politb\u00fcro sekreteri\u00a0Ferid Eseserd ve S\u00fcleymaniye Ter\u00f6rle M\u00fccadele Dairesi Ba\u015fkan\u0131 Vahap Halep\u00e7eyi kat\u0131ld\u0131.<\/p>\n<p style=\"text-align: justify\">G\u00f6r\u00fc\u015fmenin ard\u0131ndan yap\u0131lan ortak a\u00e7\u0131klamada, g\u00f6r\u00fc\u015fmede Irak ve K\u00fcrdistan B\u00f6lgesi&#8217;ndeki mevcut durum ve ortak i\u015fbirli\u011finin temellerinin ele al\u0131nd\u0131\u011f\u0131 belirtildi.<\/p>\n<p style=\"text-align: justify\">Ne\u00e7irvan Barzani&#8217;nin giri\u015fimi ve S\u00fcleymani ziyaretinin ard\u0131ndan &#8220;diyalog ve normalle\u015fme\u201d i\u00e7in uygun bir ortam olu\u015ftu\u011funa dikkat \u00e7ekilen a\u00e7\u0131klamada, prensip olarak ortak \u00e7al\u0131\u015fmalar\u0131n devam edece\u011fi kaydedildi.<\/p>\n<p style=\"text-align: justify\">A\u00e7\u0131klamada, iki partiden ortak bir heyetin K\u00fcrdistan Parlamentosu se\u00e7imleri konusunu g\u00f6r\u00fc\u015fece\u011fi belirtildi.<\/p>\n<p style=\"text-align: justify\">KDP ve KYB\u2019nin K\u00fcrdistan B\u00f6lgesi h\u00fckumeti ve me\u015fru kurumlara olan desteklerini yineledikleri a\u00e7\u0131klamada, taraflar\u0131n bir birine kar\u015f\u0131 medya kampanyalar\u0131n\u0131 durduracaklar\u0131 ifade edildi.<\/p>\n<p style=\"text-align: justify\">R\u00fbdaw\u2019a konu\u015fan K\u00fcrdistan Demokrat Partisi&#8217;nin (KDP) Ulusal \u0130li\u015fkiler Sorumlusu Ali H\u00fcseyin, &#8220;KDP ve KYB, di\u011fer partiler ile birlikte birbirini tamaml\u0131yor\u201d dedi.<\/p>\n<p style=\"text-align: justify\">K\u00fcrdistan B\u00f6lgesi Ba\u015fkan\u0131 Dan\u0131\u015fman\u0131 Dil\u015fad \u015eahab da, taraflar\u0131n, Ba\u015fkan Ne\u00e7irvan Barzani&#8217;nin S\u00fcleymaniye\u2019de siyasi partiler ile ulusal meseleleri \u00e7\u00f6zmek, bu temelde\u00a0diyalog platformu olu\u015fturmak amac\u0131yla yapt\u0131\u011f\u0131 g\u00f6r\u00fc\u015fmelerin ard\u0131ndan bir araya geldi\u011fini s\u00f6yledi.<\/p>\n<p style=\"text-align: justify\">Ne\u00e7irvan Barzani 22 May\u0131s tarihinde S\u00fcleymaniye\u2019ye yapt\u0131\u011f\u0131 ziyarette \u201culusal birlik\u201d amac\u0131yla siyasi taraflar ile bir araya gelmi\u015fti.\u00a0Barzani burada yapt\u0131\u011f\u0131 g\u00f6r\u00fc\u015fmeler ard\u0131ndan &#8220;Halk\u0131m\u0131z\u0131n \u00e7\u0131karlar\u0131 i\u00e7in birlikte hareket etmeliyiz&#8221; demi\u015fti.<\/p>\n","protected":false},"excerpt":{"rendered":"<p>K\u00fcrdistan Demokrat Partisi (KDP) ve K\u00fcrdistan Yurtseverler Birli\u011fi (KYB) heyetleri ba\u015fkent Erbil\u2019de bir araya geldi. Toplant\u0131da Ba\u015fkan Ne\u00e7irvan Barzani ve KYB E\u015f Genel Ba\u015fkan\u0131 Baf\u0131l Talabani de haz\u0131r bulundu. taraflar aras\u0131ndaki kopan ili\u015fkiyi sa\u011flamak i\u00e7in kritik \u00f6nem ta\u015f\u0131yan, toplant\u0131 pozitif bir ortam yaratt\u0131. Bug\u00fcn KDP ile KYB politb\u00fcrolar\u0131 K\u00fcrdistan B\u00f6lgesi Ba\u015fkan\u0131 Ne\u00e7irvan Barzani ve KYB [&hellip;]<\/p>\n","protected":false},"author":2,"featured_media":1019485,"comment_status":"closed","ping_status":"closed","sticky":false,"template":"","format":"standard","meta":{"footnotes":""},"categories":[3],"tags":[31],"class_list":["post-1019484","post","type-post","status-publish","format-standard","has-post-thumbnail","hentry","category-kurdistan","tag-onemli"],"blocksy_meta":[],"seo_head":"<!-- This site is optimized with the Yoast SEO plugin v27.5 - https:\/\/yoast.com\/product\/yoast-seo-wordpress\/ -->\n<title>KDP ve YNK&#039;nin kritik toplant\u0131s\u0131 sonu\u00e7land\u0131: H\u00fck\u00fcmete destek yenilendi, diyalog devam edecek - Darka Mazi<\/title>\n<meta name=\"robots\" content=\"index, follow, max-snippet:-1, max-image-preview:large, max-video-preview:-1\" \/>\n<link rel=\"canonical\" href=\"https:\/\/darkamazi.site\/archives\/1019484\" \/>\n<meta property=\"og:locale\" content=\"en_US\" \/>\n<meta property=\"og:type\" content=\"article\" \/>\n<meta property=\"og:title\" content=\"KDP ve YNK&#039;nin kritik toplant\u0131s\u0131 sonu\u00e7land\u0131: H\u00fck\u00fcmete destek yenilendi, diyalog devam edecek - Darka Mazi\" \/>\n<meta property=\"og:description\" content=\"K\u00fcrdistan Demokrat Partisi (KDP) ve K\u00fcrdistan Yurtseverler Birli\u011fi (KYB) heyetleri ba\u015fkent Erbil\u2019de bir araya geldi. Toplant\u0131da Ba\u015fkan Ne\u00e7irvan Barzani ve KYB E\u015f Genel Ba\u015fkan\u0131 Baf\u0131l Talabani de haz\u0131r bulundu. taraflar aras\u0131ndaki kopan ili\u015fkiyi sa\u011flamak i\u00e7in kritik \u00f6nem ta\u015f\u0131yan, toplant\u0131 pozitif bir ortam yaratt\u0131. Bug\u00fcn KDP ile KYB politb\u00fcrolar\u0131 K\u00fcrdistan B\u00f6lgesi Ba\u015fkan\u0131 Ne\u00e7irvan Barzani ve KYB [&hellip;]\" \/>\n<meta property=\"og:url\" content=\"https:\/\/darkamazi.site\/archives\/1019484\" \/>\n<meta property=\"og:site_name\" content=\"Darka Mazi\" \/>\n<meta property=\"article:publisher\" content=\"https:\/\/www.facebook.com\/DarkaMaziturkce\" \/>\n<meta property=\"article:published_time\" content=\"2022-05-25T15:51:43+00:00\" \/>\n<meta property=\"og:image\" content=\"https:\/\/darkamazi.site\/file\/2022\/05\/KDP-ve-YNK-arasinda-anlasma.jpg\" \/>\n\t<meta property=\"og:image:width\" content=\"990\" \/>\n\t<meta property=\"og:image:height\" content=\"500\" \/>\n\t<meta property=\"og:image:type\" content=\"image\/jpeg\" \/>\n<meta name=\"author\" content=\"darka mazi\" \/>\n<meta name=\"twitter:card\" content=\"summary_large_image\" \/>\n<meta name=\"twitter:creator\" content=\"@DarkaMaziTurkce\" \/>\n<meta name=\"twitter:site\" content=\"@DarkaMaziTurkce\" \/>\n<meta name=\"twitter:label1\" content=\"Written by\" \/>\n\t<meta name=\"twitter:data1\" content=\"darka mazi\" \/>\n\t<meta name=\"twitter:label2\" content=\"Est. reading time\" \/>\n\t<meta name=\"twitter:data2\" content=\"2 minutes\" \/>\n<script type=\"application\/ld+json\" class=\"seo-schema-graph\">{\"@context\":\"https:\\\/\\\/schema.org\",\"@graph\":[{\"@type\":\"NewsArticle\",\"@id\":\"https:\\\/\\\/darkamazi.site\\\/archives\\\/1019484#article\",\"isPartOf\":{\"@id\":\"https:\\\/\\\/darkamazi.site\\\/archives\\\/1019484\"},\"author\":{\"name\":\"darka mazi\",\"@id\":\"https:\\\/\\\/darkamazi.site\\\/#\\\/schema\\\/person\\\/67986a95ac546c16760365877ef4a9d3\"},\"headline\":\"KDP ve YNK&#8217;nin kritik toplant\u0131s\u0131 sonu\u00e7land\u0131: H\u00fck\u00fcmete destek yenilendi, diyalog devam edecek\",\"datePublished\":\"2022-05-25T15:51:43+00:00\",\"mainEntityOfPage\":{\"@id\":\"https:\\\/\\\/darkamazi.site\\\/archives\\\/1019484\"},\"wordCount\":429,\"publisher\":{\"@id\":\"https:\\\/\\\/darkamazi.site\\\/#organization\"},\"image\":{\"@id\":\"https:\\\/\\\/darkamazi.site\\\/archives\\\/1019484#primaryimage\"},\"thumbnailUrl\":\"https:\\\/\\\/darkamazi.site\\\/darka-content\\\/uploads\\\/2022\\\/05\\\/KDP-ve-YNK-arasinda-anlasma.jpg\",\"keywords\":[\"\u00f6nemli\"],\"articleSection\":[\"Kurdistan\"],\"inLanguage\":\"en-US\"},{\"@type\":\"WebPage\",\"@id\":\"https:\\\/\\\/darkamazi.site\\\/archives\\\/1019484\",\"url\":\"https:\\\/\\\/darkamazi.site\\\/archives\\\/1019484\",\"name\":\"KDP ve YNK'nin kritik toplant\u0131s\u0131 sonu\u00e7land\u0131: H\u00fck\u00fcmete destek yenilendi, diyalog devam edecek - Darka Mazi\",\"isPartOf\":{\"@id\":\"https:\\\/\\\/darkamazi.site\\\/#website\"},\"primaryImageOfPage\":{\"@id\":\"https:\\\/\\\/darkamazi.site\\\/archives\\\/1019484#primaryimage\"},\"image\":{\"@id\":\"https:\\\/\\\/darkamazi.site\\\/archives\\\/1019484#primaryimage\"},\"thumbnailUrl\":\"https:\\\/\\\/darkamazi.site\\\/darka-content\\\/uploads\\\/2022\\\/05\\\/KDP-ve-YNK-arasinda-anlasma.jpg\",\"datePublished\":\"2022-05-25T15:51:43+00:00\",\"breadcrumb\":{\"@id\":\"https:\\\/\\\/darkamazi.site\\\/archives\\\/1019484#breadcrumb\"},\"inLanguage\":\"en-US\",\"potentialAction\":[{\"@type\":\"ReadAction\",\"target\":[\"https:\\\/\\\/darkamazi.site\\\/archives\\\/1019484\"]}]},{\"@type\":\"ImageObject\",\"inLanguage\":\"en-US\",\"@id\":\"https:\\\/\\\/darkamazi.site\\\/archives\\\/1019484#primaryimage\",\"url\":\"https:\\\/\\\/darkamazi.site\\\/darka-content\\\/uploads\\\/2022\\\/05\\\/KDP-ve-YNK-arasinda-anlasma.jpg\",\"contentUrl\":\"https:\\\/\\\/darkamazi.site\\\/darka-content\\\/uploads\\\/2022\\\/05\\\/KDP-ve-YNK-arasinda-anlasma.jpg\",\"width\":990,\"height\":500,\"caption\":\"KDP ve YNK'nin kritik toplant\u0131s\u0131 sonu\u00e7land\u0131: H\u00fck\u00fcmete destek yenilendi, diyalog devam edecek\"},{\"@type\":\"BreadcrumbList\",\"@id\":\"https:\\\/\\\/darkamazi.site\\\/archives\\\/1019484#breadcrumb\",\"itemListElement\":[{\"@type\":\"ListItem\",\"position\":1,\"name\":\"Home\",\"item\":\"https:\\\/\\\/darkamazi.site\\\/\"},{\"@type\":\"ListItem\",\"position\":2,\"name\":\"KDP ve YNK&#8217;nin kritik toplant\u0131s\u0131 sonu\u00e7land\u0131: H\u00fck\u00fcmete destek yenilendi, diyalog devam edecek\"}]},{\"@type\":\"WebSite\",\"@id\":\"https:\\\/\\\/darkamazi.site\\\/#website\",\"url\":\"https:\\\/\\\/darkamazi.site\\\/\",\"name\":\"Darka Mazi\",\"description\":\"Ana Sayfa\",\"publisher\":{\"@id\":\"https:\\\/\\\/darkamazi.site\\\/#organization\"},\"potentialAction\":[{\"@type\":\"SearchAction\",\"target\":{\"@type\":\"EntryPoint\",\"urlTemplate\":\"https:\\\/\\\/darkamazi.site\\\/?s={search_term_string}\"},\"query-input\":{\"@type\":\"PropertyValueSpecification\",\"valueRequired\":true,\"valueName\":\"search_term_string\"}}],\"inLanguage\":\"en-US\"},{\"@type\":\"Organization\",\"@id\":\"https:\\\/\\\/darkamazi.site\\\/#organization\",\"name\":\"Darka Mazi T\u00fcrk\u00e7e\",\"alternateName\":\"Darka Mazi\",\"url\":\"https:\\\/\\\/darkamazi.site\\\/\",\"logo\":{\"@type\":\"ImageObject\",\"inLanguage\":\"en-US\",\"@id\":\"https:\\\/\\\/darkamazi.site\\\/#\\\/schema\\\/logo\\\/image\\\/\",\"url\":\"https:\\\/\\\/darkamazi.site\\\/darka-content\\\/uploads\\\/2017\\\/12\\\/darka-mazi-logo.png\",\"contentUrl\":\"https:\\\/\\\/darkamazi.site\\\/darka-content\\\/uploads\\\/2017\\\/12\\\/darka-mazi-logo.png\",\"width\":151,\"height\":75,\"caption\":\"Darka Mazi T\u00fcrk\u00e7e\"},\"image\":{\"@id\":\"https:\\\/\\\/darkamazi.site\\\/#\\\/schema\\\/logo\\\/image\\\/\"},\"sameAs\":[\"https:\\\/\\\/www.facebook.com\\\/DarkaMaziturkce\",\"https:\\\/\\\/x.com\\\/DarkaMaziTurkce\"]},{\"@type\":\"Person\",\"@id\":\"https:\\\/\\\/darkamazi.site\\\/#\\\/schema\\\/person\\\/67986a95ac546c16760365877ef4a9d3\",\"name\":\"darka mazi\",\"sameAs\":[\"https:\\\/\\\/darkamazi.site\"],\"url\":\"https:\\\/\\\/darkamazi.site\\\/archives\\\/author\\\/turkish\"}]}<\/script>\n<!-- \/ Yoast SEO plugin. -->","seo_head_json":{"title":"KDP ve YNK'nin kritik toplant\u0131s\u0131 sonu\u00e7land\u0131: H\u00fck\u00fcmete destek yenilendi, diyalog devam edecek - Darka Mazi","robots":{"index":"index","follow":"follow","max-snippet":"max-snippet:-1","max-image-preview":"max-image-preview:large","max-video-preview":"max-video-preview:-1"},"canonical":"https:\/\/darkamazi.site\/archives\/1019484","og_locale":"en_US","og_type":"article","og_title":"KDP ve YNK'nin kritik toplant\u0131s\u0131 sonu\u00e7land\u0131: H\u00fck\u00fcmete destek yenilendi, diyalog devam edecek - Darka Mazi","og_description":"K\u00fcrdistan Demokrat Partisi (KDP) ve K\u00fcrdistan Yurtseverler Birli\u011fi (KYB) heyetleri ba\u015fkent Erbil\u2019de bir araya geldi. Toplant\u0131da Ba\u015fkan Ne\u00e7irvan Barzani ve KYB E\u015f Genel Ba\u015fkan\u0131 Baf\u0131l Talabani de haz\u0131r bulundu. taraflar aras\u0131ndaki kopan ili\u015fkiyi sa\u011flamak i\u00e7in kritik \u00f6nem ta\u015f\u0131yan, toplant\u0131 pozitif bir ortam yaratt\u0131. Bug\u00fcn KDP ile KYB politb\u00fcrolar\u0131 K\u00fcrdistan B\u00f6lgesi Ba\u015fkan\u0131 Ne\u00e7irvan Barzani ve KYB [&hellip;]","og_url":"https:\/\/darkamazi.site\/archives\/1019484","og_site_name":"Darka Mazi","article_publisher":"https:\/\/www.facebook.com\/DarkaMaziturkce","article_published_time":"2022-05-25T15:51:43+00:00","og_image":[{"width":990,"height":500,"url":"https:\/\/darkamazi.site\/file\/2022\/05\/KDP-ve-YNK-arasinda-anlasma.jpg","type":"image\/jpeg"}],"author":"darka mazi","twitter_card":"summary_large_image","twitter_creator":"@DarkaMaziTurkce","twitter_site":"@DarkaMaziTurkce","twitter_misc":{"Written by":"darka mazi","Est. reading time":"2 minutes"},"schema":{"@context":"https:\/\/schema.org","@graph":[{"@type":"NewsArticle","@id":"https:\/\/darkamazi.site\/archives\/1019484#article","isPartOf":{"@id":"https:\/\/darkamazi.site\/archives\/1019484"},"author":{"name":"darka mazi","@id":"https:\/\/darkamazi.site\/#\/schema\/person\/67986a95ac546c16760365877ef4a9d3"},"headline":"KDP ve YNK&#8217;nin kritik toplant\u0131s\u0131 sonu\u00e7land\u0131: H\u00fck\u00fcmete destek yenilendi, diyalog devam edecek","datePublished":"2022-05-25T15:51:43+00:00","mainEntityOfPage":{"@id":"https:\/\/darkamazi.site\/archives\/1019484"},"wordCount":429,"publisher":{"@id":"https:\/\/darkamazi.site\/#organization"},"image":{"@id":"https:\/\/darkamazi.site\/archives\/1019484#primaryimage"},"thumbnailUrl":"https:\/\/darkamazi.site\/file\/2022\/05\/KDP-ve-YNK-arasinda-anlasma.jpg","keywords":["\u00f6nemli"],"articleSection":["Kurdistan"],"inLanguage":"en-US"},{"@type":"WebPage","@id":"https:\/\/darkamazi.site\/archives\/1019484","url":"https:\/\/darkamazi.site\/archives\/1019484","name":"KDP ve YNK'nin kritik toplant\u0131s\u0131 sonu\u00e7land\u0131: H\u00fck\u00fcmete destek yenilendi, diyalog devam edecek - Darka Mazi","isPartOf":{"@id":"https:\/\/darkamazi.site\/#website"},"primaryImageOfPage":{"@id":"https:\/\/darkamazi.site\/archives\/1019484#primaryimage"},"image":{"@id":"https:\/\/darkamazi.site\/archives\/1019484#primaryimage"},"thumbnailUrl":"https:\/\/darkamazi.site\/file\/2022\/05\/KDP-ve-YNK-arasinda-anlasma.jpg","datePublished":"2022-05-25T15:51:43+00:00","breadcrumb":{"@id":"https:\/\/darkamazi.site\/archives\/1019484#breadcrumb"},"inLanguage":"en-US","potentialAction":[{"@type":"ReadAction","target":["https:\/\/darkamazi.site\/archives\/1019484"]}]},{"@type":"ImageObject","inLanguage":"en-US","@id":"https:\/\/darkamazi.site\/archives\/1019484#primaryimage","url":"https:\/\/darkamazi.site\/file\/2022\/05\/KDP-ve-YNK-arasinda-anlasma.jpg","contentUrl":"https:\/\/darkamazi.site\/file\/2022\/05\/KDP-ve-YNK-arasinda-anlasma.jpg","width":990,"height":500,"caption":"KDP ve YNK'nin kritik toplant\u0131s\u0131 sonu\u00e7land\u0131: H\u00fck\u00fcmete destek yenilendi, diyalog devam edecek"},{"@type":"BreadcrumbList","@id":"https:\/\/darkamazi.site\/archives\/1019484#breadcrumb","itemListElement":[{"@type":"ListItem","position":1,"name":"Home","item":"https:\/\/darkamazi.site\/"},{"@type":"ListItem","position":2,"name":"KDP ve YNK&#8217;nin kritik toplant\u0131s\u0131 sonu\u00e7land\u0131: H\u00fck\u00fcmete destek yenilendi, diyalog devam edecek"}]},{"@type":"WebSite","@id":"https:\/\/darkamazi.site\/#website","url":"https:\/\/darkamazi.site\/","name":"Darka Mazi","description":"Ana Sayfa","publisher":{"@id":"https:\/\/darkamazi.site\/#organization"},"potentialAction":[{"@type":"SearchAction","target":{"@type":"EntryPoint","urlTemplate":"https:\/\/darkamazi.site\/?s={search_term_string}"},"query-input":{"@type":"PropertyValueSpecification","valueRequired":true,"valueName":"search_term_string"}}],"inLanguage":"en-US"},{"@type":"Organization","@id":"https:\/\/darkamazi.site\/#organization","name":"Darka Mazi T\u00fcrk\u00e7e","alternateName":"Darka Mazi","url":"https:\/\/darkamazi.site\/","logo":{"@type":"ImageObject","inLanguage":"en-US","@id":"https:\/\/darkamazi.site\/#\/schema\/logo\/image\/","url":"https:\/\/darkamazi.site\/file\/2017\/12\/darka-mazi-logo.png","contentUrl":"https:\/\/darkamazi.site\/file\/2017\/12\/darka-mazi-logo.png","width":151,"height":75,"caption":"Darka Mazi T\u00fcrk\u00e7e"},"image":{"@id":"https:\/\/darkamazi.site\/#\/schema\/logo\/image\/"},"sameAs":["https:\/\/www.facebook.com\/DarkaMaziturkce","https:\/\/x.com\/DarkaMaziTurkce"]},{"@type":"Person","@id":"https:\/\/darkamazi.site\/#\/schema\/person\/67986a95ac546c16760365877ef4a9d3","name":"darka mazi","sameAs":["https:\/\/darkamazi.site"],"url":"https:\/\/darkamazi.site\/archives\/author\/turkish"}]}},"_links":{"self":[{"href":"https:\/\/darkamazi.site\/funavuv\/wp\/v2\/posts\/1019484","targetHints":{"allow":["GET"]}}],"collection":[{"href":"https:\/\/darkamazi.site\/funavuv\/wp\/v2\/posts"}],"about":[{"href":"https:\/\/darkamazi.site\/funavuv\/wp\/v2\/types\/post"}],"author":[{"embeddable":true,"href":"https:\/\/darkamazi.site\/funavuv\/wp\/v2\/users\/2"}],"replies":[{"embeddable":true,"href":"https:\/\/darkamazi.site\/funavuv\/wp\/v2\/comments?post=1019484"}],"version-history":[{"count":0,"href":"https:\/\/darkamazi.site\/funavuv\/wp\/v2\/posts\/1019484\/revisions"}],"wp:featuredmedia":[{"embeddable":true,"href":"https:\/\/darkamazi.site\/funavuv\/wp\/v2\/media\/1019485"}],"wp:attachment":[{"href":"https:\/\/darkamazi.site\/funavuv\/wp\/v2\/media?parent=1019484"}],"wp:term":[{"taxonomy":"category","embeddable":true,"href":"https:\/\/darkamazi.site\/funavuv\/wp\/v2\/categories?post=1019484"},{"taxonomy":"post_tag","embeddable":true,"href":"https:\/\/darkamazi.site\/funavuv\/wp\/v2\/tags?post=1019484"}],"curies":[{"name":"wp","href":"https:\/\/api.w.org\/{rel}","templated":true}]}}