{"id":1019589,"date":"2022-06-04T12:22:59","date_gmt":"2022-06-04T09:22:59","guid":{"rendered":"https:\/\/darkamazi.site\/?p=1019589"},"modified":"2022-06-04T12:25:30","modified_gmt":"2022-06-04T09:25:30","slug":"erdogan-rojavada-yeni-isgal-hareketi-icin-konustu-guvenlik-hattimizin-eksikliklerini-yeni-harekatlarla-tamamlayacagiz","status":"publish","type":"post","link":"https:\/\/darkamazi.site\/archives\/1019589","title":{"rendered":"Erdo\u011fan Rojava&#8217;da yeni i\u015fgal hareketi i\u00e7in konu\u015ftu: G\u00fcvenlik hatt\u0131m\u0131z\u0131n eksikliklerini yeni harekatlarla tamamlayaca\u011f\u0131z"},"content":{"rendered":"<div class=\"main\">\n<div class=\"container\">\n<div class=\"row News-reader-row\">\n<article class=\"col-sm-8 second-reader-column\">\n<div class=\"News-Reader-video\">\n<div class=\"News-reader-video-title\">\n<p style=\"text-align: justify\">\u00a0T\u00fcrkiye Cumhurba\u015fkan\u0131 Recep Tayip Erdo\u011fan, \u201cG\u00fcney s\u0131n\u0131rlar\u0131m\u0131zdaki g\u00fcvenlik hatt\u0131m\u0131z\u0131n eksikliklerini yeni harekatlarla tamamlayaca\u011f\u0131z. G\u00fcvenlik endi\u015felerini yeni harekatlarla giderece\u011fiz\u201d dedi.<\/p>\n<p style=\"text-align: justify\">Erdo\u011fan, partisinin Ankara K\u0131z\u0131lcahamam\u2019da ger\u00e7ekle\u015ftirilen 30. \u0130sti\u015fare ve De\u011ferlendirme Toplant\u0131s\u0131\u2019na kat\u0131ld\u0131.<\/p>\n<p style=\"text-align: justify\">Erdo\u011fan, kamp\u0131n a\u00e7\u0131l\u0131\u015f\u0131nda yapt\u0131\u011f\u0131 konu\u015fmada g\u00fcndeme ili\u015fkin de\u011ferlendirmelerde bulundu.<\/p>\n<p style=\"text-align: justify\">Rojava\u2019ya y\u00f6nelik olas\u0131 askeri operasyon hakk\u0131nda da konu\u015fan Erdo\u011fan, \u201cG\u00fcney s\u0131n\u0131rlar\u0131m\u0131zdaki g\u00fcvenlik hatt\u0131m\u0131z\u0131n eksikliklerini yeni harekatlarla tamamlayaca\u011f\u0131z. G\u00fcvenlik endi\u015felerini yeni\u00a0harekatlarla giderece\u011fiz\u201d dedi.<\/p>\n<p style=\"text-align: justify\">T\u00fcrkiye\u2019nin i\u00e7 siyasetine ili\u015fkin geli\u015fmelere de de\u011finen Erdo\u011fan, \u201cGezi olaylar\u0131yla ba\u015flayan ihanetlerin \u00f6detti\u011fi a\u011f\u0131r bedeller olmasayd\u0131 bug\u00fcn 1,5 trilyon dolar\u0131 bulan milli gelirimiz olacakt\u0131.\u00a0PKK\u00a0ile m\u00fccadelemizin de\u00a0CHP\u00a0ile sert m\u00fccadelemizin de sebebi milletimize olan sorumlulu\u011fumuzdur. Kar\u015f\u0131m\u0131za \u00e7\u0131kar\u0131lan akt\u00f6rlerin birer aparat oldu\u011funu biliyoruz. As\u0131l m\u00fccadeleyi projenin ger\u00e7ek sahipleriyle yap\u0131yoruz\u201d \u015feklinde konu\u015ftu.<\/p>\n<\/div>\n<\/div>\n<\/article>\n<\/div>\n<\/div>\n<\/div>\n","protected":false},"excerpt":{"rendered":"<p>\u00a0T\u00fcrkiye Cumhurba\u015fkan\u0131 Recep Tayip Erdo\u011fan, \u201cG\u00fcney s\u0131n\u0131rlar\u0131m\u0131zdaki g\u00fcvenlik hatt\u0131m\u0131z\u0131n eksikliklerini yeni harekatlarla tamamlayaca\u011f\u0131z. G\u00fcvenlik endi\u015felerini yeni harekatlarla giderece\u011fiz\u201d dedi. Erdo\u011fan, partisinin Ankara K\u0131z\u0131lcahamam\u2019da ger\u00e7ekle\u015ftirilen 30. \u0130sti\u015fare ve De\u011ferlendirme Toplant\u0131s\u0131\u2019na kat\u0131ld\u0131. Erdo\u011fan, kamp\u0131n a\u00e7\u0131l\u0131\u015f\u0131nda yapt\u0131\u011f\u0131 konu\u015fmada g\u00fcndeme ili\u015fkin de\u011ferlendirmelerde bulundu. Rojava\u2019ya y\u00f6nelik olas\u0131 askeri operasyon hakk\u0131nda da konu\u015fan Erdo\u011fan, \u201cG\u00fcney s\u0131n\u0131rlar\u0131m\u0131zdaki g\u00fcvenlik hatt\u0131m\u0131z\u0131n eksikliklerini yeni harekatlarla [&hellip;]<\/p>\n","protected":false},"author":2,"featured_media":1019590,"comment_status":"closed","ping_status":"closed","sticky":false,"template":"","format":"standard","meta":{"footnotes":""},"categories":[3],"tags":[31],"class_list":["post-1019589","post","type-post","status-publish","format-standard","has-post-thumbnail","hentry","category-kurdistan","tag-onemli"],"blocksy_meta":[],"seo_head":"<!-- This site is optimized with the Yoast SEO plugin v27.5 - https:\/\/yoast.com\/product\/yoast-seo-wordpress\/ -->\n<title>Erdo\u011fan Rojava&#039;da yeni i\u015fgal hareketi i\u00e7in konu\u015ftu: G\u00fcvenlik hatt\u0131m\u0131z\u0131n eksikliklerini yeni harekatlarla tamamlayaca\u011f\u0131z - Darka Mazi<\/title>\n<meta name=\"robots\" content=\"index, follow, max-snippet:-1, max-image-preview:large, max-video-preview:-1\" \/>\n<link rel=\"canonical\" href=\"https:\/\/darkamazi.site\/archives\/1019589\" \/>\n<meta property=\"og:locale\" content=\"en_US\" \/>\n<meta property=\"og:type\" content=\"article\" \/>\n<meta property=\"og:title\" content=\"Erdo\u011fan Rojava&#039;da yeni i\u015fgal hareketi i\u00e7in konu\u015ftu: G\u00fcvenlik hatt\u0131m\u0131z\u0131n eksikliklerini yeni harekatlarla tamamlayaca\u011f\u0131z - Darka Mazi\" \/>\n<meta property=\"og:description\" content=\"\u00a0T\u00fcrkiye Cumhurba\u015fkan\u0131 Recep Tayip Erdo\u011fan, \u201cG\u00fcney s\u0131n\u0131rlar\u0131m\u0131zdaki g\u00fcvenlik hatt\u0131m\u0131z\u0131n eksikliklerini yeni harekatlarla tamamlayaca\u011f\u0131z. G\u00fcvenlik endi\u015felerini yeni harekatlarla giderece\u011fiz\u201d dedi. Erdo\u011fan, partisinin Ankara K\u0131z\u0131lcahamam\u2019da ger\u00e7ekle\u015ftirilen 30. \u0130sti\u015fare ve De\u011ferlendirme Toplant\u0131s\u0131\u2019na kat\u0131ld\u0131. Erdo\u011fan, kamp\u0131n a\u00e7\u0131l\u0131\u015f\u0131nda yapt\u0131\u011f\u0131 konu\u015fmada g\u00fcndeme ili\u015fkin de\u011ferlendirmelerde bulundu. Rojava\u2019ya y\u00f6nelik olas\u0131 askeri operasyon hakk\u0131nda da konu\u015fan Erdo\u011fan, \u201cG\u00fcney s\u0131n\u0131rlar\u0131m\u0131zdaki g\u00fcvenlik hatt\u0131m\u0131z\u0131n eksikliklerini yeni harekatlarla [&hellip;]\" \/>\n<meta property=\"og:url\" content=\"https:\/\/darkamazi.site\/archives\/1019589\" \/>\n<meta property=\"og:site_name\" content=\"Darka Mazi\" \/>\n<meta property=\"article:publisher\" content=\"https:\/\/www.facebook.com\/DarkaMaziturkce\" \/>\n<meta property=\"article:published_time\" content=\"2022-06-04T09:22:59+00:00\" \/>\n<meta property=\"article:modified_time\" content=\"2022-06-04T09:25:30+00:00\" \/>\n<meta property=\"og:image\" content=\"https:\/\/darkamazi.site\/file\/2022\/06\/erdogan.jpeg\" \/>\n\t<meta property=\"og:image:width\" content=\"813\" \/>\n\t<meta property=\"og:image:height\" content=\"558\" \/>\n\t<meta property=\"og:image:type\" content=\"image\/jpeg\" \/>\n<meta name=\"author\" content=\"darka mazi\" \/>\n<meta name=\"twitter:card\" content=\"summary_large_image\" \/>\n<meta name=\"twitter:creator\" content=\"@DarkaMaziTurkce\" \/>\n<meta name=\"twitter:site\" content=\"@DarkaMaziTurkce\" \/>\n<meta name=\"twitter:label1\" content=\"Written by\" \/>\n\t<meta name=\"twitter:data1\" content=\"darka mazi\" \/>\n\t<meta name=\"twitter:label2\" content=\"Est. reading time\" \/>\n\t<meta name=\"twitter:data2\" content=\"1 minute\" \/>\n<script type=\"application\/ld+json\" class=\"seo-schema-graph\">{\"@context\":\"https:\\\/\\\/schema.org\",\"@graph\":[{\"@type\":\"NewsArticle\",\"@id\":\"https:\\\/\\\/darkamazi.site\\\/archives\\\/1019589#article\",\"isPartOf\":{\"@id\":\"https:\\\/\\\/darkamazi.site\\\/archives\\\/1019589\"},\"author\":{\"name\":\"darka mazi\",\"@id\":\"https:\\\/\\\/darkamazi.site\\\/#\\\/schema\\\/person\\\/67986a95ac546c16760365877ef4a9d3\"},\"headline\":\"Erdo\u011fan Rojava&#8217;da yeni i\u015fgal hareketi i\u00e7in konu\u015ftu: G\u00fcvenlik hatt\u0131m\u0131z\u0131n eksikliklerini yeni harekatlarla tamamlayaca\u011f\u0131z\",\"datePublished\":\"2022-06-04T09:22:59+00:00\",\"dateModified\":\"2022-06-04T09:25:30+00:00\",\"mainEntityOfPage\":{\"@id\":\"https:\\\/\\\/darkamazi.site\\\/archives\\\/1019589\"},\"wordCount\":212,\"publisher\":{\"@id\":\"https:\\\/\\\/darkamazi.site\\\/#organization\"},\"image\":{\"@id\":\"https:\\\/\\\/darkamazi.site\\\/archives\\\/1019589#primaryimage\"},\"thumbnailUrl\":\"https:\\\/\\\/darkamazi.site\\\/darka-content\\\/uploads\\\/2022\\\/06\\\/erdogan.jpeg\",\"keywords\":[\"\u00f6nemli\"],\"articleSection\":[\"Kurdistan\"],\"inLanguage\":\"en-US\"},{\"@type\":\"WebPage\",\"@id\":\"https:\\\/\\\/darkamazi.site\\\/archives\\\/1019589\",\"url\":\"https:\\\/\\\/darkamazi.site\\\/archives\\\/1019589\",\"name\":\"Erdo\u011fan Rojava'da yeni i\u015fgal hareketi i\u00e7in konu\u015ftu: G\u00fcvenlik hatt\u0131m\u0131z\u0131n eksikliklerini yeni harekatlarla tamamlayaca\u011f\u0131z - Darka Mazi\",\"isPartOf\":{\"@id\":\"https:\\\/\\\/darkamazi.site\\\/#website\"},\"primaryImageOfPage\":{\"@id\":\"https:\\\/\\\/darkamazi.site\\\/archives\\\/1019589#primaryimage\"},\"image\":{\"@id\":\"https:\\\/\\\/darkamazi.site\\\/archives\\\/1019589#primaryimage\"},\"thumbnailUrl\":\"https:\\\/\\\/darkamazi.site\\\/darka-content\\\/uploads\\\/2022\\\/06\\\/erdogan.jpeg\",\"datePublished\":\"2022-06-04T09:22:59+00:00\",\"dateModified\":\"2022-06-04T09:25:30+00:00\",\"breadcrumb\":{\"@id\":\"https:\\\/\\\/darkamazi.site\\\/archives\\\/1019589#breadcrumb\"},\"inLanguage\":\"en-US\",\"potentialAction\":[{\"@type\":\"ReadAction\",\"target\":[\"https:\\\/\\\/darkamazi.site\\\/archives\\\/1019589\"]}]},{\"@type\":\"ImageObject\",\"inLanguage\":\"en-US\",\"@id\":\"https:\\\/\\\/darkamazi.site\\\/archives\\\/1019589#primaryimage\",\"url\":\"https:\\\/\\\/darkamazi.site\\\/darka-content\\\/uploads\\\/2022\\\/06\\\/erdogan.jpeg\",\"contentUrl\":\"https:\\\/\\\/darkamazi.site\\\/darka-content\\\/uploads\\\/2022\\\/06\\\/erdogan.jpeg\",\"width\":813,\"height\":558,\"caption\":\"Erdo\u011fan Rojava'da yeni i\u015fgal hareketi i\u00e7in konu\u015ftu: G\u00fcvenlik hatt\u0131m\u0131z\u0131n eksikliklerini yeni harekatlarla tamamlayaca\u011f\u0131z\"},{\"@type\":\"BreadcrumbList\",\"@id\":\"https:\\\/\\\/darkamazi.site\\\/archives\\\/1019589#breadcrumb\",\"itemListElement\":[{\"@type\":\"ListItem\",\"position\":1,\"name\":\"Home\",\"item\":\"https:\\\/\\\/darkamazi.site\\\/\"},{\"@type\":\"ListItem\",\"position\":2,\"name\":\"Erdo\u011fan Rojava&#8217;da yeni i\u015fgal hareketi i\u00e7in konu\u015ftu: G\u00fcvenlik hatt\u0131m\u0131z\u0131n eksikliklerini yeni harekatlarla tamamlayaca\u011f\u0131z\"}]},{\"@type\":\"WebSite\",\"@id\":\"https:\\\/\\\/darkamazi.site\\\/#website\",\"url\":\"https:\\\/\\\/darkamazi.site\\\/\",\"name\":\"Darka Mazi\",\"description\":\"Ana Sayfa\",\"publisher\":{\"@id\":\"https:\\\/\\\/darkamazi.site\\\/#organization\"},\"potentialAction\":[{\"@type\":\"SearchAction\",\"target\":{\"@type\":\"EntryPoint\",\"urlTemplate\":\"https:\\\/\\\/darkamazi.site\\\/?s={search_term_string}\"},\"query-input\":{\"@type\":\"PropertyValueSpecification\",\"valueRequired\":true,\"valueName\":\"search_term_string\"}}],\"inLanguage\":\"en-US\"},{\"@type\":\"Organization\",\"@id\":\"https:\\\/\\\/darkamazi.site\\\/#organization\",\"name\":\"Darka Mazi T\u00fcrk\u00e7e\",\"alternateName\":\"Darka Mazi\",\"url\":\"https:\\\/\\\/darkamazi.site\\\/\",\"logo\":{\"@type\":\"ImageObject\",\"inLanguage\":\"en-US\",\"@id\":\"https:\\\/\\\/darkamazi.site\\\/#\\\/schema\\\/logo\\\/image\\\/\",\"url\":\"https:\\\/\\\/darkamazi.site\\\/darka-content\\\/uploads\\\/2017\\\/12\\\/darka-mazi-logo.png\",\"contentUrl\":\"https:\\\/\\\/darkamazi.site\\\/darka-content\\\/uploads\\\/2017\\\/12\\\/darka-mazi-logo.png\",\"width\":151,\"height\":75,\"caption\":\"Darka Mazi T\u00fcrk\u00e7e\"},\"image\":{\"@id\":\"https:\\\/\\\/darkamazi.site\\\/#\\\/schema\\\/logo\\\/image\\\/\"},\"sameAs\":[\"https:\\\/\\\/www.facebook.com\\\/DarkaMaziturkce\",\"https:\\\/\\\/x.com\\\/DarkaMaziTurkce\"]},{\"@type\":\"Person\",\"@id\":\"https:\\\/\\\/darkamazi.site\\\/#\\\/schema\\\/person\\\/67986a95ac546c16760365877ef4a9d3\",\"name\":\"darka mazi\",\"sameAs\":[\"https:\\\/\\\/darkamazi.site\"],\"url\":\"https:\\\/\\\/darkamazi.site\\\/archives\\\/author\\\/turkish\"}]}<\/script>\n<!-- \/ Yoast SEO plugin. -->","seo_head_json":{"title":"Erdo\u011fan Rojava'da yeni i\u015fgal hareketi i\u00e7in konu\u015ftu: G\u00fcvenlik hatt\u0131m\u0131z\u0131n eksikliklerini yeni harekatlarla tamamlayaca\u011f\u0131z - Darka Mazi","robots":{"index":"index","follow":"follow","max-snippet":"max-snippet:-1","max-image-preview":"max-image-preview:large","max-video-preview":"max-video-preview:-1"},"canonical":"https:\/\/darkamazi.site\/archives\/1019589","og_locale":"en_US","og_type":"article","og_title":"Erdo\u011fan Rojava'da yeni i\u015fgal hareketi i\u00e7in konu\u015ftu: G\u00fcvenlik hatt\u0131m\u0131z\u0131n eksikliklerini yeni harekatlarla tamamlayaca\u011f\u0131z - Darka Mazi","og_description":"\u00a0T\u00fcrkiye Cumhurba\u015fkan\u0131 Recep Tayip Erdo\u011fan, \u201cG\u00fcney s\u0131n\u0131rlar\u0131m\u0131zdaki g\u00fcvenlik hatt\u0131m\u0131z\u0131n eksikliklerini yeni harekatlarla tamamlayaca\u011f\u0131z. G\u00fcvenlik endi\u015felerini yeni harekatlarla giderece\u011fiz\u201d dedi. Erdo\u011fan, partisinin Ankara K\u0131z\u0131lcahamam\u2019da ger\u00e7ekle\u015ftirilen 30. \u0130sti\u015fare ve De\u011ferlendirme Toplant\u0131s\u0131\u2019na kat\u0131ld\u0131. Erdo\u011fan, kamp\u0131n a\u00e7\u0131l\u0131\u015f\u0131nda yapt\u0131\u011f\u0131 konu\u015fmada g\u00fcndeme ili\u015fkin de\u011ferlendirmelerde bulundu. Rojava\u2019ya y\u00f6nelik olas\u0131 askeri operasyon hakk\u0131nda da konu\u015fan Erdo\u011fan, \u201cG\u00fcney s\u0131n\u0131rlar\u0131m\u0131zdaki g\u00fcvenlik hatt\u0131m\u0131z\u0131n eksikliklerini yeni harekatlarla [&hellip;]","og_url":"https:\/\/darkamazi.site\/archives\/1019589","og_site_name":"Darka Mazi","article_publisher":"https:\/\/www.facebook.com\/DarkaMaziturkce","article_published_time":"2022-06-04T09:22:59+00:00","article_modified_time":"2022-06-04T09:25:30+00:00","og_image":[{"width":813,"height":558,"url":"https:\/\/darkamazi.site\/file\/2022\/06\/erdogan.jpeg","type":"image\/jpeg"}],"author":"darka mazi","twitter_card":"summary_large_image","twitter_creator":"@DarkaMaziTurkce","twitter_site":"@DarkaMaziTurkce","twitter_misc":{"Written by":"darka mazi","Est. reading time":"1 minute"},"schema":{"@context":"https:\/\/schema.org","@graph":[{"@type":"NewsArticle","@id":"https:\/\/darkamazi.site\/archives\/1019589#article","isPartOf":{"@id":"https:\/\/darkamazi.site\/archives\/1019589"},"author":{"name":"darka mazi","@id":"https:\/\/darkamazi.site\/#\/schema\/person\/67986a95ac546c16760365877ef4a9d3"},"headline":"Erdo\u011fan Rojava&#8217;da yeni i\u015fgal hareketi i\u00e7in konu\u015ftu: G\u00fcvenlik hatt\u0131m\u0131z\u0131n eksikliklerini yeni harekatlarla tamamlayaca\u011f\u0131z","datePublished":"2022-06-04T09:22:59+00:00","dateModified":"2022-06-04T09:25:30+00:00","mainEntityOfPage":{"@id":"https:\/\/darkamazi.site\/archives\/1019589"},"wordCount":212,"publisher":{"@id":"https:\/\/darkamazi.site\/#organization"},"image":{"@id":"https:\/\/darkamazi.site\/archives\/1019589#primaryimage"},"thumbnailUrl":"https:\/\/darkamazi.site\/file\/2022\/06\/erdogan.jpeg","keywords":["\u00f6nemli"],"articleSection":["Kurdistan"],"inLanguage":"en-US"},{"@type":"WebPage","@id":"https:\/\/darkamazi.site\/archives\/1019589","url":"https:\/\/darkamazi.site\/archives\/1019589","name":"Erdo\u011fan Rojava'da yeni i\u015fgal hareketi i\u00e7in konu\u015ftu: G\u00fcvenlik hatt\u0131m\u0131z\u0131n eksikliklerini yeni harekatlarla tamamlayaca\u011f\u0131z - Darka Mazi","isPartOf":{"@id":"https:\/\/darkamazi.site\/#website"},"primaryImageOfPage":{"@id":"https:\/\/darkamazi.site\/archives\/1019589#primaryimage"},"image":{"@id":"https:\/\/darkamazi.site\/archives\/1019589#primaryimage"},"thumbnailUrl":"https:\/\/darkamazi.site\/file\/2022\/06\/erdogan.jpeg","datePublished":"2022-06-04T09:22:59+00:00","dateModified":"2022-06-04T09:25:30+00:00","breadcrumb":{"@id":"https:\/\/darkamazi.site\/archives\/1019589#breadcrumb"},"inLanguage":"en-US","potentialAction":[{"@type":"ReadAction","target":["https:\/\/darkamazi.site\/archives\/1019589"]}]},{"@type":"ImageObject","inLanguage":"en-US","@id":"https:\/\/darkamazi.site\/archives\/1019589#primaryimage","url":"https:\/\/darkamazi.site\/file\/2022\/06\/erdogan.jpeg","contentUrl":"https:\/\/darkamazi.site\/file\/2022\/06\/erdogan.jpeg","width":813,"height":558,"caption":"Erdo\u011fan Rojava'da yeni i\u015fgal hareketi i\u00e7in konu\u015ftu: G\u00fcvenlik hatt\u0131m\u0131z\u0131n eksikliklerini yeni harekatlarla tamamlayaca\u011f\u0131z"},{"@type":"BreadcrumbList","@id":"https:\/\/darkamazi.site\/archives\/1019589#breadcrumb","itemListElement":[{"@type":"ListItem","position":1,"name":"Home","item":"https:\/\/darkamazi.site\/"},{"@type":"ListItem","position":2,"name":"Erdo\u011fan Rojava&#8217;da yeni i\u015fgal hareketi i\u00e7in konu\u015ftu: G\u00fcvenlik hatt\u0131m\u0131z\u0131n eksikliklerini yeni harekatlarla tamamlayaca\u011f\u0131z"}]},{"@type":"WebSite","@id":"https:\/\/darkamazi.site\/#website","url":"https:\/\/darkamazi.site\/","name":"Darka Mazi","description":"Ana Sayfa","publisher":{"@id":"https:\/\/darkamazi.site\/#organization"},"potentialAction":[{"@type":"SearchAction","target":{"@type":"EntryPoint","urlTemplate":"https:\/\/darkamazi.site\/?s={search_term_string}"},"query-input":{"@type":"PropertyValueSpecification","valueRequired":true,"valueName":"search_term_string"}}],"inLanguage":"en-US"},{"@type":"Organization","@id":"https:\/\/darkamazi.site\/#organization","name":"Darka Mazi T\u00fcrk\u00e7e","alternateName":"Darka Mazi","url":"https:\/\/darkamazi.site\/","logo":{"@type":"ImageObject","inLanguage":"en-US","@id":"https:\/\/darkamazi.site\/#\/schema\/logo\/image\/","url":"https:\/\/darkamazi.site\/file\/2017\/12\/darka-mazi-logo.png","contentUrl":"https:\/\/darkamazi.site\/file\/2017\/12\/darka-mazi-logo.png","width":151,"height":75,"caption":"Darka Mazi T\u00fcrk\u00e7e"},"image":{"@id":"https:\/\/darkamazi.site\/#\/schema\/logo\/image\/"},"sameAs":["https:\/\/www.facebook.com\/DarkaMaziturkce","https:\/\/x.com\/DarkaMaziTurkce"]},{"@type":"Person","@id":"https:\/\/darkamazi.site\/#\/schema\/person\/67986a95ac546c16760365877ef4a9d3","name":"darka mazi","sameAs":["https:\/\/darkamazi.site"],"url":"https:\/\/darkamazi.site\/archives\/author\/turkish"}]}},"_links":{"self":[{"href":"https:\/\/darkamazi.site\/funavuv\/wp\/v2\/posts\/1019589","targetHints":{"allow":["GET"]}}],"collection":[{"href":"https:\/\/darkamazi.site\/funavuv\/wp\/v2\/posts"}],"about":[{"href":"https:\/\/darkamazi.site\/funavuv\/wp\/v2\/types\/post"}],"author":[{"embeddable":true,"href":"https:\/\/darkamazi.site\/funavuv\/wp\/v2\/users\/2"}],"replies":[{"embeddable":true,"href":"https:\/\/darkamazi.site\/funavuv\/wp\/v2\/comments?post=1019589"}],"version-history":[{"count":0,"href":"https:\/\/darkamazi.site\/funavuv\/wp\/v2\/posts\/1019589\/revisions"}],"wp:featuredmedia":[{"embeddable":true,"href":"https:\/\/darkamazi.site\/funavuv\/wp\/v2\/media\/1019590"}],"wp:attachment":[{"href":"https:\/\/darkamazi.site\/funavuv\/wp\/v2\/media?parent=1019589"}],"wp:term":[{"taxonomy":"category","embeddable":true,"href":"https:\/\/darkamazi.site\/funavuv\/wp\/v2\/categories?post=1019589"},{"taxonomy":"post_tag","embeddable":true,"href":"https:\/\/darkamazi.site\/funavuv\/wp\/v2\/tags?post=1019589"}],"curies":[{"name":"wp","href":"https:\/\/api.w.org\/{rel}","templated":true}]}}