{"id":1019631,"date":"2022-06-06T12:49:12","date_gmt":"2022-06-06T09:49:12","guid":{"rendered":"https:\/\/darkamazi.site\/?p=1019631"},"modified":"2022-06-06T12:49:12","modified_gmt":"2022-06-06T09:49:12","slug":"zeki-celebi-olayinda-gercekler","status":"publish","type":"post","link":"https:\/\/darkamazi.site\/archives\/1019631","title":{"rendered":"Zeki \u00c7elebi olay\u0131nda ger\u00e7ekler"},"content":{"rendered":"<p style=\"text-align: justify\">S\u00fcleymaniye\u2019nin l\u00fcks semti Baxtiyari\u2019deki, Deniz Restorand\u0131n sahibi Zeki \u00c7elebi i\u015f yerinden \u00e7\u0131karken vuruldu. Olay 17 May\u0131s gecesi ger\u00e7ekle\u015fti. Yap\u0131lan t\u00fcm m\u00fcdahalelere ra\u011fmen Zeki \u00c7elebi hayat\u0131n\u0131 kaybetti.<br \/>\nZeki \u00c7elebi cinayeti konusunda \u015fu ana de\u011fin emniyet g\u00fc\u00e7leri taraf\u0131ndan katil veya katillerin kim oldu\u011fu a\u00e7\u0131klanmad\u0131. PKK medyas\u0131 her zaman oldu\u011fu gibi hi\u00e7bir delil olmadan su\u00e7u KDP\u2019ye y\u0131kmaya \u00e7al\u0131\u015ft\u0131. Oysa ki Zeki \u00c7elebi cinayetinde ki ba\u015f \u015f\u00fcphelilerden biri PKK di\u011feri ise T\u00fcrk devletidir.<\/p>\n<p style=\"text-align: justify\">Zeki \u00c7elebi Van- Erci\u015f do\u011fumlu. T\u00fcrkiye\u2019den siyasi nedenlerle S\u00fcleymaniye g\u00f6\u00e7 ediyor. \u00a0Burada 12 y\u0131l boyunca restoran i\u015fletmecili\u011fi yap\u0131yor. PKK\u2019nin pek \u00e7ok birimi ile ili\u015fkileniyor. \u00d6zelliklede PKK\u2019nin istihbarat\u0131 ve Kuzeyden siyasal veya i\u015f i\u00e7in gelmi\u015f ki\u015fileri \u00f6rg\u00fctleyen yap\u0131lar\u0131 ile ili\u015fkili hareket ediyor. Resmi olarak ise HDP G\u00fcney K\u00fcrdistan B\u00fcrosu S\u00fcleymaniye temsilcisi olarak \u00e7al\u0131\u015f\u0131yor. Burada HDP ad\u0131na a\u00e7\u0131klamalar yap\u0131yor, TV programlar\u0131na kat\u0131l\u0131yor.<\/p>\n<p style=\"text-align: justify\">Fakat PKK, Zeki \u00c7elebi\u2019nin karanl\u0131k y\u00f6nleri olan biri oldu\u011funu d\u00fc\u015f\u00fcn\u00fcyor ve yak\u0131n takibe al\u0131yor.<\/p>\n<p style=\"text-align: justify\">PKK Zeki \u00c7elebi\u2019nin Kuzey K\u00fcrdistan\u2019da tutukluyken zindanda devlete teslim oldu\u011funu, hatta Zeki \u00c7elebi\u2019nin gerillaya kat\u0131l\u0131p ka\u00e7m\u0131\u015f olabilece\u011fini, S\u00fcleymaniye\u2019ye de T\u00fcrk devleti taraf\u0131ndan g\u00f6nderilmi\u015f olabilece\u011fini d\u00fc\u015f\u00fcn\u00fcyor.<\/p>\n<p style=\"text-align: justify\">2017 y\u0131l\u0131nda T\u00fcrk istihbarat te\u015fkilat\u0131 y\u00f6neticisi olan iki ki\u015finin PKK taraf\u0131ndan g\u00f6z alt\u0131na al\u0131nd\u0131\u011f\u0131 iddia ettikten sonra PKK S\u00fcleymaniye\u2019de ki pek \u00e7ok ki\u015fiyi g\u00f6z alt\u0131na al\u0131yor, baz\u0131lar\u0131na ise S\u00fcleymaniye d\u0131\u015f\u0131na \u00e7\u0131kmaya zorluyor.<br \/>\nZeki \u00c7elebi PKK\u2019nin bu d\u00f6nem tutuklanan Mit \u00fcyeleri ile ili\u015fki i\u00e7inde oldu\u011funu iddia ediyor. Zeki \u00c7elebi\u2019nin restoran\u0131n\u0131 da ses dinleme cihaz\u0131 b\u00f6cekler oldu\u011fu, kadrolar\u0131 rahat ya\u015fam ve maddi olanakla kendine ba\u011flad\u0131\u011f\u0131, \u00e7ok soru sordu\u011fu, YNK asayi\u015fi ile de ili\u015fki i\u00e7inde oldu\u011fu iddias\u0131 ile tutukluyor. 2018 y\u0131l\u0131nda Kandil\u2019e g\u00f6t\u00fcr\u00fclen Zeki \u00c7elebi burada bir s\u00fcre soru\u015fturmada tutuluyor. Daha sonra tutuklu\u011funun \u00e7ok dikkat \u00e7ekmesi neden ile b\u0131rak\u0131l\u0131yor.<\/p>\n<p style=\"text-align: justify\">PKK kendi \u00e7evresinde Kuzeylilere \u015fu a\u00e7\u0131lamay\u0131 yap\u0131yor: \u201cAilesi ve \u00e7ocuklar\u0131 i\u00e7in b\u0131rakt\u0131k, takip ediyoruz, kendini ispatlamas\u0131n\u0131 istiyoruz, bir \u015fans verdik. Fakat hi\u00e7bir TV program\u0131na kat\u0131lmayacak, eylemlere kat\u0131lmayacak, yurtsever \u00e7evreye girmeyecek.\u201d<br \/>\n\u00c7elebi\u2019nin 2020 y\u0131l\u0131nda eylemlere kat\u0131lmas\u0131na izin veriliyor.<\/p>\n<p style=\"text-align: justify\">\u00a0Fakat \u00c7elebi \u00f6ld\u00fcr\u00fclmeden iki ay \u00f6nce PKK\u2019nin Navende Lekolinen Politik (NLP) adl\u0131 istihbarat birimi \u00c7elebi\u2019nin restoran\u0131nda ses dinleme cihaz\u0131 olmas\u0131ndan ku\u015fkuland\u0131klar\u0131n\u0131 s\u00f6yleyerek PKK kadrolar\u0131n\u0131 uyar\u0131yor.<\/p>\n<p style=\"text-align: justify\">PKK 2021 Ekim ay\u0131nda Zeki \u00c7elebi\u2019yi kendi televizyonu Medya Haber\u2019deki bir programa davet eder. Ba\u015fur G\u00fcndemi isimli TV program\u0131nda T\u00fcrk devletinin kendisine nas\u0131l ajanl\u0131k teklifinde bulundu\u011funu a\u00e7\u0131klamas\u0131n\u0131 ister.<\/p>\n<p style=\"text-align: justify\">\u00c7elebi programa kat\u0131l\u0131r ve M\u0130T\u2019in kendisine ajanl\u0131k teklifi yap\u0131ld\u0131\u011f\u0131n\u0131 a\u00e7\u0131klayarak \u015funlar\u0131 s\u00f6yler: \u201cBenim \u015fahs\u0131mda s\u00f6ylenen \u015fu; Zeki biz seni iyi biliriz, ayd\u0131n, yazar, \u00e7izer yani i\u015fte beni \u015fi\u015firme y\u00f6ntemi ile. Senden bu s\u00fcrece katk\u0131 sunman\u0131 istiyoruz. Benim \u015fahs\u0131mda s\u00f6ylenen bu. Benden istenen \u015fu, biz oradaki jeopolitik konumundan dolay\u0131, S\u00fcleymaniye bizim i\u00e7in \u00e7ok \u00f6nemli, S\u00fcleymaniye\u2019deki \u00f6rg\u00fct hareketli\u011fini \u00f6\u011frenmek istiyoruz\u201d<\/p>\n<p style=\"text-align: justify\">Asl\u0131nda Zeki \u00c7elebi\u2019nin 2021 y\u0131l\u0131 Ekim ay\u0131nda yapt\u0131\u011f\u0131 bu konu\u015fma 2022 May\u0131s tarihinde katledilmesine giden s\u00fcreci ba\u015flatm\u0131\u015ft\u0131r.<br \/>\nOrtada iki se\u00e7enek vard\u0131r. Birincisi; T\u00fcrk devleti Zeki \u00c7elebi\u2019nin bu konu\u015fmas\u0131ndan rahats\u0131z oldu ve Zeki \u00c7elebi\u2019nin PKK\u2019ye ba\u015fka bilgiler verdi\u011fini d\u00fc\u015f\u00fcnd\u00fc\u011f\u00fc i\u00e7in katletti.<\/p>\n<p style=\"text-align: justify\">\u0130kinci se\u00e7enek ise; Zeki \u00c7elebi\u2019yi PKK vurdu. PKK Zeki \u00c7elebi\u2019den ku\u015fkulan\u0131yordu ve rahats\u0131zd\u0131, hem rahats\u0131z oldu\u011fu biri ortadan kalkt\u0131 hem de PKK kendisine bir propaganda malzemesi yapt\u0131. \u00dcstelik PKK Zeki \u00c7elebi\u2019yi o TV program\u0131na \u00e7\u0131kartarak \u00fczerindeki ku\u015fkular\u0131 da \u00f6telemi\u015f oluyordu.<\/p>\n<p style=\"text-align: justify\">PKK\u2019nin Zeki \u00c7elebi\u2019nin cenazesine sahip \u00e7\u0131kmas\u0131 katil olabilece\u011fi ihtimalini de\u011fi\u015ftirmez. PKK kendisinin 24 y\u0131ll\u0131k kadrosu ve y\u00f6neticisi Nas\u0131r- Faruk Bozkurt\u2019u 2002 y\u0131l\u0131nda tasfiyeci diyerek vurdu ve 2017 y\u0131l\u0131nda ise \u015fehit ilan etti.<\/p>\n<p style=\"text-align: justify\">PKK\u2019nin Zeki \u00c7elebi olay\u0131n\u0131 bir propaganda malzemesi olarak kulland\u0131 ve o propagandada da s\u00fcrekli olarak g\u00f6zleri ba\u015fka y\u00f6ne \u00e7ekmeye \u00e7al\u0131\u015ft\u0131. Olay YNK\u2019nin etkili oldu\u011fu alanda ger\u00e7ekle\u015fmesine ra\u011fmen KDP\u2019yi hedef g\u00f6sterdi. Hi\u00e7bir bilgi yokken ve katillere ait oldu\u011funu iddia etti\u011fi bir resim payla\u015ft\u0131. Ayr\u0131ca \u0131srarla katillerin Hewler\u2019e ka\u00e7t\u0131\u011f\u0131n\u0131 s\u00f6yleyerek \u201ckatiller S\u00fcleymaniye\u2019de de\u011fil bo\u015funa aramay\u0131n\u201d gibi bir d\u00fc\u015f\u00fcnce yaratmak istedi. Bu kadar dezenformasyon neden yap\u0131ld\u0131? PKK katilleri mi gizlemek istiyor?<\/p>\n<p style=\"text-align: justify\">Ayr\u0131ca PKK olaydan sonra Zeki \u00c7elebi\u2019nin Medya Haber\u2019deki T\u00fcrk devletinin kendisine ajanl\u0131k teklif etti\u011fini a\u00e7\u0131klad\u0131\u011f\u0131 program\u0131n kay\u0131tlar\u0131 genel kullan\u0131c\u0131lar\u0131n ula\u015f\u0131m\u0131na kapatt\u0131. Neden?<\/p>\n<p style=\"text-align: justify\">Zeki \u00c7elebi\u2019nin ailesi ve sevenleri e\u011fer katillerin bulunmas\u0131n\u0131 istiyorsa PKK\u2019nin kendileri \u00fczerindeki duygusal s\u00f6m\u00fcr\u00fcs\u00fcn\u00fc ve d\u00fc\u015f\u00fcnsel y\u00f6nlendirmesini a\u015fmal\u0131d\u0131r. \u00c7\u00fcnk\u00fc Zeki \u00c7elebi\u2019ye s\u0131k\u0131lan silah\u0131n teti\u011fini PKK \u00e7ekmemi\u015f bile olsa; Zeki \u00c7elebi\u2019yi itti\u011fi ili\u015fkiler buna yol a\u00e7m\u0131\u015ft\u0131r.<\/p>\n<p style=\"text-align: justify\">PKK Zeki \u00c7elebi olay\u0131n\u0131 manip\u00fcle ettikten sonra \u015fimdide buna dayanarak provokasyonlar yapmak istemektedir. KCK D\u0131\u015f ili\u015fkiler komitesi bir a\u00e7\u0131klama yaparak bu t\u00fcr olaylar devam ederse \u201cmisilleme hakk\u0131 kullan\u0131l\u0131r\u201d diyerek asl\u0131nda \u015fehirlerde siyasi suikastlar yapacaklar\u0131n\u0131n sinyalini vermi\u015ftir.<\/p>\n<p style=\"text-align: justify\">PKK komplo haz\u0131rlamak ve senaryo yazmak konusunda \u00e7ok uzmand\u0131r. PKK bu suikastlar\u0131 muhalif ki\u015filere yapa bilece\u011fi gibi kendi \u00e7evresindeki \u00f6ne \u00e7\u0131km\u0131\u015f baz\u0131 ki\u015filere yapa bilir. As\u0131l uyan\u0131k olmas\u0131 gereken K\u00fcrdistan B\u00f6lgesinin kendisidir.<\/p>\n<p style=\"text-align: justify\">\n<p style=\"text-align: justify\">\n","protected":false},"excerpt":{"rendered":"<p>S\u00fcleymaniye\u2019nin l\u00fcks semti Baxtiyari\u2019deki, Deniz Restorand\u0131n sahibi Zeki \u00c7elebi i\u015f yerinden \u00e7\u0131karken vuruldu. Olay 17 May\u0131s gecesi ger\u00e7ekle\u015fti. Yap\u0131lan t\u00fcm m\u00fcdahalelere ra\u011fmen Zeki \u00c7elebi hayat\u0131n\u0131 kaybetti. Zeki \u00c7elebi cinayeti konusunda \u015fu ana de\u011fin emniyet g\u00fc\u00e7leri taraf\u0131ndan katil veya katillerin kim oldu\u011fu a\u00e7\u0131klanmad\u0131. PKK medyas\u0131 her zaman oldu\u011fu gibi hi\u00e7bir delil olmadan su\u00e7u KDP\u2019ye y\u0131kmaya \u00e7al\u0131\u015ft\u0131. [&hellip;]<\/p>\n","protected":false},"author":2,"featured_media":1019632,"comment_status":"closed","ping_status":"closed","sticky":false,"template":"","format":"standard","meta":{"footnotes":""},"categories":[3],"tags":[31],"class_list":["post-1019631","post","type-post","status-publish","format-standard","has-post-thumbnail","hentry","category-kurdistan","tag-onemli"],"blocksy_meta":[],"seo_head":"<!-- This site is optimized with the Yoast SEO plugin v27.5 - https:\/\/yoast.com\/product\/yoast-seo-wordpress\/ -->\n<title>Zeki \u00c7elebi olay\u0131nda ger\u00e7ekler - Darka Mazi<\/title>\n<meta name=\"robots\" content=\"index, follow, max-snippet:-1, max-image-preview:large, max-video-preview:-1\" \/>\n<link rel=\"canonical\" href=\"https:\/\/darkamazi.site\/archives\/1019631\" \/>\n<meta property=\"og:locale\" content=\"en_US\" \/>\n<meta property=\"og:type\" content=\"article\" \/>\n<meta property=\"og:title\" content=\"Zeki \u00c7elebi olay\u0131nda ger\u00e7ekler - Darka Mazi\" \/>\n<meta property=\"og:description\" content=\"S\u00fcleymaniye\u2019nin l\u00fcks semti Baxtiyari\u2019deki, Deniz Restorand\u0131n sahibi Zeki \u00c7elebi i\u015f yerinden \u00e7\u0131karken vuruldu. Olay 17 May\u0131s gecesi ger\u00e7ekle\u015fti. Yap\u0131lan t\u00fcm m\u00fcdahalelere ra\u011fmen Zeki \u00c7elebi hayat\u0131n\u0131 kaybetti. Zeki \u00c7elebi cinayeti konusunda \u015fu ana de\u011fin emniyet g\u00fc\u00e7leri taraf\u0131ndan katil veya katillerin kim oldu\u011fu a\u00e7\u0131klanmad\u0131. PKK medyas\u0131 her zaman oldu\u011fu gibi hi\u00e7bir delil olmadan su\u00e7u KDP\u2019ye y\u0131kmaya \u00e7al\u0131\u015ft\u0131. [&hellip;]\" \/>\n<meta property=\"og:url\" content=\"https:\/\/darkamazi.site\/archives\/1019631\" \/>\n<meta property=\"og:site_name\" content=\"Darka Mazi\" \/>\n<meta property=\"article:publisher\" content=\"https:\/\/www.facebook.com\/DarkaMaziturkce\" \/>\n<meta property=\"article:published_time\" content=\"2022-06-06T09:49:12+00:00\" \/>\n<meta property=\"og:image\" content=\"https:\/\/darkamazi.site\/file\/2022\/06\/663411Image1-1.jpg\" \/>\n\t<meta property=\"og:image:width\" content=\"1500\" \/>\n\t<meta property=\"og:image:height\" content=\"945\" \/>\n\t<meta property=\"og:image:type\" content=\"image\/jpeg\" \/>\n<meta name=\"author\" content=\"darka mazi\" \/>\n<meta name=\"twitter:card\" content=\"summary_large_image\" \/>\n<meta name=\"twitter:creator\" content=\"@DarkaMaziTurkce\" \/>\n<meta name=\"twitter:site\" content=\"@DarkaMaziTurkce\" \/>\n<meta name=\"twitter:label1\" content=\"Written by\" \/>\n\t<meta name=\"twitter:data1\" content=\"darka mazi\" \/>\n\t<meta name=\"twitter:label2\" content=\"Est. reading time\" \/>\n\t<meta name=\"twitter:data2\" content=\"4 minutes\" \/>\n<script type=\"application\/ld+json\" class=\"seo-schema-graph\">{\"@context\":\"https:\\\/\\\/schema.org\",\"@graph\":[{\"@type\":\"NewsArticle\",\"@id\":\"https:\\\/\\\/darkamazi.site\\\/archives\\\/1019631#article\",\"isPartOf\":{\"@id\":\"https:\\\/\\\/darkamazi.site\\\/archives\\\/1019631\"},\"author\":{\"name\":\"darka mazi\",\"@id\":\"https:\\\/\\\/darkamazi.site\\\/#\\\/schema\\\/person\\\/67986a95ac546c16760365877ef4a9d3\"},\"headline\":\"Zeki \u00c7elebi olay\u0131nda ger\u00e7ekler\",\"datePublished\":\"2022-06-06T09:49:12+00:00\",\"mainEntityOfPage\":{\"@id\":\"https:\\\/\\\/darkamazi.site\\\/archives\\\/1019631\"},\"wordCount\":1037,\"publisher\":{\"@id\":\"https:\\\/\\\/darkamazi.site\\\/#organization\"},\"image\":{\"@id\":\"https:\\\/\\\/darkamazi.site\\\/archives\\\/1019631#primaryimage\"},\"thumbnailUrl\":\"https:\\\/\\\/darkamazi.site\\\/darka-content\\\/uploads\\\/2022\\\/06\\\/663411Image1-1.jpg\",\"keywords\":[\"\u00f6nemli\"],\"articleSection\":[\"Kurdistan\"],\"inLanguage\":\"en-US\"},{\"@type\":\"WebPage\",\"@id\":\"https:\\\/\\\/darkamazi.site\\\/archives\\\/1019631\",\"url\":\"https:\\\/\\\/darkamazi.site\\\/archives\\\/1019631\",\"name\":\"Zeki \u00c7elebi olay\u0131nda ger\u00e7ekler - Darka Mazi\",\"isPartOf\":{\"@id\":\"https:\\\/\\\/darkamazi.site\\\/#website\"},\"primaryImageOfPage\":{\"@id\":\"https:\\\/\\\/darkamazi.site\\\/archives\\\/1019631#primaryimage\"},\"image\":{\"@id\":\"https:\\\/\\\/darkamazi.site\\\/archives\\\/1019631#primaryimage\"},\"thumbnailUrl\":\"https:\\\/\\\/darkamazi.site\\\/darka-content\\\/uploads\\\/2022\\\/06\\\/663411Image1-1.jpg\",\"datePublished\":\"2022-06-06T09:49:12+00:00\",\"breadcrumb\":{\"@id\":\"https:\\\/\\\/darkamazi.site\\\/archives\\\/1019631#breadcrumb\"},\"inLanguage\":\"en-US\",\"potentialAction\":[{\"@type\":\"ReadAction\",\"target\":[\"https:\\\/\\\/darkamazi.site\\\/archives\\\/1019631\"]}]},{\"@type\":\"ImageObject\",\"inLanguage\":\"en-US\",\"@id\":\"https:\\\/\\\/darkamazi.site\\\/archives\\\/1019631#primaryimage\",\"url\":\"https:\\\/\\\/darkamazi.site\\\/darka-content\\\/uploads\\\/2022\\\/06\\\/663411Image1-1.jpg\",\"contentUrl\":\"https:\\\/\\\/darkamazi.site\\\/darka-content\\\/uploads\\\/2022\\\/06\\\/663411Image1-1.jpg\",\"width\":1500,\"height\":945,\"caption\":\"Zeki \u00c7elebi olay\u0131nda ger\u00e7ekler\"},{\"@type\":\"BreadcrumbList\",\"@id\":\"https:\\\/\\\/darkamazi.site\\\/archives\\\/1019631#breadcrumb\",\"itemListElement\":[{\"@type\":\"ListItem\",\"position\":1,\"name\":\"Home\",\"item\":\"https:\\\/\\\/darkamazi.site\\\/\"},{\"@type\":\"ListItem\",\"position\":2,\"name\":\"Zeki \u00c7elebi olay\u0131nda ger\u00e7ekler\"}]},{\"@type\":\"WebSite\",\"@id\":\"https:\\\/\\\/darkamazi.site\\\/#website\",\"url\":\"https:\\\/\\\/darkamazi.site\\\/\",\"name\":\"Darka Mazi\",\"description\":\"Ana Sayfa\",\"publisher\":{\"@id\":\"https:\\\/\\\/darkamazi.site\\\/#organization\"},\"potentialAction\":[{\"@type\":\"SearchAction\",\"target\":{\"@type\":\"EntryPoint\",\"urlTemplate\":\"https:\\\/\\\/darkamazi.site\\\/?s={search_term_string}\"},\"query-input\":{\"@type\":\"PropertyValueSpecification\",\"valueRequired\":true,\"valueName\":\"search_term_string\"}}],\"inLanguage\":\"en-US\"},{\"@type\":\"Organization\",\"@id\":\"https:\\\/\\\/darkamazi.site\\\/#organization\",\"name\":\"Darka Mazi T\u00fcrk\u00e7e\",\"alternateName\":\"Darka Mazi\",\"url\":\"https:\\\/\\\/darkamazi.site\\\/\",\"logo\":{\"@type\":\"ImageObject\",\"inLanguage\":\"en-US\",\"@id\":\"https:\\\/\\\/darkamazi.site\\\/#\\\/schema\\\/logo\\\/image\\\/\",\"url\":\"https:\\\/\\\/darkamazi.site\\\/darka-content\\\/uploads\\\/2017\\\/12\\\/darka-mazi-logo.png\",\"contentUrl\":\"https:\\\/\\\/darkamazi.site\\\/darka-content\\\/uploads\\\/2017\\\/12\\\/darka-mazi-logo.png\",\"width\":151,\"height\":75,\"caption\":\"Darka Mazi T\u00fcrk\u00e7e\"},\"image\":{\"@id\":\"https:\\\/\\\/darkamazi.site\\\/#\\\/schema\\\/logo\\\/image\\\/\"},\"sameAs\":[\"https:\\\/\\\/www.facebook.com\\\/DarkaMaziturkce\",\"https:\\\/\\\/x.com\\\/DarkaMaziTurkce\"]},{\"@type\":\"Person\",\"@id\":\"https:\\\/\\\/darkamazi.site\\\/#\\\/schema\\\/person\\\/67986a95ac546c16760365877ef4a9d3\",\"name\":\"darka mazi\",\"sameAs\":[\"https:\\\/\\\/darkamazi.site\"],\"url\":\"https:\\\/\\\/darkamazi.site\\\/archives\\\/author\\\/turkish\"}]}<\/script>\n<!-- \/ Yoast SEO plugin. -->","seo_head_json":{"title":"Zeki \u00c7elebi olay\u0131nda ger\u00e7ekler - Darka Mazi","robots":{"index":"index","follow":"follow","max-snippet":"max-snippet:-1","max-image-preview":"max-image-preview:large","max-video-preview":"max-video-preview:-1"},"canonical":"https:\/\/darkamazi.site\/archives\/1019631","og_locale":"en_US","og_type":"article","og_title":"Zeki \u00c7elebi olay\u0131nda ger\u00e7ekler - Darka Mazi","og_description":"S\u00fcleymaniye\u2019nin l\u00fcks semti Baxtiyari\u2019deki, Deniz Restorand\u0131n sahibi Zeki \u00c7elebi i\u015f yerinden \u00e7\u0131karken vuruldu. Olay 17 May\u0131s gecesi ger\u00e7ekle\u015fti. Yap\u0131lan t\u00fcm m\u00fcdahalelere ra\u011fmen Zeki \u00c7elebi hayat\u0131n\u0131 kaybetti. Zeki \u00c7elebi cinayeti konusunda \u015fu ana de\u011fin emniyet g\u00fc\u00e7leri taraf\u0131ndan katil veya katillerin kim oldu\u011fu a\u00e7\u0131klanmad\u0131. PKK medyas\u0131 her zaman oldu\u011fu gibi hi\u00e7bir delil olmadan su\u00e7u KDP\u2019ye y\u0131kmaya \u00e7al\u0131\u015ft\u0131. [&hellip;]","og_url":"https:\/\/darkamazi.site\/archives\/1019631","og_site_name":"Darka Mazi","article_publisher":"https:\/\/www.facebook.com\/DarkaMaziturkce","article_published_time":"2022-06-06T09:49:12+00:00","og_image":[{"width":1500,"height":945,"url":"https:\/\/darkamazi.site\/file\/2022\/06\/663411Image1-1.jpg","type":"image\/jpeg"}],"author":"darka mazi","twitter_card":"summary_large_image","twitter_creator":"@DarkaMaziTurkce","twitter_site":"@DarkaMaziTurkce","twitter_misc":{"Written by":"darka mazi","Est. reading time":"4 minutes"},"schema":{"@context":"https:\/\/schema.org","@graph":[{"@type":"NewsArticle","@id":"https:\/\/darkamazi.site\/archives\/1019631#article","isPartOf":{"@id":"https:\/\/darkamazi.site\/archives\/1019631"},"author":{"name":"darka mazi","@id":"https:\/\/darkamazi.site\/#\/schema\/person\/67986a95ac546c16760365877ef4a9d3"},"headline":"Zeki \u00c7elebi olay\u0131nda ger\u00e7ekler","datePublished":"2022-06-06T09:49:12+00:00","mainEntityOfPage":{"@id":"https:\/\/darkamazi.site\/archives\/1019631"},"wordCount":1037,"publisher":{"@id":"https:\/\/darkamazi.site\/#organization"},"image":{"@id":"https:\/\/darkamazi.site\/archives\/1019631#primaryimage"},"thumbnailUrl":"https:\/\/darkamazi.site\/file\/2022\/06\/663411Image1-1.jpg","keywords":["\u00f6nemli"],"articleSection":["Kurdistan"],"inLanguage":"en-US"},{"@type":"WebPage","@id":"https:\/\/darkamazi.site\/archives\/1019631","url":"https:\/\/darkamazi.site\/archives\/1019631","name":"Zeki \u00c7elebi olay\u0131nda ger\u00e7ekler - Darka Mazi","isPartOf":{"@id":"https:\/\/darkamazi.site\/#website"},"primaryImageOfPage":{"@id":"https:\/\/darkamazi.site\/archives\/1019631#primaryimage"},"image":{"@id":"https:\/\/darkamazi.site\/archives\/1019631#primaryimage"},"thumbnailUrl":"https:\/\/darkamazi.site\/file\/2022\/06\/663411Image1-1.jpg","datePublished":"2022-06-06T09:49:12+00:00","breadcrumb":{"@id":"https:\/\/darkamazi.site\/archives\/1019631#breadcrumb"},"inLanguage":"en-US","potentialAction":[{"@type":"ReadAction","target":["https:\/\/darkamazi.site\/archives\/1019631"]}]},{"@type":"ImageObject","inLanguage":"en-US","@id":"https:\/\/darkamazi.site\/archives\/1019631#primaryimage","url":"https:\/\/darkamazi.site\/file\/2022\/06\/663411Image1-1.jpg","contentUrl":"https:\/\/darkamazi.site\/file\/2022\/06\/663411Image1-1.jpg","width":1500,"height":945,"caption":"Zeki \u00c7elebi olay\u0131nda ger\u00e7ekler"},{"@type":"BreadcrumbList","@id":"https:\/\/darkamazi.site\/archives\/1019631#breadcrumb","itemListElement":[{"@type":"ListItem","position":1,"name":"Home","item":"https:\/\/darkamazi.site\/"},{"@type":"ListItem","position":2,"name":"Zeki \u00c7elebi olay\u0131nda ger\u00e7ekler"}]},{"@type":"WebSite","@id":"https:\/\/darkamazi.site\/#website","url":"https:\/\/darkamazi.site\/","name":"Darka Mazi","description":"Ana Sayfa","publisher":{"@id":"https:\/\/darkamazi.site\/#organization"},"potentialAction":[{"@type":"SearchAction","target":{"@type":"EntryPoint","urlTemplate":"https:\/\/darkamazi.site\/?s={search_term_string}"},"query-input":{"@type":"PropertyValueSpecification","valueRequired":true,"valueName":"search_term_string"}}],"inLanguage":"en-US"},{"@type":"Organization","@id":"https:\/\/darkamazi.site\/#organization","name":"Darka Mazi T\u00fcrk\u00e7e","alternateName":"Darka Mazi","url":"https:\/\/darkamazi.site\/","logo":{"@type":"ImageObject","inLanguage":"en-US","@id":"https:\/\/darkamazi.site\/#\/schema\/logo\/image\/","url":"https:\/\/darkamazi.site\/file\/2017\/12\/darka-mazi-logo.png","contentUrl":"https:\/\/darkamazi.site\/file\/2017\/12\/darka-mazi-logo.png","width":151,"height":75,"caption":"Darka Mazi T\u00fcrk\u00e7e"},"image":{"@id":"https:\/\/darkamazi.site\/#\/schema\/logo\/image\/"},"sameAs":["https:\/\/www.facebook.com\/DarkaMaziturkce","https:\/\/x.com\/DarkaMaziTurkce"]},{"@type":"Person","@id":"https:\/\/darkamazi.site\/#\/schema\/person\/67986a95ac546c16760365877ef4a9d3","name":"darka mazi","sameAs":["https:\/\/darkamazi.site"],"url":"https:\/\/darkamazi.site\/archives\/author\/turkish"}]}},"_links":{"self":[{"href":"https:\/\/darkamazi.site\/funavuv\/wp\/v2\/posts\/1019631","targetHints":{"allow":["GET"]}}],"collection":[{"href":"https:\/\/darkamazi.site\/funavuv\/wp\/v2\/posts"}],"about":[{"href":"https:\/\/darkamazi.site\/funavuv\/wp\/v2\/types\/post"}],"author":[{"embeddable":true,"href":"https:\/\/darkamazi.site\/funavuv\/wp\/v2\/users\/2"}],"replies":[{"embeddable":true,"href":"https:\/\/darkamazi.site\/funavuv\/wp\/v2\/comments?post=1019631"}],"version-history":[{"count":0,"href":"https:\/\/darkamazi.site\/funavuv\/wp\/v2\/posts\/1019631\/revisions"}],"wp:featuredmedia":[{"embeddable":true,"href":"https:\/\/darkamazi.site\/funavuv\/wp\/v2\/media\/1019632"}],"wp:attachment":[{"href":"https:\/\/darkamazi.site\/funavuv\/wp\/v2\/media?parent=1019631"}],"wp:term":[{"taxonomy":"category","embeddable":true,"href":"https:\/\/darkamazi.site\/funavuv\/wp\/v2\/categories?post=1019631"},{"taxonomy":"post_tag","embeddable":true,"href":"https:\/\/darkamazi.site\/funavuv\/wp\/v2\/tags?post=1019631"}],"curies":[{"name":"wp","href":"https:\/\/api.w.org\/{rel}","templated":true}]}}