{"id":1019680,"date":"2022-06-09T12:52:45","date_gmt":"2022-06-09T09:52:45","guid":{"rendered":"https:\/\/darkamazi.site\/?p=1019680"},"modified":"2022-06-09T12:52:45","modified_gmt":"2022-06-09T09:52:45","slug":"guvenlik-konseyi-drone-saldirisini-irak-hizbullahi-duzenledi","status":"publish","type":"post","link":"https:\/\/darkamazi.site\/archives\/1019680","title":{"rendered":"G\u00fcvenlik Konseyi: Drone sald\u0131r\u0131s\u0131n\u0131 Irak Hizbullah\u0131 d\u00fczenledi"},"content":{"rendered":"<p style=\"text-align: justify\">K\u00fcrdistan B\u00f6lgesi G\u00fcvenlik Konseyi, d\u00fcn ak\u015fam Erbil-Pirmam yolunda bomba y\u00fckl\u00fc drone sald\u0131r\u0131s\u0131 sonucu ya\u015fanan patlamaya ili\u015fkin yeni bilgiler payla\u015ft\u0131.<\/p>\n<p style=\"text-align: justify\">K\u00fcrdistan B\u00f6lgesi G\u00fcvenlik Konseyi\u2019nden yap\u0131lan a\u00e7\u0131klamada, \u201cD\u00fcn ak\u015famki ter\u00f6r sald\u0131r\u0131s\u0131, K\u00fcrdistan B\u00f6lgesi\u2019ne bask\u0131 yapmak i\u00e7in d\u00fczenlenen sald\u0131r\u0131lar\u0131n devam\u0131d\u0131r\u201d denildi.<\/p>\n<p style=\"text-align: justify\">A\u00e7\u0131klamada, sald\u0131r\u0131da kullan\u0131lan drone\u2019un Irak Hizbullah\u0131 milisleri taraf\u0131ndan Pirde s\u0131n\u0131rlar\u0131ndan Erbil\u2019e g\u00f6nderildi\u011fi belirtildi.<\/p>\n<p style=\"text-align: justify\">\u201cSald\u0131r\u0131n\u0131n ard\u0131ndan b\u00f6lgesel bir g\u00fcce ait baz\u0131 internet siteleri, her zaman oldu\u011fu gibi sald\u0131r\u0131da MOSSAD\u2019a ait bir arac\u0131n vuruldu\u011fu ve bir ki\u015finin \u00f6ld\u00fcr\u00fcld\u00fc\u011f\u00fc yalan\u0131n\u0131 ortaya att\u0131\u201d denilen a\u00e7\u0131klamada, \u201cBu yalanlarla kendi kamuoyular\u0131n\u0131 kand\u0131rmaya \u00e7al\u0131\u015f\u0131yorlar ancak Erbil ve B\u00f6lge halk\u0131 sald\u0131r\u0131n\u0131n yerini, \u015feklini ve sonucu kendi g\u00f6zleriyle g\u00f6rd\u00fc\u011f\u00fc i\u00e7in bu t\u00fcr haberler alay konusu olmu\u015ftur\u201d ifadeleri kullan\u0131ld\u0131.<\/p>\n<p style=\"text-align: justify\">\u201cS\u00f6z konusu gruplar ba\u015far\u0131s\u0131zl\u0131k ve zay\u0131fl\u0131klar\u0131n\u0131 \u00f6rtbas etmek i\u00e7in bu t\u00fcr propagandalar ba\u015fvuruyor. De\u011filse e\u011fer kendi ba\u015fkentleri ve \u015fehirlerinin g\u00fcvenliklerini sa\u011flas\u0131nlar\u201d denilen a\u00e7\u0131klamada, \u201cK\u00fcrdistan B\u00f6lgesi hi\u00e7bir zaman kom\u015fu \u00fclkelere sald\u0131r\u0131 i\u00e7in bir \u00fcs olmayacak. Bu \u00fclkeler de K\u00fcrdistan B\u00f6lgesi halk\u0131 ve Irak topraklar\u0131n\u0131n egemenli\u011fine sayg\u0131 g\u00f6stermeli\u201d ifadelerine yer verildi.<\/p>\n<p style=\"text-align: justify\"><strong>ERB\u0130L-P\u0130RMAM YOLUNDA DRONE SALDIRISI<\/strong><\/p>\n<p style=\"text-align: justify\">D\u00fcn, ba\u015fkent Erbil ile Pirmam il\u00e7esi aras\u0131ndaki yolda drone sald\u0131r\u0131s\u0131 sonucu patlama meydana geldi.<\/p>\n<p style=\"text-align: justify\">Patlamada, yolda bulunan baz\u0131 ara\u00e7lar zarar g\u00f6r\u00fcrken, polis ve asayi\u015f ekipleri olay yerine intikal etti.<\/p>\n<p style=\"text-align: justify\">K\u00fcrdistan Anti Ter\u00f6r taraf\u0131ndan yap\u0131lan a\u00e7\u0131klamada, patlaman\u0131n patlay\u0131c\u0131 yerle\u015ftirilmi\u015f drone sald\u0131r\u0131s\u0131 sonucu ger\u00e7ekle\u015ftirildi\u011fi bildirildi.<\/p>\n<p style=\"text-align: justify\">Sald\u0131r\u0131n\u0131n 21.35\u2019te ger\u00e7ekle\u015fti\u011fi kaydedilirken, patlama nedeniyle 3 ki\u015finin yaraland\u0131\u011f\u0131 belirtildi.<\/p>\n<p style=\"text-align: justify\">\n","protected":false},"excerpt":{"rendered":"<p>K\u00fcrdistan B\u00f6lgesi G\u00fcvenlik Konseyi, d\u00fcn ak\u015fam Erbil-Pirmam yolunda bomba y\u00fckl\u00fc drone sald\u0131r\u0131s\u0131 sonucu ya\u015fanan patlamaya ili\u015fkin yeni bilgiler payla\u015ft\u0131. K\u00fcrdistan B\u00f6lgesi G\u00fcvenlik Konseyi\u2019nden yap\u0131lan a\u00e7\u0131klamada, \u201cD\u00fcn ak\u015famki ter\u00f6r sald\u0131r\u0131s\u0131, K\u00fcrdistan B\u00f6lgesi\u2019ne bask\u0131 yapmak i\u00e7in d\u00fczenlenen sald\u0131r\u0131lar\u0131n devam\u0131d\u0131r\u201d denildi. A\u00e7\u0131klamada, sald\u0131r\u0131da kullan\u0131lan drone\u2019un Irak Hizbullah\u0131 milisleri taraf\u0131ndan Pirde s\u0131n\u0131rlar\u0131ndan Erbil\u2019e g\u00f6nderildi\u011fi belirtildi. \u201cSald\u0131r\u0131n\u0131n ard\u0131ndan b\u00f6lgesel bir [&hellip;]<\/p>\n","protected":false},"author":2,"featured_media":1019681,"comment_status":"closed","ping_status":"closed","sticky":false,"template":"","format":"standard","meta":{"footnotes":""},"categories":[3],"tags":[31],"class_list":["post-1019680","post","type-post","status-publish","format-standard","has-post-thumbnail","hentry","category-kurdistan","tag-onemli"],"blocksy_meta":[],"seo_head":"<!-- This site is optimized with the Yoast SEO plugin v27.5 - https:\/\/yoast.com\/product\/yoast-seo-wordpress\/ -->\n<title>G\u00fcvenlik Konseyi: Drone sald\u0131r\u0131s\u0131n\u0131 Irak Hizbullah\u0131 d\u00fczenledi - Darka Mazi<\/title>\n<meta name=\"robots\" content=\"index, follow, max-snippet:-1, max-image-preview:large, max-video-preview:-1\" \/>\n<link rel=\"canonical\" href=\"https:\/\/darkamazi.site\/archives\/1019680\" \/>\n<meta property=\"og:locale\" content=\"en_US\" \/>\n<meta property=\"og:type\" content=\"article\" \/>\n<meta property=\"og:title\" content=\"G\u00fcvenlik Konseyi: Drone sald\u0131r\u0131s\u0131n\u0131 Irak Hizbullah\u0131 d\u00fczenledi - Darka Mazi\" \/>\n<meta property=\"og:description\" content=\"K\u00fcrdistan B\u00f6lgesi G\u00fcvenlik Konseyi, d\u00fcn ak\u015fam Erbil-Pirmam yolunda bomba y\u00fckl\u00fc drone sald\u0131r\u0131s\u0131 sonucu ya\u015fanan patlamaya ili\u015fkin yeni bilgiler payla\u015ft\u0131. K\u00fcrdistan B\u00f6lgesi G\u00fcvenlik Konseyi\u2019nden yap\u0131lan a\u00e7\u0131klamada, \u201cD\u00fcn ak\u015famki ter\u00f6r sald\u0131r\u0131s\u0131, K\u00fcrdistan B\u00f6lgesi\u2019ne bask\u0131 yapmak i\u00e7in d\u00fczenlenen sald\u0131r\u0131lar\u0131n devam\u0131d\u0131r\u201d denildi. A\u00e7\u0131klamada, sald\u0131r\u0131da kullan\u0131lan drone\u2019un Irak Hizbullah\u0131 milisleri taraf\u0131ndan Pirde s\u0131n\u0131rlar\u0131ndan Erbil\u2019e g\u00f6nderildi\u011fi belirtildi. \u201cSald\u0131r\u0131n\u0131n ard\u0131ndan b\u00f6lgesel bir [&hellip;]\" \/>\n<meta property=\"og:url\" content=\"https:\/\/darkamazi.site\/archives\/1019680\" \/>\n<meta property=\"og:site_name\" content=\"Darka Mazi\" \/>\n<meta property=\"article:publisher\" content=\"https:\/\/www.facebook.com\/DarkaMaziturkce\" \/>\n<meta property=\"article:published_time\" content=\"2022-06-09T09:52:45+00:00\" \/>\n<meta property=\"og:image\" content=\"https:\/\/darkamazi.site\/file\/2022\/06\/Encumen.jpg\" \/>\n\t<meta property=\"og:image:width\" content=\"900\" \/>\n\t<meta property=\"og:image:height\" content=\"497\" \/>\n\t<meta property=\"og:image:type\" content=\"image\/jpeg\" \/>\n<meta name=\"author\" content=\"darka mazi\" \/>\n<meta name=\"twitter:card\" content=\"summary_large_image\" \/>\n<meta name=\"twitter:creator\" content=\"@DarkaMaziTurkce\" \/>\n<meta name=\"twitter:site\" content=\"@DarkaMaziTurkce\" \/>\n<meta name=\"twitter:label1\" content=\"Written by\" \/>\n\t<meta name=\"twitter:data1\" content=\"darka mazi\" \/>\n\t<meta name=\"twitter:label2\" content=\"Est. reading time\" \/>\n\t<meta name=\"twitter:data2\" content=\"2 minutes\" \/>\n<script type=\"application\/ld+json\" class=\"seo-schema-graph\">{\"@context\":\"https:\\\/\\\/schema.org\",\"@graph\":[{\"@type\":\"NewsArticle\",\"@id\":\"https:\\\/\\\/darkamazi.site\\\/archives\\\/1019680#article\",\"isPartOf\":{\"@id\":\"https:\\\/\\\/darkamazi.site\\\/archives\\\/1019680\"},\"author\":{\"name\":\"darka mazi\",\"@id\":\"https:\\\/\\\/darkamazi.site\\\/#\\\/schema\\\/person\\\/67986a95ac546c16760365877ef4a9d3\"},\"headline\":\"G\u00fcvenlik Konseyi: Drone sald\u0131r\u0131s\u0131n\u0131 Irak Hizbullah\u0131 d\u00fczenledi\",\"datePublished\":\"2022-06-09T09:52:45+00:00\",\"mainEntityOfPage\":{\"@id\":\"https:\\\/\\\/darkamazi.site\\\/archives\\\/1019680\"},\"wordCount\":359,\"publisher\":{\"@id\":\"https:\\\/\\\/darkamazi.site\\\/#organization\"},\"image\":{\"@id\":\"https:\\\/\\\/darkamazi.site\\\/archives\\\/1019680#primaryimage\"},\"thumbnailUrl\":\"https:\\\/\\\/darkamazi.site\\\/darka-content\\\/uploads\\\/2022\\\/06\\\/Encumen.jpg\",\"keywords\":[\"\u00f6nemli\"],\"articleSection\":[\"Kurdistan\"],\"inLanguage\":\"en-US\"},{\"@type\":\"WebPage\",\"@id\":\"https:\\\/\\\/darkamazi.site\\\/archives\\\/1019680\",\"url\":\"https:\\\/\\\/darkamazi.site\\\/archives\\\/1019680\",\"name\":\"G\u00fcvenlik Konseyi: Drone sald\u0131r\u0131s\u0131n\u0131 Irak Hizbullah\u0131 d\u00fczenledi - Darka Mazi\",\"isPartOf\":{\"@id\":\"https:\\\/\\\/darkamazi.site\\\/#website\"},\"primaryImageOfPage\":{\"@id\":\"https:\\\/\\\/darkamazi.site\\\/archives\\\/1019680#primaryimage\"},\"image\":{\"@id\":\"https:\\\/\\\/darkamazi.site\\\/archives\\\/1019680#primaryimage\"},\"thumbnailUrl\":\"https:\\\/\\\/darkamazi.site\\\/darka-content\\\/uploads\\\/2022\\\/06\\\/Encumen.jpg\",\"datePublished\":\"2022-06-09T09:52:45+00:00\",\"breadcrumb\":{\"@id\":\"https:\\\/\\\/darkamazi.site\\\/archives\\\/1019680#breadcrumb\"},\"inLanguage\":\"en-US\",\"potentialAction\":[{\"@type\":\"ReadAction\",\"target\":[\"https:\\\/\\\/darkamazi.site\\\/archives\\\/1019680\"]}]},{\"@type\":\"ImageObject\",\"inLanguage\":\"en-US\",\"@id\":\"https:\\\/\\\/darkamazi.site\\\/archives\\\/1019680#primaryimage\",\"url\":\"https:\\\/\\\/darkamazi.site\\\/darka-content\\\/uploads\\\/2022\\\/06\\\/Encumen.jpg\",\"contentUrl\":\"https:\\\/\\\/darkamazi.site\\\/darka-content\\\/uploads\\\/2022\\\/06\\\/Encumen.jpg\",\"width\":900,\"height\":497,\"caption\":\"G\u00fcvenlik Konseyi: Drone sald\u0131r\u0131s\u0131n\u0131 Irak Hizbullah\u0131 d\u00fczenledi\"},{\"@type\":\"BreadcrumbList\",\"@id\":\"https:\\\/\\\/darkamazi.site\\\/archives\\\/1019680#breadcrumb\",\"itemListElement\":[{\"@type\":\"ListItem\",\"position\":1,\"name\":\"Home\",\"item\":\"https:\\\/\\\/darkamazi.site\\\/\"},{\"@type\":\"ListItem\",\"position\":2,\"name\":\"G\u00fcvenlik Konseyi: Drone sald\u0131r\u0131s\u0131n\u0131 Irak Hizbullah\u0131 d\u00fczenledi\"}]},{\"@type\":\"WebSite\",\"@id\":\"https:\\\/\\\/darkamazi.site\\\/#website\",\"url\":\"https:\\\/\\\/darkamazi.site\\\/\",\"name\":\"Darka Mazi\",\"description\":\"Ana Sayfa\",\"publisher\":{\"@id\":\"https:\\\/\\\/darkamazi.site\\\/#organization\"},\"potentialAction\":[{\"@type\":\"SearchAction\",\"target\":{\"@type\":\"EntryPoint\",\"urlTemplate\":\"https:\\\/\\\/darkamazi.site\\\/?s={search_term_string}\"},\"query-input\":{\"@type\":\"PropertyValueSpecification\",\"valueRequired\":true,\"valueName\":\"search_term_string\"}}],\"inLanguage\":\"en-US\"},{\"@type\":\"Organization\",\"@id\":\"https:\\\/\\\/darkamazi.site\\\/#organization\",\"name\":\"Darka Mazi T\u00fcrk\u00e7e\",\"alternateName\":\"Darka Mazi\",\"url\":\"https:\\\/\\\/darkamazi.site\\\/\",\"logo\":{\"@type\":\"ImageObject\",\"inLanguage\":\"en-US\",\"@id\":\"https:\\\/\\\/darkamazi.site\\\/#\\\/schema\\\/logo\\\/image\\\/\",\"url\":\"https:\\\/\\\/darkamazi.site\\\/darka-content\\\/uploads\\\/2017\\\/12\\\/darka-mazi-logo.png\",\"contentUrl\":\"https:\\\/\\\/darkamazi.site\\\/darka-content\\\/uploads\\\/2017\\\/12\\\/darka-mazi-logo.png\",\"width\":151,\"height\":75,\"caption\":\"Darka Mazi T\u00fcrk\u00e7e\"},\"image\":{\"@id\":\"https:\\\/\\\/darkamazi.site\\\/#\\\/schema\\\/logo\\\/image\\\/\"},\"sameAs\":[\"https:\\\/\\\/www.facebook.com\\\/DarkaMaziturkce\",\"https:\\\/\\\/x.com\\\/DarkaMaziTurkce\"]},{\"@type\":\"Person\",\"@id\":\"https:\\\/\\\/darkamazi.site\\\/#\\\/schema\\\/person\\\/67986a95ac546c16760365877ef4a9d3\",\"name\":\"darka mazi\",\"sameAs\":[\"https:\\\/\\\/darkamazi.site\"],\"url\":\"https:\\\/\\\/darkamazi.site\\\/archives\\\/author\\\/turkish\"}]}<\/script>\n<!-- \/ Yoast SEO plugin. -->","seo_head_json":{"title":"G\u00fcvenlik Konseyi: Drone sald\u0131r\u0131s\u0131n\u0131 Irak Hizbullah\u0131 d\u00fczenledi - Darka Mazi","robots":{"index":"index","follow":"follow","max-snippet":"max-snippet:-1","max-image-preview":"max-image-preview:large","max-video-preview":"max-video-preview:-1"},"canonical":"https:\/\/darkamazi.site\/archives\/1019680","og_locale":"en_US","og_type":"article","og_title":"G\u00fcvenlik Konseyi: Drone sald\u0131r\u0131s\u0131n\u0131 Irak Hizbullah\u0131 d\u00fczenledi - Darka Mazi","og_description":"K\u00fcrdistan B\u00f6lgesi G\u00fcvenlik Konseyi, d\u00fcn ak\u015fam Erbil-Pirmam yolunda bomba y\u00fckl\u00fc drone sald\u0131r\u0131s\u0131 sonucu ya\u015fanan patlamaya ili\u015fkin yeni bilgiler payla\u015ft\u0131. K\u00fcrdistan B\u00f6lgesi G\u00fcvenlik Konseyi\u2019nden yap\u0131lan a\u00e7\u0131klamada, \u201cD\u00fcn ak\u015famki ter\u00f6r sald\u0131r\u0131s\u0131, K\u00fcrdistan B\u00f6lgesi\u2019ne bask\u0131 yapmak i\u00e7in d\u00fczenlenen sald\u0131r\u0131lar\u0131n devam\u0131d\u0131r\u201d denildi. A\u00e7\u0131klamada, sald\u0131r\u0131da kullan\u0131lan drone\u2019un Irak Hizbullah\u0131 milisleri taraf\u0131ndan Pirde s\u0131n\u0131rlar\u0131ndan Erbil\u2019e g\u00f6nderildi\u011fi belirtildi. \u201cSald\u0131r\u0131n\u0131n ard\u0131ndan b\u00f6lgesel bir [&hellip;]","og_url":"https:\/\/darkamazi.site\/archives\/1019680","og_site_name":"Darka Mazi","article_publisher":"https:\/\/www.facebook.com\/DarkaMaziturkce","article_published_time":"2022-06-09T09:52:45+00:00","og_image":[{"width":900,"height":497,"url":"https:\/\/darkamazi.site\/file\/2022\/06\/Encumen.jpg","type":"image\/jpeg"}],"author":"darka mazi","twitter_card":"summary_large_image","twitter_creator":"@DarkaMaziTurkce","twitter_site":"@DarkaMaziTurkce","twitter_misc":{"Written by":"darka mazi","Est. reading time":"2 minutes"},"schema":{"@context":"https:\/\/schema.org","@graph":[{"@type":"NewsArticle","@id":"https:\/\/darkamazi.site\/archives\/1019680#article","isPartOf":{"@id":"https:\/\/darkamazi.site\/archives\/1019680"},"author":{"name":"darka mazi","@id":"https:\/\/darkamazi.site\/#\/schema\/person\/67986a95ac546c16760365877ef4a9d3"},"headline":"G\u00fcvenlik Konseyi: Drone sald\u0131r\u0131s\u0131n\u0131 Irak Hizbullah\u0131 d\u00fczenledi","datePublished":"2022-06-09T09:52:45+00:00","mainEntityOfPage":{"@id":"https:\/\/darkamazi.site\/archives\/1019680"},"wordCount":359,"publisher":{"@id":"https:\/\/darkamazi.site\/#organization"},"image":{"@id":"https:\/\/darkamazi.site\/archives\/1019680#primaryimage"},"thumbnailUrl":"https:\/\/darkamazi.site\/file\/2022\/06\/Encumen.jpg","keywords":["\u00f6nemli"],"articleSection":["Kurdistan"],"inLanguage":"en-US"},{"@type":"WebPage","@id":"https:\/\/darkamazi.site\/archives\/1019680","url":"https:\/\/darkamazi.site\/archives\/1019680","name":"G\u00fcvenlik Konseyi: Drone sald\u0131r\u0131s\u0131n\u0131 Irak Hizbullah\u0131 d\u00fczenledi - Darka Mazi","isPartOf":{"@id":"https:\/\/darkamazi.site\/#website"},"primaryImageOfPage":{"@id":"https:\/\/darkamazi.site\/archives\/1019680#primaryimage"},"image":{"@id":"https:\/\/darkamazi.site\/archives\/1019680#primaryimage"},"thumbnailUrl":"https:\/\/darkamazi.site\/file\/2022\/06\/Encumen.jpg","datePublished":"2022-06-09T09:52:45+00:00","breadcrumb":{"@id":"https:\/\/darkamazi.site\/archives\/1019680#breadcrumb"},"inLanguage":"en-US","potentialAction":[{"@type":"ReadAction","target":["https:\/\/darkamazi.site\/archives\/1019680"]}]},{"@type":"ImageObject","inLanguage":"en-US","@id":"https:\/\/darkamazi.site\/archives\/1019680#primaryimage","url":"https:\/\/darkamazi.site\/file\/2022\/06\/Encumen.jpg","contentUrl":"https:\/\/darkamazi.site\/file\/2022\/06\/Encumen.jpg","width":900,"height":497,"caption":"G\u00fcvenlik Konseyi: Drone sald\u0131r\u0131s\u0131n\u0131 Irak Hizbullah\u0131 d\u00fczenledi"},{"@type":"BreadcrumbList","@id":"https:\/\/darkamazi.site\/archives\/1019680#breadcrumb","itemListElement":[{"@type":"ListItem","position":1,"name":"Home","item":"https:\/\/darkamazi.site\/"},{"@type":"ListItem","position":2,"name":"G\u00fcvenlik Konseyi: Drone sald\u0131r\u0131s\u0131n\u0131 Irak Hizbullah\u0131 d\u00fczenledi"}]},{"@type":"WebSite","@id":"https:\/\/darkamazi.site\/#website","url":"https:\/\/darkamazi.site\/","name":"Darka Mazi","description":"Ana Sayfa","publisher":{"@id":"https:\/\/darkamazi.site\/#organization"},"potentialAction":[{"@type":"SearchAction","target":{"@type":"EntryPoint","urlTemplate":"https:\/\/darkamazi.site\/?s={search_term_string}"},"query-input":{"@type":"PropertyValueSpecification","valueRequired":true,"valueName":"search_term_string"}}],"inLanguage":"en-US"},{"@type":"Organization","@id":"https:\/\/darkamazi.site\/#organization","name":"Darka Mazi T\u00fcrk\u00e7e","alternateName":"Darka Mazi","url":"https:\/\/darkamazi.site\/","logo":{"@type":"ImageObject","inLanguage":"en-US","@id":"https:\/\/darkamazi.site\/#\/schema\/logo\/image\/","url":"https:\/\/darkamazi.site\/file\/2017\/12\/darka-mazi-logo.png","contentUrl":"https:\/\/darkamazi.site\/file\/2017\/12\/darka-mazi-logo.png","width":151,"height":75,"caption":"Darka Mazi T\u00fcrk\u00e7e"},"image":{"@id":"https:\/\/darkamazi.site\/#\/schema\/logo\/image\/"},"sameAs":["https:\/\/www.facebook.com\/DarkaMaziturkce","https:\/\/x.com\/DarkaMaziTurkce"]},{"@type":"Person","@id":"https:\/\/darkamazi.site\/#\/schema\/person\/67986a95ac546c16760365877ef4a9d3","name":"darka mazi","sameAs":["https:\/\/darkamazi.site"],"url":"https:\/\/darkamazi.site\/archives\/author\/turkish"}]}},"_links":{"self":[{"href":"https:\/\/darkamazi.site\/funavuv\/wp\/v2\/posts\/1019680","targetHints":{"allow":["GET"]}}],"collection":[{"href":"https:\/\/darkamazi.site\/funavuv\/wp\/v2\/posts"}],"about":[{"href":"https:\/\/darkamazi.site\/funavuv\/wp\/v2\/types\/post"}],"author":[{"embeddable":true,"href":"https:\/\/darkamazi.site\/funavuv\/wp\/v2\/users\/2"}],"replies":[{"embeddable":true,"href":"https:\/\/darkamazi.site\/funavuv\/wp\/v2\/comments?post=1019680"}],"version-history":[{"count":0,"href":"https:\/\/darkamazi.site\/funavuv\/wp\/v2\/posts\/1019680\/revisions"}],"wp:featuredmedia":[{"embeddable":true,"href":"https:\/\/darkamazi.site\/funavuv\/wp\/v2\/media\/1019681"}],"wp:attachment":[{"href":"https:\/\/darkamazi.site\/funavuv\/wp\/v2\/media?parent=1019680"}],"wp:term":[{"taxonomy":"category","embeddable":true,"href":"https:\/\/darkamazi.site\/funavuv\/wp\/v2\/categories?post=1019680"},{"taxonomy":"post_tag","embeddable":true,"href":"https:\/\/darkamazi.site\/funavuv\/wp\/v2\/tags?post=1019680"}],"curies":[{"name":"wp","href":"https:\/\/api.w.org\/{rel}","templated":true}]}}