{"id":1019699,"date":"2022-06-12T09:04:58","date_gmt":"2022-06-12T06:04:58","guid":{"rendered":"https:\/\/darkamazi.site\/?p=1019699"},"modified":"2026-03-31T16:42:58","modified_gmt":"2026-03-31T13:42:58","slug":"gelecek-partisinin-demokratik-gelecegimizin-insasi-kurt-meselesi-calistayi","status":"publish","type":"post","link":"https:\/\/darkamazi.site\/archives\/1019699","title":{"rendered":"Gelecek Partisinin &#8220;Demokratik Gelece\u011fimizin \u0130n\u015fas\u0131: K\u00fcrt Meselesi&#8221; \u00e7al\u0131\u015ftay\u0131 !"},"content":{"rendered":"<p><span style=\"font-family: 'arial black', sans-serif\">Davuto\u011flu Diyarbak\u0131r\u2019da K\u00fcrt meselesi ve anadilde e\u011fitime ili\u015fkin yapt\u0131\u011f\u0131 konu\u015fmada \u201cBiz T\u00fcrkiye&#8217;nin b\u00fct\u00fcn meselelerini a\u00e7\u0131k bir \u015fekilde konu\u015furken K\u00fcrt meselesini de kendi aram\u0131zda tart\u0131\u015fm\u0131\u015ft\u0131k. Anadilde e\u011fitim hakk\u0131 belki de ilk kez bizim partimizde a\u00e7\u0131k bir \u015fekilde yaz\u0131ld\u0131\u201d dedi.<\/span><\/p>\n<p>Gelecek Partisi lideri Ahmet Davuto\u011flu, &#8220;Demokratik Gelece\u011fimizin \u0130n\u015fas\u0131: K\u00fcrt Meselesi&#8221; \u00e7al\u0131\u015ftay\u0131 a\u00e7\u0131l\u0131\u015f\u0131nda konu\u015fma yapt\u0131.<\/p>\n<p>Davuto\u011flu konu\u015fmas\u0131nda partisinin T\u00fcrkiye&#8217;deki b\u00fct\u00fcn etnik topluluklar\u0131 b\u00fcnyesinde bar\u0131nd\u0131rd\u0131\u011f\u0131n\u0131 belirterek &#8220;Hepimiz ayn\u0131 nehir yata\u011f\u0131nda ak\u0131yoruz. O nehir yataklar\u0131n\u0131 birileri farkl\u0131 kollara ay\u0131rmaya \u00e7al\u0131\u015fsa da o dere yata\u011f\u0131n\u0131 bulur&#8221; diyerek \u015f\u00f6yle dedi:<\/p>\n<p>&#8220;Gelecek Partisi&#8217;ni kurarken y\u00fczy\u0131l boyu s\u00fcregelen ve art\u0131k kronikle\u015fti\u011fi bilinen sorunlar\u0131 da y\u00fczle\u015fmeden korkmadan her t\u00fcrl\u00fc fikre a\u00e7\u0131k bir \u015fekilde bir ilke benimsedik. Gelecek Partisi kurucular\u0131n\u0131n yap\u0131s\u0131 ile T\u00fcrkiye&#8217;deki b\u00fct\u00fcn etnik mezhebi dini topluluklar\u0131 b\u00fcnyesinde bar\u0131nd\u0131rd\u0131. Uzun bir haz\u0131rl\u0131k d\u00f6nemi ya\u015fad\u0131k. T\u00fcrkiye&#8217;de son 2 y\u00fczy\u0131ll\u0131k ideolojik ve siyasi trendlerin hemen hemen b\u00fct\u00fcn temsilcilerinin oldu\u011fu bir siyasi yap\u0131 olu\u015fturduk. Niyetimiz T\u00fcrkiye&#8217;de hi\u00e7 kimseyi d\u0131\u015flamadan kapsamc\u0131 bir demokrasi insan hak ve \u00f6zg\u00fcrl\u00fcklerinde bir yap\u0131 in\u015fa etmek. Kurulu\u015fumuzun \u00f6ncesinde girmi\u015f oldu\u011fumuz kampta T\u00fcrkiye&#8217;nin b\u00fct\u00fcn sorunlar\u0131n\u0131 tart\u0131\u015ft\u0131k. Kurucular\u0131m\u0131z aras\u0131nda 12 Eyl\u00fcl&#8217;\u00fcn solcu olarak hapishanede yatm\u0131\u015f olanlar\u0131 da vard\u0131, sa\u011fc\u0131 olarak yatm\u0131\u015f olanlar\u0131 da. T\u00fcrkler de vard\u0131 K\u00fcrtler de. Aleviler de vard\u0131 s\u00fcnniler de. M\u00fcsl\u00fcmanlar da vard\u0131 Hristiyan, Ermeni, S\u00fcryani kurucular\u0131m\u0131z da. Daha \u00f6nce birbirleriyle y\u00fczle\u015fmemi\u015f olan arkada\u015flar\u0131n samimi bir \u015fekilde bir araya geli\u015fleri ve 2-3 g\u00fcn sonra birbirlerini anlay\u0131\u015flar\u0131ndaki de\u011fi\u015fim bana \u015funu g\u00f6sterdi. Asl\u0131nda hepimiz ayn\u0131 nehir yata\u011f\u0131nda ak\u0131yoruz. O nehir yataklar\u0131n\u0131 birileri farkl\u0131 kollara ay\u0131rmaya \u00e7al\u0131\u015fsa da o dere yata\u011f\u0131n\u0131 buluyor zamanla. Ge\u00e7mi\u015fte de \u00e7ok ciddi meydan okumalar yap\u0131ld\u0131.\u201d<\/p>\n<p>K\u00dcRT MESELES\u0130 VE ANAD\u0130LDE E\u011e\u0130T\u0130M HAKKI<\/p>\n<p>Konu\u015fmas\u0131nda K\u00fcrt sorunu ve anadilde e\u011fitim hakk\u0131ndan bahseden Davuto\u011flu, \u201cModernle\u015fme s\u00fcrecini daha tamamlayamadan bir \u00fclke k\u00fcreselle\u015fmenin b\u00fct\u00fcn meydan okumalar\u0131yla kar\u015f\u0131 kar\u015f\u0131ya kald\u0131. \u0130\u015fte bu ba\u011flamda biz T\u00fcrkiye&#8217;nin b\u00fct\u00fcn meselelerini a\u00e7\u0131k bir \u015fekilde konu\u015furken K\u00fcrt meselesini de kendi aram\u0131zda tart\u0131\u015fm\u0131\u015ft\u0131k. Anadilde e\u011fitim hakk\u0131 belki de ilk kez bizim partimizde a\u00e7\u0131k bir \u015fekilde yaz\u0131ld\u0131. Yerel y\u00f6netimler de demokratik haklar konusunda kayyum atanmas\u0131na kar\u015f\u0131 da \u00e7ok a\u00e7\u0131k bir tav\u0131r ortaya koyduk. Bir, T\u00fcrkiye&#8217;nin b\u00fct\u00fcn demokratikle\u015fme sorunlar\u0131n\u0131 b\u00fcnyesinde ta\u015f\u0131yan genel demokratikle\u015fme problemlerimiz var. Bir de K\u00fcrt vatanda\u015flar\u0131m\u0131za has sorunlar. \u00dc\u00e7\u00fcnc\u00fc de s\u0131n\u0131r \u00f6tesinde soyda\u015flar\u0131m\u0131z var. Onlarla ilgili meselelerimiz var. Biz bir T\u00fcrkiye partisiyiz&#8221; ifadelerine yer verdi.<\/p>\n<p>Davuto\u011flu parti i\u00e7indeki tart\u0131\u015fmalar sonucu haz\u0131rlad\u0131klar\u0131 &#8220;K\u00fcrt Meselesi: Yeni Bir Demokratikle\u015fme S\u00fcrecinin Temel Unsurlar\u0131&#8221; ba\u015fl\u0131kl\u0131 metni kat\u0131l\u0131mc\u0131larla payla\u015ft\u0131 ve kat\u0131l\u0131mc\u0131lar\u0131n g\u00f6r\u00fc\u015flerini, ele\u015ftirilerini sunmas\u0131 istedi.<\/p>\n<p>Davuto\u011flu&#8217;nun a\u00e7\u0131klad\u0131\u011f\u0131 10 maddelik metin \u015f\u00f6yle:<\/p>\n<p><strong>1 &#8211; YEN\u0130 B\u0130R Z\u0130HN\u0130YET<\/strong><\/p>\n<p>K\u00fcrt Meselesini ortaya \u00e7\u0131karan anti-demokratik zihniyet ve politikalar, bir\u00e7ok medeniyete ev sahipli\u011fi yapan bu topraklar\u0131n mayas\u0131na da as\u0131rlarca bir arada ya\u015fam\u0131\u015f milletimizin tarihsel haf\u0131zas\u0131na da yabanc\u0131d\u0131r. Ya\u015fanan a\u011f\u0131r travmalar\u0131n etkisiyle ge\u00e7en y\u00fczy\u0131l\u0131n ba\u015f\u0131nda hayata ge\u00e7irilen tektiple\u015ftirici, ayr\u0131mc\u0131 ve g\u00fcvenlik\u00e7i otoriter paradigma, y\u00fczy\u0131l sonra bug\u00fcn bile y\u00fczle\u015fmek ve \u00e7\u00f6zmek zorunda oldu\u011fumuz pek \u00e7ok maliyet \u00fcretmi\u015ftir. Cumhuriyetimiz 100. y\u0131l\u0131na girerken bir as\u0131r \u00f6ncesine giden sorun ba\u015fl\u0131klar\u0131 daha fazla varl\u0131\u011f\u0131n\u0131 s\u00fcrd\u00fcremez. K\u00fcrt Meselesi ba\u015fta olmak \u00fczere t\u00fcm meselelerimizin \u00e7\u00f6z\u00fcm\u00fc i\u00e7in k\u00fcresel, b\u00f6lgesel ve ulusal d\u00fczlemde ya\u015fanan k\u00f6kl\u00fc d\u00f6n\u00fc\u015f\u00fcm\u00fc hesaba katan yeni bir zihniyet in\u015fas\u0131na ihtiya\u00e7 bulunmaktad\u0131r. Ge\u00e7mi\u015fteki hatalarla y\u00fczle\u015ferek, tecr\u00fcbelerden dersler \u00e7\u0131kararak yeni bir sayfa a\u00e7mak, yeni bir s\u00fcre\u00e7 ba\u015flatmak zorunday\u0131z. Bu s\u00fcre\u00e7, b\u00fct\u00fcn vatanda\u015flar\u0131m\u0131z\u0131n her anlamda e\u015fitli\u011fini tesis ederek toplumsal bar\u0131\u015f\u0131m\u0131z\u0131 ve ortak aidiyetimizi g\u00fc\u00e7lendirecek tam demokratik bir T\u00fcrkiye in\u015fa etmeyi \u00f6ng\u00f6rmektedir.<\/p>\n<p><strong>2- ORTAK VE YERL\u0130 B\u0130R YAKLA\u015eIM<\/strong><\/p>\n<p>Sorunlar\u0131m\u0131z\u0131n \u00e7\u00f6z\u00fcm\u00fc i\u00e7in \u00fclkemizin b\u00fct\u00fcn farkl\u0131l\u0131klar\u0131ndan s\u00fcz\u00fclen ortak ve yerli bir dile ihtiyac\u0131m\u0131z bulunmaktad\u0131r. \u00c7\u00f6z\u00fcm\u00fc ba\u015fka ba\u015fkentlerde, ba\u015fka modellerde aramak yerine insanl\u0131\u011f\u0131n tecr\u00fcbesinden yararlanan ama kendi dinamiklerimizi esas alan bize \u00f6zg\u00fc bir \u00e7\u00f6z\u00fcm geli\u015ftirmek zorunday\u0131z. Bu \u00e7er\u00e7evede, yeni bir s\u00fcrecin en asli niteli\u011fi bir b\u00fct\u00fcn olarak bu \u00fclkenin birikimlerine dayanmas\u0131 ve yerli dinamiklerin \u00fcr\u00fcn\u00fc olmas\u0131d\u0131r.<\/p>\n<p><strong>3 &#8211; S\u0130V\u0130L, \u00d6ZG\u00dcRL\u00dcK\u00c7\u00dc VE KAPSAYICI ANAYASA:<\/strong><\/p>\n<p>Tam demokratik bir T\u00fcrkiye in\u015fa etmenin ana omurgas\u0131 insan hak ve \u00f6zg\u00fcrl\u00fcklerine dayanan \u00f6zg\u00fcrl\u00fck\u00e7\u00fc yeni bir anayasad\u0131r. Devleti \u00f6ncelikli g\u00f6r\u00fcp insan\u0131 ikinci plana iten, farkl\u0131l\u0131klar\u0131m\u0131z\u0131 tehdit g\u00f6r\u00fcp tektiple\u015ftirici bir model dayatan 12 Eyl\u00fcl Anayasas\u0131 vakit kaybedilmeden tedav\u00fclden kald\u0131r\u0131lmal\u0131, sivil, \u00f6zg\u00fcrl\u00fck\u00e7\u00fc, kapsay\u0131c\u0131 yeni bir anayasa haz\u0131rlanmal\u0131d\u0131r. Bu anayasan\u0131n yaslanaca\u011f\u0131 siyasal d\u00fczen insan hak ve \u00f6zg\u00fcrl\u00fcklerine dayal\u0131 kapsay\u0131c\u0131 demokrasidir. T\u00fcrkiye yeni y\u00fczy\u0131la muhtevas\u0131 itibar\u0131yla t\u00fcm toplumu kapsayan, olu\u015fum s\u00fcreci itibar\u0131yla b\u00fct\u00fcn toplum kesimlerinin kat\u0131l\u0131m\u0131 ile olu\u015fan yeni bir anayasal zemin \u00fczerinde girmelidir.<\/p>\n<p><strong>4 &#8211; D\u00dc\u015e\u00dcNCE VE \u0130FADE \u00d6ZG\u00dcRL\u00dc\u011e\u00dc<\/strong><\/p>\n<p>T\u00fcrkiye\u2019yi tam demokrasi hedefine ula\u015ft\u0131racak, halk\u0131m\u0131z\u0131n huzur ve refah\u0131n\u0131 art\u0131racak yeni toplumsal s\u00f6zle\u015fmenin ruhunu eksiksiz bir d\u00fc\u015f\u00fcnce ve ifade \u00f6zg\u00fcrl\u00fc\u011f\u00fc olu\u015fturmal\u0131d\u0131r. D\u00fc\u015f\u00fcnce \u00f6zg\u00fcrl\u00fc\u011f\u00fcn\u00fcn olmad\u0131\u011f\u0131 bir ortamda insanlar\u0131n sorunlar\u0131 tespit edebilmesi, sorunlar\u0131n taraflar\u0131 aras\u0131nda diyalog kurabilmesi ve empati yapmas\u0131 beklenemez. Hukuk sistemi d\u00fc\u015f\u00fcnce ve ifade \u00f6zg\u00fcrl\u00fc\u011f\u00fcn\u00fc korumay\u0131 ve s\u00fcrd\u00fcrmeyi esas alarak yeniden d\u00fczenlenmeli, sivil toplum ve akademinin hukuksal a\u00e7\u0131dan \u00f6zerklik ve \u00f6zg\u00fcrl\u00fc\u011f\u00fc garanti alt\u0131na al\u0131nmal\u0131d\u0131r.<\/p>\n<p><strong>5 &#8211; \u0130MT\u0130YAZA VE AYRIMCILI\u011eA DAYANMAYAN E\u015e\u0130T VATANDA\u015eLIK<\/strong><\/p>\n<p>Etnik k\u00f6kenimiz, dini, mezhebi ve siyasi inanc\u0131m\u0131z ne olursa olsun hepimiz T\u00fcrkiye Cumhuriyeti\u2019nin onurlu e\u015fit vatanda\u015flar\u0131y\u0131z. Benimsedi\u011fimiz ilke e\u015fit vatanda\u015fl\u0131k ilkesidir. Kimse \u00f6zel bir imtiyaz ve ayr\u0131cal\u0131\u011fa sahip olmad\u0131\u011f\u0131 gibi hi\u00e7 kimse ayr\u0131mc\u0131l\u0131\u011fa da tabi tutulamaz. \u00c7o\u011fulculuk katlan\u0131lmas\u0131 gereken bir k\u00fclfet de\u011fil, aksine savunulmas\u0131 gereken temel bir yap\u0131 ta\u015f\u0131d\u0131r. Siyasi temsilde temel ilke toplumsal \u00e7e\u015fitlili\u011fin temsili, b\u00fcrokratik atamada temel kriter, ehliyet ve liyakat olmal\u0131d\u0131r.<\/p>\n<p><strong>6 &#8211; KAPSAYICI MUHATAPLIK<\/strong><\/p>\n<p>K\u00fcrt Meselesinin muhatab\u0131 b\u00fct\u00fcn vatanda\u015flar\u0131m\u0131z, siyasi partilerimiz ve b\u00fct\u00fcn unsurlar\u0131yla sivil toplumdur. K\u00fcrt meselesi t\u00fcm taraflar\u0131n kar\u015f\u0131l\u0131kl\u0131 g\u00fcvensizli\u011fi de\u011fil, g\u00fcveni \u00fczerine oturtulmak zorundad\u0131r. T\u00fcrkiye\u2019de K\u00fcrt meselesi tek bir siyasi partinin de\u011fil her siyasi partinin \u00f6ncelikli g\u00fcndemlerinden birisi olmal\u0131d\u0131r. K\u00fcrt vatanda\u015flar\u0131m\u0131z\u0131n g\u00f6r\u00fcnen ve g\u00f6r\u00fcnmeyen, ifade edilen veya edilmeyen siyasi, toplumsal, ekonomik, k\u00fclt\u00fcrel ve hukuki hi\u00e7bir engelle muhatap olmad\u0131\u011f\u0131 tam demokratik T\u00fcrkiye in\u015fa etmekten ba\u015fka bir \u00e7\u00f6z\u00fcm yoktur.<\/p>\n<p><strong>7 &#8211; ANAD\u0130L\u0130N E\u011e\u0130T\u0130MDE VE SOSYAL HAYATTA KULLANIMI<\/strong><\/p>\n<p>Anadilin \u00f6\u011fretilmesi, e\u011fitimde ve sosyal hayatta kullan\u0131lmas\u0131 en temel ve do\u011fal insan hakk\u0131d\u0131r. Kimse anadilini se\u00e7emeyece\u011fi gibi kimse da ba\u015fkas\u0131n\u0131n anadiline yasak getiremez. Ortak resmi dilimiz olan T\u00fcrk\u00e7e\u2019nin yan\u0131s\u0131ra herkes kendi ana dilini \u00f6\u011frenme ve bireysel ve toplumsal ya\u015famda kullanma hakk\u0131na sahiptir. Bu temel ilke \u00e7er\u00e7evesinde, devlet gerekli d\u00fczenlemeleri yapmakla y\u00fck\u00fcml\u00fcd\u00fcr. Bu ba\u011flamda, \u00fclkenin asli dillerinden olan K\u00fcrt\u00e7e\u2019ye yabanc\u0131 veya bilinmeyen dil muamelesi yap\u0131lmas\u0131 kabul edilemez. Resmi dilimiz T\u00fcrk\u00e7e olmakla birlikte K\u00fcrt\u00e7enin kamusal hizmet alanlar\u0131nda kullan\u0131lmas\u0131 K\u00fcrt vatanda\u015flar\u0131m\u0131z\u0131n aidiyet bilincini g\u00fc\u00e7lendirilmesi ba\u011flam\u0131nda ayr\u0131\u015ft\u0131r\u0131c\u0131 de\u011fil birle\u015ftirici bir etki yapacakt\u0131r. Kamusal alanda, devletin ve yerel y\u00f6netimlerin sundu\u011fu t\u00fcm hizmetlerde K\u00fcrt\u00e7enin de kullan\u0131lmas\u0131n\u0131n \u00f6n\u00fcndeki ideolojik ve yasal engellerin kald\u0131r\u0131lmas\u0131 \u015fartt\u0131r.<\/p>\n<p><strong>8 &#8211; DEMOKRAT\u0130K YEREL Y\u00d6NET\u0130MLER<\/strong><\/p>\n<p>\u0130\u015flevsel ve demokratik bir yerel y\u00f6netimler sistemi i\u00e7in ba\u015fta Anayasan\u0131n 127. maddesi olmak \u00fczere merkezi y\u00f6netimin yerel y\u00f6netimler \u00fczerindeki bask\u0131c\u0131 uygulamalar\u0131na izin veren t\u00fcm yasal d\u00fczenlemeler ilga edilmelidir. Yerel y\u00f6netimler demokratik bir hukuk sistemi ve vatanda\u015flar kar\u015f\u0131s\u0131nda sorumlu k\u0131l\u0131nmal\u0131d\u0131r. Bu ba\u011flamda se\u00e7ilenler \u00fczerinde a\u00e7\u0131k bir vesayet niteli\u011fi ta\u015f\u0131yan KCK uygulamas\u0131na da demokratik hukuk devleti ile \u00e7eli\u015fen kayyum uygulamas\u0131na da kar\u015f\u0131y\u0131z. Se\u00e7ilmi\u015f belediye ba\u015fkanlar\u0131n\u0131n yarg\u0131 karar\u0131 olmaks\u0131z\u0131n g\u00f6revden el \u00e7ektirilmesi kabul edilemez. Ayr\u0131ca, g\u00f6revden al\u0131nan belediye ba\u015fkan\u0131n\u0131n yerine \u0130\u00e7i\u015fleri Bakan\u0131n\u0131n inisiyatifiyle kayy\u0131m atanmas\u0131 da milli iradenin tecellisini engellemektedir. Bu \u00e7er\u00e7evede, mahkeme karar\u0131na istinaden g\u00f6revden al\u0131nan se\u00e7ilmi\u015f belediye ba\u015fkan\u0131n\u0131n yerine yine se\u00e7imle olu\u015fturulmu\u015f belediye meclis \u00fcyelerinden birinin se\u00e7ilmesi teminat alt\u0131na al\u0131nmal\u0131d\u0131r.<\/p>\n<p><strong>9 &#8211; SINIR \u00d6TES\u0130NDEK\u0130 K\u00dcRTLER<\/strong><\/p>\n<p>T\u00fcrkiye, s\u0131n\u0131rlar\u0131 d\u0131\u015f\u0131ndaki t\u00fcm tarihda\u015f ve soyda\u015flarla fark\u0131ndal\u0131k ve sorumluluk ilkeleri \u0131\u015f\u0131\u011f\u0131nda ili\u015fki i\u00e7inde olmay\u0131 ve b\u00f6lgeye onlarla birlikte olu\u015fturulan bir vizyon \u00e7er\u00e7evesinden bakmay\u0131 temel bir ilke olarak ilan etmelidir. Biz, do\u011fal tarihda\u015f ve soyda\u015f olarak g\u00f6rd\u00fc\u011f\u00fcm\u00fcz kom\u015fu \u00fclkelerdeki K\u00fcrtlere bu genel ilke \u00e7er\u00e7evesinde bak\u0131yoruz. S\u0131n\u0131r \u00f6tesinde ya\u015fayan K\u00fcrtlerin gelece\u011fi ne emperyalist g\u00fc\u00e7lerin ne de ter\u00f6r \u00f6rg\u00fctlerinin insaf\u0131na terk edilemez. T\u00fcrkiye olarak sorumlulu\u011fumuz ve g\u00f6revimiz, s\u0131n\u0131rlar\u0131m\u0131z\u0131n d\u0131\u015f\u0131ndaki K\u00fcrtleri tehdit olarak g\u00f6rmek yerine b\u00fct\u00fcn di\u011fer soyda\u015flar\u0131m\u0131z gibi K\u00fcrtlerin de bulunduklar\u0131 \u00fclkenin onurlu ve e\u015fit vatanda\u015flar\u0131 olmalar\u0131na katk\u0131 sunmakt\u0131r. Kom\u015fu \u00fclkelerin toprak b\u00fct\u00fcnl\u00fc\u011f\u00fcne sayg\u0131 \u00e7er\u00e7evesinde ger\u00e7ekle\u015fecek b\u00f6ylesi bir katk\u0131 bu \u00fclkelerle aram\u0131zdaki bar\u0131\u015f\u00e7\u0131l ili\u015fkileri g\u00fc\u00e7lendirecektir.<\/p>\n<p><strong>10 &#8211; YEN\u0130 B\u0130R SOSYO-EKONOM\u0130K KALKINMA STRATEJ\u0130S\u0130<\/strong><\/p>\n<p>Son d\u00f6nemde derinle\u015fen ekonomik kriz \u00f6zellikle gen\u00e7 kitlelerin b\u00f6lgeden koparak sadece b\u00fcy\u00fck \u015fehirlere de\u011fil f\u0131rsat bulduklar\u0131 anda yurtd\u0131\u015f\u0131na g\u00f6\u00e7 etmeleri sonucunu do\u011furmaktad\u0131r.<\/p>\n","protected":false},"excerpt":{"rendered":"<p>Davuto\u011flu Diyarbak\u0131r\u2019da K\u00fcrt meselesi ve anadilde e\u011fitime ili\u015fkin yapt\u0131\u011f\u0131 konu\u015fmada \u201cBiz T\u00fcrkiye&#8217;nin b\u00fct\u00fcn meselelerini a\u00e7\u0131k bir \u015fekilde konu\u015furken K\u00fcrt meselesini de kendi aram\u0131zda tart\u0131\u015fm\u0131\u015ft\u0131k. Anadilde e\u011fitim hakk\u0131 belki de ilk kez bizim partimizde a\u00e7\u0131k bir \u015fekilde yaz\u0131ld\u0131\u201d dedi. Gelecek Partisi lideri Ahmet Davuto\u011flu, &#8220;Demokratik Gelece\u011fimizin \u0130n\u015fas\u0131: K\u00fcrt Meselesi&#8221; \u00e7al\u0131\u015ftay\u0131 a\u00e7\u0131l\u0131\u015f\u0131nda konu\u015fma yapt\u0131. Davuto\u011flu konu\u015fmas\u0131nda partisinin [&hellip;]<\/p>\n","protected":false},"author":2,"featured_media":1019700,"comment_status":"closed","ping_status":"closed","sticky":false,"template":"","format":"standard","meta":{"footnotes":""},"categories":[29],"tags":[],"class_list":["post-1019699","post","type-post","status-publish","format-standard","has-post-thumbnail","hentry","category-ortadogu"],"blocksy_meta":[],"seo_head":"<!-- This site is optimized with the Yoast SEO plugin v27.5 - https:\/\/yoast.com\/product\/yoast-seo-wordpress\/ -->\n<title>Gelecek Partisinin &quot;Demokratik Gelece\u011fimizin \u0130n\u015fas\u0131: K\u00fcrt Meselesi&quot; \u00e7al\u0131\u015ftay\u0131 ! - Darka Mazi<\/title>\n<meta name=\"robots\" content=\"index, follow, max-snippet:-1, max-image-preview:large, max-video-preview:-1\" \/>\n<link rel=\"canonical\" href=\"https:\/\/darkamazi.site\/archives\/1019699\" \/>\n<meta property=\"og:locale\" content=\"en_US\" \/>\n<meta property=\"og:type\" content=\"article\" \/>\n<meta property=\"og:title\" content=\"Gelecek Partisinin &quot;Demokratik Gelece\u011fimizin \u0130n\u015fas\u0131: K\u00fcrt Meselesi&quot; \u00e7al\u0131\u015ftay\u0131 ! - Darka Mazi\" \/>\n<meta property=\"og:description\" content=\"Davuto\u011flu Diyarbak\u0131r\u2019da K\u00fcrt meselesi ve anadilde e\u011fitime ili\u015fkin yapt\u0131\u011f\u0131 konu\u015fmada \u201cBiz T\u00fcrkiye&#8217;nin b\u00fct\u00fcn meselelerini a\u00e7\u0131k bir \u015fekilde konu\u015furken K\u00fcrt meselesini de kendi aram\u0131zda tart\u0131\u015fm\u0131\u015ft\u0131k. Anadilde e\u011fitim hakk\u0131 belki de ilk kez bizim partimizde a\u00e7\u0131k bir \u015fekilde yaz\u0131ld\u0131\u201d dedi. Gelecek Partisi lideri Ahmet Davuto\u011flu, &#8220;Demokratik Gelece\u011fimizin \u0130n\u015fas\u0131: K\u00fcrt Meselesi&#8221; \u00e7al\u0131\u015ftay\u0131 a\u00e7\u0131l\u0131\u015f\u0131nda konu\u015fma yapt\u0131. Davuto\u011flu konu\u015fmas\u0131nda partisinin [&hellip;]\" \/>\n<meta property=\"og:url\" content=\"https:\/\/darkamazi.site\/archives\/1019699\" \/>\n<meta property=\"og:site_name\" content=\"Darka Mazi\" \/>\n<meta property=\"article:publisher\" content=\"https:\/\/www.facebook.com\/DarkaMaziturkce\" \/>\n<meta property=\"article:published_time\" content=\"2022-06-12T06:04:58+00:00\" \/>\n<meta property=\"article:modified_time\" content=\"2026-03-31T13:42:58+00:00\" \/>\n<meta property=\"og:image\" content=\"https:\/\/darkamazi.site\/file\/2022\/06\/1654972516davut.jpg\" \/>\n\t<meta property=\"og:image:width\" content=\"781\" \/>\n\t<meta property=\"og:image:height\" content=\"439\" \/>\n\t<meta property=\"og:image:type\" content=\"image\/jpeg\" \/>\n<meta name=\"author\" content=\"darka mazi\" \/>\n<meta name=\"twitter:card\" content=\"summary_large_image\" \/>\n<meta name=\"twitter:creator\" content=\"@DarkaMaziTurkce\" \/>\n<meta name=\"twitter:site\" content=\"@DarkaMaziTurkce\" \/>\n<meta name=\"twitter:label1\" content=\"Written by\" \/>\n\t<meta name=\"twitter:data1\" content=\"darka mazi\" \/>\n\t<meta name=\"twitter:label2\" content=\"Est. reading time\" \/>\n\t<meta name=\"twitter:data2\" content=\"10 minutes\" \/>\n<script type=\"application\/ld+json\" class=\"seo-schema-graph\">{\"@context\":\"https:\\\/\\\/schema.org\",\"@graph\":[{\"@type\":\"NewsArticle\",\"@id\":\"https:\\\/\\\/darkamazi.site\\\/archives\\\/1019699#article\",\"isPartOf\":{\"@id\":\"https:\\\/\\\/darkamazi.site\\\/archives\\\/1019699\"},\"author\":{\"name\":\"darka mazi\",\"@id\":\"https:\\\/\\\/darkamazi.site\\\/#\\\/schema\\\/person\\\/67986a95ac546c16760365877ef4a9d3\"},\"headline\":\"Gelecek Partisinin &#8220;Demokratik Gelece\u011fimizin \u0130n\u015fas\u0131: K\u00fcrt Meselesi&#8221; \u00e7al\u0131\u015ftay\u0131 !\",\"datePublished\":\"2022-06-12T06:04:58+00:00\",\"dateModified\":\"2026-03-31T13:42:58+00:00\",\"mainEntityOfPage\":{\"@id\":\"https:\\\/\\\/darkamazi.site\\\/archives\\\/1019699\"},\"wordCount\":1937,\"publisher\":{\"@id\":\"https:\\\/\\\/darkamazi.site\\\/#organization\"},\"image\":{\"@id\":\"https:\\\/\\\/darkamazi.site\\\/archives\\\/1019699#primaryimage\"},\"thumbnailUrl\":\"https:\\\/\\\/darkamazi.site\\\/darka-content\\\/uploads\\\/2022\\\/06\\\/1654972516davut.jpg\",\"articleSection\":[\"Ortado\u011fu\"],\"inLanguage\":\"en-US\"},{\"@type\":\"WebPage\",\"@id\":\"https:\\\/\\\/darkamazi.site\\\/archives\\\/1019699\",\"url\":\"https:\\\/\\\/darkamazi.site\\\/archives\\\/1019699\",\"name\":\"Gelecek Partisinin \\\"Demokratik Gelece\u011fimizin \u0130n\u015fas\u0131: K\u00fcrt Meselesi\\\" \u00e7al\u0131\u015ftay\u0131 ! - Darka Mazi\",\"isPartOf\":{\"@id\":\"https:\\\/\\\/darkamazi.site\\\/#website\"},\"primaryImageOfPage\":{\"@id\":\"https:\\\/\\\/darkamazi.site\\\/archives\\\/1019699#primaryimage\"},\"image\":{\"@id\":\"https:\\\/\\\/darkamazi.site\\\/archives\\\/1019699#primaryimage\"},\"thumbnailUrl\":\"https:\\\/\\\/darkamazi.site\\\/darka-content\\\/uploads\\\/2022\\\/06\\\/1654972516davut.jpg\",\"datePublished\":\"2022-06-12T06:04:58+00:00\",\"dateModified\":\"2026-03-31T13:42:58+00:00\",\"breadcrumb\":{\"@id\":\"https:\\\/\\\/darkamazi.site\\\/archives\\\/1019699#breadcrumb\"},\"inLanguage\":\"en-US\",\"potentialAction\":[{\"@type\":\"ReadAction\",\"target\":[\"https:\\\/\\\/darkamazi.site\\\/archives\\\/1019699\"]}]},{\"@type\":\"ImageObject\",\"inLanguage\":\"en-US\",\"@id\":\"https:\\\/\\\/darkamazi.site\\\/archives\\\/1019699#primaryimage\",\"url\":\"https:\\\/\\\/darkamazi.site\\\/darka-content\\\/uploads\\\/2022\\\/06\\\/1654972516davut.jpg\",\"contentUrl\":\"https:\\\/\\\/darkamazi.site\\\/darka-content\\\/uploads\\\/2022\\\/06\\\/1654972516davut.jpg\",\"width\":781,\"height\":439,\"caption\":\"Gelecek Partisinin \\\"Demokratik Gelece\u011fimizin \u0130n\u015fas\u0131: K\u00fcrt Meselesi\\\" \u00e7al\u0131\u015ftay\u0131 !\"},{\"@type\":\"BreadcrumbList\",\"@id\":\"https:\\\/\\\/darkamazi.site\\\/archives\\\/1019699#breadcrumb\",\"itemListElement\":[{\"@type\":\"ListItem\",\"position\":1,\"name\":\"Home\",\"item\":\"https:\\\/\\\/darkamazi.site\\\/\"},{\"@type\":\"ListItem\",\"position\":2,\"name\":\"Gelecek Partisinin &#8220;Demokratik Gelece\u011fimizin \u0130n\u015fas\u0131: K\u00fcrt Meselesi&#8221; \u00e7al\u0131\u015ftay\u0131 !\"}]},{\"@type\":\"WebSite\",\"@id\":\"https:\\\/\\\/darkamazi.site\\\/#website\",\"url\":\"https:\\\/\\\/darkamazi.site\\\/\",\"name\":\"Darka Mazi\",\"description\":\"Ana Sayfa\",\"publisher\":{\"@id\":\"https:\\\/\\\/darkamazi.site\\\/#organization\"},\"potentialAction\":[{\"@type\":\"SearchAction\",\"target\":{\"@type\":\"EntryPoint\",\"urlTemplate\":\"https:\\\/\\\/darkamazi.site\\\/?s={search_term_string}\"},\"query-input\":{\"@type\":\"PropertyValueSpecification\",\"valueRequired\":true,\"valueName\":\"search_term_string\"}}],\"inLanguage\":\"en-US\"},{\"@type\":\"Organization\",\"@id\":\"https:\\\/\\\/darkamazi.site\\\/#organization\",\"name\":\"Darka Mazi T\u00fcrk\u00e7e\",\"alternateName\":\"Darka Mazi\",\"url\":\"https:\\\/\\\/darkamazi.site\\\/\",\"logo\":{\"@type\":\"ImageObject\",\"inLanguage\":\"en-US\",\"@id\":\"https:\\\/\\\/darkamazi.site\\\/#\\\/schema\\\/logo\\\/image\\\/\",\"url\":\"https:\\\/\\\/darkamazi.site\\\/darka-content\\\/uploads\\\/2017\\\/12\\\/darka-mazi-logo.png\",\"contentUrl\":\"https:\\\/\\\/darkamazi.site\\\/darka-content\\\/uploads\\\/2017\\\/12\\\/darka-mazi-logo.png\",\"width\":151,\"height\":75,\"caption\":\"Darka Mazi T\u00fcrk\u00e7e\"},\"image\":{\"@id\":\"https:\\\/\\\/darkamazi.site\\\/#\\\/schema\\\/logo\\\/image\\\/\"},\"sameAs\":[\"https:\\\/\\\/www.facebook.com\\\/DarkaMaziturkce\",\"https:\\\/\\\/x.com\\\/DarkaMaziTurkce\"]},{\"@type\":\"Person\",\"@id\":\"https:\\\/\\\/darkamazi.site\\\/#\\\/schema\\\/person\\\/67986a95ac546c16760365877ef4a9d3\",\"name\":\"darka mazi\",\"sameAs\":[\"https:\\\/\\\/darkamazi.site\"],\"url\":\"https:\\\/\\\/darkamazi.site\\\/archives\\\/author\\\/turkish\"}]}<\/script>\n<!-- \/ Yoast SEO plugin. -->","seo_head_json":{"title":"Gelecek Partisinin \"Demokratik Gelece\u011fimizin \u0130n\u015fas\u0131: K\u00fcrt Meselesi\" \u00e7al\u0131\u015ftay\u0131 ! - Darka Mazi","robots":{"index":"index","follow":"follow","max-snippet":"max-snippet:-1","max-image-preview":"max-image-preview:large","max-video-preview":"max-video-preview:-1"},"canonical":"https:\/\/darkamazi.site\/archives\/1019699","og_locale":"en_US","og_type":"article","og_title":"Gelecek Partisinin \"Demokratik Gelece\u011fimizin \u0130n\u015fas\u0131: K\u00fcrt Meselesi\" \u00e7al\u0131\u015ftay\u0131 ! - Darka Mazi","og_description":"Davuto\u011flu Diyarbak\u0131r\u2019da K\u00fcrt meselesi ve anadilde e\u011fitime ili\u015fkin yapt\u0131\u011f\u0131 konu\u015fmada \u201cBiz T\u00fcrkiye&#8217;nin b\u00fct\u00fcn meselelerini a\u00e7\u0131k bir \u015fekilde konu\u015furken K\u00fcrt meselesini de kendi aram\u0131zda tart\u0131\u015fm\u0131\u015ft\u0131k. Anadilde e\u011fitim hakk\u0131 belki de ilk kez bizim partimizde a\u00e7\u0131k bir \u015fekilde yaz\u0131ld\u0131\u201d dedi. Gelecek Partisi lideri Ahmet Davuto\u011flu, &#8220;Demokratik Gelece\u011fimizin \u0130n\u015fas\u0131: K\u00fcrt Meselesi&#8221; \u00e7al\u0131\u015ftay\u0131 a\u00e7\u0131l\u0131\u015f\u0131nda konu\u015fma yapt\u0131. Davuto\u011flu konu\u015fmas\u0131nda partisinin [&hellip;]","og_url":"https:\/\/darkamazi.site\/archives\/1019699","og_site_name":"Darka Mazi","article_publisher":"https:\/\/www.facebook.com\/DarkaMaziturkce","article_published_time":"2022-06-12T06:04:58+00:00","article_modified_time":"2026-03-31T13:42:58+00:00","og_image":[{"width":781,"height":439,"url":"https:\/\/darkamazi.site\/file\/2022\/06\/1654972516davut.jpg","type":"image\/jpeg"}],"author":"darka mazi","twitter_card":"summary_large_image","twitter_creator":"@DarkaMaziTurkce","twitter_site":"@DarkaMaziTurkce","twitter_misc":{"Written by":"darka mazi","Est. reading time":"10 minutes"},"schema":{"@context":"https:\/\/schema.org","@graph":[{"@type":"NewsArticle","@id":"https:\/\/darkamazi.site\/archives\/1019699#article","isPartOf":{"@id":"https:\/\/darkamazi.site\/archives\/1019699"},"author":{"name":"darka mazi","@id":"https:\/\/darkamazi.site\/#\/schema\/person\/67986a95ac546c16760365877ef4a9d3"},"headline":"Gelecek Partisinin &#8220;Demokratik Gelece\u011fimizin \u0130n\u015fas\u0131: K\u00fcrt Meselesi&#8221; \u00e7al\u0131\u015ftay\u0131 !","datePublished":"2022-06-12T06:04:58+00:00","dateModified":"2026-03-31T13:42:58+00:00","mainEntityOfPage":{"@id":"https:\/\/darkamazi.site\/archives\/1019699"},"wordCount":1937,"publisher":{"@id":"https:\/\/darkamazi.site\/#organization"},"image":{"@id":"https:\/\/darkamazi.site\/archives\/1019699#primaryimage"},"thumbnailUrl":"https:\/\/darkamazi.site\/file\/2022\/06\/1654972516davut.jpg","articleSection":["Ortado\u011fu"],"inLanguage":"en-US"},{"@type":"WebPage","@id":"https:\/\/darkamazi.site\/archives\/1019699","url":"https:\/\/darkamazi.site\/archives\/1019699","name":"Gelecek Partisinin \"Demokratik Gelece\u011fimizin \u0130n\u015fas\u0131: K\u00fcrt Meselesi\" \u00e7al\u0131\u015ftay\u0131 ! - Darka Mazi","isPartOf":{"@id":"https:\/\/darkamazi.site\/#website"},"primaryImageOfPage":{"@id":"https:\/\/darkamazi.site\/archives\/1019699#primaryimage"},"image":{"@id":"https:\/\/darkamazi.site\/archives\/1019699#primaryimage"},"thumbnailUrl":"https:\/\/darkamazi.site\/file\/2022\/06\/1654972516davut.jpg","datePublished":"2022-06-12T06:04:58+00:00","dateModified":"2026-03-31T13:42:58+00:00","breadcrumb":{"@id":"https:\/\/darkamazi.site\/archives\/1019699#breadcrumb"},"inLanguage":"en-US","potentialAction":[{"@type":"ReadAction","target":["https:\/\/darkamazi.site\/archives\/1019699"]}]},{"@type":"ImageObject","inLanguage":"en-US","@id":"https:\/\/darkamazi.site\/archives\/1019699#primaryimage","url":"https:\/\/darkamazi.site\/file\/2022\/06\/1654972516davut.jpg","contentUrl":"https:\/\/darkamazi.site\/file\/2022\/06\/1654972516davut.jpg","width":781,"height":439,"caption":"Gelecek Partisinin \"Demokratik Gelece\u011fimizin \u0130n\u015fas\u0131: K\u00fcrt Meselesi\" \u00e7al\u0131\u015ftay\u0131 !"},{"@type":"BreadcrumbList","@id":"https:\/\/darkamazi.site\/archives\/1019699#breadcrumb","itemListElement":[{"@type":"ListItem","position":1,"name":"Home","item":"https:\/\/darkamazi.site\/"},{"@type":"ListItem","position":2,"name":"Gelecek Partisinin &#8220;Demokratik Gelece\u011fimizin \u0130n\u015fas\u0131: K\u00fcrt Meselesi&#8221; \u00e7al\u0131\u015ftay\u0131 !"}]},{"@type":"WebSite","@id":"https:\/\/darkamazi.site\/#website","url":"https:\/\/darkamazi.site\/","name":"Darka Mazi","description":"Ana Sayfa","publisher":{"@id":"https:\/\/darkamazi.site\/#organization"},"potentialAction":[{"@type":"SearchAction","target":{"@type":"EntryPoint","urlTemplate":"https:\/\/darkamazi.site\/?s={search_term_string}"},"query-input":{"@type":"PropertyValueSpecification","valueRequired":true,"valueName":"search_term_string"}}],"inLanguage":"en-US"},{"@type":"Organization","@id":"https:\/\/darkamazi.site\/#organization","name":"Darka Mazi T\u00fcrk\u00e7e","alternateName":"Darka Mazi","url":"https:\/\/darkamazi.site\/","logo":{"@type":"ImageObject","inLanguage":"en-US","@id":"https:\/\/darkamazi.site\/#\/schema\/logo\/image\/","url":"https:\/\/darkamazi.site\/file\/2017\/12\/darka-mazi-logo.png","contentUrl":"https:\/\/darkamazi.site\/file\/2017\/12\/darka-mazi-logo.png","width":151,"height":75,"caption":"Darka Mazi T\u00fcrk\u00e7e"},"image":{"@id":"https:\/\/darkamazi.site\/#\/schema\/logo\/image\/"},"sameAs":["https:\/\/www.facebook.com\/DarkaMaziturkce","https:\/\/x.com\/DarkaMaziTurkce"]},{"@type":"Person","@id":"https:\/\/darkamazi.site\/#\/schema\/person\/67986a95ac546c16760365877ef4a9d3","name":"darka mazi","sameAs":["https:\/\/darkamazi.site"],"url":"https:\/\/darkamazi.site\/archives\/author\/turkish"}]}},"_links":{"self":[{"href":"https:\/\/darkamazi.site\/funavuv\/wp\/v2\/posts\/1019699","targetHints":{"allow":["GET"]}}],"collection":[{"href":"https:\/\/darkamazi.site\/funavuv\/wp\/v2\/posts"}],"about":[{"href":"https:\/\/darkamazi.site\/funavuv\/wp\/v2\/types\/post"}],"author":[{"embeddable":true,"href":"https:\/\/darkamazi.site\/funavuv\/wp\/v2\/users\/2"}],"replies":[{"embeddable":true,"href":"https:\/\/darkamazi.site\/funavuv\/wp\/v2\/comments?post=1019699"}],"version-history":[{"count":0,"href":"https:\/\/darkamazi.site\/funavuv\/wp\/v2\/posts\/1019699\/revisions"}],"wp:featuredmedia":[{"embeddable":true,"href":"https:\/\/darkamazi.site\/funavuv\/wp\/v2\/media\/1019700"}],"wp:attachment":[{"href":"https:\/\/darkamazi.site\/funavuv\/wp\/v2\/media?parent=1019699"}],"wp:term":[{"taxonomy":"category","embeddable":true,"href":"https:\/\/darkamazi.site\/funavuv\/wp\/v2\/categories?post=1019699"},{"taxonomy":"post_tag","embeddable":true,"href":"https:\/\/darkamazi.site\/funavuv\/wp\/v2\/tags?post=1019699"}],"curies":[{"name":"wp","href":"https:\/\/api.w.org\/{rel}","templated":true}]}}