{"id":1019767,"date":"2022-06-17T11:12:04","date_gmt":"2022-06-17T08:12:04","guid":{"rendered":"https:\/\/darkamazi.site\/?p=1019767"},"modified":"2022-06-17T11:12:04","modified_gmt":"2022-06-17T08:12:04","slug":"abdulkadir-selvi-yakinda-ocalan-ile-gorusme-olacak","status":"publish","type":"post","link":"https:\/\/darkamazi.site\/archives\/1019767","title":{"rendered":"Abdulkadir Selvi: Yak\u0131nda \u00d6calan ile g\u00f6r\u00fc\u015fme olacak"},"content":{"rendered":"<p style=\"text-align: justify\">\u00a0H\u00fcrriyet Gazetesi yazar\u0131 Abdulkadir Selvi 23 y\u0131ld\u0131r \u0130mral\u0131 Cezaevinde bulunan PKK lideri Abdullah \u00d6calan&#8217;a g\u00f6r\u00fc\u015f izni verilece\u011fini yazd\u0131.<\/p>\n<p style=\"text-align: justify\">\u00d6calan 2 y\u0131ld\u0131r avukatlar\u0131 ve yak\u0131nlar\u0131yla g\u00f6r\u00fc\u015ft\u00fcr\u00fclm\u00fcyor. En son ge\u00e7ti\u011fimiz g\u00fcnlerde HDP, \u00d6calan ile \u00a0g\u00f6r\u00fc\u015fme sa\u011flanmas\u0131 i\u00e7in Gemlik\u2019e y\u00fcr\u00fcy\u00fc\u015f ba\u015flatmak istemi\u015f ancak polis taraf\u0131ndan engellenmi\u015fti.<\/p>\n<p style=\"text-align: justify\"><strong><a href=\"https:\/\/www.hurriyet.com.tr\/yazarlar\/abdulkadir-selvi\/ocalana-gorus-izni-verilecek-42085714\">Bug\u00fcnk\u00fc k\u00f6\u015fe yaz\u0131s\u0131nda\u00a0<\/a><\/strong>\u00d6calan \u00fczerindeki g\u00f6r\u00fc\u015f yasa\u011f\u0131na yer veren Abdulkadir Selvi, kulislerden edindi\u011fi bilgilere g\u00f6re yak\u0131nda \u00d6calan&#8217;\u0131n bir aile bireyiyle g\u00f6r\u00fc\u015fmesine izin verilece\u011fini s\u00f6yledi.<\/p>\n<p style=\"text-align: justify\">\u201cBu isim karde\u015fi Mehmet \u00d6calan da olabilir, halen HDP \u015eanl\u0131urfa Milletvekili olan \u00d6mer \u00d6calan da \u0130mral\u0131\u2019ya gidebilir\u201d diyen Selvi\u2019nin yaz\u0131s\u0131n\u0131n ilgili b\u00f6l\u00fcm\u00fc \u015f\u00f6yle:<\/p>\n<p style=\"text-align: justify\">\u201c\u00d6calan\u2019\u0131n g\u00f6r\u00fc\u015fmesine bir defal\u0131\u011f\u0131na m\u0131 izin verilecek yoksa bu belirli aral\u0131klarla devam m\u0131 edecek, oras\u0131n\u0131 bilmiyorum. Ama \u00f6nemli olan bu g\u00f6r\u00fc\u015fmeden ne \u00e7\u0131kacak? \u00d6calan, Kandil\u2019e ve HDP\u2019ye bir mesaj g\u00f6nderecek mi?<\/p>\n<p style=\"text-align: justify\">\u00d6calan\u2019la g\u00f6r\u00fc\u015fme konusunu yaz\u0131nca hemen AK Parti yeni bir \u00e7\u00f6z\u00fcm s\u00fcreci mi ba\u015flat\u0131yor \u015feklinde tart\u0131\u015fmalar ba\u015flat\u0131labilir. Ama pe\u015fin olarak s\u00f6yleyeyim ki \u00f6yle bir \u00e7al\u0131\u015fma da yok, ben de \u00f6yle bir izlenim edinmedim. Yeni bir \u00e7\u00f6z\u00fcm s\u00fcreci ba\u015flat\u0131l\u0131yor \u015feklindeki tart\u0131\u015fmalar maksad\u0131n\u0131 a\u015fan tart\u0131\u015fmalar olur. Zaten \u00d6calan, K\u00fcrt sorunu diye yazarken en \u00e7ok endi\u015fe etti\u011fim nokta bu oluyor. Hemen birileri al\u0131yor, iktidar yeniden \u00e7\u00f6z\u00fcm s\u00fcreci ba\u015flat\u0131yor diye ba\u015fka bir yerlere ta\u015f\u0131yor. \u00d6calan\u2019a tecrit uyguland\u0131\u011f\u0131 iddias\u0131yla PKK-HDP\u2019nin yaratt\u0131\u011f\u0131 gerginli\u011fe son vermek i\u00e7in ailesinden birisiyle g\u00f6r\u00fc\u015fmesine izin verilece\u011fi s\u00f6yleniyor.\u201d<\/p>\n","protected":false},"excerpt":{"rendered":"<p>\u00a0H\u00fcrriyet Gazetesi yazar\u0131 Abdulkadir Selvi 23 y\u0131ld\u0131r \u0130mral\u0131 Cezaevinde bulunan PKK lideri Abdullah \u00d6calan&#8217;a g\u00f6r\u00fc\u015f izni verilece\u011fini yazd\u0131. \u00d6calan 2 y\u0131ld\u0131r avukatlar\u0131 ve yak\u0131nlar\u0131yla g\u00f6r\u00fc\u015ft\u00fcr\u00fclm\u00fcyor. En son ge\u00e7ti\u011fimiz g\u00fcnlerde HDP, \u00d6calan ile \u00a0g\u00f6r\u00fc\u015fme sa\u011flanmas\u0131 i\u00e7in Gemlik\u2019e y\u00fcr\u00fcy\u00fc\u015f ba\u015flatmak istemi\u015f ancak polis taraf\u0131ndan engellenmi\u015fti. Bug\u00fcnk\u00fc k\u00f6\u015fe yaz\u0131s\u0131nda\u00a0\u00d6calan \u00fczerindeki g\u00f6r\u00fc\u015f yasa\u011f\u0131na yer veren Abdulkadir Selvi, kulislerden edindi\u011fi [&hellip;]<\/p>\n","protected":false},"author":2,"featured_media":1019768,"comment_status":"closed","ping_status":"closed","sticky":false,"template":"","format":"standard","meta":{"footnotes":""},"categories":[3],"tags":[31],"class_list":["post-1019767","post","type-post","status-publish","format-standard","has-post-thumbnail","hentry","category-kurdistan","tag-onemli"],"blocksy_meta":[],"seo_head":"<!-- This site is optimized with the Yoast SEO plugin v27.5 - https:\/\/yoast.com\/product\/yoast-seo-wordpress\/ -->\n<title>Abdulkadir Selvi: Yak\u0131nda \u00d6calan ile g\u00f6r\u00fc\u015fme olacak - Darka Mazi<\/title>\n<meta name=\"robots\" content=\"index, follow, max-snippet:-1, max-image-preview:large, max-video-preview:-1\" \/>\n<link rel=\"canonical\" href=\"https:\/\/darkamazi.site\/archives\/1019767\" \/>\n<meta property=\"og:locale\" content=\"en_US\" \/>\n<meta property=\"og:type\" content=\"article\" \/>\n<meta property=\"og:title\" content=\"Abdulkadir Selvi: Yak\u0131nda \u00d6calan ile g\u00f6r\u00fc\u015fme olacak - Darka Mazi\" \/>\n<meta property=\"og:description\" content=\"\u00a0H\u00fcrriyet Gazetesi yazar\u0131 Abdulkadir Selvi 23 y\u0131ld\u0131r \u0130mral\u0131 Cezaevinde bulunan PKK lideri Abdullah \u00d6calan&#8217;a g\u00f6r\u00fc\u015f izni verilece\u011fini yazd\u0131. \u00d6calan 2 y\u0131ld\u0131r avukatlar\u0131 ve yak\u0131nlar\u0131yla g\u00f6r\u00fc\u015ft\u00fcr\u00fclm\u00fcyor. En son ge\u00e7ti\u011fimiz g\u00fcnlerde HDP, \u00d6calan ile \u00a0g\u00f6r\u00fc\u015fme sa\u011flanmas\u0131 i\u00e7in Gemlik\u2019e y\u00fcr\u00fcy\u00fc\u015f ba\u015flatmak istemi\u015f ancak polis taraf\u0131ndan engellenmi\u015fti. Bug\u00fcnk\u00fc k\u00f6\u015fe yaz\u0131s\u0131nda\u00a0\u00d6calan \u00fczerindeki g\u00f6r\u00fc\u015f yasa\u011f\u0131na yer veren Abdulkadir Selvi, kulislerden edindi\u011fi [&hellip;]\" \/>\n<meta property=\"og:url\" content=\"https:\/\/darkamazi.site\/archives\/1019767\" \/>\n<meta property=\"og:site_name\" content=\"Darka Mazi\" \/>\n<meta property=\"article:publisher\" content=\"https:\/\/www.facebook.com\/DarkaMaziturkce\" \/>\n<meta property=\"article:published_time\" content=\"2022-06-17T08:12:04+00:00\" \/>\n<meta property=\"og:image\" content=\"https:\/\/darkamazi.site\/file\/2022\/06\/Selvi.jpg\" \/>\n\t<meta property=\"og:image:width\" content=\"637\" \/>\n\t<meta property=\"og:image:height\" content=\"332\" \/>\n\t<meta property=\"og:image:type\" content=\"image\/jpeg\" \/>\n<meta name=\"author\" content=\"darka mazi\" \/>\n<meta name=\"twitter:card\" content=\"summary_large_image\" \/>\n<meta name=\"twitter:creator\" content=\"@DarkaMaziTurkce\" \/>\n<meta name=\"twitter:site\" content=\"@DarkaMaziTurkce\" \/>\n<meta name=\"twitter:label1\" content=\"Written by\" \/>\n\t<meta name=\"twitter:data1\" content=\"darka mazi\" \/>\n\t<meta name=\"twitter:label2\" content=\"Est. reading time\" \/>\n\t<meta name=\"twitter:data2\" content=\"1 minute\" \/>\n<script type=\"application\/ld+json\" class=\"seo-schema-graph\">{\"@context\":\"https:\\\/\\\/schema.org\",\"@graph\":[{\"@type\":\"NewsArticle\",\"@id\":\"https:\\\/\\\/darkamazi.site\\\/archives\\\/1019767#article\",\"isPartOf\":{\"@id\":\"https:\\\/\\\/darkamazi.site\\\/archives\\\/1019767\"},\"author\":{\"name\":\"darka mazi\",\"@id\":\"https:\\\/\\\/darkamazi.site\\\/#\\\/schema\\\/person\\\/67986a95ac546c16760365877ef4a9d3\"},\"headline\":\"Abdulkadir Selvi: Yak\u0131nda \u00d6calan ile g\u00f6r\u00fc\u015fme olacak\",\"datePublished\":\"2022-06-17T08:12:04+00:00\",\"mainEntityOfPage\":{\"@id\":\"https:\\\/\\\/darkamazi.site\\\/archives\\\/1019767\"},\"wordCount\":318,\"publisher\":{\"@id\":\"https:\\\/\\\/darkamazi.site\\\/#organization\"},\"image\":{\"@id\":\"https:\\\/\\\/darkamazi.site\\\/archives\\\/1019767#primaryimage\"},\"thumbnailUrl\":\"https:\\\/\\\/darkamazi.site\\\/darka-content\\\/uploads\\\/2022\\\/06\\\/Selvi.jpg\",\"keywords\":[\"\u00f6nemli\"],\"articleSection\":[\"Kurdistan\"],\"inLanguage\":\"en-US\"},{\"@type\":\"WebPage\",\"@id\":\"https:\\\/\\\/darkamazi.site\\\/archives\\\/1019767\",\"url\":\"https:\\\/\\\/darkamazi.site\\\/archives\\\/1019767\",\"name\":\"Abdulkadir Selvi: Yak\u0131nda \u00d6calan ile g\u00f6r\u00fc\u015fme olacak - Darka Mazi\",\"isPartOf\":{\"@id\":\"https:\\\/\\\/darkamazi.site\\\/#website\"},\"primaryImageOfPage\":{\"@id\":\"https:\\\/\\\/darkamazi.site\\\/archives\\\/1019767#primaryimage\"},\"image\":{\"@id\":\"https:\\\/\\\/darkamazi.site\\\/archives\\\/1019767#primaryimage\"},\"thumbnailUrl\":\"https:\\\/\\\/darkamazi.site\\\/darka-content\\\/uploads\\\/2022\\\/06\\\/Selvi.jpg\",\"datePublished\":\"2022-06-17T08:12:04+00:00\",\"breadcrumb\":{\"@id\":\"https:\\\/\\\/darkamazi.site\\\/archives\\\/1019767#breadcrumb\"},\"inLanguage\":\"en-US\",\"potentialAction\":[{\"@type\":\"ReadAction\",\"target\":[\"https:\\\/\\\/darkamazi.site\\\/archives\\\/1019767\"]}]},{\"@type\":\"ImageObject\",\"inLanguage\":\"en-US\",\"@id\":\"https:\\\/\\\/darkamazi.site\\\/archives\\\/1019767#primaryimage\",\"url\":\"https:\\\/\\\/darkamazi.site\\\/darka-content\\\/uploads\\\/2022\\\/06\\\/Selvi.jpg\",\"contentUrl\":\"https:\\\/\\\/darkamazi.site\\\/darka-content\\\/uploads\\\/2022\\\/06\\\/Selvi.jpg\",\"width\":637,\"height\":332,\"caption\":\"Abdulkadir Selvi: Yak\u0131nda \u00d6calan ile g\u00f6r\u00fc\u015fme olacak\"},{\"@type\":\"BreadcrumbList\",\"@id\":\"https:\\\/\\\/darkamazi.site\\\/archives\\\/1019767#breadcrumb\",\"itemListElement\":[{\"@type\":\"ListItem\",\"position\":1,\"name\":\"Home\",\"item\":\"https:\\\/\\\/darkamazi.site\\\/\"},{\"@type\":\"ListItem\",\"position\":2,\"name\":\"Abdulkadir Selvi: Yak\u0131nda \u00d6calan ile g\u00f6r\u00fc\u015fme olacak\"}]},{\"@type\":\"WebSite\",\"@id\":\"https:\\\/\\\/darkamazi.site\\\/#website\",\"url\":\"https:\\\/\\\/darkamazi.site\\\/\",\"name\":\"Darka Mazi\",\"description\":\"Ana Sayfa\",\"publisher\":{\"@id\":\"https:\\\/\\\/darkamazi.site\\\/#organization\"},\"potentialAction\":[{\"@type\":\"SearchAction\",\"target\":{\"@type\":\"EntryPoint\",\"urlTemplate\":\"https:\\\/\\\/darkamazi.site\\\/?s={search_term_string}\"},\"query-input\":{\"@type\":\"PropertyValueSpecification\",\"valueRequired\":true,\"valueName\":\"search_term_string\"}}],\"inLanguage\":\"en-US\"},{\"@type\":\"Organization\",\"@id\":\"https:\\\/\\\/darkamazi.site\\\/#organization\",\"name\":\"Darka Mazi T\u00fcrk\u00e7e\",\"alternateName\":\"Darka Mazi\",\"url\":\"https:\\\/\\\/darkamazi.site\\\/\",\"logo\":{\"@type\":\"ImageObject\",\"inLanguage\":\"en-US\",\"@id\":\"https:\\\/\\\/darkamazi.site\\\/#\\\/schema\\\/logo\\\/image\\\/\",\"url\":\"https:\\\/\\\/darkamazi.site\\\/darka-content\\\/uploads\\\/2017\\\/12\\\/darka-mazi-logo.png\",\"contentUrl\":\"https:\\\/\\\/darkamazi.site\\\/darka-content\\\/uploads\\\/2017\\\/12\\\/darka-mazi-logo.png\",\"width\":151,\"height\":75,\"caption\":\"Darka Mazi T\u00fcrk\u00e7e\"},\"image\":{\"@id\":\"https:\\\/\\\/darkamazi.site\\\/#\\\/schema\\\/logo\\\/image\\\/\"},\"sameAs\":[\"https:\\\/\\\/www.facebook.com\\\/DarkaMaziturkce\",\"https:\\\/\\\/x.com\\\/DarkaMaziTurkce\"]},{\"@type\":\"Person\",\"@id\":\"https:\\\/\\\/darkamazi.site\\\/#\\\/schema\\\/person\\\/67986a95ac546c16760365877ef4a9d3\",\"name\":\"darka mazi\",\"sameAs\":[\"https:\\\/\\\/darkamazi.site\"],\"url\":\"https:\\\/\\\/darkamazi.site\\\/archives\\\/author\\\/turkish\"}]}<\/script>\n<!-- \/ Yoast SEO plugin. -->","seo_head_json":{"title":"Abdulkadir Selvi: Yak\u0131nda \u00d6calan ile g\u00f6r\u00fc\u015fme olacak - Darka Mazi","robots":{"index":"index","follow":"follow","max-snippet":"max-snippet:-1","max-image-preview":"max-image-preview:large","max-video-preview":"max-video-preview:-1"},"canonical":"https:\/\/darkamazi.site\/archives\/1019767","og_locale":"en_US","og_type":"article","og_title":"Abdulkadir Selvi: Yak\u0131nda \u00d6calan ile g\u00f6r\u00fc\u015fme olacak - Darka Mazi","og_description":"\u00a0H\u00fcrriyet Gazetesi yazar\u0131 Abdulkadir Selvi 23 y\u0131ld\u0131r \u0130mral\u0131 Cezaevinde bulunan PKK lideri Abdullah \u00d6calan&#8217;a g\u00f6r\u00fc\u015f izni verilece\u011fini yazd\u0131. \u00d6calan 2 y\u0131ld\u0131r avukatlar\u0131 ve yak\u0131nlar\u0131yla g\u00f6r\u00fc\u015ft\u00fcr\u00fclm\u00fcyor. En son ge\u00e7ti\u011fimiz g\u00fcnlerde HDP, \u00d6calan ile \u00a0g\u00f6r\u00fc\u015fme sa\u011flanmas\u0131 i\u00e7in Gemlik\u2019e y\u00fcr\u00fcy\u00fc\u015f ba\u015flatmak istemi\u015f ancak polis taraf\u0131ndan engellenmi\u015fti. Bug\u00fcnk\u00fc k\u00f6\u015fe yaz\u0131s\u0131nda\u00a0\u00d6calan \u00fczerindeki g\u00f6r\u00fc\u015f yasa\u011f\u0131na yer veren Abdulkadir Selvi, kulislerden edindi\u011fi [&hellip;]","og_url":"https:\/\/darkamazi.site\/archives\/1019767","og_site_name":"Darka Mazi","article_publisher":"https:\/\/www.facebook.com\/DarkaMaziturkce","article_published_time":"2022-06-17T08:12:04+00:00","og_image":[{"width":637,"height":332,"url":"https:\/\/darkamazi.site\/file\/2022\/06\/Selvi.jpg","type":"image\/jpeg"}],"author":"darka mazi","twitter_card":"summary_large_image","twitter_creator":"@DarkaMaziTurkce","twitter_site":"@DarkaMaziTurkce","twitter_misc":{"Written by":"darka mazi","Est. reading time":"1 minute"},"schema":{"@context":"https:\/\/schema.org","@graph":[{"@type":"NewsArticle","@id":"https:\/\/darkamazi.site\/archives\/1019767#article","isPartOf":{"@id":"https:\/\/darkamazi.site\/archives\/1019767"},"author":{"name":"darka mazi","@id":"https:\/\/darkamazi.site\/#\/schema\/person\/67986a95ac546c16760365877ef4a9d3"},"headline":"Abdulkadir Selvi: Yak\u0131nda \u00d6calan ile g\u00f6r\u00fc\u015fme olacak","datePublished":"2022-06-17T08:12:04+00:00","mainEntityOfPage":{"@id":"https:\/\/darkamazi.site\/archives\/1019767"},"wordCount":318,"publisher":{"@id":"https:\/\/darkamazi.site\/#organization"},"image":{"@id":"https:\/\/darkamazi.site\/archives\/1019767#primaryimage"},"thumbnailUrl":"https:\/\/darkamazi.site\/file\/2022\/06\/Selvi.jpg","keywords":["\u00f6nemli"],"articleSection":["Kurdistan"],"inLanguage":"en-US"},{"@type":"WebPage","@id":"https:\/\/darkamazi.site\/archives\/1019767","url":"https:\/\/darkamazi.site\/archives\/1019767","name":"Abdulkadir Selvi: Yak\u0131nda \u00d6calan ile g\u00f6r\u00fc\u015fme olacak - Darka Mazi","isPartOf":{"@id":"https:\/\/darkamazi.site\/#website"},"primaryImageOfPage":{"@id":"https:\/\/darkamazi.site\/archives\/1019767#primaryimage"},"image":{"@id":"https:\/\/darkamazi.site\/archives\/1019767#primaryimage"},"thumbnailUrl":"https:\/\/darkamazi.site\/file\/2022\/06\/Selvi.jpg","datePublished":"2022-06-17T08:12:04+00:00","breadcrumb":{"@id":"https:\/\/darkamazi.site\/archives\/1019767#breadcrumb"},"inLanguage":"en-US","potentialAction":[{"@type":"ReadAction","target":["https:\/\/darkamazi.site\/archives\/1019767"]}]},{"@type":"ImageObject","inLanguage":"en-US","@id":"https:\/\/darkamazi.site\/archives\/1019767#primaryimage","url":"https:\/\/darkamazi.site\/file\/2022\/06\/Selvi.jpg","contentUrl":"https:\/\/darkamazi.site\/file\/2022\/06\/Selvi.jpg","width":637,"height":332,"caption":"Abdulkadir Selvi: Yak\u0131nda \u00d6calan ile g\u00f6r\u00fc\u015fme olacak"},{"@type":"BreadcrumbList","@id":"https:\/\/darkamazi.site\/archives\/1019767#breadcrumb","itemListElement":[{"@type":"ListItem","position":1,"name":"Home","item":"https:\/\/darkamazi.site\/"},{"@type":"ListItem","position":2,"name":"Abdulkadir Selvi: Yak\u0131nda \u00d6calan ile g\u00f6r\u00fc\u015fme olacak"}]},{"@type":"WebSite","@id":"https:\/\/darkamazi.site\/#website","url":"https:\/\/darkamazi.site\/","name":"Darka Mazi","description":"Ana Sayfa","publisher":{"@id":"https:\/\/darkamazi.site\/#organization"},"potentialAction":[{"@type":"SearchAction","target":{"@type":"EntryPoint","urlTemplate":"https:\/\/darkamazi.site\/?s={search_term_string}"},"query-input":{"@type":"PropertyValueSpecification","valueRequired":true,"valueName":"search_term_string"}}],"inLanguage":"en-US"},{"@type":"Organization","@id":"https:\/\/darkamazi.site\/#organization","name":"Darka Mazi T\u00fcrk\u00e7e","alternateName":"Darka Mazi","url":"https:\/\/darkamazi.site\/","logo":{"@type":"ImageObject","inLanguage":"en-US","@id":"https:\/\/darkamazi.site\/#\/schema\/logo\/image\/","url":"https:\/\/darkamazi.site\/file\/2017\/12\/darka-mazi-logo.png","contentUrl":"https:\/\/darkamazi.site\/file\/2017\/12\/darka-mazi-logo.png","width":151,"height":75,"caption":"Darka Mazi T\u00fcrk\u00e7e"},"image":{"@id":"https:\/\/darkamazi.site\/#\/schema\/logo\/image\/"},"sameAs":["https:\/\/www.facebook.com\/DarkaMaziturkce","https:\/\/x.com\/DarkaMaziTurkce"]},{"@type":"Person","@id":"https:\/\/darkamazi.site\/#\/schema\/person\/67986a95ac546c16760365877ef4a9d3","name":"darka mazi","sameAs":["https:\/\/darkamazi.site"],"url":"https:\/\/darkamazi.site\/archives\/author\/turkish"}]}},"_links":{"self":[{"href":"https:\/\/darkamazi.site\/funavuv\/wp\/v2\/posts\/1019767","targetHints":{"allow":["GET"]}}],"collection":[{"href":"https:\/\/darkamazi.site\/funavuv\/wp\/v2\/posts"}],"about":[{"href":"https:\/\/darkamazi.site\/funavuv\/wp\/v2\/types\/post"}],"author":[{"embeddable":true,"href":"https:\/\/darkamazi.site\/funavuv\/wp\/v2\/users\/2"}],"replies":[{"embeddable":true,"href":"https:\/\/darkamazi.site\/funavuv\/wp\/v2\/comments?post=1019767"}],"version-history":[{"count":0,"href":"https:\/\/darkamazi.site\/funavuv\/wp\/v2\/posts\/1019767\/revisions"}],"wp:featuredmedia":[{"embeddable":true,"href":"https:\/\/darkamazi.site\/funavuv\/wp\/v2\/media\/1019768"}],"wp:attachment":[{"href":"https:\/\/darkamazi.site\/funavuv\/wp\/v2\/media?parent=1019767"}],"wp:term":[{"taxonomy":"category","embeddable":true,"href":"https:\/\/darkamazi.site\/funavuv\/wp\/v2\/categories?post=1019767"},{"taxonomy":"post_tag","embeddable":true,"href":"https:\/\/darkamazi.site\/funavuv\/wp\/v2\/tags?post=1019767"}],"curies":[{"name":"wp","href":"https:\/\/api.w.org\/{rel}","templated":true}]}}