{"id":1019894,"date":"2022-06-26T12:22:09","date_gmt":"2022-06-26T09:22:09","guid":{"rendered":"https:\/\/darkamazi.site\/?p=1019894"},"modified":"2022-06-26T12:22:09","modified_gmt":"2022-06-26T09:22:09","slug":"hasan-zirekin-olumunun-uzerinen-50-gecti","status":"publish","type":"post","link":"https:\/\/darkamazi.site\/archives\/1019894","title":{"rendered":"Hasan Zirek&#8217;in \u00f6l\u00fcm\u00fcn\u00fcn \u00fczerinen 50 ge\u00e7ti"},"content":{"rendered":"<p style=\"text-align: justify\">\u00a0K\u00fcrdistan\u2019\u0131n tatn\u0131nm\u0131\u015f sanat\u00e7\u0131s\u0131 \u00a0Hesen Zirek\u2019in vefat\u0131n\u0131n \u00fczerinden 50 y\u0131l ge\u00e7ti. Hayat b\u00fcy\u00fck zorluklar i\u00e7erisinde ge\u00e7en Hesen Zirek, y\u0131llarca K\u00fcrt halk\u0131n\u0131n ac\u0131lar\u0131n\u0131 \u015fark\u0131lar\u0131yla dile getirdi.<\/p>\n<p style=\"text-align: justify\">\u00dcnl\u00fc Sanat\u00e7\u0131 Hesen Zirek 29 Kas\u0131m 1921\u2019de d\u00fcnyaya geldi. Baz\u0131 kaynaklar Zirek\u2019in Rojhilat\u2019\u0131n Seqiz ve Bokan kentleri aras\u0131ndaki Herm\u00eale k\u00f6y\u00fcnde do\u011fdu.<\/p>\n<p style=\"text-align: justify\">Zorlu ve yoksulluk i\u00e7indeki bir hayat s\u00fcren Zirek sesinin ve sanat\u00e7\u0131 y\u00f6n\u00fcn\u00fcn ke\u015ffedilmesinden sonra onlarca esere imza att\u0131. G\u00fcney ve Do\u011fu K\u00fcrdistan aras\u0131nda bir hayat s\u00fcrekek eserlerini kaydetti.<\/p>\n<p>Hesen Zirek, ya\u015fam\u0131 boyunca bin 500 \u015fark\u0131 seslendirdi. Ayn\u0131 zamanda Nali, Wefayi, Seyid Kamil, \u0130mami, Kurdi, Pir\u00eamerd, H\u00eamin, Tahir Beg Caf gibi bir\u00e7ok \u015fairin \u015fiirlerini besteledi.<\/p>\n<p>Zirek\u2019in \u015fark\u0131lar\u0131, Ba\u011fdat, Tahran, Kirma\u015fan, Tewr\u00eaz, Kerk\u00fck, Musul, Mahabad radyolar\u0131nda yay\u0131nland\u0131. \u015eark\u0131lar\u0131 Bokan, Bane, Mahabad, Sileymaniye, Erbil, Musul, Ba\u011fdat, Kerk\u00fck ve K\u00fcrdistan\u2019\u0131n onlarca k\u00f6y ve il\u00e7esinde dinlenildi. Bir \u00e7ok eseri \u00e7al\u0131nd\u0131. \u00d6rne\u011fin T\u00fcrk\u00e7e s\u00f6ylenen Ankara&#8217;n\u0131n ta\u015f\u0131na bak eseri asl\u0131nda Hasan Zirek&#8217;in eseridir.<\/p>\n<p>S\u00f6zleri Pirem\u00eard\u2019e ait olan Newroz Mar\u015f\u0131, Zirek\u2019in en tan\u0131nan eserleri aras\u0131nda yer al\u0131yor.<\/p>\n<p>1971\u2019de kanser hastal\u0131\u011f\u0131na yakalanan Zirek, bir y\u0131l ya\u015fam m\u00fccadelesi verdikten sonra 26 Haziran 1972\u2019de hayat\u0131n\u0131 kaybetti.<\/p>\n<p>Zirek\u2019in cenazesi vasiyeti \u00fczerine Urmiye\u2019nin Bokan kentinde topra\u011fa verildi.<\/p>\n","protected":false},"excerpt":{"rendered":"<p>\u00a0K\u00fcrdistan\u2019\u0131n tatn\u0131nm\u0131\u015f sanat\u00e7\u0131s\u0131 \u00a0Hesen Zirek\u2019in vefat\u0131n\u0131n \u00fczerinden 50 y\u0131l ge\u00e7ti. Hayat b\u00fcy\u00fck zorluklar i\u00e7erisinde ge\u00e7en Hesen Zirek, y\u0131llarca K\u00fcrt halk\u0131n\u0131n ac\u0131lar\u0131n\u0131 \u015fark\u0131lar\u0131yla dile getirdi. \u00dcnl\u00fc Sanat\u00e7\u0131 Hesen Zirek 29 Kas\u0131m 1921\u2019de d\u00fcnyaya geldi. Baz\u0131 kaynaklar Zirek\u2019in Rojhilat\u2019\u0131n Seqiz ve Bokan kentleri aras\u0131ndaki Herm\u00eale k\u00f6y\u00fcnde do\u011fdu. Zorlu ve yoksulluk i\u00e7indeki bir hayat s\u00fcren Zirek sesinin ve [&hellip;]<\/p>\n","protected":false},"author":2,"featured_media":1019895,"comment_status":"closed","ping_status":"closed","sticky":false,"template":"","format":"standard","meta":{"footnotes":""},"categories":[33],"tags":[31],"class_list":["post-1019894","post","type-post","status-publish","format-standard","has-post-thumbnail","hentry","category-sanat","tag-onemli"],"blocksy_meta":[],"seo_head":"<!-- This site is optimized with the Yoast SEO plugin v27.5 - https:\/\/yoast.com\/product\/yoast-seo-wordpress\/ -->\n<title>Hasan Zirek&#039;in \u00f6l\u00fcm\u00fcn\u00fcn \u00fczerinen 50 ge\u00e7ti - Darka Mazi<\/title>\n<meta name=\"robots\" content=\"index, follow, max-snippet:-1, max-image-preview:large, max-video-preview:-1\" \/>\n<link rel=\"canonical\" href=\"https:\/\/darkamazi.site\/archives\/1019894\" \/>\n<meta property=\"og:locale\" content=\"en_US\" \/>\n<meta property=\"og:type\" content=\"article\" \/>\n<meta property=\"og:title\" content=\"Hasan Zirek&#039;in \u00f6l\u00fcm\u00fcn\u00fcn \u00fczerinen 50 ge\u00e7ti - Darka Mazi\" \/>\n<meta property=\"og:description\" content=\"\u00a0K\u00fcrdistan\u2019\u0131n tatn\u0131nm\u0131\u015f sanat\u00e7\u0131s\u0131 \u00a0Hesen Zirek\u2019in vefat\u0131n\u0131n \u00fczerinden 50 y\u0131l ge\u00e7ti. Hayat b\u00fcy\u00fck zorluklar i\u00e7erisinde ge\u00e7en Hesen Zirek, y\u0131llarca K\u00fcrt halk\u0131n\u0131n ac\u0131lar\u0131n\u0131 \u015fark\u0131lar\u0131yla dile getirdi. \u00dcnl\u00fc Sanat\u00e7\u0131 Hesen Zirek 29 Kas\u0131m 1921\u2019de d\u00fcnyaya geldi. Baz\u0131 kaynaklar Zirek\u2019in Rojhilat\u2019\u0131n Seqiz ve Bokan kentleri aras\u0131ndaki Herm\u00eale k\u00f6y\u00fcnde do\u011fdu. Zorlu ve yoksulluk i\u00e7indeki bir hayat s\u00fcren Zirek sesinin ve [&hellip;]\" \/>\n<meta property=\"og:url\" content=\"https:\/\/darkamazi.site\/archives\/1019894\" \/>\n<meta property=\"og:site_name\" content=\"Darka Mazi\" \/>\n<meta property=\"article:publisher\" content=\"https:\/\/www.facebook.com\/DarkaMaziturkce\" \/>\n<meta property=\"article:published_time\" content=\"2022-06-26T09:22:09+00:00\" \/>\n<meta property=\"og:image\" content=\"https:\/\/darkamazi.site\/file\/2022\/06\/Hasan-Zirek.jpg\" \/>\n\t<meta property=\"og:image:width\" content=\"752\" \/>\n\t<meta property=\"og:image:height\" content=\"472\" \/>\n\t<meta property=\"og:image:type\" content=\"image\/jpeg\" \/>\n<meta name=\"author\" content=\"darka mazi\" \/>\n<meta name=\"twitter:card\" content=\"summary_large_image\" \/>\n<meta name=\"twitter:creator\" content=\"@DarkaMaziTurkce\" \/>\n<meta name=\"twitter:site\" content=\"@DarkaMaziTurkce\" \/>\n<meta name=\"twitter:label1\" content=\"Written by\" \/>\n\t<meta name=\"twitter:data1\" content=\"darka mazi\" \/>\n\t<meta name=\"twitter:label2\" content=\"Est. reading time\" \/>\n\t<meta name=\"twitter:data2\" content=\"1 minute\" \/>\n<script type=\"application\/ld+json\" class=\"seo-schema-graph\">{\"@context\":\"https:\\\/\\\/schema.org\",\"@graph\":[{\"@type\":\"NewsArticle\",\"@id\":\"https:\\\/\\\/darkamazi.site\\\/archives\\\/1019894#article\",\"isPartOf\":{\"@id\":\"https:\\\/\\\/darkamazi.site\\\/archives\\\/1019894\"},\"author\":{\"name\":\"darka mazi\",\"@id\":\"https:\\\/\\\/darkamazi.site\\\/#\\\/schema\\\/person\\\/67986a95ac546c16760365877ef4a9d3\"},\"headline\":\"Hasan Zirek&#8217;in \u00f6l\u00fcm\u00fcn\u00fcn \u00fczerinen 50 ge\u00e7ti\",\"datePublished\":\"2022-06-26T09:22:09+00:00\",\"mainEntityOfPage\":{\"@id\":\"https:\\\/\\\/darkamazi.site\\\/archives\\\/1019894\"},\"wordCount\":270,\"publisher\":{\"@id\":\"https:\\\/\\\/darkamazi.site\\\/#organization\"},\"image\":{\"@id\":\"https:\\\/\\\/darkamazi.site\\\/archives\\\/1019894#primaryimage\"},\"thumbnailUrl\":\"https:\\\/\\\/darkamazi.site\\\/darka-content\\\/uploads\\\/2022\\\/06\\\/Hasan-Zirek.jpg\",\"keywords\":[\"\u00f6nemli\"],\"articleSection\":[\"Sanat\"],\"inLanguage\":\"en-US\"},{\"@type\":\"WebPage\",\"@id\":\"https:\\\/\\\/darkamazi.site\\\/archives\\\/1019894\",\"url\":\"https:\\\/\\\/darkamazi.site\\\/archives\\\/1019894\",\"name\":\"Hasan Zirek'in \u00f6l\u00fcm\u00fcn\u00fcn \u00fczerinen 50 ge\u00e7ti - Darka Mazi\",\"isPartOf\":{\"@id\":\"https:\\\/\\\/darkamazi.site\\\/#website\"},\"primaryImageOfPage\":{\"@id\":\"https:\\\/\\\/darkamazi.site\\\/archives\\\/1019894#primaryimage\"},\"image\":{\"@id\":\"https:\\\/\\\/darkamazi.site\\\/archives\\\/1019894#primaryimage\"},\"thumbnailUrl\":\"https:\\\/\\\/darkamazi.site\\\/darka-content\\\/uploads\\\/2022\\\/06\\\/Hasan-Zirek.jpg\",\"datePublished\":\"2022-06-26T09:22:09+00:00\",\"breadcrumb\":{\"@id\":\"https:\\\/\\\/darkamazi.site\\\/archives\\\/1019894#breadcrumb\"},\"inLanguage\":\"en-US\",\"potentialAction\":[{\"@type\":\"ReadAction\",\"target\":[\"https:\\\/\\\/darkamazi.site\\\/archives\\\/1019894\"]}]},{\"@type\":\"ImageObject\",\"inLanguage\":\"en-US\",\"@id\":\"https:\\\/\\\/darkamazi.site\\\/archives\\\/1019894#primaryimage\",\"url\":\"https:\\\/\\\/darkamazi.site\\\/darka-content\\\/uploads\\\/2022\\\/06\\\/Hasan-Zirek.jpg\",\"contentUrl\":\"https:\\\/\\\/darkamazi.site\\\/darka-content\\\/uploads\\\/2022\\\/06\\\/Hasan-Zirek.jpg\",\"width\":752,\"height\":472,\"caption\":\"Hasan Zirek'in \u00f6l\u00fcm\u00fcn\u00fcn \u00fczerinen 50 ge\u00e7ti\"},{\"@type\":\"BreadcrumbList\",\"@id\":\"https:\\\/\\\/darkamazi.site\\\/archives\\\/1019894#breadcrumb\",\"itemListElement\":[{\"@type\":\"ListItem\",\"position\":1,\"name\":\"Home\",\"item\":\"https:\\\/\\\/darkamazi.site\\\/\"},{\"@type\":\"ListItem\",\"position\":2,\"name\":\"Hasan Zirek&#8217;in \u00f6l\u00fcm\u00fcn\u00fcn \u00fczerinen 50 ge\u00e7ti\"}]},{\"@type\":\"WebSite\",\"@id\":\"https:\\\/\\\/darkamazi.site\\\/#website\",\"url\":\"https:\\\/\\\/darkamazi.site\\\/\",\"name\":\"Darka Mazi\",\"description\":\"Ana Sayfa\",\"publisher\":{\"@id\":\"https:\\\/\\\/darkamazi.site\\\/#organization\"},\"potentialAction\":[{\"@type\":\"SearchAction\",\"target\":{\"@type\":\"EntryPoint\",\"urlTemplate\":\"https:\\\/\\\/darkamazi.site\\\/?s={search_term_string}\"},\"query-input\":{\"@type\":\"PropertyValueSpecification\",\"valueRequired\":true,\"valueName\":\"search_term_string\"}}],\"inLanguage\":\"en-US\"},{\"@type\":\"Organization\",\"@id\":\"https:\\\/\\\/darkamazi.site\\\/#organization\",\"name\":\"Darka Mazi T\u00fcrk\u00e7e\",\"alternateName\":\"Darka Mazi\",\"url\":\"https:\\\/\\\/darkamazi.site\\\/\",\"logo\":{\"@type\":\"ImageObject\",\"inLanguage\":\"en-US\",\"@id\":\"https:\\\/\\\/darkamazi.site\\\/#\\\/schema\\\/logo\\\/image\\\/\",\"url\":\"https:\\\/\\\/darkamazi.site\\\/darka-content\\\/uploads\\\/2017\\\/12\\\/darka-mazi-logo.png\",\"contentUrl\":\"https:\\\/\\\/darkamazi.site\\\/darka-content\\\/uploads\\\/2017\\\/12\\\/darka-mazi-logo.png\",\"width\":151,\"height\":75,\"caption\":\"Darka Mazi T\u00fcrk\u00e7e\"},\"image\":{\"@id\":\"https:\\\/\\\/darkamazi.site\\\/#\\\/schema\\\/logo\\\/image\\\/\"},\"sameAs\":[\"https:\\\/\\\/www.facebook.com\\\/DarkaMaziturkce\",\"https:\\\/\\\/x.com\\\/DarkaMaziTurkce\"]},{\"@type\":\"Person\",\"@id\":\"https:\\\/\\\/darkamazi.site\\\/#\\\/schema\\\/person\\\/67986a95ac546c16760365877ef4a9d3\",\"name\":\"darka mazi\",\"sameAs\":[\"https:\\\/\\\/darkamazi.site\"],\"url\":\"https:\\\/\\\/darkamazi.site\\\/archives\\\/author\\\/turkish\"}]}<\/script>\n<!-- \/ Yoast SEO plugin. -->","seo_head_json":{"title":"Hasan Zirek'in \u00f6l\u00fcm\u00fcn\u00fcn \u00fczerinen 50 ge\u00e7ti - Darka Mazi","robots":{"index":"index","follow":"follow","max-snippet":"max-snippet:-1","max-image-preview":"max-image-preview:large","max-video-preview":"max-video-preview:-1"},"canonical":"https:\/\/darkamazi.site\/archives\/1019894","og_locale":"en_US","og_type":"article","og_title":"Hasan Zirek'in \u00f6l\u00fcm\u00fcn\u00fcn \u00fczerinen 50 ge\u00e7ti - Darka Mazi","og_description":"\u00a0K\u00fcrdistan\u2019\u0131n tatn\u0131nm\u0131\u015f sanat\u00e7\u0131s\u0131 \u00a0Hesen Zirek\u2019in vefat\u0131n\u0131n \u00fczerinden 50 y\u0131l ge\u00e7ti. Hayat b\u00fcy\u00fck zorluklar i\u00e7erisinde ge\u00e7en Hesen Zirek, y\u0131llarca K\u00fcrt halk\u0131n\u0131n ac\u0131lar\u0131n\u0131 \u015fark\u0131lar\u0131yla dile getirdi. \u00dcnl\u00fc Sanat\u00e7\u0131 Hesen Zirek 29 Kas\u0131m 1921\u2019de d\u00fcnyaya geldi. Baz\u0131 kaynaklar Zirek\u2019in Rojhilat\u2019\u0131n Seqiz ve Bokan kentleri aras\u0131ndaki Herm\u00eale k\u00f6y\u00fcnde do\u011fdu. Zorlu ve yoksulluk i\u00e7indeki bir hayat s\u00fcren Zirek sesinin ve [&hellip;]","og_url":"https:\/\/darkamazi.site\/archives\/1019894","og_site_name":"Darka Mazi","article_publisher":"https:\/\/www.facebook.com\/DarkaMaziturkce","article_published_time":"2022-06-26T09:22:09+00:00","og_image":[{"width":752,"height":472,"url":"https:\/\/darkamazi.site\/file\/2022\/06\/Hasan-Zirek.jpg","type":"image\/jpeg"}],"author":"darka mazi","twitter_card":"summary_large_image","twitter_creator":"@DarkaMaziTurkce","twitter_site":"@DarkaMaziTurkce","twitter_misc":{"Written by":"darka mazi","Est. reading time":"1 minute"},"schema":{"@context":"https:\/\/schema.org","@graph":[{"@type":"NewsArticle","@id":"https:\/\/darkamazi.site\/archives\/1019894#article","isPartOf":{"@id":"https:\/\/darkamazi.site\/archives\/1019894"},"author":{"name":"darka mazi","@id":"https:\/\/darkamazi.site\/#\/schema\/person\/67986a95ac546c16760365877ef4a9d3"},"headline":"Hasan Zirek&#8217;in \u00f6l\u00fcm\u00fcn\u00fcn \u00fczerinen 50 ge\u00e7ti","datePublished":"2022-06-26T09:22:09+00:00","mainEntityOfPage":{"@id":"https:\/\/darkamazi.site\/archives\/1019894"},"wordCount":270,"publisher":{"@id":"https:\/\/darkamazi.site\/#organization"},"image":{"@id":"https:\/\/darkamazi.site\/archives\/1019894#primaryimage"},"thumbnailUrl":"https:\/\/darkamazi.site\/file\/2022\/06\/Hasan-Zirek.jpg","keywords":["\u00f6nemli"],"articleSection":["Sanat"],"inLanguage":"en-US"},{"@type":"WebPage","@id":"https:\/\/darkamazi.site\/archives\/1019894","url":"https:\/\/darkamazi.site\/archives\/1019894","name":"Hasan Zirek'in \u00f6l\u00fcm\u00fcn\u00fcn \u00fczerinen 50 ge\u00e7ti - Darka Mazi","isPartOf":{"@id":"https:\/\/darkamazi.site\/#website"},"primaryImageOfPage":{"@id":"https:\/\/darkamazi.site\/archives\/1019894#primaryimage"},"image":{"@id":"https:\/\/darkamazi.site\/archives\/1019894#primaryimage"},"thumbnailUrl":"https:\/\/darkamazi.site\/file\/2022\/06\/Hasan-Zirek.jpg","datePublished":"2022-06-26T09:22:09+00:00","breadcrumb":{"@id":"https:\/\/darkamazi.site\/archives\/1019894#breadcrumb"},"inLanguage":"en-US","potentialAction":[{"@type":"ReadAction","target":["https:\/\/darkamazi.site\/archives\/1019894"]}]},{"@type":"ImageObject","inLanguage":"en-US","@id":"https:\/\/darkamazi.site\/archives\/1019894#primaryimage","url":"https:\/\/darkamazi.site\/file\/2022\/06\/Hasan-Zirek.jpg","contentUrl":"https:\/\/darkamazi.site\/file\/2022\/06\/Hasan-Zirek.jpg","width":752,"height":472,"caption":"Hasan Zirek'in \u00f6l\u00fcm\u00fcn\u00fcn \u00fczerinen 50 ge\u00e7ti"},{"@type":"BreadcrumbList","@id":"https:\/\/darkamazi.site\/archives\/1019894#breadcrumb","itemListElement":[{"@type":"ListItem","position":1,"name":"Home","item":"https:\/\/darkamazi.site\/"},{"@type":"ListItem","position":2,"name":"Hasan Zirek&#8217;in \u00f6l\u00fcm\u00fcn\u00fcn \u00fczerinen 50 ge\u00e7ti"}]},{"@type":"WebSite","@id":"https:\/\/darkamazi.site\/#website","url":"https:\/\/darkamazi.site\/","name":"Darka Mazi","description":"Ana Sayfa","publisher":{"@id":"https:\/\/darkamazi.site\/#organization"},"potentialAction":[{"@type":"SearchAction","target":{"@type":"EntryPoint","urlTemplate":"https:\/\/darkamazi.site\/?s={search_term_string}"},"query-input":{"@type":"PropertyValueSpecification","valueRequired":true,"valueName":"search_term_string"}}],"inLanguage":"en-US"},{"@type":"Organization","@id":"https:\/\/darkamazi.site\/#organization","name":"Darka Mazi T\u00fcrk\u00e7e","alternateName":"Darka Mazi","url":"https:\/\/darkamazi.site\/","logo":{"@type":"ImageObject","inLanguage":"en-US","@id":"https:\/\/darkamazi.site\/#\/schema\/logo\/image\/","url":"https:\/\/darkamazi.site\/file\/2017\/12\/darka-mazi-logo.png","contentUrl":"https:\/\/darkamazi.site\/file\/2017\/12\/darka-mazi-logo.png","width":151,"height":75,"caption":"Darka Mazi T\u00fcrk\u00e7e"},"image":{"@id":"https:\/\/darkamazi.site\/#\/schema\/logo\/image\/"},"sameAs":["https:\/\/www.facebook.com\/DarkaMaziturkce","https:\/\/x.com\/DarkaMaziTurkce"]},{"@type":"Person","@id":"https:\/\/darkamazi.site\/#\/schema\/person\/67986a95ac546c16760365877ef4a9d3","name":"darka mazi","sameAs":["https:\/\/darkamazi.site"],"url":"https:\/\/darkamazi.site\/archives\/author\/turkish"}]}},"_links":{"self":[{"href":"https:\/\/darkamazi.site\/funavuv\/wp\/v2\/posts\/1019894","targetHints":{"allow":["GET"]}}],"collection":[{"href":"https:\/\/darkamazi.site\/funavuv\/wp\/v2\/posts"}],"about":[{"href":"https:\/\/darkamazi.site\/funavuv\/wp\/v2\/types\/post"}],"author":[{"embeddable":true,"href":"https:\/\/darkamazi.site\/funavuv\/wp\/v2\/users\/2"}],"replies":[{"embeddable":true,"href":"https:\/\/darkamazi.site\/funavuv\/wp\/v2\/comments?post=1019894"}],"version-history":[{"count":0,"href":"https:\/\/darkamazi.site\/funavuv\/wp\/v2\/posts\/1019894\/revisions"}],"wp:featuredmedia":[{"embeddable":true,"href":"https:\/\/darkamazi.site\/funavuv\/wp\/v2\/media\/1019895"}],"wp:attachment":[{"href":"https:\/\/darkamazi.site\/funavuv\/wp\/v2\/media?parent=1019894"}],"wp:term":[{"taxonomy":"category","embeddable":true,"href":"https:\/\/darkamazi.site\/funavuv\/wp\/v2\/categories?post=1019894"},{"taxonomy":"post_tag","embeddable":true,"href":"https:\/\/darkamazi.site\/funavuv\/wp\/v2\/tags?post=1019894"}],"curies":[{"name":"wp","href":"https:\/\/api.w.org\/{rel}","templated":true}]}}