{"id":1020095,"date":"2022-07-13T15:46:59","date_gmt":"2022-07-13T12:46:59","guid":{"rendered":"https:\/\/darkamazi.site\/?p=1020095"},"modified":"2022-07-13T15:46:59","modified_gmt":"2022-07-13T12:46:59","slug":"abd-baskani-joe-bidenin-4-gunluk-ortadogu-ziyaretti-basladi","status":"publish","type":"post","link":"https:\/\/darkamazi.site\/archives\/1020095","title":{"rendered":"\u00a0ABD Ba\u015fkan\u0131 Joe Biden\u2019\u0131n 4 g\u00fcnl\u00fck Ortado\u011fu ziyaretti ba\u015flad\u0131"},"content":{"rendered":"<p style=\"text-align: justify\">\u00a0ABD Ba\u015fkan\u0131 Joe Biden\u2019\u0131n 4 g\u00fcnl\u00fck Ortado\u011fu ziyaretti ba\u015flad\u0131. ABD ba\u015fkanl\u0131k u\u00e7a\u011f\u0131 Air Force One \u0130srail\u2019e gitmek \u00fczere havaland\u0131.<\/p>\n<p style=\"text-align: justify\">ABD Ba\u015fkan\u0131 Joe Biden, d\u00f6rt g\u00fcnl\u00fck Ortado\u011fu ziyaretinin ilk dura\u011f\u0131 olan \u0130srail\u2019e hareket etti.<\/p>\n<p style=\"text-align: justify\">Joe Biden\u2019\u0131 ta\u015f\u0131yan ABD ba\u015fkanl\u0131k u\u00e7a\u011f\u0131 Air Force One, erken saatlerde \u0130srail&#8217;e u\u00e7tu.\u00a0 U\u00e7a\u011f\u0131n \u0130srail\u2019e \u00c7ar\u015famba \u00f6\u011fleden sonra varmas\u0131 bekleniyor.<\/p>\n<p style=\"text-align: justify\">\u0130srail resmi internet sitesi, ABD Ba\u015fkan\u0131 Joe Biden&#8217;\u0131n u\u00e7a\u011f\u0131n\u0131n Tel Aviv&#8217;in 20 kilometre g\u00fcneyindeki Ben Gurion Havaliman\u0131&#8217;na Tel Aviv saatiyle 15:30&#8217;da varaca\u011f\u0131n\u0131 duyurdu.<\/p>\n<p style=\"text-align: justify\">\u0130srail Cumhurba\u015fkan\u0131 Isaac Herzog ve Ba\u015fbakan Yair Lapid&#8217;in kat\u0131l\u0131m\u0131yla Biden&#8217;\u0131 kar\u015f\u0131lamak i\u00e7in \u00f6zel bir t\u00f6ren d\u00fczenlenece\u011fi bilgisi payla\u015f\u0131ld\u0131.<\/p>\n<p style=\"text-align: justify\">Bu, Joe Biden&#8217;\u0131n ABD ba\u015fkan\u0131 olmas\u0131ndan bu yana b\u00f6lgeye ilk ziyareti.<\/p>\n<p style=\"text-align: justify\">Havaliman\u0131ndaki t\u00f6renin ard\u0131ndan Biden, \u0130srail cumhurba\u015fkan\u0131 ve ba\u015fbakan\u0131 ile ortak bas\u0131n toplant\u0131s\u0131 d\u00fczenleyecek.<\/p>\n<p style=\"text-align: justify\">Daha sonra \u0130srail Savunma Bakan\u0131 Benny Gantz ile Ben Gorin Havaalan\u0131 yak\u0131nlar\u0131ndaki Balmash Hava \u00dcss\u00fc&#8217;n\u00fc ziyaret edecek.<\/p>\n<p style=\"text-align: justify\">\u00a0Kud\u00fcs\u2019te iki g\u00fcn kalacak olan Biden, Cuma g\u00fcn\u00fc i\u015fgal alt\u0131ndaki Bat\u0131 \u015eeria\u2019da Filistin lideri Mahmud Abbas\u2019la biraraya gelecek.<\/p>\n<p style=\"text-align: justify\">Ard\u0131ndan Suudi Arabistan\u2019a ge\u00e7ecek olan Joe Biden, burada K\u00f6rfez \u00fclkeleriyle birlikte d\u00fczenlenen zirveye kat\u0131lacak. Joe Biden bu zirveye kat\u0131lacak ilk ABD Ba\u015fkan\u0131 olacak.<\/p>\n<p style=\"text-align: justify\">Biden\u2019\u0131n bu ziyaretinin Suudi Arabistan ile \u0130srail aras\u0131ndaki ili\u015fkileri g\u00fc\u00e7lendirilmesi a\u00e7\u0131s\u0131ndan \u00f6nemli g\u00f6r\u00fcl\u00fcyor.<\/p>\n<p style=\"text-align: justify\">ABD Ulusal G\u00fcvenlik Dan\u0131\u015fman\u0131 Jake Sullivan da Pazartesi g\u00fcn\u00fc yapt\u0131\u011f\u0131 a\u00e7\u0131klamada \u201cBu seyahat, stratejik olarak son derece \u00f6neme sahip bir b\u00f6lgede Amerika\u2019n\u0131n hayati rol\u00fcn\u00fc g\u00fc\u00e7lendirecek\u201d yorumunu yapm\u0131\u015ft\u0131.<\/p>\n<p style=\"text-align: justify\">Gezi kapsam\u0131nda ayr\u0131ca ABD Ba\u015fkan\u0131\u2019n\u0131n kendisini \u00fclke i\u00e7erisinde ekonomik olarak s\u0131k\u0131nt\u0131ya sokan konular\u0131n ba\u015f\u0131nda gelen artan petrol fiyatlar\u0131 konusunu g\u00fcndeme getirmesi bekleniyor. Biden\u2019\u0131n K\u00f6rfez \u00fclkelerinden petrol \u00fcretimini artt\u0131rmalar\u0131n\u0131 isteyece\u011fi tahmin ediliyor.<\/p>\n","protected":false},"excerpt":{"rendered":"<p>\u00a0ABD Ba\u015fkan\u0131 Joe Biden\u2019\u0131n 4 g\u00fcnl\u00fck Ortado\u011fu ziyaretti ba\u015flad\u0131. ABD ba\u015fkanl\u0131k u\u00e7a\u011f\u0131 Air Force One \u0130srail\u2019e gitmek \u00fczere havaland\u0131. ABD Ba\u015fkan\u0131 Joe Biden, d\u00f6rt g\u00fcnl\u00fck Ortado\u011fu ziyaretinin ilk dura\u011f\u0131 olan \u0130srail\u2019e hareket etti. Joe Biden\u2019\u0131 ta\u015f\u0131yan ABD ba\u015fkanl\u0131k u\u00e7a\u011f\u0131 Air Force One, erken saatlerde \u0130srail&#8217;e u\u00e7tu.\u00a0 U\u00e7a\u011f\u0131n \u0130srail\u2019e \u00c7ar\u015famba \u00f6\u011fleden sonra varmas\u0131 bekleniyor. \u0130srail resmi [&hellip;]<\/p>\n","protected":false},"author":2,"featured_media":1020097,"comment_status":"closed","ping_status":"closed","sticky":false,"template":"","format":"standard","meta":{"footnotes":""},"categories":[6],"tags":[],"class_list":["post-1020095","post","type-post","status-publish","format-standard","has-post-thumbnail","hentry","category-dunya"],"blocksy_meta":[],"seo_head":"<!-- This site is optimized with the Yoast SEO plugin v27.5 - https:\/\/yoast.com\/product\/yoast-seo-wordpress\/ -->\n<title>\u00a0ABD Ba\u015fkan\u0131 Joe Biden\u2019\u0131n 4 g\u00fcnl\u00fck Ortado\u011fu ziyaretti ba\u015flad\u0131 - Darka Mazi<\/title>\n<meta name=\"robots\" content=\"index, follow, max-snippet:-1, max-image-preview:large, max-video-preview:-1\" \/>\n<link rel=\"canonical\" href=\"https:\/\/darkamazi.site\/archives\/1020095\" \/>\n<meta property=\"og:locale\" content=\"en_US\" \/>\n<meta property=\"og:type\" content=\"article\" \/>\n<meta property=\"og:title\" content=\"\u00a0ABD Ba\u015fkan\u0131 Joe Biden\u2019\u0131n 4 g\u00fcnl\u00fck Ortado\u011fu ziyaretti ba\u015flad\u0131 - Darka Mazi\" \/>\n<meta property=\"og:description\" content=\"\u00a0ABD Ba\u015fkan\u0131 Joe Biden\u2019\u0131n 4 g\u00fcnl\u00fck Ortado\u011fu ziyaretti ba\u015flad\u0131. ABD ba\u015fkanl\u0131k u\u00e7a\u011f\u0131 Air Force One \u0130srail\u2019e gitmek \u00fczere havaland\u0131. ABD Ba\u015fkan\u0131 Joe Biden, d\u00f6rt g\u00fcnl\u00fck Ortado\u011fu ziyaretinin ilk dura\u011f\u0131 olan \u0130srail\u2019e hareket etti. Joe Biden\u2019\u0131 ta\u015f\u0131yan ABD ba\u015fkanl\u0131k u\u00e7a\u011f\u0131 Air Force One, erken saatlerde \u0130srail&#8217;e u\u00e7tu.\u00a0 U\u00e7a\u011f\u0131n \u0130srail\u2019e \u00c7ar\u015famba \u00f6\u011fleden sonra varmas\u0131 bekleniyor. \u0130srail resmi [&hellip;]\" \/>\n<meta property=\"og:url\" content=\"https:\/\/darkamazi.site\/archives\/1020095\" \/>\n<meta property=\"og:site_name\" content=\"Darka Mazi\" \/>\n<meta property=\"article:publisher\" content=\"https:\/\/www.facebook.com\/DarkaMaziturkce\" \/>\n<meta property=\"article:published_time\" content=\"2022-07-13T12:46:59+00:00\" \/>\n<meta property=\"og:image\" content=\"https:\/\/darkamazi.site\/file\/2022\/07\/Biden-Midel-east.jpg\" \/>\n\t<meta property=\"og:image:width\" content=\"800\" \/>\n\t<meta property=\"og:image:height\" content=\"533\" \/>\n\t<meta property=\"og:image:type\" content=\"image\/jpeg\" \/>\n<meta name=\"author\" content=\"darka mazi\" \/>\n<meta name=\"twitter:card\" content=\"summary_large_image\" \/>\n<meta name=\"twitter:creator\" content=\"@DarkaMaziTurkce\" \/>\n<meta name=\"twitter:site\" content=\"@DarkaMaziTurkce\" \/>\n<meta name=\"twitter:label1\" content=\"Written by\" \/>\n\t<meta name=\"twitter:data1\" content=\"darka mazi\" \/>\n\t<meta name=\"twitter:label2\" content=\"Est. reading time\" \/>\n\t<meta name=\"twitter:data2\" content=\"2 minutes\" \/>\n<script type=\"application\/ld+json\" class=\"seo-schema-graph\">{\"@context\":\"https:\\\/\\\/schema.org\",\"@graph\":[{\"@type\":\"NewsArticle\",\"@id\":\"https:\\\/\\\/darkamazi.site\\\/archives\\\/1020095#article\",\"isPartOf\":{\"@id\":\"https:\\\/\\\/darkamazi.site\\\/archives\\\/1020095\"},\"author\":{\"name\":\"darka mazi\",\"@id\":\"https:\\\/\\\/darkamazi.site\\\/#\\\/schema\\\/person\\\/67986a95ac546c16760365877ef4a9d3\"},\"headline\":\"\u00a0ABD Ba\u015fkan\u0131 Joe Biden\u2019\u0131n 4 g\u00fcnl\u00fck Ortado\u011fu ziyaretti ba\u015flad\u0131\",\"datePublished\":\"2022-07-13T12:46:59+00:00\",\"mainEntityOfPage\":{\"@id\":\"https:\\\/\\\/darkamazi.site\\\/archives\\\/1020095\"},\"wordCount\":373,\"publisher\":{\"@id\":\"https:\\\/\\\/darkamazi.site\\\/#organization\"},\"image\":{\"@id\":\"https:\\\/\\\/darkamazi.site\\\/archives\\\/1020095#primaryimage\"},\"thumbnailUrl\":\"https:\\\/\\\/darkamazi.site\\\/darka-content\\\/uploads\\\/2022\\\/07\\\/Biden-Midel-east.jpg\",\"articleSection\":[\"D\u00fcnya\"],\"inLanguage\":\"en-US\"},{\"@type\":\"WebPage\",\"@id\":\"https:\\\/\\\/darkamazi.site\\\/archives\\\/1020095\",\"url\":\"https:\\\/\\\/darkamazi.site\\\/archives\\\/1020095\",\"name\":\"\u00a0ABD Ba\u015fkan\u0131 Joe Biden\u2019\u0131n 4 g\u00fcnl\u00fck Ortado\u011fu ziyaretti ba\u015flad\u0131 - Darka Mazi\",\"isPartOf\":{\"@id\":\"https:\\\/\\\/darkamazi.site\\\/#website\"},\"primaryImageOfPage\":{\"@id\":\"https:\\\/\\\/darkamazi.site\\\/archives\\\/1020095#primaryimage\"},\"image\":{\"@id\":\"https:\\\/\\\/darkamazi.site\\\/archives\\\/1020095#primaryimage\"},\"thumbnailUrl\":\"https:\\\/\\\/darkamazi.site\\\/darka-content\\\/uploads\\\/2022\\\/07\\\/Biden-Midel-east.jpg\",\"datePublished\":\"2022-07-13T12:46:59+00:00\",\"breadcrumb\":{\"@id\":\"https:\\\/\\\/darkamazi.site\\\/archives\\\/1020095#breadcrumb\"},\"inLanguage\":\"en-US\",\"potentialAction\":[{\"@type\":\"ReadAction\",\"target\":[\"https:\\\/\\\/darkamazi.site\\\/archives\\\/1020095\"]}]},{\"@type\":\"ImageObject\",\"inLanguage\":\"en-US\",\"@id\":\"https:\\\/\\\/darkamazi.site\\\/archives\\\/1020095#primaryimage\",\"url\":\"https:\\\/\\\/darkamazi.site\\\/darka-content\\\/uploads\\\/2022\\\/07\\\/Biden-Midel-east.jpg\",\"contentUrl\":\"https:\\\/\\\/darkamazi.site\\\/darka-content\\\/uploads\\\/2022\\\/07\\\/Biden-Midel-east.jpg\",\"width\":800,\"height\":533,\"caption\":\"\u00a0ABD Ba\u015fkan\u0131 Joe Biden\u2019\u0131n 4 g\u00fcnl\u00fck Ortado\u011fu ziyaretti ba\u015flad\u0131\"},{\"@type\":\"BreadcrumbList\",\"@id\":\"https:\\\/\\\/darkamazi.site\\\/archives\\\/1020095#breadcrumb\",\"itemListElement\":[{\"@type\":\"ListItem\",\"position\":1,\"name\":\"Home\",\"item\":\"https:\\\/\\\/darkamazi.site\\\/\"},{\"@type\":\"ListItem\",\"position\":2,\"name\":\"\u00a0ABD Ba\u015fkan\u0131 Joe Biden\u2019\u0131n 4 g\u00fcnl\u00fck Ortado\u011fu ziyaretti ba\u015flad\u0131\"}]},{\"@type\":\"WebSite\",\"@id\":\"https:\\\/\\\/darkamazi.site\\\/#website\",\"url\":\"https:\\\/\\\/darkamazi.site\\\/\",\"name\":\"Darka Mazi\",\"description\":\"Ana Sayfa\",\"publisher\":{\"@id\":\"https:\\\/\\\/darkamazi.site\\\/#organization\"},\"potentialAction\":[{\"@type\":\"SearchAction\",\"target\":{\"@type\":\"EntryPoint\",\"urlTemplate\":\"https:\\\/\\\/darkamazi.site\\\/?s={search_term_string}\"},\"query-input\":{\"@type\":\"PropertyValueSpecification\",\"valueRequired\":true,\"valueName\":\"search_term_string\"}}],\"inLanguage\":\"en-US\"},{\"@type\":\"Organization\",\"@id\":\"https:\\\/\\\/darkamazi.site\\\/#organization\",\"name\":\"Darka Mazi T\u00fcrk\u00e7e\",\"alternateName\":\"Darka Mazi\",\"url\":\"https:\\\/\\\/darkamazi.site\\\/\",\"logo\":{\"@type\":\"ImageObject\",\"inLanguage\":\"en-US\",\"@id\":\"https:\\\/\\\/darkamazi.site\\\/#\\\/schema\\\/logo\\\/image\\\/\",\"url\":\"https:\\\/\\\/darkamazi.site\\\/darka-content\\\/uploads\\\/2017\\\/12\\\/darka-mazi-logo.png\",\"contentUrl\":\"https:\\\/\\\/darkamazi.site\\\/darka-content\\\/uploads\\\/2017\\\/12\\\/darka-mazi-logo.png\",\"width\":151,\"height\":75,\"caption\":\"Darka Mazi T\u00fcrk\u00e7e\"},\"image\":{\"@id\":\"https:\\\/\\\/darkamazi.site\\\/#\\\/schema\\\/logo\\\/image\\\/\"},\"sameAs\":[\"https:\\\/\\\/www.facebook.com\\\/DarkaMaziturkce\",\"https:\\\/\\\/x.com\\\/DarkaMaziTurkce\"]},{\"@type\":\"Person\",\"@id\":\"https:\\\/\\\/darkamazi.site\\\/#\\\/schema\\\/person\\\/67986a95ac546c16760365877ef4a9d3\",\"name\":\"darka mazi\",\"sameAs\":[\"https:\\\/\\\/darkamazi.site\"],\"url\":\"https:\\\/\\\/darkamazi.site\\\/archives\\\/author\\\/turkish\"}]}<\/script>\n<!-- \/ Yoast SEO plugin. -->","seo_head_json":{"title":"\u00a0ABD Ba\u015fkan\u0131 Joe Biden\u2019\u0131n 4 g\u00fcnl\u00fck Ortado\u011fu ziyaretti ba\u015flad\u0131 - Darka Mazi","robots":{"index":"index","follow":"follow","max-snippet":"max-snippet:-1","max-image-preview":"max-image-preview:large","max-video-preview":"max-video-preview:-1"},"canonical":"https:\/\/darkamazi.site\/archives\/1020095","og_locale":"en_US","og_type":"article","og_title":"\u00a0ABD Ba\u015fkan\u0131 Joe Biden\u2019\u0131n 4 g\u00fcnl\u00fck Ortado\u011fu ziyaretti ba\u015flad\u0131 - Darka Mazi","og_description":"\u00a0ABD Ba\u015fkan\u0131 Joe Biden\u2019\u0131n 4 g\u00fcnl\u00fck Ortado\u011fu ziyaretti ba\u015flad\u0131. ABD ba\u015fkanl\u0131k u\u00e7a\u011f\u0131 Air Force One \u0130srail\u2019e gitmek \u00fczere havaland\u0131. ABD Ba\u015fkan\u0131 Joe Biden, d\u00f6rt g\u00fcnl\u00fck Ortado\u011fu ziyaretinin ilk dura\u011f\u0131 olan \u0130srail\u2019e hareket etti. Joe Biden\u2019\u0131 ta\u015f\u0131yan ABD ba\u015fkanl\u0131k u\u00e7a\u011f\u0131 Air Force One, erken saatlerde \u0130srail&#8217;e u\u00e7tu.\u00a0 U\u00e7a\u011f\u0131n \u0130srail\u2019e \u00c7ar\u015famba \u00f6\u011fleden sonra varmas\u0131 bekleniyor. \u0130srail resmi [&hellip;]","og_url":"https:\/\/darkamazi.site\/archives\/1020095","og_site_name":"Darka Mazi","article_publisher":"https:\/\/www.facebook.com\/DarkaMaziturkce","article_published_time":"2022-07-13T12:46:59+00:00","og_image":[{"width":800,"height":533,"url":"https:\/\/darkamazi.site\/file\/2022\/07\/Biden-Midel-east.jpg","type":"image\/jpeg"}],"author":"darka mazi","twitter_card":"summary_large_image","twitter_creator":"@DarkaMaziTurkce","twitter_site":"@DarkaMaziTurkce","twitter_misc":{"Written by":"darka mazi","Est. reading time":"2 minutes"},"schema":{"@context":"https:\/\/schema.org","@graph":[{"@type":"NewsArticle","@id":"https:\/\/darkamazi.site\/archives\/1020095#article","isPartOf":{"@id":"https:\/\/darkamazi.site\/archives\/1020095"},"author":{"name":"darka mazi","@id":"https:\/\/darkamazi.site\/#\/schema\/person\/67986a95ac546c16760365877ef4a9d3"},"headline":"\u00a0ABD Ba\u015fkan\u0131 Joe Biden\u2019\u0131n 4 g\u00fcnl\u00fck Ortado\u011fu ziyaretti ba\u015flad\u0131","datePublished":"2022-07-13T12:46:59+00:00","mainEntityOfPage":{"@id":"https:\/\/darkamazi.site\/archives\/1020095"},"wordCount":373,"publisher":{"@id":"https:\/\/darkamazi.site\/#organization"},"image":{"@id":"https:\/\/darkamazi.site\/archives\/1020095#primaryimage"},"thumbnailUrl":"https:\/\/darkamazi.site\/file\/2022\/07\/Biden-Midel-east.jpg","articleSection":["D\u00fcnya"],"inLanguage":"en-US"},{"@type":"WebPage","@id":"https:\/\/darkamazi.site\/archives\/1020095","url":"https:\/\/darkamazi.site\/archives\/1020095","name":"\u00a0ABD Ba\u015fkan\u0131 Joe Biden\u2019\u0131n 4 g\u00fcnl\u00fck Ortado\u011fu ziyaretti ba\u015flad\u0131 - Darka Mazi","isPartOf":{"@id":"https:\/\/darkamazi.site\/#website"},"primaryImageOfPage":{"@id":"https:\/\/darkamazi.site\/archives\/1020095#primaryimage"},"image":{"@id":"https:\/\/darkamazi.site\/archives\/1020095#primaryimage"},"thumbnailUrl":"https:\/\/darkamazi.site\/file\/2022\/07\/Biden-Midel-east.jpg","datePublished":"2022-07-13T12:46:59+00:00","breadcrumb":{"@id":"https:\/\/darkamazi.site\/archives\/1020095#breadcrumb"},"inLanguage":"en-US","potentialAction":[{"@type":"ReadAction","target":["https:\/\/darkamazi.site\/archives\/1020095"]}]},{"@type":"ImageObject","inLanguage":"en-US","@id":"https:\/\/darkamazi.site\/archives\/1020095#primaryimage","url":"https:\/\/darkamazi.site\/file\/2022\/07\/Biden-Midel-east.jpg","contentUrl":"https:\/\/darkamazi.site\/file\/2022\/07\/Biden-Midel-east.jpg","width":800,"height":533,"caption":"\u00a0ABD Ba\u015fkan\u0131 Joe Biden\u2019\u0131n 4 g\u00fcnl\u00fck Ortado\u011fu ziyaretti ba\u015flad\u0131"},{"@type":"BreadcrumbList","@id":"https:\/\/darkamazi.site\/archives\/1020095#breadcrumb","itemListElement":[{"@type":"ListItem","position":1,"name":"Home","item":"https:\/\/darkamazi.site\/"},{"@type":"ListItem","position":2,"name":"\u00a0ABD Ba\u015fkan\u0131 Joe Biden\u2019\u0131n 4 g\u00fcnl\u00fck Ortado\u011fu ziyaretti ba\u015flad\u0131"}]},{"@type":"WebSite","@id":"https:\/\/darkamazi.site\/#website","url":"https:\/\/darkamazi.site\/","name":"Darka Mazi","description":"Ana Sayfa","publisher":{"@id":"https:\/\/darkamazi.site\/#organization"},"potentialAction":[{"@type":"SearchAction","target":{"@type":"EntryPoint","urlTemplate":"https:\/\/darkamazi.site\/?s={search_term_string}"},"query-input":{"@type":"PropertyValueSpecification","valueRequired":true,"valueName":"search_term_string"}}],"inLanguage":"en-US"},{"@type":"Organization","@id":"https:\/\/darkamazi.site\/#organization","name":"Darka Mazi T\u00fcrk\u00e7e","alternateName":"Darka Mazi","url":"https:\/\/darkamazi.site\/","logo":{"@type":"ImageObject","inLanguage":"en-US","@id":"https:\/\/darkamazi.site\/#\/schema\/logo\/image\/","url":"https:\/\/darkamazi.site\/file\/2017\/12\/darka-mazi-logo.png","contentUrl":"https:\/\/darkamazi.site\/file\/2017\/12\/darka-mazi-logo.png","width":151,"height":75,"caption":"Darka Mazi T\u00fcrk\u00e7e"},"image":{"@id":"https:\/\/darkamazi.site\/#\/schema\/logo\/image\/"},"sameAs":["https:\/\/www.facebook.com\/DarkaMaziturkce","https:\/\/x.com\/DarkaMaziTurkce"]},{"@type":"Person","@id":"https:\/\/darkamazi.site\/#\/schema\/person\/67986a95ac546c16760365877ef4a9d3","name":"darka mazi","sameAs":["https:\/\/darkamazi.site"],"url":"https:\/\/darkamazi.site\/archives\/author\/turkish"}]}},"_links":{"self":[{"href":"https:\/\/darkamazi.site\/funavuv\/wp\/v2\/posts\/1020095","targetHints":{"allow":["GET"]}}],"collection":[{"href":"https:\/\/darkamazi.site\/funavuv\/wp\/v2\/posts"}],"about":[{"href":"https:\/\/darkamazi.site\/funavuv\/wp\/v2\/types\/post"}],"author":[{"embeddable":true,"href":"https:\/\/darkamazi.site\/funavuv\/wp\/v2\/users\/2"}],"replies":[{"embeddable":true,"href":"https:\/\/darkamazi.site\/funavuv\/wp\/v2\/comments?post=1020095"}],"version-history":[{"count":0,"href":"https:\/\/darkamazi.site\/funavuv\/wp\/v2\/posts\/1020095\/revisions"}],"wp:featuredmedia":[{"embeddable":true,"href":"https:\/\/darkamazi.site\/funavuv\/wp\/v2\/media\/1020097"}],"wp:attachment":[{"href":"https:\/\/darkamazi.site\/funavuv\/wp\/v2\/media?parent=1020095"}],"wp:term":[{"taxonomy":"category","embeddable":true,"href":"https:\/\/darkamazi.site\/funavuv\/wp\/v2\/categories?post=1020095"},{"taxonomy":"post_tag","embeddable":true,"href":"https:\/\/darkamazi.site\/funavuv\/wp\/v2\/tags?post=1020095"}],"curies":[{"name":"wp","href":"https:\/\/api.w.org\/{rel}","templated":true}]}}