{"id":1020123,"date":"2022-07-15T15:06:52","date_gmt":"2022-07-15T12:06:52","guid":{"rendered":"https:\/\/darkamazi.site\/?p=1020123"},"modified":"2022-07-15T15:06:52","modified_gmt":"2022-07-15T12:06:52","slug":"celadet-ali-bedirhanin-hayata-veda-etmesinin-uzerinden-71-yil-gecti","status":"publish","type":"post","link":"https:\/\/darkamazi.site\/archives\/1020123","title":{"rendered":"Celadet Ali Bedirhan\u2019\u0131n hayata veda etmesinin \u00fczerinden 71 y\u0131l ge\u00e7ti."},"content":{"rendered":"<p style=\"text-align: justify\">K\u00fcrt Dil Bilimci ve yazar Celadet Ali Bedirhan\u2019\u0131n hayata veda etmesinin \u00fczerinden 71 y\u0131l ge\u00e7ti.<\/p>\n<p style=\"text-align: justify\">1893 y\u0131l\u0131nda \u0130stanbul&#8217;da d\u00fcnyaya gelen Celadet Ali Bedirhan, 15 Temmuz 1951\u2019de Suriye\u2019nin ba\u015fkenti \u015eam\u2019da vefat etti.<\/p>\n<p style=\"text-align: justify\">Cizreli Bedirhan Bey&#8217;in torunu ve K\u00fcrt Teali Cemiyeti kurucular\u0131ndan Emin Ali Bedirhan&#8217;\u0131n o\u011flu olan Celadet Ali, ilk ve orta\u00f6\u011frenimini \u0130stanbul&#8217;da tamamlad\u0131.<\/p>\n<p style=\"text-align: justify\">Bedirhan, 1. D\u00fcnya Sava\u015f\u0131 s\u0131ras\u0131nda, Osmanl\u0131 ordusunda Kafkasya Cephesi&#8217;nde subay olarak g\u00f6rev yapt\u0131.<\/p>\n<p style=\"text-align: justify\">Osmanl\u0131 \u0130mparatorlu\u011fu&#8217;nun da\u011f\u0131lmas\u0131n\u0131n ard\u0131ndan K\u00fcrt a\u015firetlerinin birli\u011fini sa\u011flamak i\u00e7in \u00e7aba g\u00f6stermesine ra\u011fmen ba\u015far\u0131l\u0131 olamayan Celadet Ali Bedirhan, \u00a01922 y\u0131l\u0131nda karde\u015fi Kamuran Bedirhan&#8217;la birlikte Almanya&#8217;ya gitti. Almanya&#8217;da \u00f6\u011frenimini s\u00fcrd\u00fcren Celadet Ali, 1925&#8217;te \u00f6nce Kahire&#8217;ye ge\u00e7ti, bir s\u00fcre sonra da Frans\u0131z mandas\u0131 alt\u0131ndaki Suriye&#8217;ye yerle\u015fti.<\/p>\n<p style=\"text-align: justify\">Bedirhan, Suriye&#8217;de Haco A\u011fa ve \u00f6nde gelen di\u011fer K\u00fcrt ayd\u0131nlar\u0131yla birlikte Xoyb\u00fbn&#8217;un kurulu\u015funda aktif rol oynad\u0131.<\/p>\n<p style=\"text-align: justify\">1930&#8217;lu y\u0131llarla birlikte, siyasi \u00e7al\u0131\u015fmalardan uzakla\u015farak K\u00fcrt\u00e7e ile ilgili \u00e7al\u0131\u015fmalar\u0131n\u0131 yo\u011funla\u015ft\u0131ran Bedirhan, 15 May\u0131s 1932 y\u0131l\u0131nda Hawar dergisini \u00e7\u0131kard\u0131.<\/p>\n<p style=\"text-align: justify\">Hawar Dergisi ile birlikte ilk defa Arap karakterli K\u00fcrt alfabesinin yan\u0131nda Latin karakterli K\u00fcrt alfabesi de kullan\u0131lmaya ba\u015fland\u0131. \u0130lk 23 say\u0131s\u0131 hem Latin harfleri hem de Arap harfleriyle yay\u0131nlanan Hawar, 24. say\u0131dan itibaren b\u00fct\u00fcn\u00fcyle Latin harfleriyle yay\u0131mland\u0131.<\/p>\n<p style=\"text-align: justify\">G\u00fcn\u00fcm\u00fczde kullan\u0131lan Latin karakterli K\u00fcrt alfabesi ilk defa Hawar dergisinde kullan\u0131ld\u0131.<\/p>\n<p style=\"text-align: justify\">Hawar dergisinde \u00e7o\u011funlukla Kurmanci olmak \u00fczere d\u00fczenli bir bi\u00e7imde Sorani ve az say\u0131da da Zazaki yaz\u0131lar yay\u0131nland\u0131.<\/p>\n<p style=\"text-align: justify\">Osmanl\u0131 d\u00f6nemi K\u00fcrt bas\u0131n\u0131ndan ayr\u0131 olarak Hawar&#8217;da T\u00fcrk\u00e7e yaz\u0131lara yer verilmemekle birlikte, dergide Frans\u0131zca b\u00f6l\u00fcm\u00fc vard\u0131 ve baz\u0131 K\u00fcrt\u00e7e yaz\u0131lar Frans\u0131zca&#8217;ya da terc\u00fcme ediliyordu<\/p>\n<p style=\"text-align: justify\">Hawar dergisi hem K\u00fcrt\u00e7enin standartla\u015ft\u0131r\u0131lmas\u0131 hem de K\u00fcrt\u00e7e yazan kadronun yeti\u015fmesi anlam\u0131nda bir okul i\u015flevi g\u00f6rd\u00fc. Hawar&#8217;\u0131n yazar kadrosu i\u00e7inde Celadat Bedirhan d\u0131\u015f\u0131nda, karde\u015fi Kamuran Bedirhan, Osman Sabri, Nureddin Zaza, Cegerxwin, Kadri Can gibi bir \u00e7ok \u00fcnl\u00fc K\u00fcrt de d\u00fczenli olarak yazd\u0131. 57 say\u0131 yay\u0131mlanan Hawar, 1943&#8217;de yay\u0131n\u0131na son verdi.<\/p>\n<p style=\"text-align: justify\">Bedirhan, 1942&#8217;de \u015eam&#8217;da Hawar&#8217;\u0131n yan\u0131 s\u0131ra Ronahi ismiyle resimli bir K\u00fcrt\u00e7e dergi \u00e7\u0131kard\u0131. Ba\u015fta Hawar&#8217;\u0131n bir eki olarak \u00e7\u0131kan Ronahi, Hawar&#8217;\u0131n yay\u0131n\u0131na son vermesinden sonra bir s\u00fcre yay\u0131n\u0131na ba\u011f\u0131ms\u0131z olarak devam etti.<\/p>\n<p style=\"text-align: justify\">15 Temmuz 1951&#8217;de \u015eam\u2019da ya\u015fama g\u00f6zlerini yuman K\u00fcrt\u00e7e latin alfabesinin kurucusu Celadet Bedirhan\u2019\u0131n mezar\u0131 \u015eam&#8217;dad\u0131r. \u00d6l\u00fcm\u00fcnden sonra hayattayken yapt\u0131\u011f\u0131 K\u00fcrt\u00e7e dil \u00e7al\u0131\u015fmalar\u0131 bir araya topland\u0131.<\/p>\n<p style=\"text-align: justify\">Eserleri<\/p>\n<p style=\"text-align: justify\">Elifba Kurd\u00ee (K\u00fcrt\u00e7e Alfabe)<\/p>\n<p style=\"text-align: justify\">R\u00fbpel\u00ean Elfab\u00ea<\/p>\n<p style=\"text-align: justify\">R\u00eazimana Elifbaya kurd\u00ee<\/p>\n<p style=\"text-align: justify\">R\u00eazimana Kurd\u00ee (K\u00fcrt\u00e7e Gramer) (Roger Lescot ile birlikte)<\/p>\n<p style=\"text-align: justify\">Ferhenga Kurd\u00ee (K\u00fcrt\u00e7e S\u00f6zl\u00fck)<\/p>\n<p style=\"text-align: justify\">G\u00fcnl\u00fck Notlar<\/p>\n<p style=\"text-align: justify\">De La Question Kurde \/ K\u00fcrt Sorunu \u00dczerine (Frans\u0131zca ve T\u00fcrk\u00e7e)<\/p>\n<p style=\"text-align: justify\">Were Dotmam (Hawar Dergisi&#8217;nde yer alan \u015fiirler)<\/p>\n<p style=\"text-align: justify\">Edirne S\u00fckutunun \u0130\u00e7 Y\u00fcz\u00fc (Kamuran Bedirhan ile birlikte)<\/p>\n<p style=\"text-align: justify\">Mustefa Kemal&#8217;e Mektup<\/p>\n<p style=\"text-align: justify\">D\u00eebaca nim\u00eaj\u00ean \u00cazdiyan<\/p>\n<p style=\"text-align: justify\">Hevind<\/p>\n","protected":false},"excerpt":{"rendered":"<p>K\u00fcrt Dil Bilimci ve yazar Celadet Ali Bedirhan\u2019\u0131n hayata veda etmesinin \u00fczerinden 71 y\u0131l ge\u00e7ti. 1893 y\u0131l\u0131nda \u0130stanbul&#8217;da d\u00fcnyaya gelen Celadet Ali Bedirhan, 15 Temmuz 1951\u2019de Suriye\u2019nin ba\u015fkenti \u015eam\u2019da vefat etti. Cizreli Bedirhan Bey&#8217;in torunu ve K\u00fcrt Teali Cemiyeti kurucular\u0131ndan Emin Ali Bedirhan&#8217;\u0131n o\u011flu olan Celadet Ali, ilk ve orta\u00f6\u011frenimini \u0130stanbul&#8217;da tamamlad\u0131. Bedirhan, 1. D\u00fcnya [&hellip;]<\/p>\n","protected":false},"author":2,"featured_media":1020124,"comment_status":"closed","ping_status":"closed","sticky":false,"template":"","format":"standard","meta":{"footnotes":""},"categories":[3],"tags":[31],"class_list":["post-1020123","post","type-post","status-publish","format-standard","has-post-thumbnail","hentry","category-kurdistan","tag-onemli"],"blocksy_meta":[],"seo_head":"<!-- This site is optimized with the Yoast SEO plugin v27.5 - https:\/\/yoast.com\/product\/yoast-seo-wordpress\/ -->\n<title>Celadet Ali Bedirhan\u2019\u0131n hayata veda etmesinin \u00fczerinden 71 y\u0131l ge\u00e7ti. - Darka Mazi<\/title>\n<meta name=\"robots\" content=\"index, follow, max-snippet:-1, max-image-preview:large, max-video-preview:-1\" \/>\n<link rel=\"canonical\" href=\"https:\/\/darkamazi.site\/archives\/1020123\" \/>\n<meta property=\"og:locale\" content=\"en_US\" \/>\n<meta property=\"og:type\" content=\"article\" \/>\n<meta property=\"og:title\" content=\"Celadet Ali Bedirhan\u2019\u0131n hayata veda etmesinin \u00fczerinden 71 y\u0131l ge\u00e7ti. - Darka Mazi\" \/>\n<meta property=\"og:description\" content=\"K\u00fcrt Dil Bilimci ve yazar Celadet Ali Bedirhan\u2019\u0131n hayata veda etmesinin \u00fczerinden 71 y\u0131l ge\u00e7ti. 1893 y\u0131l\u0131nda \u0130stanbul&#8217;da d\u00fcnyaya gelen Celadet Ali Bedirhan, 15 Temmuz 1951\u2019de Suriye\u2019nin ba\u015fkenti \u015eam\u2019da vefat etti. Cizreli Bedirhan Bey&#8217;in torunu ve K\u00fcrt Teali Cemiyeti kurucular\u0131ndan Emin Ali Bedirhan&#8217;\u0131n o\u011flu olan Celadet Ali, ilk ve orta\u00f6\u011frenimini \u0130stanbul&#8217;da tamamlad\u0131. Bedirhan, 1. D\u00fcnya [&hellip;]\" \/>\n<meta property=\"og:url\" content=\"https:\/\/darkamazi.site\/archives\/1020123\" \/>\n<meta property=\"og:site_name\" content=\"Darka Mazi\" \/>\n<meta property=\"article:publisher\" content=\"https:\/\/www.facebook.com\/DarkaMaziturkce\" \/>\n<meta property=\"article:published_time\" content=\"2022-07-15T12:06:52+00:00\" \/>\n<meta property=\"og:image\" content=\"https:\/\/darkamazi.site\/file\/2022\/07\/Celadet-Ali-Bedirhanin-hayata-veda-etmesinin-uzerinden-71-yil-gecti..jpg\" \/>\n\t<meta property=\"og:image:width\" content=\"900\" \/>\n\t<meta property=\"og:image:height\" content=\"500\" \/>\n\t<meta property=\"og:image:type\" content=\"image\/jpeg\" \/>\n<meta name=\"author\" content=\"darka mazi\" \/>\n<meta name=\"twitter:card\" content=\"summary_large_image\" \/>\n<meta name=\"twitter:creator\" content=\"@DarkaMaziTurkce\" \/>\n<meta name=\"twitter:site\" content=\"@DarkaMaziTurkce\" \/>\n<meta name=\"twitter:label1\" content=\"Written by\" \/>\n\t<meta name=\"twitter:data1\" content=\"darka mazi\" \/>\n\t<meta name=\"twitter:label2\" content=\"Est. reading time\" \/>\n\t<meta name=\"twitter:data2\" content=\"3 minutes\" \/>\n<script type=\"application\/ld+json\" class=\"seo-schema-graph\">{\"@context\":\"https:\\\/\\\/schema.org\",\"@graph\":[{\"@type\":\"NewsArticle\",\"@id\":\"https:\\\/\\\/darkamazi.site\\\/archives\\\/1020123#article\",\"isPartOf\":{\"@id\":\"https:\\\/\\\/darkamazi.site\\\/archives\\\/1020123\"},\"author\":{\"name\":\"darka mazi\",\"@id\":\"https:\\\/\\\/darkamazi.site\\\/#\\\/schema\\\/person\\\/67986a95ac546c16760365877ef4a9d3\"},\"headline\":\"Celadet Ali Bedirhan\u2019\u0131n hayata veda etmesinin \u00fczerinden 71 y\u0131l ge\u00e7ti.\",\"datePublished\":\"2022-07-15T12:06:52+00:00\",\"mainEntityOfPage\":{\"@id\":\"https:\\\/\\\/darkamazi.site\\\/archives\\\/1020123\"},\"wordCount\":584,\"publisher\":{\"@id\":\"https:\\\/\\\/darkamazi.site\\\/#organization\"},\"image\":{\"@id\":\"https:\\\/\\\/darkamazi.site\\\/archives\\\/1020123#primaryimage\"},\"thumbnailUrl\":\"https:\\\/\\\/darkamazi.site\\\/darka-content\\\/uploads\\\/2022\\\/07\\\/Celadet-Ali-Bedirhanin-hayata-veda-etmesinin-uzerinden-71-yil-gecti..jpg\",\"keywords\":[\"\u00f6nemli\"],\"articleSection\":[\"Kurdistan\"],\"inLanguage\":\"en-US\"},{\"@type\":\"WebPage\",\"@id\":\"https:\\\/\\\/darkamazi.site\\\/archives\\\/1020123\",\"url\":\"https:\\\/\\\/darkamazi.site\\\/archives\\\/1020123\",\"name\":\"Celadet Ali Bedirhan\u2019\u0131n hayata veda etmesinin \u00fczerinden 71 y\u0131l ge\u00e7ti. - Darka Mazi\",\"isPartOf\":{\"@id\":\"https:\\\/\\\/darkamazi.site\\\/#website\"},\"primaryImageOfPage\":{\"@id\":\"https:\\\/\\\/darkamazi.site\\\/archives\\\/1020123#primaryimage\"},\"image\":{\"@id\":\"https:\\\/\\\/darkamazi.site\\\/archives\\\/1020123#primaryimage\"},\"thumbnailUrl\":\"https:\\\/\\\/darkamazi.site\\\/darka-content\\\/uploads\\\/2022\\\/07\\\/Celadet-Ali-Bedirhanin-hayata-veda-etmesinin-uzerinden-71-yil-gecti..jpg\",\"datePublished\":\"2022-07-15T12:06:52+00:00\",\"breadcrumb\":{\"@id\":\"https:\\\/\\\/darkamazi.site\\\/archives\\\/1020123#breadcrumb\"},\"inLanguage\":\"en-US\",\"potentialAction\":[{\"@type\":\"ReadAction\",\"target\":[\"https:\\\/\\\/darkamazi.site\\\/archives\\\/1020123\"]}]},{\"@type\":\"ImageObject\",\"inLanguage\":\"en-US\",\"@id\":\"https:\\\/\\\/darkamazi.site\\\/archives\\\/1020123#primaryimage\",\"url\":\"https:\\\/\\\/darkamazi.site\\\/darka-content\\\/uploads\\\/2022\\\/07\\\/Celadet-Ali-Bedirhanin-hayata-veda-etmesinin-uzerinden-71-yil-gecti..jpg\",\"contentUrl\":\"https:\\\/\\\/darkamazi.site\\\/darka-content\\\/uploads\\\/2022\\\/07\\\/Celadet-Ali-Bedirhanin-hayata-veda-etmesinin-uzerinden-71-yil-gecti..jpg\",\"width\":900,\"height\":500,\"caption\":\"Celadet Ali Bedirhan\u2019\u0131n hayata veda etmesinin \u00fczerinden 71 y\u0131l ge\u00e7ti.\"},{\"@type\":\"BreadcrumbList\",\"@id\":\"https:\\\/\\\/darkamazi.site\\\/archives\\\/1020123#breadcrumb\",\"itemListElement\":[{\"@type\":\"ListItem\",\"position\":1,\"name\":\"Home\",\"item\":\"https:\\\/\\\/darkamazi.site\\\/\"},{\"@type\":\"ListItem\",\"position\":2,\"name\":\"Celadet Ali Bedirhan\u2019\u0131n hayata veda etmesinin \u00fczerinden 71 y\u0131l ge\u00e7ti.\"}]},{\"@type\":\"WebSite\",\"@id\":\"https:\\\/\\\/darkamazi.site\\\/#website\",\"url\":\"https:\\\/\\\/darkamazi.site\\\/\",\"name\":\"Darka Mazi\",\"description\":\"Ana Sayfa\",\"publisher\":{\"@id\":\"https:\\\/\\\/darkamazi.site\\\/#organization\"},\"potentialAction\":[{\"@type\":\"SearchAction\",\"target\":{\"@type\":\"EntryPoint\",\"urlTemplate\":\"https:\\\/\\\/darkamazi.site\\\/?s={search_term_string}\"},\"query-input\":{\"@type\":\"PropertyValueSpecification\",\"valueRequired\":true,\"valueName\":\"search_term_string\"}}],\"inLanguage\":\"en-US\"},{\"@type\":\"Organization\",\"@id\":\"https:\\\/\\\/darkamazi.site\\\/#organization\",\"name\":\"Darka Mazi T\u00fcrk\u00e7e\",\"alternateName\":\"Darka Mazi\",\"url\":\"https:\\\/\\\/darkamazi.site\\\/\",\"logo\":{\"@type\":\"ImageObject\",\"inLanguage\":\"en-US\",\"@id\":\"https:\\\/\\\/darkamazi.site\\\/#\\\/schema\\\/logo\\\/image\\\/\",\"url\":\"https:\\\/\\\/darkamazi.site\\\/darka-content\\\/uploads\\\/2017\\\/12\\\/darka-mazi-logo.png\",\"contentUrl\":\"https:\\\/\\\/darkamazi.site\\\/darka-content\\\/uploads\\\/2017\\\/12\\\/darka-mazi-logo.png\",\"width\":151,\"height\":75,\"caption\":\"Darka Mazi T\u00fcrk\u00e7e\"},\"image\":{\"@id\":\"https:\\\/\\\/darkamazi.site\\\/#\\\/schema\\\/logo\\\/image\\\/\"},\"sameAs\":[\"https:\\\/\\\/www.facebook.com\\\/DarkaMaziturkce\",\"https:\\\/\\\/x.com\\\/DarkaMaziTurkce\"]},{\"@type\":\"Person\",\"@id\":\"https:\\\/\\\/darkamazi.site\\\/#\\\/schema\\\/person\\\/67986a95ac546c16760365877ef4a9d3\",\"name\":\"darka mazi\",\"sameAs\":[\"https:\\\/\\\/darkamazi.site\"],\"url\":\"https:\\\/\\\/darkamazi.site\\\/archives\\\/author\\\/turkish\"}]}<\/script>\n<!-- \/ Yoast SEO plugin. -->","seo_head_json":{"title":"Celadet Ali Bedirhan\u2019\u0131n hayata veda etmesinin \u00fczerinden 71 y\u0131l ge\u00e7ti. - Darka Mazi","robots":{"index":"index","follow":"follow","max-snippet":"max-snippet:-1","max-image-preview":"max-image-preview:large","max-video-preview":"max-video-preview:-1"},"canonical":"https:\/\/darkamazi.site\/archives\/1020123","og_locale":"en_US","og_type":"article","og_title":"Celadet Ali Bedirhan\u2019\u0131n hayata veda etmesinin \u00fczerinden 71 y\u0131l ge\u00e7ti. - Darka Mazi","og_description":"K\u00fcrt Dil Bilimci ve yazar Celadet Ali Bedirhan\u2019\u0131n hayata veda etmesinin \u00fczerinden 71 y\u0131l ge\u00e7ti. 1893 y\u0131l\u0131nda \u0130stanbul&#8217;da d\u00fcnyaya gelen Celadet Ali Bedirhan, 15 Temmuz 1951\u2019de Suriye\u2019nin ba\u015fkenti \u015eam\u2019da vefat etti. Cizreli Bedirhan Bey&#8217;in torunu ve K\u00fcrt Teali Cemiyeti kurucular\u0131ndan Emin Ali Bedirhan&#8217;\u0131n o\u011flu olan Celadet Ali, ilk ve orta\u00f6\u011frenimini \u0130stanbul&#8217;da tamamlad\u0131. Bedirhan, 1. D\u00fcnya [&hellip;]","og_url":"https:\/\/darkamazi.site\/archives\/1020123","og_site_name":"Darka Mazi","article_publisher":"https:\/\/www.facebook.com\/DarkaMaziturkce","article_published_time":"2022-07-15T12:06:52+00:00","og_image":[{"width":900,"height":500,"url":"https:\/\/darkamazi.site\/file\/2022\/07\/Celadet-Ali-Bedirhanin-hayata-veda-etmesinin-uzerinden-71-yil-gecti..jpg","type":"image\/jpeg"}],"author":"darka mazi","twitter_card":"summary_large_image","twitter_creator":"@DarkaMaziTurkce","twitter_site":"@DarkaMaziTurkce","twitter_misc":{"Written by":"darka mazi","Est. reading time":"3 minutes"},"schema":{"@context":"https:\/\/schema.org","@graph":[{"@type":"NewsArticle","@id":"https:\/\/darkamazi.site\/archives\/1020123#article","isPartOf":{"@id":"https:\/\/darkamazi.site\/archives\/1020123"},"author":{"name":"darka mazi","@id":"https:\/\/darkamazi.site\/#\/schema\/person\/67986a95ac546c16760365877ef4a9d3"},"headline":"Celadet Ali Bedirhan\u2019\u0131n hayata veda etmesinin \u00fczerinden 71 y\u0131l ge\u00e7ti.","datePublished":"2022-07-15T12:06:52+00:00","mainEntityOfPage":{"@id":"https:\/\/darkamazi.site\/archives\/1020123"},"wordCount":584,"publisher":{"@id":"https:\/\/darkamazi.site\/#organization"},"image":{"@id":"https:\/\/darkamazi.site\/archives\/1020123#primaryimage"},"thumbnailUrl":"https:\/\/darkamazi.site\/file\/2022\/07\/Celadet-Ali-Bedirhanin-hayata-veda-etmesinin-uzerinden-71-yil-gecti..jpg","keywords":["\u00f6nemli"],"articleSection":["Kurdistan"],"inLanguage":"en-US"},{"@type":"WebPage","@id":"https:\/\/darkamazi.site\/archives\/1020123","url":"https:\/\/darkamazi.site\/archives\/1020123","name":"Celadet Ali Bedirhan\u2019\u0131n hayata veda etmesinin \u00fczerinden 71 y\u0131l ge\u00e7ti. - Darka Mazi","isPartOf":{"@id":"https:\/\/darkamazi.site\/#website"},"primaryImageOfPage":{"@id":"https:\/\/darkamazi.site\/archives\/1020123#primaryimage"},"image":{"@id":"https:\/\/darkamazi.site\/archives\/1020123#primaryimage"},"thumbnailUrl":"https:\/\/darkamazi.site\/file\/2022\/07\/Celadet-Ali-Bedirhanin-hayata-veda-etmesinin-uzerinden-71-yil-gecti..jpg","datePublished":"2022-07-15T12:06:52+00:00","breadcrumb":{"@id":"https:\/\/darkamazi.site\/archives\/1020123#breadcrumb"},"inLanguage":"en-US","potentialAction":[{"@type":"ReadAction","target":["https:\/\/darkamazi.site\/archives\/1020123"]}]},{"@type":"ImageObject","inLanguage":"en-US","@id":"https:\/\/darkamazi.site\/archives\/1020123#primaryimage","url":"https:\/\/darkamazi.site\/file\/2022\/07\/Celadet-Ali-Bedirhanin-hayata-veda-etmesinin-uzerinden-71-yil-gecti..jpg","contentUrl":"https:\/\/darkamazi.site\/file\/2022\/07\/Celadet-Ali-Bedirhanin-hayata-veda-etmesinin-uzerinden-71-yil-gecti..jpg","width":900,"height":500,"caption":"Celadet Ali Bedirhan\u2019\u0131n hayata veda etmesinin \u00fczerinden 71 y\u0131l ge\u00e7ti."},{"@type":"BreadcrumbList","@id":"https:\/\/darkamazi.site\/archives\/1020123#breadcrumb","itemListElement":[{"@type":"ListItem","position":1,"name":"Home","item":"https:\/\/darkamazi.site\/"},{"@type":"ListItem","position":2,"name":"Celadet Ali Bedirhan\u2019\u0131n hayata veda etmesinin \u00fczerinden 71 y\u0131l ge\u00e7ti."}]},{"@type":"WebSite","@id":"https:\/\/darkamazi.site\/#website","url":"https:\/\/darkamazi.site\/","name":"Darka Mazi","description":"Ana Sayfa","publisher":{"@id":"https:\/\/darkamazi.site\/#organization"},"potentialAction":[{"@type":"SearchAction","target":{"@type":"EntryPoint","urlTemplate":"https:\/\/darkamazi.site\/?s={search_term_string}"},"query-input":{"@type":"PropertyValueSpecification","valueRequired":true,"valueName":"search_term_string"}}],"inLanguage":"en-US"},{"@type":"Organization","@id":"https:\/\/darkamazi.site\/#organization","name":"Darka Mazi T\u00fcrk\u00e7e","alternateName":"Darka Mazi","url":"https:\/\/darkamazi.site\/","logo":{"@type":"ImageObject","inLanguage":"en-US","@id":"https:\/\/darkamazi.site\/#\/schema\/logo\/image\/","url":"https:\/\/darkamazi.site\/file\/2017\/12\/darka-mazi-logo.png","contentUrl":"https:\/\/darkamazi.site\/file\/2017\/12\/darka-mazi-logo.png","width":151,"height":75,"caption":"Darka Mazi T\u00fcrk\u00e7e"},"image":{"@id":"https:\/\/darkamazi.site\/#\/schema\/logo\/image\/"},"sameAs":["https:\/\/www.facebook.com\/DarkaMaziturkce","https:\/\/x.com\/DarkaMaziTurkce"]},{"@type":"Person","@id":"https:\/\/darkamazi.site\/#\/schema\/person\/67986a95ac546c16760365877ef4a9d3","name":"darka mazi","sameAs":["https:\/\/darkamazi.site"],"url":"https:\/\/darkamazi.site\/archives\/author\/turkish"}]}},"_links":{"self":[{"href":"https:\/\/darkamazi.site\/funavuv\/wp\/v2\/posts\/1020123","targetHints":{"allow":["GET"]}}],"collection":[{"href":"https:\/\/darkamazi.site\/funavuv\/wp\/v2\/posts"}],"about":[{"href":"https:\/\/darkamazi.site\/funavuv\/wp\/v2\/types\/post"}],"author":[{"embeddable":true,"href":"https:\/\/darkamazi.site\/funavuv\/wp\/v2\/users\/2"}],"replies":[{"embeddable":true,"href":"https:\/\/darkamazi.site\/funavuv\/wp\/v2\/comments?post=1020123"}],"version-history":[{"count":0,"href":"https:\/\/darkamazi.site\/funavuv\/wp\/v2\/posts\/1020123\/revisions"}],"wp:featuredmedia":[{"embeddable":true,"href":"https:\/\/darkamazi.site\/funavuv\/wp\/v2\/media\/1020124"}],"wp:attachment":[{"href":"https:\/\/darkamazi.site\/funavuv\/wp\/v2\/media?parent=1020123"}],"wp:term":[{"taxonomy":"category","embeddable":true,"href":"https:\/\/darkamazi.site\/funavuv\/wp\/v2\/categories?post=1020123"},{"taxonomy":"post_tag","embeddable":true,"href":"https:\/\/darkamazi.site\/funavuv\/wp\/v2\/tags?post=1020123"}],"curies":[{"name":"wp","href":"https:\/\/api.w.org\/{rel}","templated":true}]}}