{"id":1020142,"date":"2022-07-17T09:06:30","date_gmt":"2022-07-17T06:06:30","guid":{"rendered":"https:\/\/darkamazi.site\/?p=1020142"},"modified":"2022-07-17T09:06:30","modified_gmt":"2022-07-17T06:06:30","slug":"kurtler-rojava-devriminin-sonuna-mi-geldi","status":"publish","type":"post","link":"https:\/\/darkamazi.site\/archives\/1020142","title":{"rendered":"K\u00fcrtler, Rojava devriminin sonuna m\u0131 geldi?"},"content":{"rendered":"<p style=\"text-align: justify\">Arap bahar\u0131 Ortado\u011fu halklar\u0131n\u0131n bir sonbahar\u0131 oldu. K\u00fcrtler i\u00e7in b\u00fcy\u00fck bir umutla ba\u015flayan bahar\u0131n sonunun nas\u0131l olaca\u011f\u0131 ise hala belirsiz. Fakat 2012 y\u0131l\u0131nda ba\u015flayan s\u00fcrecin K\u00fcrt men\u015feli \u00fcr\u00fcn\u00fc olan Rojava i\u00e7in tehlike \u00e7anlar\u0131 \u00e7al\u0131yor. Hem K\u00fcrdistan s\u00f6m\u00fcrgecilerinin hem de K\u00fcrtlerin yorum ve \u00e7izdi\u011fi yol haritalar\u0131na bak\u0131nca Rojava\u2019n\u0131n kaderinin nas\u0131l olaca\u011f\u0131 konusunda b\u00fcy\u00fck bir kayg\u0131 duymamak elde de\u011fil. \u00d6zellikle de Mazlum Abdi\u2019nin 15 Temmuz g\u00fcn\u00fc yapt\u0131\u011f\u0131 bas\u0131n a\u00e7\u0131klamas\u0131ndan sonra bu kayg\u0131lar daha da artt\u0131.<\/p>\n<p style=\"text-align: justify\"><span style=\"font-family: 'arial black', sans-serif;font-size: 12pt\">Mazlum Abdi tek bir kez K\u00fcrt demedi<\/span><\/p>\n<p style=\"text-align: justify\">HSD Genel Komutan\u0131 Mazlum Abdi\u2019nin yapt\u0131\u011f\u0131 bas\u0131n a\u00e7\u0131klamas\u0131nda dikkat \u00e7eken en \u00f6nemli \u015feylerden biri Abdi\u2019nin konu\u015fma boyunca tek bir kez K\u00fcrt ve K\u00fcrdistan kelimelerini kullanmam\u0131\u015f olmas\u0131yd\u0131. Hatta Rojava bile demeden sadece Kuzey Suriye demesiydi.<\/p>\n<p style=\"text-align: justify\">Burada kar\u015f\u0131m\u0131za \u015fu soru \u00e7\u0131k\u0131yor; \u201cTemsil etti\u011finiz kimli\u011fin ad\u0131n\u0131 anmaya \u00e7ekiniyorsan\u0131z, o kimlik i\u00e7in ne isteye bilirsiniz?<\/p>\n<p style=\"text-align: justify\">Tam burada Mazlum Abdi\u2019nin siyasi gelene\u011fi PKK, PYD, HSD, YPG vb yap\u0131lar\u0131n K\u00fcrtler i\u00e7in temsiliyet d\u00fczeyi akla geliyor.<\/p>\n<p style=\"text-align: justify\">PKK y\u0131llard\u0131r K\u00fcrt ulusu- K\u00fcrt milleti demeyerek, K\u00fcrt halk\u0131 dedi. Daha sonra ise K\u00fcrtler daha geri bir plana itilerek Demokratik ulus ve halklar kavram\u0131 K\u00fcrt halk\u0131 s\u00f6z\u00fcn\u00fcn yerine ikame edildi. Peki K\u00fcrt ulusu demekten \u00e7ekinen bir harekete siz vatansever ve yurtsever diye bilir misiniz? Elbette ki hay\u0131r.<\/p>\n<p style=\"text-align: justify\">Kendi \u00fclkesinin, ulusunun, topraklar\u0131n\u0131n ad\u0131n\u0131 s\u00f6ylemekten \u00e7ekinen bir ki\u015finin kendi K\u00fcrtlerin temsilcisi g\u00f6rmesi kabul edilemez.\u00a0 K\u00fcrtler ad\u0131na yol \u00e7\u0131kt\u0131nsa, K\u00fcrtleri temsil ediyorsan \u00f6nce hi\u00e7 korkmadan K\u00fcrt demen, K\u00fcrdistan demen gerekir. Kendi kimli\u011fini s\u00f6ylemekten bile \u00e7ekinen kendi halk\u0131 i\u00e7in bir \u015fey talep etmez-edemez.<\/p>\n<p style=\"text-align: justify\"><span style=\"font-family: 'arial black', sans-serif;font-size: 12pt\">Abdi: Bu kez sava\u015f t\u00fcm Suriye\u2019nin sava\u015f\u0131 olur<\/span><\/p>\n<p style=\"text-align: justify\">Mazlum Abdi konu\u015fmas\u0131nda \u201cT\u00fcrk devletine kar\u015f\u0131 b\u00fcy\u00fck bir direni\u015f verilece\u011fini\u201d a\u00e7\u0131klad\u0131. Hatta \u201cBu kez K\u00fcrtler ve QSD&#8217;nin sava\u015f\u0131 olmaz, t\u00fcm Suriye&#8217;nin sava\u015f\u0131 olur. Suriye topraklar\u0131n\u0131n i\u015fgal edilmesini istemeyen herkesin sava\u015f\u0131 olur\u201d dedi.<\/p>\n<p style=\"text-align: justify\">Evet uzaktan ve duygusal s\u00f6ylemlerle bak\u0131nca her \u015fey \u00e7ok g\u00fczel g\u00f6r\u00fcn\u00fcyor. Oysa ki i\u015fin ger\u00e7e\u011fi \u00e7ok farkl\u0131. T\u00fcrkiye\u2019nin i\u015fgal etmek istedi\u011fi topraklar Suriye de\u011fil K\u00fcrdistan topra\u011f\u0131d\u0131r. Suriye devleti de t\u0131pk\u0131 T\u00fcrk devleti gibi Rojava K\u00fcrdistan\u2019\u0131n da i\u015fgalcidir.<\/p>\n<p style=\"text-align: justify\">K\u00fcrtler neden Suriye topraklar\u0131n\u0131n i\u015fgal edilmesine kar\u015f\u0131 \u00e7\u0131kmak i\u00e7in sava\u015fs\u0131nlar.<\/p>\n<p style=\"text-align: justify\">Ger\u00e7e\u011fe bakarsan\u0131z Mazlum Abdi\u2019nin \u201cT\u00fcrk i\u015fgaline kar\u015f\u0131 Suriye\u2019nin kutsal sava\u015f\u0131\u201d olarak lanse edi\u015fi \u201cK\u00fcrtlerin \u00c7anakkale\u2019de, \u0130ngilizlere; Erzurum\u2019da Ruslara kar\u015f\u0131\u201d verdi\u011fi kutsal sava\u015f\u0131 and\u0131rmaktad\u0131r. Yani Mazlum Abdi\u2019nin yeni gibi ke\u015ffetti\u011fi \u201ci\u015fgale kar\u015f\u0131 ortak m\u00fccadele\u201d verilmesi K\u00fcrlerin y\u00fcz y\u0131l \u00f6nce de denedi\u011fi bir y\u00f6ntemdi ve ba\u015far\u0131s\u0131z olundu. K\u00fcrtler T\u00fcrklerin yan\u0131nda sava\u015ft\u0131lar sonra ise T\u00fcrkler d\u00f6n\u00fcp K\u00fcrtleri katletti. 20 y\u00fczy\u0131l\u0131n \u00f6zeti b\u00f6yle.<br \/>\nSuriye devletinin ayn\u0131 \u015feyi yapmayaca\u011f\u0131n\u0131n garantisi nedir? PKK ile Suriye devleti aras\u0131nda Tahran\u2019\u0131n garant\u00f6rl\u00fc\u011f\u00fcnde bir dizi anla\u015fman\u0131n yap\u0131ld\u0131\u011f\u0131 biliniyor. Mustafa Karasu, Sabri Ok ve R\u0131za Altun bir d\u00f6nemdir \u015eam\u2019da yapt\u0131klar\u0131 anla\u015fmalar\u0131n maddeleri hakk\u0131nda bir bilgi yok.<\/p>\n<p style=\"text-align: justify\">K\u00fcrtlerin son 50 y\u0131lda siyasetten \u00f6\u011frendi\u011fi \u015fey \u015fu olmal\u0131: Uluslararas\u0131 garant\u00f6r olmadan yap\u0131lan hi\u00e7bir anla\u015fman\u0131n K\u00fcrtlere zerre faydas\u0131 yoktur.<\/p>\n<h3 style=\"text-align: justify\"><span style=\"font-family: 'arial black', sans-serif;font-size: 12pt\">\u00a0<strong>Abdi: \u201cSuriye ordusu Tel R\u0131fat, Minbic ve Kobani\u2019ye yerle\u015ftirildi\u201d<\/strong><\/span><\/h3>\n<p style=\"text-align: justify\">Asl\u0131nda Suriye devleti hi\u00e7bir zaman Rojava\u2019dan \u00e7\u0131kmam\u0131\u015ft\u0131. Qam\u0131\u015flo, Haseki gibi \u015fehirler rejimin elindeydi ve rejim \u015fu ana de\u011fin \u00f6\u011fretmen, petrol rafinerisi \u00e7al\u0131\u015fanlar\u0131, belediye, n\u00fcfus, polis vb. t\u00fcm kurumlar\u0131n maa\u015flar\u0131n\u0131 \u00f6d\u00fcyordu. Gelip s\u0131n\u0131ra yerle\u015fen bir Suriye devleti bundan sonra K\u00fcrtlerin hi\u00e7bir hakk\u0131n\u0131 tan\u0131maz. \u00c7\u00fcnk\u00fc en zor d\u00f6neminde bile Suriye devleti ad\u0131na a\u00e7\u0131klama yapan bakanlar K\u00fcrtler i\u00e7in verilecek tek hakk\u0131 \u201chaftada iki saat se\u00e7meli K\u00fcrt\u00e7e ders\u201d olarak g\u00f6stermi\u015fti.\u00a0 Bundan sonra Suriye devleti K\u00fcrt milletine bir hak tan\u0131maz, belki PKK y\u00f6neticilerine geli\u015f-gidi\u015f, bar\u0131nma, e\u011fitim vb. haklar\u0131 tan\u0131r.<\/p>\n<h3 style=\"text-align: justify\"><span style=\"font-family: 'arial black', sans-serif;font-size: 12pt\">T\u00fcrkiye\u2019nin plan\u0131 i\u015fgal mi; K\u00fcrtleri Suriye devletine mahkum k\u0131lmak m\u0131? <\/span><\/h3>\n<p style=\"text-align: justify\">Ortado\u011fu\u2019da anti-K\u00fcrt kar\u015f\u0131t\u0131 bir cephe var. Suriye, Irak, \u0130ran ve T\u00fcrkiye\u2019den olu\u015fan bu cephenin tek ortak \u00f6zelli\u011fi K\u00fcrtlerin kendini y\u00f6netme hakk\u0131n\u0131 kullanmas\u0131n\u0131 kabul etmemek.<\/p>\n<p style=\"text-align: justify\">T\u00fcrk devleti Rojava\u2019y\u0131 i\u015fgal etmek isteyince do\u011fal olarak K\u00fcrtlerin varl\u0131\u011f\u0131na sald\u0131r\u0131yor. Fakat T\u00fcrk devletinin ikili bir plan\u0131 var. Rojava\u2019y\u0131 i\u015fgal edebildi\u011fi kadar i\u015fgal edecek. T\u00fcmden i\u015fgal edemeyece\u011fini kendisi de biliyor. Bu nedenle plan\u0131n\u0131n ikinci aya\u011f\u0131 kendisinin i\u015fgal edemedi\u011fi yerlerin Suriye devletinin mutlak otoritesi alt\u0131nda y\u00f6netilmesi.<\/p>\n<p style=\"text-align: justify\">Asl\u0131nda Mazlum Abdi\u2019nin Kobani, Minbi\u00e7 vb yerlere Suriye ordusu geldi demesi T\u00fcrk devletinin ikili plan\u0131n\u0131n bir b\u00f6l\u00fcm\u00fcn\u00fcn ba\u015far\u0131l\u0131 oldu\u011fu anlam\u0131na geliyor. Yani art\u0131k ger\u00e7ek anlamda ortada bir Rojava yok, bir Kuzey Suriye var. Yani Abdi\u2019nin yap\u0131\u011f\u0131 a\u00e7\u0131klama anti s\u00f6m\u00fcrgeci bir a\u00e7\u0131klama de\u011fildir. Sadece hangi s\u00f6m\u00fcrgeciyi kabul ettiklerinin a\u00e7\u0131klamas\u0131d\u0131r.<\/p>\n<h3 style=\"text-align: justify\"><span style=\"font-family: 'arial black', sans-serif;font-size: 12pt\">K\u00fcrtlerle bir birlik olmaz m\u0131yd\u0131?<\/span><\/h3>\n<p style=\"text-align: justify\">Mazlum Abdi\u2019nin konu\u015fmas\u0131nda kendisine sorulan K\u00fcrtler aras\u0131 g\u00f6r\u00fc\u015fmelere ili\u015fkin \u00e7ok ge\u00e7i\u015ftirmeci ve basit bir cevap veriyor: Diyalo\u011f baz\u0131 sebeplerden\u00a0 dolay\u0131 donduruldu, \u015fartlar\u0131n olu\u015fmas\u0131 ve sebeplerin ortadan kald\u0131r\u0131lmas\u0131 ile birlikte yeninden g\u00f6r\u00fc\u015fmelerin ba\u015flayacak.<\/p>\n<p style=\"text-align: justify\">Oysa ki K\u00fcrtler aras\u0131 birlik meselesi b\u00f6yle basit bir cevapla ge\u00e7i\u015ftirilemez. \u00c7\u00fcnk\u00fc tali denen esas bir meseledir. Rojava\u2019da hi\u00e7bir zaman K\u00fcrtler aras\u0131 birlik olmayacak.<\/p>\n<p style=\"text-align: justify\">Bunun iki sebebi var: Birincisi; PKK siyasetinde hi\u00e7bir zaman hi\u00e7bir yerde K\u00fcrtlerle birlik kurulmam\u0131\u015ft\u0131r. PKK\u2019nin birlik dedi\u011fi ihtiya\u00e7 duydu\u011fu zaman kullan\u0131lan bir kavramd\u0131r. PKK K\u00fcrtler aras\u0131 birli\u011fe kar\u015f\u0131 bir yap\u0131d\u0131r. Rojava\u2019da ayn\u0131 siyaseti uygulad\u0131. Rojava birlik g\u00f6r\u00fc\u015fmeleri sadece K\u00fcrtler aras\u0131 birlik g\u00f6r\u00fc\u015fmelerini dayatan ABD ve benzer g\u00fc\u00e7leri, kamuoyunu oyalamak i\u00e7in yap\u0131lm\u0131\u015ft\u0131.<\/p>\n<p style=\"text-align: justify\">\u0130kincisi ise; PKK Rojava\u2019y\u0131 bir K\u00fcrt yap\u0131s\u0131 kurmak i\u00e7in almam\u0131\u015ft\u0131. PKK Rojava\u2019y\u0131 \u0130ran ve Suriye\u2019den devir ald\u0131. Bu devir al\u0131\u015fta ise Rojava\u2019n\u0131n kaderinin en ba\u015ftan beri \u0130ran ve Suriye devletine b\u0131rak\u0131lmas\u0131 vard\u0131.<\/p>\n<p style=\"text-align: justify\">PKK\u2019nin 2013 y\u0131l\u0131ndan bu yana K\u00fcrtler aras\u0131 farkl\u0131l\u0131klara oynamas\u0131, K\u00fcrt toplumunu birbirine k\u0131\u015fk\u0131rtmas\u0131n\u0131n alt\u0131nda yatan neden Rojava \u00fczerinde birlik olmay\u0131 kabul etmemesiydi. 2013 y\u0131l\u0131nda Hewler\u2019de yap\u0131lan ulusal birlik g\u00f6r\u00fc\u015fmeleri de bu nedenle PKK taraf\u0131ndan bitirildi.<\/p>\n<p style=\"text-align: justify\">T\u00fcm a\u00e7\u0131larda bak\u0131nca ortaya \u00e7\u0131kan sonu\u00e7 \u015fudur. PKK\u2019nin Rojava\u2019daki duru\u015fu Rojava\u2019y\u0131 kendini y\u00f6neten bir K\u00fcrt olu\u015fumu olmaktan uzakla\u015ft\u0131rm\u0131\u015ft\u0131r. \u015eimdiki hali ile Rojava art\u0131k Suriye ve T\u00fcrkiye s\u00f6m\u00fcrgeciliklerinin \u00e7\u0131kar sava\u015f\u0131n\u0131n bir par\u00e7as\u0131 olarak kaderi belirlenecek duruma gelmi\u015ftir.<\/p>\n","protected":false},"excerpt":{"rendered":"<p>Arap bahar\u0131 Ortado\u011fu halklar\u0131n\u0131n bir sonbahar\u0131 oldu. K\u00fcrtler i\u00e7in b\u00fcy\u00fck bir umutla ba\u015flayan bahar\u0131n sonunun nas\u0131l olaca\u011f\u0131 ise hala belirsiz. Fakat 2012 y\u0131l\u0131nda ba\u015flayan s\u00fcrecin K\u00fcrt men\u015feli \u00fcr\u00fcn\u00fc olan Rojava i\u00e7in tehlike \u00e7anlar\u0131 \u00e7al\u0131yor. Hem K\u00fcrdistan s\u00f6m\u00fcrgecilerinin hem de K\u00fcrtlerin yorum ve \u00e7izdi\u011fi yol haritalar\u0131na bak\u0131nca Rojava\u2019n\u0131n kaderinin nas\u0131l olaca\u011f\u0131 konusunda b\u00fcy\u00fck bir kayg\u0131 duymamak [&hellip;]<\/p>\n","protected":false},"author":2,"featured_media":1020143,"comment_status":"closed","ping_status":"closed","sticky":false,"template":"","format":"standard","meta":{"footnotes":""},"categories":[7],"tags":[31],"class_list":["post-1020142","post","type-post","status-publish","format-standard","has-post-thumbnail","hentry","category-editorden","tag-onemli"],"blocksy_meta":[],"seo_head":"<!-- This site is optimized with the Yoast SEO plugin v27.5 - https:\/\/yoast.com\/product\/yoast-seo-wordpress\/ -->\n<title>K\u00fcrtler, Rojava devriminin sonuna m\u0131 geldi? - Darka Mazi<\/title>\n<meta name=\"robots\" content=\"index, follow, max-snippet:-1, max-image-preview:large, max-video-preview:-1\" \/>\n<link rel=\"canonical\" href=\"https:\/\/darkamazi.site\/archives\/1020142\" \/>\n<meta property=\"og:locale\" content=\"en_US\" \/>\n<meta property=\"og:type\" content=\"article\" \/>\n<meta property=\"og:title\" content=\"K\u00fcrtler, Rojava devriminin sonuna m\u0131 geldi? - Darka Mazi\" \/>\n<meta property=\"og:description\" content=\"Arap bahar\u0131 Ortado\u011fu halklar\u0131n\u0131n bir sonbahar\u0131 oldu. K\u00fcrtler i\u00e7in b\u00fcy\u00fck bir umutla ba\u015flayan bahar\u0131n sonunun nas\u0131l olaca\u011f\u0131 ise hala belirsiz. Fakat 2012 y\u0131l\u0131nda ba\u015flayan s\u00fcrecin K\u00fcrt men\u015feli \u00fcr\u00fcn\u00fc olan Rojava i\u00e7in tehlike \u00e7anlar\u0131 \u00e7al\u0131yor. Hem K\u00fcrdistan s\u00f6m\u00fcrgecilerinin hem de K\u00fcrtlerin yorum ve \u00e7izdi\u011fi yol haritalar\u0131na bak\u0131nca Rojava\u2019n\u0131n kaderinin nas\u0131l olaca\u011f\u0131 konusunda b\u00fcy\u00fck bir kayg\u0131 duymamak [&hellip;]\" \/>\n<meta property=\"og:url\" content=\"https:\/\/darkamazi.site\/archives\/1020142\" \/>\n<meta property=\"og:site_name\" content=\"Darka Mazi\" \/>\n<meta property=\"article:publisher\" content=\"https:\/\/www.facebook.com\/DarkaMaziturkce\" \/>\n<meta property=\"article:published_time\" content=\"2022-07-17T06:06:30+00:00\" \/>\n<meta property=\"og:image\" content=\"https:\/\/darkamazi.site\/file\/2022\/07\/Rojava-hayalinde-sona-dogru-.jpg\" \/>\n\t<meta property=\"og:image:width\" content=\"900\" \/>\n\t<meta property=\"og:image:height\" content=\"497\" \/>\n\t<meta property=\"og:image:type\" content=\"image\/jpeg\" \/>\n<meta name=\"author\" content=\"darka mazi\" \/>\n<meta name=\"twitter:card\" content=\"summary_large_image\" \/>\n<meta name=\"twitter:creator\" content=\"@DarkaMaziTurkce\" \/>\n<meta name=\"twitter:site\" content=\"@DarkaMaziTurkce\" \/>\n<meta name=\"twitter:label1\" content=\"Written by\" \/>\n\t<meta name=\"twitter:data1\" content=\"darka mazi\" \/>\n\t<meta name=\"twitter:label2\" content=\"Est. reading time\" \/>\n\t<meta name=\"twitter:data2\" content=\"6 minutes\" \/>\n<script type=\"application\/ld+json\" class=\"seo-schema-graph\">{\"@context\":\"https:\\\/\\\/schema.org\",\"@graph\":[{\"@type\":\"NewsArticle\",\"@id\":\"https:\\\/\\\/darkamazi.site\\\/archives\\\/1020142#article\",\"isPartOf\":{\"@id\":\"https:\\\/\\\/darkamazi.site\\\/archives\\\/1020142\"},\"author\":{\"name\":\"darka mazi\",\"@id\":\"https:\\\/\\\/darkamazi.site\\\/#\\\/schema\\\/person\\\/67986a95ac546c16760365877ef4a9d3\"},\"headline\":\"K\u00fcrtler, Rojava devriminin sonuna m\u0131 geldi?\",\"datePublished\":\"2022-07-17T06:06:30+00:00\",\"mainEntityOfPage\":{\"@id\":\"https:\\\/\\\/darkamazi.site\\\/archives\\\/1020142\"},\"wordCount\":1284,\"publisher\":{\"@id\":\"https:\\\/\\\/darkamazi.site\\\/#organization\"},\"image\":{\"@id\":\"https:\\\/\\\/darkamazi.site\\\/archives\\\/1020142#primaryimage\"},\"thumbnailUrl\":\"https:\\\/\\\/darkamazi.site\\\/darka-content\\\/uploads\\\/2022\\\/07\\\/Rojava-hayalinde-sona-dogru-.jpg\",\"keywords\":[\"\u00f6nemli\"],\"articleSection\":[\"Edit\u00f6rden\"],\"inLanguage\":\"en-US\"},{\"@type\":\"WebPage\",\"@id\":\"https:\\\/\\\/darkamazi.site\\\/archives\\\/1020142\",\"url\":\"https:\\\/\\\/darkamazi.site\\\/archives\\\/1020142\",\"name\":\"K\u00fcrtler, Rojava devriminin sonuna m\u0131 geldi? - Darka Mazi\",\"isPartOf\":{\"@id\":\"https:\\\/\\\/darkamazi.site\\\/#website\"},\"primaryImageOfPage\":{\"@id\":\"https:\\\/\\\/darkamazi.site\\\/archives\\\/1020142#primaryimage\"},\"image\":{\"@id\":\"https:\\\/\\\/darkamazi.site\\\/archives\\\/1020142#primaryimage\"},\"thumbnailUrl\":\"https:\\\/\\\/darkamazi.site\\\/darka-content\\\/uploads\\\/2022\\\/07\\\/Rojava-hayalinde-sona-dogru-.jpg\",\"datePublished\":\"2022-07-17T06:06:30+00:00\",\"breadcrumb\":{\"@id\":\"https:\\\/\\\/darkamazi.site\\\/archives\\\/1020142#breadcrumb\"},\"inLanguage\":\"en-US\",\"potentialAction\":[{\"@type\":\"ReadAction\",\"target\":[\"https:\\\/\\\/darkamazi.site\\\/archives\\\/1020142\"]}]},{\"@type\":\"ImageObject\",\"inLanguage\":\"en-US\",\"@id\":\"https:\\\/\\\/darkamazi.site\\\/archives\\\/1020142#primaryimage\",\"url\":\"https:\\\/\\\/darkamazi.site\\\/darka-content\\\/uploads\\\/2022\\\/07\\\/Rojava-hayalinde-sona-dogru-.jpg\",\"contentUrl\":\"https:\\\/\\\/darkamazi.site\\\/darka-content\\\/uploads\\\/2022\\\/07\\\/Rojava-hayalinde-sona-dogru-.jpg\",\"width\":900,\"height\":497,\"caption\":\"K\u00fcrtler i\u00e7in Rojava devriminin sonuna m\u0131 gelindi?\"},{\"@type\":\"BreadcrumbList\",\"@id\":\"https:\\\/\\\/darkamazi.site\\\/archives\\\/1020142#breadcrumb\",\"itemListElement\":[{\"@type\":\"ListItem\",\"position\":1,\"name\":\"Home\",\"item\":\"https:\\\/\\\/darkamazi.site\\\/\"},{\"@type\":\"ListItem\",\"position\":2,\"name\":\"K\u00fcrtler, Rojava devriminin sonuna m\u0131 geldi?\"}]},{\"@type\":\"WebSite\",\"@id\":\"https:\\\/\\\/darkamazi.site\\\/#website\",\"url\":\"https:\\\/\\\/darkamazi.site\\\/\",\"name\":\"Darka Mazi\",\"description\":\"Ana Sayfa\",\"publisher\":{\"@id\":\"https:\\\/\\\/darkamazi.site\\\/#organization\"},\"potentialAction\":[{\"@type\":\"SearchAction\",\"target\":{\"@type\":\"EntryPoint\",\"urlTemplate\":\"https:\\\/\\\/darkamazi.site\\\/?s={search_term_string}\"},\"query-input\":{\"@type\":\"PropertyValueSpecification\",\"valueRequired\":true,\"valueName\":\"search_term_string\"}}],\"inLanguage\":\"en-US\"},{\"@type\":\"Organization\",\"@id\":\"https:\\\/\\\/darkamazi.site\\\/#organization\",\"name\":\"Darka Mazi T\u00fcrk\u00e7e\",\"alternateName\":\"Darka Mazi\",\"url\":\"https:\\\/\\\/darkamazi.site\\\/\",\"logo\":{\"@type\":\"ImageObject\",\"inLanguage\":\"en-US\",\"@id\":\"https:\\\/\\\/darkamazi.site\\\/#\\\/schema\\\/logo\\\/image\\\/\",\"url\":\"https:\\\/\\\/darkamazi.site\\\/darka-content\\\/uploads\\\/2017\\\/12\\\/darka-mazi-logo.png\",\"contentUrl\":\"https:\\\/\\\/darkamazi.site\\\/darka-content\\\/uploads\\\/2017\\\/12\\\/darka-mazi-logo.png\",\"width\":151,\"height\":75,\"caption\":\"Darka Mazi T\u00fcrk\u00e7e\"},\"image\":{\"@id\":\"https:\\\/\\\/darkamazi.site\\\/#\\\/schema\\\/logo\\\/image\\\/\"},\"sameAs\":[\"https:\\\/\\\/www.facebook.com\\\/DarkaMaziturkce\",\"https:\\\/\\\/x.com\\\/DarkaMaziTurkce\"]},{\"@type\":\"Person\",\"@id\":\"https:\\\/\\\/darkamazi.site\\\/#\\\/schema\\\/person\\\/67986a95ac546c16760365877ef4a9d3\",\"name\":\"darka mazi\",\"sameAs\":[\"https:\\\/\\\/darkamazi.site\"],\"url\":\"https:\\\/\\\/darkamazi.site\\\/archives\\\/author\\\/turkish\"}]}<\/script>\n<!-- \/ Yoast SEO plugin. -->","seo_head_json":{"title":"K\u00fcrtler, Rojava devriminin sonuna m\u0131 geldi? - Darka Mazi","robots":{"index":"index","follow":"follow","max-snippet":"max-snippet:-1","max-image-preview":"max-image-preview:large","max-video-preview":"max-video-preview:-1"},"canonical":"https:\/\/darkamazi.site\/archives\/1020142","og_locale":"en_US","og_type":"article","og_title":"K\u00fcrtler, Rojava devriminin sonuna m\u0131 geldi? - Darka Mazi","og_description":"Arap bahar\u0131 Ortado\u011fu halklar\u0131n\u0131n bir sonbahar\u0131 oldu. K\u00fcrtler i\u00e7in b\u00fcy\u00fck bir umutla ba\u015flayan bahar\u0131n sonunun nas\u0131l olaca\u011f\u0131 ise hala belirsiz. Fakat 2012 y\u0131l\u0131nda ba\u015flayan s\u00fcrecin K\u00fcrt men\u015feli \u00fcr\u00fcn\u00fc olan Rojava i\u00e7in tehlike \u00e7anlar\u0131 \u00e7al\u0131yor. Hem K\u00fcrdistan s\u00f6m\u00fcrgecilerinin hem de K\u00fcrtlerin yorum ve \u00e7izdi\u011fi yol haritalar\u0131na bak\u0131nca Rojava\u2019n\u0131n kaderinin nas\u0131l olaca\u011f\u0131 konusunda b\u00fcy\u00fck bir kayg\u0131 duymamak [&hellip;]","og_url":"https:\/\/darkamazi.site\/archives\/1020142","og_site_name":"Darka Mazi","article_publisher":"https:\/\/www.facebook.com\/DarkaMaziturkce","article_published_time":"2022-07-17T06:06:30+00:00","og_image":[{"width":900,"height":497,"url":"https:\/\/darkamazi.site\/file\/2022\/07\/Rojava-hayalinde-sona-dogru-.jpg","type":"image\/jpeg"}],"author":"darka mazi","twitter_card":"summary_large_image","twitter_creator":"@DarkaMaziTurkce","twitter_site":"@DarkaMaziTurkce","twitter_misc":{"Written by":"darka mazi","Est. reading time":"6 minutes"},"schema":{"@context":"https:\/\/schema.org","@graph":[{"@type":"NewsArticle","@id":"https:\/\/darkamazi.site\/archives\/1020142#article","isPartOf":{"@id":"https:\/\/darkamazi.site\/archives\/1020142"},"author":{"name":"darka mazi","@id":"https:\/\/darkamazi.site\/#\/schema\/person\/67986a95ac546c16760365877ef4a9d3"},"headline":"K\u00fcrtler, Rojava devriminin sonuna m\u0131 geldi?","datePublished":"2022-07-17T06:06:30+00:00","mainEntityOfPage":{"@id":"https:\/\/darkamazi.site\/archives\/1020142"},"wordCount":1284,"publisher":{"@id":"https:\/\/darkamazi.site\/#organization"},"image":{"@id":"https:\/\/darkamazi.site\/archives\/1020142#primaryimage"},"thumbnailUrl":"https:\/\/darkamazi.site\/file\/2022\/07\/Rojava-hayalinde-sona-dogru-.jpg","keywords":["\u00f6nemli"],"articleSection":["Edit\u00f6rden"],"inLanguage":"en-US"},{"@type":"WebPage","@id":"https:\/\/darkamazi.site\/archives\/1020142","url":"https:\/\/darkamazi.site\/archives\/1020142","name":"K\u00fcrtler, Rojava devriminin sonuna m\u0131 geldi? - Darka Mazi","isPartOf":{"@id":"https:\/\/darkamazi.site\/#website"},"primaryImageOfPage":{"@id":"https:\/\/darkamazi.site\/archives\/1020142#primaryimage"},"image":{"@id":"https:\/\/darkamazi.site\/archives\/1020142#primaryimage"},"thumbnailUrl":"https:\/\/darkamazi.site\/file\/2022\/07\/Rojava-hayalinde-sona-dogru-.jpg","datePublished":"2022-07-17T06:06:30+00:00","breadcrumb":{"@id":"https:\/\/darkamazi.site\/archives\/1020142#breadcrumb"},"inLanguage":"en-US","potentialAction":[{"@type":"ReadAction","target":["https:\/\/darkamazi.site\/archives\/1020142"]}]},{"@type":"ImageObject","inLanguage":"en-US","@id":"https:\/\/darkamazi.site\/archives\/1020142#primaryimage","url":"https:\/\/darkamazi.site\/file\/2022\/07\/Rojava-hayalinde-sona-dogru-.jpg","contentUrl":"https:\/\/darkamazi.site\/file\/2022\/07\/Rojava-hayalinde-sona-dogru-.jpg","width":900,"height":497,"caption":"K\u00fcrtler i\u00e7in Rojava devriminin sonuna m\u0131 gelindi?"},{"@type":"BreadcrumbList","@id":"https:\/\/darkamazi.site\/archives\/1020142#breadcrumb","itemListElement":[{"@type":"ListItem","position":1,"name":"Home","item":"https:\/\/darkamazi.site\/"},{"@type":"ListItem","position":2,"name":"K\u00fcrtler, Rojava devriminin sonuna m\u0131 geldi?"}]},{"@type":"WebSite","@id":"https:\/\/darkamazi.site\/#website","url":"https:\/\/darkamazi.site\/","name":"Darka Mazi","description":"Ana Sayfa","publisher":{"@id":"https:\/\/darkamazi.site\/#organization"},"potentialAction":[{"@type":"SearchAction","target":{"@type":"EntryPoint","urlTemplate":"https:\/\/darkamazi.site\/?s={search_term_string}"},"query-input":{"@type":"PropertyValueSpecification","valueRequired":true,"valueName":"search_term_string"}}],"inLanguage":"en-US"},{"@type":"Organization","@id":"https:\/\/darkamazi.site\/#organization","name":"Darka Mazi T\u00fcrk\u00e7e","alternateName":"Darka Mazi","url":"https:\/\/darkamazi.site\/","logo":{"@type":"ImageObject","inLanguage":"en-US","@id":"https:\/\/darkamazi.site\/#\/schema\/logo\/image\/","url":"https:\/\/darkamazi.site\/file\/2017\/12\/darka-mazi-logo.png","contentUrl":"https:\/\/darkamazi.site\/file\/2017\/12\/darka-mazi-logo.png","width":151,"height":75,"caption":"Darka Mazi T\u00fcrk\u00e7e"},"image":{"@id":"https:\/\/darkamazi.site\/#\/schema\/logo\/image\/"},"sameAs":["https:\/\/www.facebook.com\/DarkaMaziturkce","https:\/\/x.com\/DarkaMaziTurkce"]},{"@type":"Person","@id":"https:\/\/darkamazi.site\/#\/schema\/person\/67986a95ac546c16760365877ef4a9d3","name":"darka mazi","sameAs":["https:\/\/darkamazi.site"],"url":"https:\/\/darkamazi.site\/archives\/author\/turkish"}]}},"_links":{"self":[{"href":"https:\/\/darkamazi.site\/funavuv\/wp\/v2\/posts\/1020142","targetHints":{"allow":["GET"]}}],"collection":[{"href":"https:\/\/darkamazi.site\/funavuv\/wp\/v2\/posts"}],"about":[{"href":"https:\/\/darkamazi.site\/funavuv\/wp\/v2\/types\/post"}],"author":[{"embeddable":true,"href":"https:\/\/darkamazi.site\/funavuv\/wp\/v2\/users\/2"}],"replies":[{"embeddable":true,"href":"https:\/\/darkamazi.site\/funavuv\/wp\/v2\/comments?post=1020142"}],"version-history":[{"count":0,"href":"https:\/\/darkamazi.site\/funavuv\/wp\/v2\/posts\/1020142\/revisions"}],"wp:featuredmedia":[{"embeddable":true,"href":"https:\/\/darkamazi.site\/funavuv\/wp\/v2\/media\/1020143"}],"wp:attachment":[{"href":"https:\/\/darkamazi.site\/funavuv\/wp\/v2\/media?parent=1020142"}],"wp:term":[{"taxonomy":"category","embeddable":true,"href":"https:\/\/darkamazi.site\/funavuv\/wp\/v2\/categories?post=1020142"},{"taxonomy":"post_tag","embeddable":true,"href":"https:\/\/darkamazi.site\/funavuv\/wp\/v2\/tags?post=1020142"}],"curies":[{"name":"wp","href":"https:\/\/api.w.org\/{rel}","templated":true}]}}