{"id":1020341,"date":"2022-07-30T10:21:27","date_gmt":"2022-07-30T07:21:27","guid":{"rendered":"https:\/\/darkamazi.site\/?p=1020341"},"modified":"2022-07-30T10:21:27","modified_gmt":"2022-07-30T07:21:27","slug":"bagdat-sadr-yanlilari-yesil-bolgeye-girdi","status":"publish","type":"post","link":"https:\/\/darkamazi.site\/archives\/1020341","title":{"rendered":"Ba\u011fdat: Sadr yanl\u0131lar\u0131 Ye\u015fil B\u00f6lge&#8217;ye girdi"},"content":{"rendered":"<p style=\"text-align: justify\">Mukteda es-Sadr yanl\u0131lar\u0131, Irak\u2019\u0131n ba\u015fkenti Ba\u011fdat\u2019ta protesto g\u00f6sterisine ba\u015flad\u0131.<\/p>\n<p style=\"text-align: justify\">K24&#8217;\u00fcn haberine g\u00f6re, Sadr Hareketi lideri Mukteda es-Sadr yanl\u0131lar\u0131n\u0131n protesto g\u00f6sterisine ba\u015flad\u0131\u011f\u0131n\u0131 ve diplomatik temsilcilikler ile h\u00fck\u00fcmet kurumlar\u0131n\u0131n bulundu\u011fu Ye\u015fil B\u00f6lge\u2019ye girmeye \u00e7al\u0131\u015ft\u0131 ve girdi.<\/p>\n<p style=\"text-align: justify\">Ba\u011fdat\u2019ta tansiyonun y\u00fcksek oldu\u011funu aktaran muhabirimiz \u00e7ok say\u0131da g\u00fcvenlik g\u00fcc\u00fcn\u00fcn kentte teyakkuza ge\u00e7ti\u011fini bildirildi.<\/p>\n<p style=\"text-align: justify\">Sadr yanl\u0131lar\u0131,\u00a0\u015eii\u00a0taraflar\u0131n olu\u015fturdu\u011fu Koordinasyon \u00c7er\u00e7evesi\u2019nin aday g\u00f6sterdi\u011fi Muhammed \u015eiya es-Sudani\u2019nin ba\u015fbakanl\u0131\u011f\u0131na ve\u00a0Nuri Maliki\u2019ye kar\u015f\u0131 \u00e7\u0131k\u0131yor.<\/p>\n<p style=\"text-align: justify\">\u00d6te yandan Ammar el-Hekim liderli\u011findeki Ulusal Hikmet Hareketi\u2019nin ofisleri de g\u00f6stericilerin hedefi oldu. G\u00f6stericiler ofisleri basarak kapatt\u0131.<\/p>\n<p style=\"text-align: justify\">Sadr yanl\u0131lar\u0131 ge\u00e7ti\u011fimiz g\u00fcnlerde de Irak Parlamentosu\u2019na girmi\u015fti. Sadr\u2019\u0131n \u00e7a\u011fr\u0131s\u0131 \u00fczerine g\u00f6stericiler geri \u00e7ekilmi\u015fti.<\/p>\n<p style=\"text-align: justify\">G\u00f6stericilerin \u00e7ekilmesinin ard\u0131ndan Nuri Maliki Ye\u015fil B\u00f6lge\u2019de elinde silahla dola\u015farak poz vermi\u015fti.<\/p>\n","protected":false},"excerpt":{"rendered":"<p>Mukteda es-Sadr yanl\u0131lar\u0131, Irak\u2019\u0131n ba\u015fkenti Ba\u011fdat\u2019ta protesto g\u00f6sterisine ba\u015flad\u0131. K24&#8217;\u00fcn haberine g\u00f6re, Sadr Hareketi lideri Mukteda es-Sadr yanl\u0131lar\u0131n\u0131n protesto g\u00f6sterisine ba\u015flad\u0131\u011f\u0131n\u0131 ve diplomatik temsilcilikler ile h\u00fck\u00fcmet kurumlar\u0131n\u0131n bulundu\u011fu Ye\u015fil B\u00f6lge\u2019ye girmeye \u00e7al\u0131\u015ft\u0131 ve girdi. Ba\u011fdat\u2019ta tansiyonun y\u00fcksek oldu\u011funu aktaran muhabirimiz \u00e7ok say\u0131da g\u00fcvenlik g\u00fcc\u00fcn\u00fcn kentte teyakkuza ge\u00e7ti\u011fini bildirildi. Sadr yanl\u0131lar\u0131,\u00a0\u015eii\u00a0taraflar\u0131n olu\u015fturdu\u011fu Koordinasyon \u00c7er\u00e7evesi\u2019nin aday g\u00f6sterdi\u011fi [&hellip;]<\/p>\n","protected":false},"author":2,"featured_media":1020342,"comment_status":"closed","ping_status":"closed","sticky":false,"template":"","format":"standard","meta":{"footnotes":""},"categories":[3],"tags":[31],"class_list":["post-1020341","post","type-post","status-publish","format-standard","has-post-thumbnail","hentry","category-kurdistan","tag-onemli"],"blocksy_meta":[],"seo_head":"<!-- This site is optimized with the Yoast SEO plugin v27.5 - https:\/\/yoast.com\/product\/yoast-seo-wordpress\/ -->\n<title>Ba\u011fdat: Sadr yanl\u0131lar\u0131 Ye\u015fil B\u00f6lge&#039;ye girdi - Darka Mazi<\/title>\n<meta name=\"robots\" content=\"index, follow, max-snippet:-1, max-image-preview:large, max-video-preview:-1\" \/>\n<link rel=\"canonical\" href=\"https:\/\/darkamazi.site\/archives\/1020341\" \/>\n<meta property=\"og:locale\" content=\"en_US\" \/>\n<meta property=\"og:type\" content=\"article\" \/>\n<meta property=\"og:title\" content=\"Ba\u011fdat: Sadr yanl\u0131lar\u0131 Ye\u015fil B\u00f6lge&#039;ye girdi - Darka Mazi\" \/>\n<meta property=\"og:description\" content=\"Mukteda es-Sadr yanl\u0131lar\u0131, Irak\u2019\u0131n ba\u015fkenti Ba\u011fdat\u2019ta protesto g\u00f6sterisine ba\u015flad\u0131. K24&#8217;\u00fcn haberine g\u00f6re, Sadr Hareketi lideri Mukteda es-Sadr yanl\u0131lar\u0131n\u0131n protesto g\u00f6sterisine ba\u015flad\u0131\u011f\u0131n\u0131 ve diplomatik temsilcilikler ile h\u00fck\u00fcmet kurumlar\u0131n\u0131n bulundu\u011fu Ye\u015fil B\u00f6lge\u2019ye girmeye \u00e7al\u0131\u015ft\u0131 ve girdi. Ba\u011fdat\u2019ta tansiyonun y\u00fcksek oldu\u011funu aktaran muhabirimiz \u00e7ok say\u0131da g\u00fcvenlik g\u00fcc\u00fcn\u00fcn kentte teyakkuza ge\u00e7ti\u011fini bildirildi. Sadr yanl\u0131lar\u0131,\u00a0\u015eii\u00a0taraflar\u0131n olu\u015fturdu\u011fu Koordinasyon \u00c7er\u00e7evesi\u2019nin aday g\u00f6sterdi\u011fi [&hellip;]\" \/>\n<meta property=\"og:url\" content=\"https:\/\/darkamazi.site\/archives\/1020341\" \/>\n<meta property=\"og:site_name\" content=\"Darka Mazi\" \/>\n<meta property=\"article:publisher\" content=\"https:\/\/www.facebook.com\/DarkaMaziturkce\" \/>\n<meta property=\"article:published_time\" content=\"2022-07-30T07:21:27+00:00\" \/>\n<meta property=\"og:image\" content=\"https:\/\/darkamazi.site\/file\/2022\/07\/son-dakika-2-4.jpg\" \/>\n\t<meta property=\"og:image:width\" content=\"978\" \/>\n\t<meta property=\"og:image:height\" content=\"550\" \/>\n\t<meta property=\"og:image:type\" content=\"image\/jpeg\" \/>\n<meta name=\"author\" content=\"darka mazi\" \/>\n<meta name=\"twitter:card\" content=\"summary_large_image\" \/>\n<meta name=\"twitter:creator\" content=\"@DarkaMaziTurkce\" \/>\n<meta name=\"twitter:site\" content=\"@DarkaMaziTurkce\" \/>\n<meta name=\"twitter:label1\" content=\"Written by\" \/>\n\t<meta name=\"twitter:data1\" content=\"darka mazi\" \/>\n\t<meta name=\"twitter:label2\" content=\"Est. reading time\" \/>\n\t<meta name=\"twitter:data2\" content=\"1 minute\" \/>\n<script type=\"application\/ld+json\" class=\"seo-schema-graph\">{\"@context\":\"https:\\\/\\\/schema.org\",\"@graph\":[{\"@type\":\"NewsArticle\",\"@id\":\"https:\\\/\\\/darkamazi.site\\\/archives\\\/1020341#article\",\"isPartOf\":{\"@id\":\"https:\\\/\\\/darkamazi.site\\\/archives\\\/1020341\"},\"author\":{\"name\":\"darka mazi\",\"@id\":\"https:\\\/\\\/darkamazi.site\\\/#\\\/schema\\\/person\\\/67986a95ac546c16760365877ef4a9d3\"},\"headline\":\"Ba\u011fdat: Sadr yanl\u0131lar\u0131 Ye\u015fil B\u00f6lge&#8217;ye girdi\",\"datePublished\":\"2022-07-30T07:21:27+00:00\",\"mainEntityOfPage\":{\"@id\":\"https:\\\/\\\/darkamazi.site\\\/archives\\\/1020341\"},\"wordCount\":190,\"publisher\":{\"@id\":\"https:\\\/\\\/darkamazi.site\\\/#organization\"},\"image\":{\"@id\":\"https:\\\/\\\/darkamazi.site\\\/archives\\\/1020341#primaryimage\"},\"thumbnailUrl\":\"https:\\\/\\\/darkamazi.site\\\/darka-content\\\/uploads\\\/2022\\\/07\\\/son-dakika-2-4.jpg\",\"keywords\":[\"\u00f6nemli\"],\"articleSection\":[\"Kurdistan\"],\"inLanguage\":\"en-US\"},{\"@type\":\"WebPage\",\"@id\":\"https:\\\/\\\/darkamazi.site\\\/archives\\\/1020341\",\"url\":\"https:\\\/\\\/darkamazi.site\\\/archives\\\/1020341\",\"name\":\"Ba\u011fdat: Sadr yanl\u0131lar\u0131 Ye\u015fil B\u00f6lge'ye girdi - Darka Mazi\",\"isPartOf\":{\"@id\":\"https:\\\/\\\/darkamazi.site\\\/#website\"},\"primaryImageOfPage\":{\"@id\":\"https:\\\/\\\/darkamazi.site\\\/archives\\\/1020341#primaryimage\"},\"image\":{\"@id\":\"https:\\\/\\\/darkamazi.site\\\/archives\\\/1020341#primaryimage\"},\"thumbnailUrl\":\"https:\\\/\\\/darkamazi.site\\\/darka-content\\\/uploads\\\/2022\\\/07\\\/son-dakika-2-4.jpg\",\"datePublished\":\"2022-07-30T07:21:27+00:00\",\"breadcrumb\":{\"@id\":\"https:\\\/\\\/darkamazi.site\\\/archives\\\/1020341#breadcrumb\"},\"inLanguage\":\"en-US\",\"potentialAction\":[{\"@type\":\"ReadAction\",\"target\":[\"https:\\\/\\\/darkamazi.site\\\/archives\\\/1020341\"]}]},{\"@type\":\"ImageObject\",\"inLanguage\":\"en-US\",\"@id\":\"https:\\\/\\\/darkamazi.site\\\/archives\\\/1020341#primaryimage\",\"url\":\"https:\\\/\\\/darkamazi.site\\\/darka-content\\\/uploads\\\/2022\\\/07\\\/son-dakika-2-4.jpg\",\"contentUrl\":\"https:\\\/\\\/darkamazi.site\\\/darka-content\\\/uploads\\\/2022\\\/07\\\/son-dakika-2-4.jpg\",\"width\":978,\"height\":550,\"caption\":\"Ba\u011fdat: Sadr yanl\u0131lar\u0131 Ye\u015fil B\u00f6lge'ye girdi\"},{\"@type\":\"BreadcrumbList\",\"@id\":\"https:\\\/\\\/darkamazi.site\\\/archives\\\/1020341#breadcrumb\",\"itemListElement\":[{\"@type\":\"ListItem\",\"position\":1,\"name\":\"Home\",\"item\":\"https:\\\/\\\/darkamazi.site\\\/\"},{\"@type\":\"ListItem\",\"position\":2,\"name\":\"Ba\u011fdat: Sadr yanl\u0131lar\u0131 Ye\u015fil B\u00f6lge&#8217;ye girdi\"}]},{\"@type\":\"WebSite\",\"@id\":\"https:\\\/\\\/darkamazi.site\\\/#website\",\"url\":\"https:\\\/\\\/darkamazi.site\\\/\",\"name\":\"Darka Mazi\",\"description\":\"Ana Sayfa\",\"publisher\":{\"@id\":\"https:\\\/\\\/darkamazi.site\\\/#organization\"},\"potentialAction\":[{\"@type\":\"SearchAction\",\"target\":{\"@type\":\"EntryPoint\",\"urlTemplate\":\"https:\\\/\\\/darkamazi.site\\\/?s={search_term_string}\"},\"query-input\":{\"@type\":\"PropertyValueSpecification\",\"valueRequired\":true,\"valueName\":\"search_term_string\"}}],\"inLanguage\":\"en-US\"},{\"@type\":\"Organization\",\"@id\":\"https:\\\/\\\/darkamazi.site\\\/#organization\",\"name\":\"Darka Mazi T\u00fcrk\u00e7e\",\"alternateName\":\"Darka Mazi\",\"url\":\"https:\\\/\\\/darkamazi.site\\\/\",\"logo\":{\"@type\":\"ImageObject\",\"inLanguage\":\"en-US\",\"@id\":\"https:\\\/\\\/darkamazi.site\\\/#\\\/schema\\\/logo\\\/image\\\/\",\"url\":\"https:\\\/\\\/darkamazi.site\\\/darka-content\\\/uploads\\\/2017\\\/12\\\/darka-mazi-logo.png\",\"contentUrl\":\"https:\\\/\\\/darkamazi.site\\\/darka-content\\\/uploads\\\/2017\\\/12\\\/darka-mazi-logo.png\",\"width\":151,\"height\":75,\"caption\":\"Darka Mazi T\u00fcrk\u00e7e\"},\"image\":{\"@id\":\"https:\\\/\\\/darkamazi.site\\\/#\\\/schema\\\/logo\\\/image\\\/\"},\"sameAs\":[\"https:\\\/\\\/www.facebook.com\\\/DarkaMaziturkce\",\"https:\\\/\\\/x.com\\\/DarkaMaziTurkce\"]},{\"@type\":\"Person\",\"@id\":\"https:\\\/\\\/darkamazi.site\\\/#\\\/schema\\\/person\\\/67986a95ac546c16760365877ef4a9d3\",\"name\":\"darka mazi\",\"sameAs\":[\"https:\\\/\\\/darkamazi.site\"],\"url\":\"https:\\\/\\\/darkamazi.site\\\/archives\\\/author\\\/turkish\"}]}<\/script>\n<!-- \/ Yoast SEO plugin. -->","seo_head_json":{"title":"Ba\u011fdat: Sadr yanl\u0131lar\u0131 Ye\u015fil B\u00f6lge'ye girdi - Darka Mazi","robots":{"index":"index","follow":"follow","max-snippet":"max-snippet:-1","max-image-preview":"max-image-preview:large","max-video-preview":"max-video-preview:-1"},"canonical":"https:\/\/darkamazi.site\/archives\/1020341","og_locale":"en_US","og_type":"article","og_title":"Ba\u011fdat: Sadr yanl\u0131lar\u0131 Ye\u015fil B\u00f6lge'ye girdi - Darka Mazi","og_description":"Mukteda es-Sadr yanl\u0131lar\u0131, Irak\u2019\u0131n ba\u015fkenti Ba\u011fdat\u2019ta protesto g\u00f6sterisine ba\u015flad\u0131. K24&#8217;\u00fcn haberine g\u00f6re, Sadr Hareketi lideri Mukteda es-Sadr yanl\u0131lar\u0131n\u0131n protesto g\u00f6sterisine ba\u015flad\u0131\u011f\u0131n\u0131 ve diplomatik temsilcilikler ile h\u00fck\u00fcmet kurumlar\u0131n\u0131n bulundu\u011fu Ye\u015fil B\u00f6lge\u2019ye girmeye \u00e7al\u0131\u015ft\u0131 ve girdi. Ba\u011fdat\u2019ta tansiyonun y\u00fcksek oldu\u011funu aktaran muhabirimiz \u00e7ok say\u0131da g\u00fcvenlik g\u00fcc\u00fcn\u00fcn kentte teyakkuza ge\u00e7ti\u011fini bildirildi. Sadr yanl\u0131lar\u0131,\u00a0\u015eii\u00a0taraflar\u0131n olu\u015fturdu\u011fu Koordinasyon \u00c7er\u00e7evesi\u2019nin aday g\u00f6sterdi\u011fi [&hellip;]","og_url":"https:\/\/darkamazi.site\/archives\/1020341","og_site_name":"Darka Mazi","article_publisher":"https:\/\/www.facebook.com\/DarkaMaziturkce","article_published_time":"2022-07-30T07:21:27+00:00","og_image":[{"width":978,"height":550,"url":"https:\/\/darkamazi.site\/file\/2022\/07\/son-dakika-2-4.jpg","type":"image\/jpeg"}],"author":"darka mazi","twitter_card":"summary_large_image","twitter_creator":"@DarkaMaziTurkce","twitter_site":"@DarkaMaziTurkce","twitter_misc":{"Written by":"darka mazi","Est. reading time":"1 minute"},"schema":{"@context":"https:\/\/schema.org","@graph":[{"@type":"NewsArticle","@id":"https:\/\/darkamazi.site\/archives\/1020341#article","isPartOf":{"@id":"https:\/\/darkamazi.site\/archives\/1020341"},"author":{"name":"darka mazi","@id":"https:\/\/darkamazi.site\/#\/schema\/person\/67986a95ac546c16760365877ef4a9d3"},"headline":"Ba\u011fdat: Sadr yanl\u0131lar\u0131 Ye\u015fil B\u00f6lge&#8217;ye girdi","datePublished":"2022-07-30T07:21:27+00:00","mainEntityOfPage":{"@id":"https:\/\/darkamazi.site\/archives\/1020341"},"wordCount":190,"publisher":{"@id":"https:\/\/darkamazi.site\/#organization"},"image":{"@id":"https:\/\/darkamazi.site\/archives\/1020341#primaryimage"},"thumbnailUrl":"https:\/\/darkamazi.site\/file\/2022\/07\/son-dakika-2-4.jpg","keywords":["\u00f6nemli"],"articleSection":["Kurdistan"],"inLanguage":"en-US"},{"@type":"WebPage","@id":"https:\/\/darkamazi.site\/archives\/1020341","url":"https:\/\/darkamazi.site\/archives\/1020341","name":"Ba\u011fdat: Sadr yanl\u0131lar\u0131 Ye\u015fil B\u00f6lge'ye girdi - Darka Mazi","isPartOf":{"@id":"https:\/\/darkamazi.site\/#website"},"primaryImageOfPage":{"@id":"https:\/\/darkamazi.site\/archives\/1020341#primaryimage"},"image":{"@id":"https:\/\/darkamazi.site\/archives\/1020341#primaryimage"},"thumbnailUrl":"https:\/\/darkamazi.site\/file\/2022\/07\/son-dakika-2-4.jpg","datePublished":"2022-07-30T07:21:27+00:00","breadcrumb":{"@id":"https:\/\/darkamazi.site\/archives\/1020341#breadcrumb"},"inLanguage":"en-US","potentialAction":[{"@type":"ReadAction","target":["https:\/\/darkamazi.site\/archives\/1020341"]}]},{"@type":"ImageObject","inLanguage":"en-US","@id":"https:\/\/darkamazi.site\/archives\/1020341#primaryimage","url":"https:\/\/darkamazi.site\/file\/2022\/07\/son-dakika-2-4.jpg","contentUrl":"https:\/\/darkamazi.site\/file\/2022\/07\/son-dakika-2-4.jpg","width":978,"height":550,"caption":"Ba\u011fdat: Sadr yanl\u0131lar\u0131 Ye\u015fil B\u00f6lge'ye girdi"},{"@type":"BreadcrumbList","@id":"https:\/\/darkamazi.site\/archives\/1020341#breadcrumb","itemListElement":[{"@type":"ListItem","position":1,"name":"Home","item":"https:\/\/darkamazi.site\/"},{"@type":"ListItem","position":2,"name":"Ba\u011fdat: Sadr yanl\u0131lar\u0131 Ye\u015fil B\u00f6lge&#8217;ye girdi"}]},{"@type":"WebSite","@id":"https:\/\/darkamazi.site\/#website","url":"https:\/\/darkamazi.site\/","name":"Darka Mazi","description":"Ana Sayfa","publisher":{"@id":"https:\/\/darkamazi.site\/#organization"},"potentialAction":[{"@type":"SearchAction","target":{"@type":"EntryPoint","urlTemplate":"https:\/\/darkamazi.site\/?s={search_term_string}"},"query-input":{"@type":"PropertyValueSpecification","valueRequired":true,"valueName":"search_term_string"}}],"inLanguage":"en-US"},{"@type":"Organization","@id":"https:\/\/darkamazi.site\/#organization","name":"Darka Mazi T\u00fcrk\u00e7e","alternateName":"Darka Mazi","url":"https:\/\/darkamazi.site\/","logo":{"@type":"ImageObject","inLanguage":"en-US","@id":"https:\/\/darkamazi.site\/#\/schema\/logo\/image\/","url":"https:\/\/darkamazi.site\/file\/2017\/12\/darka-mazi-logo.png","contentUrl":"https:\/\/darkamazi.site\/file\/2017\/12\/darka-mazi-logo.png","width":151,"height":75,"caption":"Darka Mazi T\u00fcrk\u00e7e"},"image":{"@id":"https:\/\/darkamazi.site\/#\/schema\/logo\/image\/"},"sameAs":["https:\/\/www.facebook.com\/DarkaMaziturkce","https:\/\/x.com\/DarkaMaziTurkce"]},{"@type":"Person","@id":"https:\/\/darkamazi.site\/#\/schema\/person\/67986a95ac546c16760365877ef4a9d3","name":"darka mazi","sameAs":["https:\/\/darkamazi.site"],"url":"https:\/\/darkamazi.site\/archives\/author\/turkish"}]}},"_links":{"self":[{"href":"https:\/\/darkamazi.site\/funavuv\/wp\/v2\/posts\/1020341","targetHints":{"allow":["GET"]}}],"collection":[{"href":"https:\/\/darkamazi.site\/funavuv\/wp\/v2\/posts"}],"about":[{"href":"https:\/\/darkamazi.site\/funavuv\/wp\/v2\/types\/post"}],"author":[{"embeddable":true,"href":"https:\/\/darkamazi.site\/funavuv\/wp\/v2\/users\/2"}],"replies":[{"embeddable":true,"href":"https:\/\/darkamazi.site\/funavuv\/wp\/v2\/comments?post=1020341"}],"version-history":[{"count":0,"href":"https:\/\/darkamazi.site\/funavuv\/wp\/v2\/posts\/1020341\/revisions"}],"wp:featuredmedia":[{"embeddable":true,"href":"https:\/\/darkamazi.site\/funavuv\/wp\/v2\/media\/1020342"}],"wp:attachment":[{"href":"https:\/\/darkamazi.site\/funavuv\/wp\/v2\/media?parent=1020341"}],"wp:term":[{"taxonomy":"category","embeddable":true,"href":"https:\/\/darkamazi.site\/funavuv\/wp\/v2\/categories?post=1020341"},{"taxonomy":"post_tag","embeddable":true,"href":"https:\/\/darkamazi.site\/funavuv\/wp\/v2\/tags?post=1020341"}],"curies":[{"name":"wp","href":"https:\/\/api.w.org\/{rel}","templated":true}]}}