{"id":1020358,"date":"2022-07-30T19:50:35","date_gmt":"2022-07-30T16:50:35","guid":{"rendered":"https:\/\/darkamazi.site\/?p=1020358"},"modified":"2022-07-30T19:50:35","modified_gmt":"2022-07-30T16:50:35","slug":"barzan-enfalinde-sehit-edilen-100-kurbanin-kalintilari-erbile-getirildi","status":"publish","type":"post","link":"https:\/\/darkamazi.site\/archives\/1020358","title":{"rendered":"Barzan Enfalinde \u015fehit edilen 100 kurban\u0131n kal\u0131nt\u0131lar\u0131 Erbil&#8217;e getirildi"},"content":{"rendered":"<p style=\"text-align: justify\">Barzan Enfalinde \u015fehit edilen 100 kurban\u0131n kal\u0131nt\u0131lar\u0131 bug\u00fcn Ba\u011fdat\u2019tan Erbil\u2019e getiriliyor. Kurbanlar\u0131n Barzan&#8217;da d\u00fczenlenecek t\u00f6renle topra\u011fa verilece\u011fi bildirildi.<\/p>\n<p style=\"text-align: justify\">Baas rejimi taraf\u0131ndan K\u00fcrtlere kar\u015f\u0131 ba\u015flatt\u0131\u011f\u0131 Enfal\u2019in ilk halkas\u0131 olarak kabul edilen 1983\u2019te ba\u015flayan Barzan Enfali\u2019nde 8 bin Barzan erke\u011fi Arap \u00e7\u00f6llerinde katledildi.<\/p>\n<p style=\"text-align: justify\">Bug\u00fcn kurbanlara ait 100 cenaze Ba\u011fdat\u2019tan Erbil\u2019e getiriliyor.<\/p>\n<p style=\"text-align: justify\">R\u00fbdaw\u2019a konu\u015fan Mergesor Kaymakam\u0131 Xefur Ahmed Siwar, Barzan \u015fehitlerinin cenazelerinin yar\u0131n Enfal&#8217;in y\u0131ld\u00f6n\u00fcm\u00fcnde Barzan\u2019da d\u00fczenlenecek t\u00f6renle defnedilece\u011fini s\u00f6yledi.<\/p>\n<p style=\"text-align: justify\">R\u00fbdaw\u2019\u0131n edindi\u011fi bilgilere g\u00f6re Erbil Uluslararas\u0131 Havaalan\u0131\u2019nda Ba\u015fkan Mesud Barzani, K\u00fcrdistan B\u00f6lgesi Ba\u015fkan\u0131 Ne\u00e7irvan Barzani, Ba\u015fbakan Mesrur Barzani, Parlamento Ba\u015fkan\u0131 Rewas Fayiq ve \u00e7ok say\u0131da yetkilinin kat\u0131l\u0131m\u0131yla d\u00fczenlenecek t\u00f6rende cenazeler kar\u015f\u0131lanacak.<\/p>\n<p style=\"text-align: justify\">Daha sonra Barzan b\u00f6lgesindeki Enfal \u015eehitli\u011fi\u2019nde d\u00fczenlenen t\u00f6renle topra\u011fa verilecek.<\/p>\n<p style=\"text-align: justify\">Barzan \u015fehitlerine ait toplu mezar Irak\u2019\u0131n g\u00fcneyindeki Erar b\u00f6lgesinde bulunmu\u015ftu.<\/p>\n<p style=\"text-align: justify\">Barzani Enfali\u2019nde 8 bin ki\u015fi katledilmesine ra\u011fmen bug\u00fcne kadar 596 kurban\u0131n kal\u0131nt\u0131lar\u0131na ula\u015f\u0131lm\u0131\u015ft\u0131.<br \/>\n2005 y\u0131l\u0131nda Semave \u00e7\u00f6l\u00fcnde 503 Barzani Enfali kurban\u0131n kal\u0131nt\u0131lar\u0131na ula\u015f\u0131lm\u0131\u015ft\u0131. 2014 y\u0131l\u0131nda 93 kurban\u0131n kal\u0131nt\u0131lar\u0131 K\u00fcrdistan\u2019a ula\u015ft\u0131. Yeni bulunan 100 kurban\u0131n kal\u0131nt\u0131s\u0131yla birlikte 996 kurban\u0131n kal\u0131nt\u0131s\u0131na ula\u015f\u0131lm\u0131\u015f oldu. Ancak 7 binin \u00fczerinde kurban\u0131n kal\u0131nt\u0131lar\u0131na hala ula\u015f\u0131lamad\u0131.<br \/>\nIrak \u00e7\u00f6llerinde yap\u0131lan \u00e7al\u0131\u015fmlarda Baas rejimi d\u00f6nemine ait 100 toplu mezar daha bulundu.<\/p>\n<p style=\"text-align: justify\"><strong>Barzan Enfali<\/strong><\/p>\n<p style=\"text-align: justify\">Saddam H\u00fcseyin liderli\u011findeki Baas rejimi, 31 Temmuz 1983\u2019te, Ku\u015ftepe, Behrike, Diyana ve Harir\u2019deki zorunlu kapmlarda tuttu\u011fu Barzani a\u015firetinden ya\u015flar\u0131 10 ile 85 aras\u0131nda 8 bin erke\u011fi ayn\u0131 g\u00fcn g\u00f6zalt\u0131na ald\u0131.<\/p>\n<p style=\"text-align: justify\">\u201cKerk\u00fck\u2019te toplant\u0131ya g\u00f6t\u00fcr\u00fclecekleri\u201d belirtilen bu insanlar Topzawa ve Irak\u2019\u0131n g\u00fcneyindeki Musenna kentine ba\u011fl\u0131 Nugreselman ve Erer \u00e7\u00f6llerine g\u00f6t\u00fcr\u00fclerek canl\u0131 canl\u0131 topra\u011fa g\u00f6m\u00fcld\u00fc.<\/p>\n<p style=\"text-align: justify\">Ard\u0131ndan 1988 y\u0131l\u0131nda ba\u015flat\u0131lan ve 8 a\u015famada devam eden Enfal S\u0131yk\u0131r\u0131m\u0131 s\u00fcrecinde 182 bin K\u00fcrt daha toplu olarak Irak\u2019\u0131n g\u00fcndeyindeki \u00e7\u00f6llere g\u00f6t\u00fcr\u00fclerek katledildi.<\/p>\n<p style=\"text-align: justify\">2011 y\u0131l\u0131nda Irak Y\u00fcksek Ceza Mahkemesi, Barzanilere kar\u015f\u0131 uygulanan bu katliam\u0131n \u201csoyk\u0131r\u0131m\u201d oldu\u011funa, hem sava\u015f su\u00e7u ve hem de insanl\u0131\u011fa kar\u015f\u0131 i\u015flenmi\u015f bir su\u00e7 oldu\u011funa karar verdi.<\/p>\n","protected":false},"excerpt":{"rendered":"<p>Barzan Enfalinde \u015fehit edilen 100 kurban\u0131n kal\u0131nt\u0131lar\u0131 bug\u00fcn Ba\u011fdat\u2019tan Erbil\u2019e getiriliyor. Kurbanlar\u0131n Barzan&#8217;da d\u00fczenlenecek t\u00f6renle topra\u011fa verilece\u011fi bildirildi. Baas rejimi taraf\u0131ndan K\u00fcrtlere kar\u015f\u0131 ba\u015flatt\u0131\u011f\u0131 Enfal\u2019in ilk halkas\u0131 olarak kabul edilen 1983\u2019te ba\u015flayan Barzan Enfali\u2019nde 8 bin Barzan erke\u011fi Arap \u00e7\u00f6llerinde katledildi. Bug\u00fcn kurbanlara ait 100 cenaze Ba\u011fdat\u2019tan Erbil\u2019e getiriliyor. R\u00fbdaw\u2019a konu\u015fan Mergesor Kaymakam\u0131 Xefur Ahmed [&hellip;]<\/p>\n","protected":false},"author":2,"featured_media":1020359,"comment_status":"closed","ping_status":"closed","sticky":false,"template":"","format":"standard","meta":{"footnotes":""},"categories":[3],"tags":[],"class_list":["post-1020358","post","type-post","status-publish","format-standard","has-post-thumbnail","hentry","category-kurdistan"],"blocksy_meta":[],"seo_head":"<!-- This site is optimized with the Yoast SEO plugin v27.5 - https:\/\/yoast.com\/product\/yoast-seo-wordpress\/ -->\n<title>Barzan Enfalinde \u015fehit edilen 100 kurban\u0131n kal\u0131nt\u0131lar\u0131 Erbil&#039;e getirildi - Darka Mazi<\/title>\n<meta name=\"robots\" content=\"index, follow, max-snippet:-1, max-image-preview:large, max-video-preview:-1\" \/>\n<link rel=\"canonical\" href=\"https:\/\/darkamazi.site\/archives\/1020358\" \/>\n<meta property=\"og:locale\" content=\"en_US\" \/>\n<meta property=\"og:type\" content=\"article\" \/>\n<meta property=\"og:title\" content=\"Barzan Enfalinde \u015fehit edilen 100 kurban\u0131n kal\u0131nt\u0131lar\u0131 Erbil&#039;e getirildi - Darka Mazi\" \/>\n<meta property=\"og:description\" content=\"Barzan Enfalinde \u015fehit edilen 100 kurban\u0131n kal\u0131nt\u0131lar\u0131 bug\u00fcn Ba\u011fdat\u2019tan Erbil\u2019e getiriliyor. Kurbanlar\u0131n Barzan&#8217;da d\u00fczenlenecek t\u00f6renle topra\u011fa verilece\u011fi bildirildi. Baas rejimi taraf\u0131ndan K\u00fcrtlere kar\u015f\u0131 ba\u015flatt\u0131\u011f\u0131 Enfal\u2019in ilk halkas\u0131 olarak kabul edilen 1983\u2019te ba\u015flayan Barzan Enfali\u2019nde 8 bin Barzan erke\u011fi Arap \u00e7\u00f6llerinde katledildi. Bug\u00fcn kurbanlara ait 100 cenaze Ba\u011fdat\u2019tan Erbil\u2019e getiriliyor. R\u00fbdaw\u2019a konu\u015fan Mergesor Kaymakam\u0131 Xefur Ahmed [&hellip;]\" \/>\n<meta property=\"og:url\" content=\"https:\/\/darkamazi.site\/archives\/1020358\" \/>\n<meta property=\"og:site_name\" content=\"Darka Mazi\" \/>\n<meta property=\"article:publisher\" content=\"https:\/\/www.facebook.com\/DarkaMaziturkce\" \/>\n<meta property=\"article:published_time\" content=\"2022-07-30T16:50:35+00:00\" \/>\n<meta property=\"og:image\" content=\"https:\/\/darkamazi.site\/file\/2022\/07\/Kurtler.jpg\" \/>\n\t<meta property=\"og:image:width\" content=\"900\" \/>\n\t<meta property=\"og:image:height\" content=\"497\" \/>\n\t<meta property=\"og:image:type\" content=\"image\/jpeg\" \/>\n<meta name=\"author\" content=\"darka mazi\" \/>\n<meta name=\"twitter:card\" content=\"summary_large_image\" \/>\n<meta name=\"twitter:creator\" content=\"@DarkaMaziTurkce\" \/>\n<meta name=\"twitter:site\" content=\"@DarkaMaziTurkce\" \/>\n<meta name=\"twitter:label1\" content=\"Written by\" \/>\n\t<meta name=\"twitter:data1\" content=\"darka mazi\" \/>\n\t<meta name=\"twitter:label2\" content=\"Est. reading time\" \/>\n\t<meta name=\"twitter:data2\" content=\"2 minutes\" \/>\n<script type=\"application\/ld+json\" class=\"seo-schema-graph\">{\"@context\":\"https:\\\/\\\/schema.org\",\"@graph\":[{\"@type\":\"NewsArticle\",\"@id\":\"https:\\\/\\\/darkamazi.site\\\/archives\\\/1020358#article\",\"isPartOf\":{\"@id\":\"https:\\\/\\\/darkamazi.site\\\/archives\\\/1020358\"},\"author\":{\"name\":\"darka mazi\",\"@id\":\"https:\\\/\\\/darkamazi.site\\\/#\\\/schema\\\/person\\\/67986a95ac546c16760365877ef4a9d3\"},\"headline\":\"Barzan Enfalinde \u015fehit edilen 100 kurban\u0131n kal\u0131nt\u0131lar\u0131 Erbil&#8217;e getirildi\",\"datePublished\":\"2022-07-30T16:50:35+00:00\",\"mainEntityOfPage\":{\"@id\":\"https:\\\/\\\/darkamazi.site\\\/archives\\\/1020358\"},\"wordCount\":440,\"publisher\":{\"@id\":\"https:\\\/\\\/darkamazi.site\\\/#organization\"},\"image\":{\"@id\":\"https:\\\/\\\/darkamazi.site\\\/archives\\\/1020358#primaryimage\"},\"thumbnailUrl\":\"https:\\\/\\\/darkamazi.site\\\/darka-content\\\/uploads\\\/2022\\\/07\\\/Kurtler.jpg\",\"articleSection\":[\"Kurdistan\"],\"inLanguage\":\"en-US\"},{\"@type\":\"WebPage\",\"@id\":\"https:\\\/\\\/darkamazi.site\\\/archives\\\/1020358\",\"url\":\"https:\\\/\\\/darkamazi.site\\\/archives\\\/1020358\",\"name\":\"Barzan Enfalinde \u015fehit edilen 100 kurban\u0131n kal\u0131nt\u0131lar\u0131 Erbil'e getirildi - Darka Mazi\",\"isPartOf\":{\"@id\":\"https:\\\/\\\/darkamazi.site\\\/#website\"},\"primaryImageOfPage\":{\"@id\":\"https:\\\/\\\/darkamazi.site\\\/archives\\\/1020358#primaryimage\"},\"image\":{\"@id\":\"https:\\\/\\\/darkamazi.site\\\/archives\\\/1020358#primaryimage\"},\"thumbnailUrl\":\"https:\\\/\\\/darkamazi.site\\\/darka-content\\\/uploads\\\/2022\\\/07\\\/Kurtler.jpg\",\"datePublished\":\"2022-07-30T16:50:35+00:00\",\"breadcrumb\":{\"@id\":\"https:\\\/\\\/darkamazi.site\\\/archives\\\/1020358#breadcrumb\"},\"inLanguage\":\"en-US\",\"potentialAction\":[{\"@type\":\"ReadAction\",\"target\":[\"https:\\\/\\\/darkamazi.site\\\/archives\\\/1020358\"]}]},{\"@type\":\"ImageObject\",\"inLanguage\":\"en-US\",\"@id\":\"https:\\\/\\\/darkamazi.site\\\/archives\\\/1020358#primaryimage\",\"url\":\"https:\\\/\\\/darkamazi.site\\\/darka-content\\\/uploads\\\/2022\\\/07\\\/Kurtler.jpg\",\"contentUrl\":\"https:\\\/\\\/darkamazi.site\\\/darka-content\\\/uploads\\\/2022\\\/07\\\/Kurtler.jpg\",\"width\":900,\"height\":497,\"caption\":\"Barzan Enfalinde \u015fehit edilen 100 kurban\u0131n kal\u0131nt\u0131lar\u0131 Erbil'e getirildi\"},{\"@type\":\"BreadcrumbList\",\"@id\":\"https:\\\/\\\/darkamazi.site\\\/archives\\\/1020358#breadcrumb\",\"itemListElement\":[{\"@type\":\"ListItem\",\"position\":1,\"name\":\"Home\",\"item\":\"https:\\\/\\\/darkamazi.site\\\/\"},{\"@type\":\"ListItem\",\"position\":2,\"name\":\"Barzan Enfalinde \u015fehit edilen 100 kurban\u0131n kal\u0131nt\u0131lar\u0131 Erbil&#8217;e getirildi\"}]},{\"@type\":\"WebSite\",\"@id\":\"https:\\\/\\\/darkamazi.site\\\/#website\",\"url\":\"https:\\\/\\\/darkamazi.site\\\/\",\"name\":\"Darka Mazi\",\"description\":\"Ana Sayfa\",\"publisher\":{\"@id\":\"https:\\\/\\\/darkamazi.site\\\/#organization\"},\"potentialAction\":[{\"@type\":\"SearchAction\",\"target\":{\"@type\":\"EntryPoint\",\"urlTemplate\":\"https:\\\/\\\/darkamazi.site\\\/?s={search_term_string}\"},\"query-input\":{\"@type\":\"PropertyValueSpecification\",\"valueRequired\":true,\"valueName\":\"search_term_string\"}}],\"inLanguage\":\"en-US\"},{\"@type\":\"Organization\",\"@id\":\"https:\\\/\\\/darkamazi.site\\\/#organization\",\"name\":\"Darka Mazi T\u00fcrk\u00e7e\",\"alternateName\":\"Darka Mazi\",\"url\":\"https:\\\/\\\/darkamazi.site\\\/\",\"logo\":{\"@type\":\"ImageObject\",\"inLanguage\":\"en-US\",\"@id\":\"https:\\\/\\\/darkamazi.site\\\/#\\\/schema\\\/logo\\\/image\\\/\",\"url\":\"https:\\\/\\\/darkamazi.site\\\/darka-content\\\/uploads\\\/2017\\\/12\\\/darka-mazi-logo.png\",\"contentUrl\":\"https:\\\/\\\/darkamazi.site\\\/darka-content\\\/uploads\\\/2017\\\/12\\\/darka-mazi-logo.png\",\"width\":151,\"height\":75,\"caption\":\"Darka Mazi T\u00fcrk\u00e7e\"},\"image\":{\"@id\":\"https:\\\/\\\/darkamazi.site\\\/#\\\/schema\\\/logo\\\/image\\\/\"},\"sameAs\":[\"https:\\\/\\\/www.facebook.com\\\/DarkaMaziturkce\",\"https:\\\/\\\/x.com\\\/DarkaMaziTurkce\"]},{\"@type\":\"Person\",\"@id\":\"https:\\\/\\\/darkamazi.site\\\/#\\\/schema\\\/person\\\/67986a95ac546c16760365877ef4a9d3\",\"name\":\"darka mazi\",\"sameAs\":[\"https:\\\/\\\/darkamazi.site\"],\"url\":\"https:\\\/\\\/darkamazi.site\\\/archives\\\/author\\\/turkish\"}]}<\/script>\n<!-- \/ Yoast SEO plugin. -->","seo_head_json":{"title":"Barzan Enfalinde \u015fehit edilen 100 kurban\u0131n kal\u0131nt\u0131lar\u0131 Erbil'e getirildi - Darka Mazi","robots":{"index":"index","follow":"follow","max-snippet":"max-snippet:-1","max-image-preview":"max-image-preview:large","max-video-preview":"max-video-preview:-1"},"canonical":"https:\/\/darkamazi.site\/archives\/1020358","og_locale":"en_US","og_type":"article","og_title":"Barzan Enfalinde \u015fehit edilen 100 kurban\u0131n kal\u0131nt\u0131lar\u0131 Erbil'e getirildi - Darka Mazi","og_description":"Barzan Enfalinde \u015fehit edilen 100 kurban\u0131n kal\u0131nt\u0131lar\u0131 bug\u00fcn Ba\u011fdat\u2019tan Erbil\u2019e getiriliyor. Kurbanlar\u0131n Barzan&#8217;da d\u00fczenlenecek t\u00f6renle topra\u011fa verilece\u011fi bildirildi. Baas rejimi taraf\u0131ndan K\u00fcrtlere kar\u015f\u0131 ba\u015flatt\u0131\u011f\u0131 Enfal\u2019in ilk halkas\u0131 olarak kabul edilen 1983\u2019te ba\u015flayan Barzan Enfali\u2019nde 8 bin Barzan erke\u011fi Arap \u00e7\u00f6llerinde katledildi. Bug\u00fcn kurbanlara ait 100 cenaze Ba\u011fdat\u2019tan Erbil\u2019e getiriliyor. R\u00fbdaw\u2019a konu\u015fan Mergesor Kaymakam\u0131 Xefur Ahmed [&hellip;]","og_url":"https:\/\/darkamazi.site\/archives\/1020358","og_site_name":"Darka Mazi","article_publisher":"https:\/\/www.facebook.com\/DarkaMaziturkce","article_published_time":"2022-07-30T16:50:35+00:00","og_image":[{"width":900,"height":497,"url":"https:\/\/darkamazi.site\/file\/2022\/07\/Kurtler.jpg","type":"image\/jpeg"}],"author":"darka mazi","twitter_card":"summary_large_image","twitter_creator":"@DarkaMaziTurkce","twitter_site":"@DarkaMaziTurkce","twitter_misc":{"Written by":"darka mazi","Est. reading time":"2 minutes"},"schema":{"@context":"https:\/\/schema.org","@graph":[{"@type":"NewsArticle","@id":"https:\/\/darkamazi.site\/archives\/1020358#article","isPartOf":{"@id":"https:\/\/darkamazi.site\/archives\/1020358"},"author":{"name":"darka mazi","@id":"https:\/\/darkamazi.site\/#\/schema\/person\/67986a95ac546c16760365877ef4a9d3"},"headline":"Barzan Enfalinde \u015fehit edilen 100 kurban\u0131n kal\u0131nt\u0131lar\u0131 Erbil&#8217;e getirildi","datePublished":"2022-07-30T16:50:35+00:00","mainEntityOfPage":{"@id":"https:\/\/darkamazi.site\/archives\/1020358"},"wordCount":440,"publisher":{"@id":"https:\/\/darkamazi.site\/#organization"},"image":{"@id":"https:\/\/darkamazi.site\/archives\/1020358#primaryimage"},"thumbnailUrl":"https:\/\/darkamazi.site\/file\/2022\/07\/Kurtler.jpg","articleSection":["Kurdistan"],"inLanguage":"en-US"},{"@type":"WebPage","@id":"https:\/\/darkamazi.site\/archives\/1020358","url":"https:\/\/darkamazi.site\/archives\/1020358","name":"Barzan Enfalinde \u015fehit edilen 100 kurban\u0131n kal\u0131nt\u0131lar\u0131 Erbil'e getirildi - Darka Mazi","isPartOf":{"@id":"https:\/\/darkamazi.site\/#website"},"primaryImageOfPage":{"@id":"https:\/\/darkamazi.site\/archives\/1020358#primaryimage"},"image":{"@id":"https:\/\/darkamazi.site\/archives\/1020358#primaryimage"},"thumbnailUrl":"https:\/\/darkamazi.site\/file\/2022\/07\/Kurtler.jpg","datePublished":"2022-07-30T16:50:35+00:00","breadcrumb":{"@id":"https:\/\/darkamazi.site\/archives\/1020358#breadcrumb"},"inLanguage":"en-US","potentialAction":[{"@type":"ReadAction","target":["https:\/\/darkamazi.site\/archives\/1020358"]}]},{"@type":"ImageObject","inLanguage":"en-US","@id":"https:\/\/darkamazi.site\/archives\/1020358#primaryimage","url":"https:\/\/darkamazi.site\/file\/2022\/07\/Kurtler.jpg","contentUrl":"https:\/\/darkamazi.site\/file\/2022\/07\/Kurtler.jpg","width":900,"height":497,"caption":"Barzan Enfalinde \u015fehit edilen 100 kurban\u0131n kal\u0131nt\u0131lar\u0131 Erbil'e getirildi"},{"@type":"BreadcrumbList","@id":"https:\/\/darkamazi.site\/archives\/1020358#breadcrumb","itemListElement":[{"@type":"ListItem","position":1,"name":"Home","item":"https:\/\/darkamazi.site\/"},{"@type":"ListItem","position":2,"name":"Barzan Enfalinde \u015fehit edilen 100 kurban\u0131n kal\u0131nt\u0131lar\u0131 Erbil&#8217;e getirildi"}]},{"@type":"WebSite","@id":"https:\/\/darkamazi.site\/#website","url":"https:\/\/darkamazi.site\/","name":"Darka Mazi","description":"Ana Sayfa","publisher":{"@id":"https:\/\/darkamazi.site\/#organization"},"potentialAction":[{"@type":"SearchAction","target":{"@type":"EntryPoint","urlTemplate":"https:\/\/darkamazi.site\/?s={search_term_string}"},"query-input":{"@type":"PropertyValueSpecification","valueRequired":true,"valueName":"search_term_string"}}],"inLanguage":"en-US"},{"@type":"Organization","@id":"https:\/\/darkamazi.site\/#organization","name":"Darka Mazi T\u00fcrk\u00e7e","alternateName":"Darka Mazi","url":"https:\/\/darkamazi.site\/","logo":{"@type":"ImageObject","inLanguage":"en-US","@id":"https:\/\/darkamazi.site\/#\/schema\/logo\/image\/","url":"https:\/\/darkamazi.site\/file\/2017\/12\/darka-mazi-logo.png","contentUrl":"https:\/\/darkamazi.site\/file\/2017\/12\/darka-mazi-logo.png","width":151,"height":75,"caption":"Darka Mazi T\u00fcrk\u00e7e"},"image":{"@id":"https:\/\/darkamazi.site\/#\/schema\/logo\/image\/"},"sameAs":["https:\/\/www.facebook.com\/DarkaMaziturkce","https:\/\/x.com\/DarkaMaziTurkce"]},{"@type":"Person","@id":"https:\/\/darkamazi.site\/#\/schema\/person\/67986a95ac546c16760365877ef4a9d3","name":"darka mazi","sameAs":["https:\/\/darkamazi.site"],"url":"https:\/\/darkamazi.site\/archives\/author\/turkish"}]}},"_links":{"self":[{"href":"https:\/\/darkamazi.site\/funavuv\/wp\/v2\/posts\/1020358","targetHints":{"allow":["GET"]}}],"collection":[{"href":"https:\/\/darkamazi.site\/funavuv\/wp\/v2\/posts"}],"about":[{"href":"https:\/\/darkamazi.site\/funavuv\/wp\/v2\/types\/post"}],"author":[{"embeddable":true,"href":"https:\/\/darkamazi.site\/funavuv\/wp\/v2\/users\/2"}],"replies":[{"embeddable":true,"href":"https:\/\/darkamazi.site\/funavuv\/wp\/v2\/comments?post=1020358"}],"version-history":[{"count":0,"href":"https:\/\/darkamazi.site\/funavuv\/wp\/v2\/posts\/1020358\/revisions"}],"wp:featuredmedia":[{"embeddable":true,"href":"https:\/\/darkamazi.site\/funavuv\/wp\/v2\/media\/1020359"}],"wp:attachment":[{"href":"https:\/\/darkamazi.site\/funavuv\/wp\/v2\/media?parent=1020358"}],"wp:term":[{"taxonomy":"category","embeddable":true,"href":"https:\/\/darkamazi.site\/funavuv\/wp\/v2\/categories?post=1020358"},{"taxonomy":"post_tag","embeddable":true,"href":"https:\/\/darkamazi.site\/funavuv\/wp\/v2\/tags?post=1020358"}],"curies":[{"name":"wp","href":"https:\/\/api.w.org\/{rel}","templated":true}]}}