{"id":1020416,"date":"2022-08-03T13:59:02","date_gmt":"2022-08-03T10:59:02","guid":{"rendered":"https:\/\/darkamazi.site\/?p=1020416"},"modified":"2022-08-03T14:07:07","modified_gmt":"2022-08-03T11:07:07","slug":"basbakan-bazi-silahli-gruplarin-dayatmasi-nedeniyle-sengal-halen-de-huzurlu-bir-bolge-degil-ve-goc-eden-halki-geri-donemiyor","status":"publish","type":"post","link":"https:\/\/darkamazi.site\/archives\/1020416","title":{"rendered":"Ba\u015fbakan: &#8220;Baz\u0131 silahl\u0131 gruplar\u0131n dayatmas\u0131 nedeniyle \u015eengal halen de huzurlu bir b\u00f6lge de\u011fil ve g\u00f6\u00e7 eden halk\u0131 geri d\u00f6nemiyor&#8221;"},"content":{"rendered":"<p style=\"text-align: justify\">Ba\u015fbakan Mesrur Barzani, DA\u0130\u015e\u2019in \u015eengal\u2019de ger\u00e7ekle\u015ftirdi\u011fi katliam ve soyk\u0131r\u0131m\u0131n 8\u2019inci y\u0131ld\u00f6n\u00fcm\u00fc dolay\u0131s\u0131yla bir mesaj yay\u0131mlad\u0131.<\/p>\n<p style=\"text-align: justify\">Mesaj\u0131nda, \u201cVah\u015fi DA\u0130\u015e\u00a0ter\u00f6ristlerinin \u015eengal ve \u00e7evresinde Ezidi karde\u015flerimize uygulad\u0131\u011f\u0131 soyk\u0131r\u0131m\u0131n y\u0131ld\u00f6n\u00fcm\u00fcnde, binlerce ki\u015finin toplu olarak \u015fehit edildi\u011fi, kaybettirildi\u011fi ve yerinden edildi\u011fi bu vah\u015fi su\u00e7un \u015fehitleri ve kaybettirilenlerini \u00fcz\u00fcnt\u00fc ve kederle an\u0131yoruz\u201d diyen Ba\u015fbakan, devam\u0131nda \u015funlar\u0131 kaydetti:<\/p>\n<p style=\"text-align: justify\">\u201c\u0130\u015flenen su\u00e7 o kadar ac\u0131 verici ve y\u00fcrek s\u0131zlat\u0131c\u0131yd\u0131 ki asla unutulmayacak. K\u00fcrdistan halk\u0131 ve d\u00fcnyan\u0131n vicdan\u0131n\u0131 s\u0131zlatan bu\u00a0katliam\u00a0ve su\u00e7lar\u0131n tekrarlanmas\u0131na hi\u00e7bir \u015fekilde izin verilmemeli.<\/p>\n<p style=\"text-align: justify\">Bu vesileyle, K\u00fcrdistan Pe\u015fmerge G\u00fc\u00e7leri\u2019nin\u00a0Say\u0131n Ba\u015fkan Mesud Barzani\u2019nin do\u011frudan \u00f6nc\u00fcl\u00fc\u011f\u00fc ve liderli\u011finde \u015eengal\u2019in kurtar\u0131lmas\u0131nda verdi\u011fi kurbanlar\u0131 unutmamak gerekiyor. \u015eengal,\u00a0K\u00fcrdistan\u2019\u0131n y\u00fczlerce kahraman Pe\u015fmergesinin aziz kanlar\u0131yla DA\u0130\u015e\u2019li ter\u00f6ristlerden kurtar\u0131ld\u0131.<\/p>\n<p style=\"text-align: justify\">Ezidi karde\u015flerimiz, uzak ve yak\u0131n tarihte, uzun y\u0131llar boyunca ne yaz\u0131k ki b\u00fcy\u00fck ac\u0131lar ya\u015fad\u0131. \u015eimdi de baz\u0131 silahl\u0131 gruplar\u0131n dayatmas\u0131 nedeniyle \u015eengal halen de huzurlu bir b\u00f6lge de\u011fil ve g\u00f6\u00e7 eden halk\u0131 geri d\u00f6nemiyor. \u015eengalli g\u00f6\u00e7zedelerin ac\u0131lar\u0131n\u0131n dinmesi ve onurlu bir \u015fekilde evlerine d\u00f6nebilmesi i\u00e7in\u00a0\u015eengal Anla\u015fmas\u0131\u2019n\u0131n uygulanmas\u0131, \u015eengal b\u00f6lgesinde durumun normalle\u015ftirilmesi,\u00a0milislerle\u00a0yasad\u0131\u015f\u0131 gruplar\u0131n b\u00f6lgeden \u00e7\u0131kmas\u0131 gerekti\u011fini bu vesileyle bir kez daha yineliyoruz.<\/p>\n<p style=\"text-align: justify\">Bu ac\u0131 g\u00fcnde, K\u00fcrdistan B\u00f6lgesi H\u00fck\u00fcmeti\u2019nin federal h\u00fck\u00fcmet ve uluslararas\u0131 toplumla birlikte Ezidi karde\u015flerimizin onurlu bir \u015fekilde evlerine d\u00f6nebilmesi i\u00e7in \u00e7abalar\u0131n\u0131 s\u00fcrd\u00fcrece\u011fini yineliyoruz. \u015eengal ve\u00a0Ezidilerin ya\u015fad\u0131\u011f\u0131 di\u011fer b\u00f6lgelere daha fazla hizmet g\u00f6t\u00fcr\u00fclmesi ve Irak Parlamentosu\u2019nun \u00e7\u0131kard\u0131\u011f\u0131 Kurtar\u0131lan Ezidiler Yasas\u0131\u2019na g\u00f6re kurbanlar\u0131n yak\u0131nlar\u0131na tazminat \u00f6denmeli. Ayn\u0131 zamanda K\u00fcrdistan B\u00f6lgesi H\u00fck\u00fcmeti ile DA\u0130\u015e\u2019in i\u015fledi\u011fi su\u00e7lar\u0131 ara\u015ft\u0131ran uluslararas\u0131\u00a0UNITAD\u00a0ekibi, DA\u0130\u015e\u2019li su\u00e7lular\u0131n yarg\u0131lanmas\u0131, su\u00e7lar\u0131n\u0131n ar\u015fivlenmesi ve\u00a0Ezidi karde\u015flerimize y\u00f6nelik soyk\u0131r\u0131m\u0131n d\u00fcnyada daha fazla tan\u0131nmas\u0131 i\u00e7in s\u00fcrekli i\u015fbirli\u011fi i\u00e7indedir.<\/p>\n<p style=\"text-align: justify\">\u015eengal ve t\u00fcm K\u00fcrdistan \u015fehitlerinin aziz ruhlar\u0131na binlerce kez selam olsun.\u201d<\/p>\n","protected":false},"excerpt":{"rendered":"<p>Ba\u015fbakan Mesrur Barzani, DA\u0130\u015e\u2019in \u015eengal\u2019de ger\u00e7ekle\u015ftirdi\u011fi katliam ve soyk\u0131r\u0131m\u0131n 8\u2019inci y\u0131ld\u00f6n\u00fcm\u00fc dolay\u0131s\u0131yla bir mesaj yay\u0131mlad\u0131. Mesaj\u0131nda, \u201cVah\u015fi DA\u0130\u015e\u00a0ter\u00f6ristlerinin \u015eengal ve \u00e7evresinde Ezidi karde\u015flerimize uygulad\u0131\u011f\u0131 soyk\u0131r\u0131m\u0131n y\u0131ld\u00f6n\u00fcm\u00fcnde, binlerce ki\u015finin toplu olarak \u015fehit edildi\u011fi, kaybettirildi\u011fi ve yerinden edildi\u011fi bu vah\u015fi su\u00e7un \u015fehitleri ve kaybettirilenlerini \u00fcz\u00fcnt\u00fc ve kederle an\u0131yoruz\u201d diyen Ba\u015fbakan, devam\u0131nda \u015funlar\u0131 kaydetti: \u201c\u0130\u015flenen su\u00e7 o kadar [&hellip;]<\/p>\n","protected":false},"author":2,"featured_media":1020417,"comment_status":"closed","ping_status":"closed","sticky":false,"template":"","format":"standard","meta":{"footnotes":""},"categories":[3],"tags":[31],"class_list":["post-1020416","post","type-post","status-publish","format-standard","has-post-thumbnail","hentry","category-kurdistan","tag-onemli"],"blocksy_meta":[],"seo_head":"<!-- This site is optimized with the Yoast SEO plugin v27.5 - https:\/\/yoast.com\/product\/yoast-seo-wordpress\/ -->\n<title>Ba\u015fbakan: &quot;Baz\u0131 silahl\u0131 gruplar\u0131n dayatmas\u0131 nedeniyle \u015eengal halen de huzurlu bir b\u00f6lge de\u011fil ve g\u00f6\u00e7 eden halk\u0131 geri d\u00f6nemiyor&quot; - Darka Mazi<\/title>\n<meta name=\"robots\" content=\"index, follow, max-snippet:-1, max-image-preview:large, max-video-preview:-1\" \/>\n<link rel=\"canonical\" href=\"https:\/\/darkamazi.site\/archives\/1020416\" \/>\n<meta property=\"og:locale\" content=\"en_US\" \/>\n<meta property=\"og:type\" content=\"article\" \/>\n<meta property=\"og:title\" content=\"Ba\u015fbakan: &quot;Baz\u0131 silahl\u0131 gruplar\u0131n dayatmas\u0131 nedeniyle \u015eengal halen de huzurlu bir b\u00f6lge de\u011fil ve g\u00f6\u00e7 eden halk\u0131 geri d\u00f6nemiyor&quot; - Darka Mazi\" \/>\n<meta property=\"og:description\" content=\"Ba\u015fbakan Mesrur Barzani, DA\u0130\u015e\u2019in \u015eengal\u2019de ger\u00e7ekle\u015ftirdi\u011fi katliam ve soyk\u0131r\u0131m\u0131n 8\u2019inci y\u0131ld\u00f6n\u00fcm\u00fc dolay\u0131s\u0131yla bir mesaj yay\u0131mlad\u0131. Mesaj\u0131nda, \u201cVah\u015fi DA\u0130\u015e\u00a0ter\u00f6ristlerinin \u015eengal ve \u00e7evresinde Ezidi karde\u015flerimize uygulad\u0131\u011f\u0131 soyk\u0131r\u0131m\u0131n y\u0131ld\u00f6n\u00fcm\u00fcnde, binlerce ki\u015finin toplu olarak \u015fehit edildi\u011fi, kaybettirildi\u011fi ve yerinden edildi\u011fi bu vah\u015fi su\u00e7un \u015fehitleri ve kaybettirilenlerini \u00fcz\u00fcnt\u00fc ve kederle an\u0131yoruz\u201d diyen Ba\u015fbakan, devam\u0131nda \u015funlar\u0131 kaydetti: \u201c\u0130\u015flenen su\u00e7 o kadar [&hellip;]\" \/>\n<meta property=\"og:url\" content=\"https:\/\/darkamazi.site\/archives\/1020416\" \/>\n<meta property=\"og:site_name\" content=\"Darka Mazi\" \/>\n<meta property=\"article:publisher\" content=\"https:\/\/www.facebook.com\/DarkaMaziturkce\" \/>\n<meta property=\"article:published_time\" content=\"2022-08-03T10:59:02+00:00\" \/>\n<meta property=\"article:modified_time\" content=\"2022-08-03T11:07:07+00:00\" \/>\n<meta property=\"og:image\" content=\"https:\/\/darkamazi.site\/file\/2022\/08\/Mesrur-Barzani.jpg\" \/>\n\t<meta property=\"og:image:width\" content=\"900\" \/>\n\t<meta property=\"og:image:height\" content=\"497\" \/>\n\t<meta property=\"og:image:type\" content=\"image\/jpeg\" \/>\n<meta name=\"author\" content=\"darka mazi\" \/>\n<meta name=\"twitter:card\" content=\"summary_large_image\" \/>\n<meta name=\"twitter:creator\" content=\"@DarkaMaziTurkce\" \/>\n<meta name=\"twitter:site\" content=\"@DarkaMaziTurkce\" \/>\n<meta name=\"twitter:label1\" content=\"Written by\" \/>\n\t<meta name=\"twitter:data1\" content=\"darka mazi\" \/>\n\t<meta name=\"twitter:label2\" content=\"Est. reading time\" \/>\n\t<meta name=\"twitter:data2\" content=\"2 minutes\" \/>\n<script type=\"application\/ld+json\" class=\"seo-schema-graph\">{\"@context\":\"https:\\\/\\\/schema.org\",\"@graph\":[{\"@type\":\"NewsArticle\",\"@id\":\"https:\\\/\\\/darkamazi.site\\\/archives\\\/1020416#article\",\"isPartOf\":{\"@id\":\"https:\\\/\\\/darkamazi.site\\\/archives\\\/1020416\"},\"author\":{\"name\":\"darka mazi\",\"@id\":\"https:\\\/\\\/darkamazi.site\\\/#\\\/schema\\\/person\\\/67986a95ac546c16760365877ef4a9d3\"},\"headline\":\"Ba\u015fbakan: &#8220;Baz\u0131 silahl\u0131 gruplar\u0131n dayatmas\u0131 nedeniyle \u015eengal halen de huzurlu bir b\u00f6lge de\u011fil ve g\u00f6\u00e7 eden halk\u0131 geri d\u00f6nemiyor&#8221;\",\"datePublished\":\"2022-08-03T10:59:02+00:00\",\"dateModified\":\"2022-08-03T11:07:07+00:00\",\"mainEntityOfPage\":{\"@id\":\"https:\\\/\\\/darkamazi.site\\\/archives\\\/1020416\"},\"wordCount\":442,\"publisher\":{\"@id\":\"https:\\\/\\\/darkamazi.site\\\/#organization\"},\"image\":{\"@id\":\"https:\\\/\\\/darkamazi.site\\\/archives\\\/1020416#primaryimage\"},\"thumbnailUrl\":\"https:\\\/\\\/darkamazi.site\\\/darka-content\\\/uploads\\\/2022\\\/08\\\/Mesrur-Barzani.jpg\",\"keywords\":[\"\u00f6nemli\"],\"articleSection\":[\"Kurdistan\"],\"inLanguage\":\"en-US\"},{\"@type\":\"WebPage\",\"@id\":\"https:\\\/\\\/darkamazi.site\\\/archives\\\/1020416\",\"url\":\"https:\\\/\\\/darkamazi.site\\\/archives\\\/1020416\",\"name\":\"Ba\u015fbakan: \\\"Baz\u0131 silahl\u0131 gruplar\u0131n dayatmas\u0131 nedeniyle \u015eengal halen de huzurlu bir b\u00f6lge de\u011fil ve g\u00f6\u00e7 eden halk\u0131 geri d\u00f6nemiyor\\\" - Darka Mazi\",\"isPartOf\":{\"@id\":\"https:\\\/\\\/darkamazi.site\\\/#website\"},\"primaryImageOfPage\":{\"@id\":\"https:\\\/\\\/darkamazi.site\\\/archives\\\/1020416#primaryimage\"},\"image\":{\"@id\":\"https:\\\/\\\/darkamazi.site\\\/archives\\\/1020416#primaryimage\"},\"thumbnailUrl\":\"https:\\\/\\\/darkamazi.site\\\/darka-content\\\/uploads\\\/2022\\\/08\\\/Mesrur-Barzani.jpg\",\"datePublished\":\"2022-08-03T10:59:02+00:00\",\"dateModified\":\"2022-08-03T11:07:07+00:00\",\"breadcrumb\":{\"@id\":\"https:\\\/\\\/darkamazi.site\\\/archives\\\/1020416#breadcrumb\"},\"inLanguage\":\"en-US\",\"potentialAction\":[{\"@type\":\"ReadAction\",\"target\":[\"https:\\\/\\\/darkamazi.site\\\/archives\\\/1020416\"]}]},{\"@type\":\"ImageObject\",\"inLanguage\":\"en-US\",\"@id\":\"https:\\\/\\\/darkamazi.site\\\/archives\\\/1020416#primaryimage\",\"url\":\"https:\\\/\\\/darkamazi.site\\\/darka-content\\\/uploads\\\/2022\\\/08\\\/Mesrur-Barzani.jpg\",\"contentUrl\":\"https:\\\/\\\/darkamazi.site\\\/darka-content\\\/uploads\\\/2022\\\/08\\\/Mesrur-Barzani.jpg\",\"width\":900,\"height\":497,\"caption\":\"Ba\u015fbakan: \\\"Baz\u0131 silahl\u0131 gruplar\u0131n dayatmas\u0131 nedeniyle \u015eengal halen de huzurlu bir b\u00f6lge de\u011fil ve g\u00f6\u00e7 eden halk\u0131 geri d\u00f6nemiyor\\\"\"},{\"@type\":\"BreadcrumbList\",\"@id\":\"https:\\\/\\\/darkamazi.site\\\/archives\\\/1020416#breadcrumb\",\"itemListElement\":[{\"@type\":\"ListItem\",\"position\":1,\"name\":\"Home\",\"item\":\"https:\\\/\\\/darkamazi.site\\\/\"},{\"@type\":\"ListItem\",\"position\":2,\"name\":\"Ba\u015fbakan: &#8220;Baz\u0131 silahl\u0131 gruplar\u0131n dayatmas\u0131 nedeniyle \u015eengal halen de huzurlu bir b\u00f6lge de\u011fil ve g\u00f6\u00e7 eden halk\u0131 geri d\u00f6nemiyor&#8221;\"}]},{\"@type\":\"WebSite\",\"@id\":\"https:\\\/\\\/darkamazi.site\\\/#website\",\"url\":\"https:\\\/\\\/darkamazi.site\\\/\",\"name\":\"Darka Mazi\",\"description\":\"Ana Sayfa\",\"publisher\":{\"@id\":\"https:\\\/\\\/darkamazi.site\\\/#organization\"},\"potentialAction\":[{\"@type\":\"SearchAction\",\"target\":{\"@type\":\"EntryPoint\",\"urlTemplate\":\"https:\\\/\\\/darkamazi.site\\\/?s={search_term_string}\"},\"query-input\":{\"@type\":\"PropertyValueSpecification\",\"valueRequired\":true,\"valueName\":\"search_term_string\"}}],\"inLanguage\":\"en-US\"},{\"@type\":\"Organization\",\"@id\":\"https:\\\/\\\/darkamazi.site\\\/#organization\",\"name\":\"Darka Mazi T\u00fcrk\u00e7e\",\"alternateName\":\"Darka Mazi\",\"url\":\"https:\\\/\\\/darkamazi.site\\\/\",\"logo\":{\"@type\":\"ImageObject\",\"inLanguage\":\"en-US\",\"@id\":\"https:\\\/\\\/darkamazi.site\\\/#\\\/schema\\\/logo\\\/image\\\/\",\"url\":\"https:\\\/\\\/darkamazi.site\\\/darka-content\\\/uploads\\\/2017\\\/12\\\/darka-mazi-logo.png\",\"contentUrl\":\"https:\\\/\\\/darkamazi.site\\\/darka-content\\\/uploads\\\/2017\\\/12\\\/darka-mazi-logo.png\",\"width\":151,\"height\":75,\"caption\":\"Darka Mazi T\u00fcrk\u00e7e\"},\"image\":{\"@id\":\"https:\\\/\\\/darkamazi.site\\\/#\\\/schema\\\/logo\\\/image\\\/\"},\"sameAs\":[\"https:\\\/\\\/www.facebook.com\\\/DarkaMaziturkce\",\"https:\\\/\\\/x.com\\\/DarkaMaziTurkce\"]},{\"@type\":\"Person\",\"@id\":\"https:\\\/\\\/darkamazi.site\\\/#\\\/schema\\\/person\\\/67986a95ac546c16760365877ef4a9d3\",\"name\":\"darka mazi\",\"sameAs\":[\"https:\\\/\\\/darkamazi.site\"],\"url\":\"https:\\\/\\\/darkamazi.site\\\/archives\\\/author\\\/turkish\"}]}<\/script>\n<!-- \/ Yoast SEO plugin. -->","seo_head_json":{"title":"Ba\u015fbakan: \"Baz\u0131 silahl\u0131 gruplar\u0131n dayatmas\u0131 nedeniyle \u015eengal halen de huzurlu bir b\u00f6lge de\u011fil ve g\u00f6\u00e7 eden halk\u0131 geri d\u00f6nemiyor\" - Darka Mazi","robots":{"index":"index","follow":"follow","max-snippet":"max-snippet:-1","max-image-preview":"max-image-preview:large","max-video-preview":"max-video-preview:-1"},"canonical":"https:\/\/darkamazi.site\/archives\/1020416","og_locale":"en_US","og_type":"article","og_title":"Ba\u015fbakan: \"Baz\u0131 silahl\u0131 gruplar\u0131n dayatmas\u0131 nedeniyle \u015eengal halen de huzurlu bir b\u00f6lge de\u011fil ve g\u00f6\u00e7 eden halk\u0131 geri d\u00f6nemiyor\" - Darka Mazi","og_description":"Ba\u015fbakan Mesrur Barzani, DA\u0130\u015e\u2019in \u015eengal\u2019de ger\u00e7ekle\u015ftirdi\u011fi katliam ve soyk\u0131r\u0131m\u0131n 8\u2019inci y\u0131ld\u00f6n\u00fcm\u00fc dolay\u0131s\u0131yla bir mesaj yay\u0131mlad\u0131. Mesaj\u0131nda, \u201cVah\u015fi DA\u0130\u015e\u00a0ter\u00f6ristlerinin \u015eengal ve \u00e7evresinde Ezidi karde\u015flerimize uygulad\u0131\u011f\u0131 soyk\u0131r\u0131m\u0131n y\u0131ld\u00f6n\u00fcm\u00fcnde, binlerce ki\u015finin toplu olarak \u015fehit edildi\u011fi, kaybettirildi\u011fi ve yerinden edildi\u011fi bu vah\u015fi su\u00e7un \u015fehitleri ve kaybettirilenlerini \u00fcz\u00fcnt\u00fc ve kederle an\u0131yoruz\u201d diyen Ba\u015fbakan, devam\u0131nda \u015funlar\u0131 kaydetti: \u201c\u0130\u015flenen su\u00e7 o kadar [&hellip;]","og_url":"https:\/\/darkamazi.site\/archives\/1020416","og_site_name":"Darka Mazi","article_publisher":"https:\/\/www.facebook.com\/DarkaMaziturkce","article_published_time":"2022-08-03T10:59:02+00:00","article_modified_time":"2022-08-03T11:07:07+00:00","og_image":[{"width":900,"height":497,"url":"https:\/\/darkamazi.site\/file\/2022\/08\/Mesrur-Barzani.jpg","type":"image\/jpeg"}],"author":"darka mazi","twitter_card":"summary_large_image","twitter_creator":"@DarkaMaziTurkce","twitter_site":"@DarkaMaziTurkce","twitter_misc":{"Written by":"darka mazi","Est. reading time":"2 minutes"},"schema":{"@context":"https:\/\/schema.org","@graph":[{"@type":"NewsArticle","@id":"https:\/\/darkamazi.site\/archives\/1020416#article","isPartOf":{"@id":"https:\/\/darkamazi.site\/archives\/1020416"},"author":{"name":"darka mazi","@id":"https:\/\/darkamazi.site\/#\/schema\/person\/67986a95ac546c16760365877ef4a9d3"},"headline":"Ba\u015fbakan: &#8220;Baz\u0131 silahl\u0131 gruplar\u0131n dayatmas\u0131 nedeniyle \u015eengal halen de huzurlu bir b\u00f6lge de\u011fil ve g\u00f6\u00e7 eden halk\u0131 geri d\u00f6nemiyor&#8221;","datePublished":"2022-08-03T10:59:02+00:00","dateModified":"2022-08-03T11:07:07+00:00","mainEntityOfPage":{"@id":"https:\/\/darkamazi.site\/archives\/1020416"},"wordCount":442,"publisher":{"@id":"https:\/\/darkamazi.site\/#organization"},"image":{"@id":"https:\/\/darkamazi.site\/archives\/1020416#primaryimage"},"thumbnailUrl":"https:\/\/darkamazi.site\/file\/2022\/08\/Mesrur-Barzani.jpg","keywords":["\u00f6nemli"],"articleSection":["Kurdistan"],"inLanguage":"en-US"},{"@type":"WebPage","@id":"https:\/\/darkamazi.site\/archives\/1020416","url":"https:\/\/darkamazi.site\/archives\/1020416","name":"Ba\u015fbakan: \"Baz\u0131 silahl\u0131 gruplar\u0131n dayatmas\u0131 nedeniyle \u015eengal halen de huzurlu bir b\u00f6lge de\u011fil ve g\u00f6\u00e7 eden halk\u0131 geri d\u00f6nemiyor\" - Darka Mazi","isPartOf":{"@id":"https:\/\/darkamazi.site\/#website"},"primaryImageOfPage":{"@id":"https:\/\/darkamazi.site\/archives\/1020416#primaryimage"},"image":{"@id":"https:\/\/darkamazi.site\/archives\/1020416#primaryimage"},"thumbnailUrl":"https:\/\/darkamazi.site\/file\/2022\/08\/Mesrur-Barzani.jpg","datePublished":"2022-08-03T10:59:02+00:00","dateModified":"2022-08-03T11:07:07+00:00","breadcrumb":{"@id":"https:\/\/darkamazi.site\/archives\/1020416#breadcrumb"},"inLanguage":"en-US","potentialAction":[{"@type":"ReadAction","target":["https:\/\/darkamazi.site\/archives\/1020416"]}]},{"@type":"ImageObject","inLanguage":"en-US","@id":"https:\/\/darkamazi.site\/archives\/1020416#primaryimage","url":"https:\/\/darkamazi.site\/file\/2022\/08\/Mesrur-Barzani.jpg","contentUrl":"https:\/\/darkamazi.site\/file\/2022\/08\/Mesrur-Barzani.jpg","width":900,"height":497,"caption":"Ba\u015fbakan: \"Baz\u0131 silahl\u0131 gruplar\u0131n dayatmas\u0131 nedeniyle \u015eengal halen de huzurlu bir b\u00f6lge de\u011fil ve g\u00f6\u00e7 eden halk\u0131 geri d\u00f6nemiyor\""},{"@type":"BreadcrumbList","@id":"https:\/\/darkamazi.site\/archives\/1020416#breadcrumb","itemListElement":[{"@type":"ListItem","position":1,"name":"Home","item":"https:\/\/darkamazi.site\/"},{"@type":"ListItem","position":2,"name":"Ba\u015fbakan: &#8220;Baz\u0131 silahl\u0131 gruplar\u0131n dayatmas\u0131 nedeniyle \u015eengal halen de huzurlu bir b\u00f6lge de\u011fil ve g\u00f6\u00e7 eden halk\u0131 geri d\u00f6nemiyor&#8221;"}]},{"@type":"WebSite","@id":"https:\/\/darkamazi.site\/#website","url":"https:\/\/darkamazi.site\/","name":"Darka Mazi","description":"Ana Sayfa","publisher":{"@id":"https:\/\/darkamazi.site\/#organization"},"potentialAction":[{"@type":"SearchAction","target":{"@type":"EntryPoint","urlTemplate":"https:\/\/darkamazi.site\/?s={search_term_string}"},"query-input":{"@type":"PropertyValueSpecification","valueRequired":true,"valueName":"search_term_string"}}],"inLanguage":"en-US"},{"@type":"Organization","@id":"https:\/\/darkamazi.site\/#organization","name":"Darka Mazi T\u00fcrk\u00e7e","alternateName":"Darka Mazi","url":"https:\/\/darkamazi.site\/","logo":{"@type":"ImageObject","inLanguage":"en-US","@id":"https:\/\/darkamazi.site\/#\/schema\/logo\/image\/","url":"https:\/\/darkamazi.site\/file\/2017\/12\/darka-mazi-logo.png","contentUrl":"https:\/\/darkamazi.site\/file\/2017\/12\/darka-mazi-logo.png","width":151,"height":75,"caption":"Darka Mazi T\u00fcrk\u00e7e"},"image":{"@id":"https:\/\/darkamazi.site\/#\/schema\/logo\/image\/"},"sameAs":["https:\/\/www.facebook.com\/DarkaMaziturkce","https:\/\/x.com\/DarkaMaziTurkce"]},{"@type":"Person","@id":"https:\/\/darkamazi.site\/#\/schema\/person\/67986a95ac546c16760365877ef4a9d3","name":"darka mazi","sameAs":["https:\/\/darkamazi.site"],"url":"https:\/\/darkamazi.site\/archives\/author\/turkish"}]}},"_links":{"self":[{"href":"https:\/\/darkamazi.site\/funavuv\/wp\/v2\/posts\/1020416","targetHints":{"allow":["GET"]}}],"collection":[{"href":"https:\/\/darkamazi.site\/funavuv\/wp\/v2\/posts"}],"about":[{"href":"https:\/\/darkamazi.site\/funavuv\/wp\/v2\/types\/post"}],"author":[{"embeddable":true,"href":"https:\/\/darkamazi.site\/funavuv\/wp\/v2\/users\/2"}],"replies":[{"embeddable":true,"href":"https:\/\/darkamazi.site\/funavuv\/wp\/v2\/comments?post=1020416"}],"version-history":[{"count":0,"href":"https:\/\/darkamazi.site\/funavuv\/wp\/v2\/posts\/1020416\/revisions"}],"wp:featuredmedia":[{"embeddable":true,"href":"https:\/\/darkamazi.site\/funavuv\/wp\/v2\/media\/1020417"}],"wp:attachment":[{"href":"https:\/\/darkamazi.site\/funavuv\/wp\/v2\/media?parent=1020416"}],"wp:term":[{"taxonomy":"category","embeddable":true,"href":"https:\/\/darkamazi.site\/funavuv\/wp\/v2\/categories?post=1020416"},{"taxonomy":"post_tag","embeddable":true,"href":"https:\/\/darkamazi.site\/funavuv\/wp\/v2\/tags?post=1020416"}],"curies":[{"name":"wp","href":"https:\/\/api.w.org\/{rel}","templated":true}]}}