{"id":1020444,"date":"2022-08-07T18:42:58","date_gmt":"2022-08-07T15:42:58","guid":{"rendered":"https:\/\/darkamazi.site\/?p=1020444"},"modified":"2022-08-07T18:42:58","modified_gmt":"2022-08-07T15:42:58","slug":"pervin-buldan-resmi-turk-ideolosisine-gore-konustu-kurt-alevileri-gormezden-geldi","status":"publish","type":"post","link":"https:\/\/darkamazi.site\/archives\/1020444","title":{"rendered":"Pervin Buldan Resmi T\u00fcrk ideolosisine g\u00f6re konu\u015ftu K\u00fcrt Alevileri g\u00f6rmezden geldi"},"content":{"rendered":"<p style=\"text-align: justify\">\u00a0HDP E\u015f Genel Ba\u015fkan\u0131 ve beraberindeki bir grup HDP\u2019li heyetle \u0130stanbul&#8217;da bulunan Damal Dernekleri Federasyonu ve Erenler Cem Evi\u2019ni ziyaret etti. Buldan \u201cAlevi yurtta\u015flar\u0131m\u0131z\u0131n ge\u00e7mi\u015ften beri ya\u015fad\u0131\u011f\u0131 b\u00fct\u00fcn zul\u00fcmlerin ve ac\u0131lar\u0131n K\u00fcrtlerin ya\u015fad\u0131\u011f\u0131 zul\u00fcm ve ac\u0131larla ortak oldu\u011funu biliyoruz\u201d dedi.<\/p>\n<p style=\"text-align: justify\">Son d\u00f6nemde Alevi toplumunun kurum ve ba\u015fkanlar\u0131na y\u00f6nelik sald\u0131r\u0131lar\u0131n artt\u0131\u011f\u0131 bir d\u00f6nemde E\u015f Genel Ba\u015fkanPervin Buldan, Halklar \u0130nan\u00e7lar Komisyonu E\u015fs\u00f6zc\u00fcs\u00fc T\u00fclay Hatimo\u011fullar\u0131 Oru\u00e7 ve \u0130stanbul \u0130l E\u015fba\u015fkan\u0131Ferhat Enc\u00fc\u2019n\u00fcn de yer ald\u0131\u011f\u0131 HDP gurubu \u0130stanbul&#8217;da bulunan Damal Dernekleri Federasyonu ve Erenler Cem Evi\u2019ni ziyaret etti.<\/p>\n<p style=\"text-align: justify\"><span style=\"font-family: 'arial black', sans-serif;font-size: 12pt\">Alevi ve K\u00fcrtleri ay\u0131rd\u0131<\/span><\/p>\n<p style=\"text-align: justify\">Burada konu\u015fan Buldan \u201cAlevilerin bug\u00fcn ya\u015fad\u0131klar\u0131 iktidar\u0131n ayr\u0131mc\u0131 dilinden ve politikalar\u0131ndan ayr\u0131 ele al\u0131nmamal\u0131d\u0131r. Biz Alevi yurtta\u015flar\u0131m\u0131z\u0131n ge\u00e7mi\u015ften beri ya\u015fad\u0131\u011f\u0131 b\u00fct\u00fcn zul\u00fcmlerin ve ac\u0131lar\u0131n K\u00fcrtlerin ya\u015fad\u0131\u011f\u0131 zul\u00fcm ve ac\u0131larla ortak oldu\u011funu biliyoruz. Kerbela ge\u00e7mi\u015fte ya\u015fanm\u0131\u015ft\u0131 ama bug\u00fcn bu iktidar Alevi toplumuna Kerbela&#8217;y\u0131 bir kez daha ya\u015fatmay\u0131 \u00f6n\u00fcne bir hedef olarak koymu\u015f\u201d ifadelerini kulland\u0131. Buldan\u2019\u0131n konu\u015fmas\u0131nda Alevi ve K\u00fcrtleri t\u00fcmden ayr\u0131 g\u00f6stermesi dikkat \u00e7ekti. K\u00fcrt Alevi\u2019lere hi\u00e7bir vurgu yapmayan konu\u015fmas\u0131ndan devam\u0131nda da ayn\u0131 tutumu g\u00f6sterdi.<br \/>\nT\u00fcrkiye Cumhuriyeti\u2019nin kurulu\u015fundan bu yana devletin \u00e7\u0131karlar\u0131 gere\u011fi Alevi K\u00fcrtleri, K\u00fcrt toplumundan koparmak i\u00e7in \u00e7aba verdi\u011fi biliniyor. Bu nedenle K\u00fcrtler ayr\u0131 Aleviler ayr\u0131 gibi bir siyaset izleyerek K\u00fcrt toplumunun Alevisiz b\u0131rakma gibi bir politika uygulan\u0131yor.<\/p>\n<p style=\"text-align: justify\">\u00a0Pervin Buldan konu\u015fmas\u0131n\u0131n devam\u0131nda \u201cAlevilerin, K\u00fcrtlerin farkl\u0131 inan\u00e7lar\u0131n, kimliklerin ve yok say\u0131lanlar\u0131n bu iktidara kar\u015f\u0131 ortak bir ses ve m\u00fccadeleyi hayata ge\u00e7irerek ve bu iktidar\u0131 g\u00f6ndererek bu \u00fclkeye bar\u0131\u015f\u0131, huzuru ve refah\u0131 getirece\u011fimizi biliyoruz.\u201d dedi.<\/p>\n<h3><span style=\"font-family: 'arial black', sans-serif;font-size: 12pt\">K\u00fcrt Alevilerin oran\u0131 T\u00fcrk Alevilerden daha fazla<\/span><\/h3>\n<p style=\"text-align: justify\">T\u00fcrkiye\u2019de 20 milyon civar\u0131nda Alevi oldu\u011fu kabul ediliyor. Bu n\u00fcfusun ise yezde 55 civar\u0131nda bir b\u00f6l\u00fcm\u00fc ise K\u00fcrt Alevi. Yani T\u00fcrkiye\u2019de ki K\u00fcrt Alevilerin oran \u0131\u00e7ok fazla. Dersim, Sivas, Erzincan, Malatya, Ad\u0131yaman, Erzurum, Mara\u015f, Mu\u015f ve Bing\u00f6l \u00e7evresinde ya\u015fayan b\u00fcy\u00fck bir K\u00fcrt Alevi n\u00fcfusu var. Buldan bu ger\u00e7e\u011fi g\u00f6rmeyerek resmi devlet ideolojisi s\u00f6ylemeni tekrarlamas\u0131 dikkat \u00e7ekti.<\/p>\n<p style=\"text-align: justify\"><span style=\"font-family: 'arial black', sans-serif;font-size: 12pt\">HDP K\u00fcrt kimli\u011fini minimalize ediyor<\/span><\/p>\n<p style=\"text-align: justify\">Siyasi g\u00f6zlemciler Buldan\u2019\u0131n s\u00f6zlerinin HDP\u2019nin genel siyasetine tekab\u00fcl etti\u011fini d\u00fc\u015f\u00fcn\u00fcyor. Siyasi g\u00f6zlemciler HDP\u2019nin K\u00fcrt kimli\u011fini b\u00fcy\u00fctme de\u011fil minimalize etmeye \u00e7al\u0131\u015ft\u0131\u011f\u0131n\u0131 ve T\u00fcrk-K\u00fcrt ortakla\u015fmas\u0131 ad\u0131 alt\u0131nda K\u00fcrtlerin haklar\u0131n\u0131 g\u00f6rmezden geldi\u011fini d\u00fc\u015f\u00fcn\u00fcyor.<br \/>\nHDP K\u00fcrt partisi mi T\u00fcrk partisi mi bi\u00e7iminde \u00e7o\u011fu zaman tart\u0131\u015fma yap\u0131l\u0131yor. Kendi s\u00f6zc\u00fcleri ve vekilleri bir\u00e7ok zaman \u201cbiz K\u00fcrt partisi de\u011filiz\u201d demi\u015ftir.<\/p>\n","protected":false},"excerpt":{"rendered":"<p>\u00a0HDP E\u015f Genel Ba\u015fkan\u0131 ve beraberindeki bir grup HDP\u2019li heyetle \u0130stanbul&#8217;da bulunan Damal Dernekleri Federasyonu ve Erenler Cem Evi\u2019ni ziyaret etti. Buldan \u201cAlevi yurtta\u015flar\u0131m\u0131z\u0131n ge\u00e7mi\u015ften beri ya\u015fad\u0131\u011f\u0131 b\u00fct\u00fcn zul\u00fcmlerin ve ac\u0131lar\u0131n K\u00fcrtlerin ya\u015fad\u0131\u011f\u0131 zul\u00fcm ve ac\u0131larla ortak oldu\u011funu biliyoruz\u201d dedi. Son d\u00f6nemde Alevi toplumunun kurum ve ba\u015fkanlar\u0131na y\u00f6nelik sald\u0131r\u0131lar\u0131n artt\u0131\u011f\u0131 bir d\u00f6nemde E\u015f Genel Ba\u015fkanPervin [&hellip;]<\/p>\n","protected":false},"author":2,"featured_media":1020445,"comment_status":"closed","ping_status":"closed","sticky":false,"template":"","format":"standard","meta":{"footnotes":""},"categories":[3],"tags":[31],"class_list":["post-1020444","post","type-post","status-publish","format-standard","has-post-thumbnail","hentry","category-kurdistan","tag-onemli"],"blocksy_meta":[],"seo_head":"<!-- This site is optimized with the Yoast SEO plugin v27.5 - https:\/\/yoast.com\/product\/yoast-seo-wordpress\/ -->\n<title>Pervin Buldan Resmi T\u00fcrk ideolosisine g\u00f6re konu\u015ftu K\u00fcrt Alevileri g\u00f6rmezden geldi - Darka Mazi<\/title>\n<meta name=\"robots\" content=\"index, follow, max-snippet:-1, max-image-preview:large, max-video-preview:-1\" \/>\n<link rel=\"canonical\" href=\"https:\/\/darkamazi.site\/archives\/1020444\" \/>\n<meta property=\"og:locale\" content=\"en_US\" \/>\n<meta property=\"og:type\" content=\"article\" \/>\n<meta property=\"og:title\" content=\"Pervin Buldan Resmi T\u00fcrk ideolosisine g\u00f6re konu\u015ftu K\u00fcrt Alevileri g\u00f6rmezden geldi - Darka Mazi\" \/>\n<meta property=\"og:description\" content=\"\u00a0HDP E\u015f Genel Ba\u015fkan\u0131 ve beraberindeki bir grup HDP\u2019li heyetle \u0130stanbul&#8217;da bulunan Damal Dernekleri Federasyonu ve Erenler Cem Evi\u2019ni ziyaret etti. Buldan \u201cAlevi yurtta\u015flar\u0131m\u0131z\u0131n ge\u00e7mi\u015ften beri ya\u015fad\u0131\u011f\u0131 b\u00fct\u00fcn zul\u00fcmlerin ve ac\u0131lar\u0131n K\u00fcrtlerin ya\u015fad\u0131\u011f\u0131 zul\u00fcm ve ac\u0131larla ortak oldu\u011funu biliyoruz\u201d dedi. Son d\u00f6nemde Alevi toplumunun kurum ve ba\u015fkanlar\u0131na y\u00f6nelik sald\u0131r\u0131lar\u0131n artt\u0131\u011f\u0131 bir d\u00f6nemde E\u015f Genel Ba\u015fkanPervin [&hellip;]\" \/>\n<meta property=\"og:url\" content=\"https:\/\/darkamazi.site\/archives\/1020444\" \/>\n<meta property=\"og:site_name\" content=\"Darka Mazi\" \/>\n<meta property=\"article:publisher\" content=\"https:\/\/www.facebook.com\/DarkaMaziturkce\" \/>\n<meta property=\"article:published_time\" content=\"2022-08-07T15:42:58+00:00\" \/>\n<meta property=\"og:image\" content=\"https:\/\/darkamazi.site\/file\/2022\/08\/Pervin-Buldan-Aleviler-HDP.jpg\" \/>\n\t<meta property=\"og:image:width\" content=\"752\" \/>\n\t<meta property=\"og:image:height\" content=\"472\" \/>\n\t<meta property=\"og:image:type\" content=\"image\/jpeg\" \/>\n<meta name=\"author\" content=\"darka mazi\" \/>\n<meta name=\"twitter:card\" content=\"summary_large_image\" \/>\n<meta name=\"twitter:creator\" content=\"@DarkaMaziTurkce\" \/>\n<meta name=\"twitter:site\" content=\"@DarkaMaziTurkce\" \/>\n<meta name=\"twitter:label1\" content=\"Written by\" \/>\n\t<meta name=\"twitter:data1\" content=\"darka mazi\" \/>\n\t<meta name=\"twitter:label2\" content=\"Est. reading time\" \/>\n\t<meta name=\"twitter:data2\" content=\"2 minutes\" \/>\n<script type=\"application\/ld+json\" class=\"seo-schema-graph\">{\"@context\":\"https:\\\/\\\/schema.org\",\"@graph\":[{\"@type\":\"NewsArticle\",\"@id\":\"https:\\\/\\\/darkamazi.site\\\/archives\\\/1020444#article\",\"isPartOf\":{\"@id\":\"https:\\\/\\\/darkamazi.site\\\/archives\\\/1020444\"},\"author\":{\"name\":\"darka mazi\",\"@id\":\"https:\\\/\\\/darkamazi.site\\\/#\\\/schema\\\/person\\\/67986a95ac546c16760365877ef4a9d3\"},\"headline\":\"Pervin Buldan Resmi T\u00fcrk ideolosisine g\u00f6re konu\u015ftu K\u00fcrt Alevileri g\u00f6rmezden geldi\",\"datePublished\":\"2022-08-07T15:42:58+00:00\",\"mainEntityOfPage\":{\"@id\":\"https:\\\/\\\/darkamazi.site\\\/archives\\\/1020444\"},\"wordCount\":552,\"publisher\":{\"@id\":\"https:\\\/\\\/darkamazi.site\\\/#organization\"},\"image\":{\"@id\":\"https:\\\/\\\/darkamazi.site\\\/archives\\\/1020444#primaryimage\"},\"thumbnailUrl\":\"https:\\\/\\\/darkamazi.site\\\/darka-content\\\/uploads\\\/2022\\\/08\\\/Pervin-Buldan-Aleviler-HDP.jpg\",\"keywords\":[\"\u00f6nemli\"],\"articleSection\":[\"Kurdistan\"],\"inLanguage\":\"en-US\"},{\"@type\":\"WebPage\",\"@id\":\"https:\\\/\\\/darkamazi.site\\\/archives\\\/1020444\",\"url\":\"https:\\\/\\\/darkamazi.site\\\/archives\\\/1020444\",\"name\":\"Pervin Buldan Resmi T\u00fcrk ideolosisine g\u00f6re konu\u015ftu K\u00fcrt Alevileri g\u00f6rmezden geldi - Darka Mazi\",\"isPartOf\":{\"@id\":\"https:\\\/\\\/darkamazi.site\\\/#website\"},\"primaryImageOfPage\":{\"@id\":\"https:\\\/\\\/darkamazi.site\\\/archives\\\/1020444#primaryimage\"},\"image\":{\"@id\":\"https:\\\/\\\/darkamazi.site\\\/archives\\\/1020444#primaryimage\"},\"thumbnailUrl\":\"https:\\\/\\\/darkamazi.site\\\/darka-content\\\/uploads\\\/2022\\\/08\\\/Pervin-Buldan-Aleviler-HDP.jpg\",\"datePublished\":\"2022-08-07T15:42:58+00:00\",\"breadcrumb\":{\"@id\":\"https:\\\/\\\/darkamazi.site\\\/archives\\\/1020444#breadcrumb\"},\"inLanguage\":\"en-US\",\"potentialAction\":[{\"@type\":\"ReadAction\",\"target\":[\"https:\\\/\\\/darkamazi.site\\\/archives\\\/1020444\"]}]},{\"@type\":\"ImageObject\",\"inLanguage\":\"en-US\",\"@id\":\"https:\\\/\\\/darkamazi.site\\\/archives\\\/1020444#primaryimage\",\"url\":\"https:\\\/\\\/darkamazi.site\\\/darka-content\\\/uploads\\\/2022\\\/08\\\/Pervin-Buldan-Aleviler-HDP.jpg\",\"contentUrl\":\"https:\\\/\\\/darkamazi.site\\\/darka-content\\\/uploads\\\/2022\\\/08\\\/Pervin-Buldan-Aleviler-HDP.jpg\",\"width\":752,\"height\":472,\"caption\":\"Pervin Buldan Resmi T\u00fcrk ideolosisine g\u00f6re konu\u015ftu K\u00fcrt Alevileri g\u00f6rmezden geldi\"},{\"@type\":\"BreadcrumbList\",\"@id\":\"https:\\\/\\\/darkamazi.site\\\/archives\\\/1020444#breadcrumb\",\"itemListElement\":[{\"@type\":\"ListItem\",\"position\":1,\"name\":\"Home\",\"item\":\"https:\\\/\\\/darkamazi.site\\\/\"},{\"@type\":\"ListItem\",\"position\":2,\"name\":\"Pervin Buldan Resmi T\u00fcrk ideolosisine g\u00f6re konu\u015ftu K\u00fcrt Alevileri g\u00f6rmezden geldi\"}]},{\"@type\":\"WebSite\",\"@id\":\"https:\\\/\\\/darkamazi.site\\\/#website\",\"url\":\"https:\\\/\\\/darkamazi.site\\\/\",\"name\":\"Darka Mazi\",\"description\":\"Ana Sayfa\",\"publisher\":{\"@id\":\"https:\\\/\\\/darkamazi.site\\\/#organization\"},\"potentialAction\":[{\"@type\":\"SearchAction\",\"target\":{\"@type\":\"EntryPoint\",\"urlTemplate\":\"https:\\\/\\\/darkamazi.site\\\/?s={search_term_string}\"},\"query-input\":{\"@type\":\"PropertyValueSpecification\",\"valueRequired\":true,\"valueName\":\"search_term_string\"}}],\"inLanguage\":\"en-US\"},{\"@type\":\"Organization\",\"@id\":\"https:\\\/\\\/darkamazi.site\\\/#organization\",\"name\":\"Darka Mazi T\u00fcrk\u00e7e\",\"alternateName\":\"Darka Mazi\",\"url\":\"https:\\\/\\\/darkamazi.site\\\/\",\"logo\":{\"@type\":\"ImageObject\",\"inLanguage\":\"en-US\",\"@id\":\"https:\\\/\\\/darkamazi.site\\\/#\\\/schema\\\/logo\\\/image\\\/\",\"url\":\"https:\\\/\\\/darkamazi.site\\\/darka-content\\\/uploads\\\/2017\\\/12\\\/darka-mazi-logo.png\",\"contentUrl\":\"https:\\\/\\\/darkamazi.site\\\/darka-content\\\/uploads\\\/2017\\\/12\\\/darka-mazi-logo.png\",\"width\":151,\"height\":75,\"caption\":\"Darka Mazi T\u00fcrk\u00e7e\"},\"image\":{\"@id\":\"https:\\\/\\\/darkamazi.site\\\/#\\\/schema\\\/logo\\\/image\\\/\"},\"sameAs\":[\"https:\\\/\\\/www.facebook.com\\\/DarkaMaziturkce\",\"https:\\\/\\\/x.com\\\/DarkaMaziTurkce\"]},{\"@type\":\"Person\",\"@id\":\"https:\\\/\\\/darkamazi.site\\\/#\\\/schema\\\/person\\\/67986a95ac546c16760365877ef4a9d3\",\"name\":\"darka mazi\",\"sameAs\":[\"https:\\\/\\\/darkamazi.site\"],\"url\":\"https:\\\/\\\/darkamazi.site\\\/archives\\\/author\\\/turkish\"}]}<\/script>\n<!-- \/ Yoast SEO plugin. -->","seo_head_json":{"title":"Pervin Buldan Resmi T\u00fcrk ideolosisine g\u00f6re konu\u015ftu K\u00fcrt Alevileri g\u00f6rmezden geldi - Darka Mazi","robots":{"index":"index","follow":"follow","max-snippet":"max-snippet:-1","max-image-preview":"max-image-preview:large","max-video-preview":"max-video-preview:-1"},"canonical":"https:\/\/darkamazi.site\/archives\/1020444","og_locale":"en_US","og_type":"article","og_title":"Pervin Buldan Resmi T\u00fcrk ideolosisine g\u00f6re konu\u015ftu K\u00fcrt Alevileri g\u00f6rmezden geldi - Darka Mazi","og_description":"\u00a0HDP E\u015f Genel Ba\u015fkan\u0131 ve beraberindeki bir grup HDP\u2019li heyetle \u0130stanbul&#8217;da bulunan Damal Dernekleri Federasyonu ve Erenler Cem Evi\u2019ni ziyaret etti. Buldan \u201cAlevi yurtta\u015flar\u0131m\u0131z\u0131n ge\u00e7mi\u015ften beri ya\u015fad\u0131\u011f\u0131 b\u00fct\u00fcn zul\u00fcmlerin ve ac\u0131lar\u0131n K\u00fcrtlerin ya\u015fad\u0131\u011f\u0131 zul\u00fcm ve ac\u0131larla ortak oldu\u011funu biliyoruz\u201d dedi. Son d\u00f6nemde Alevi toplumunun kurum ve ba\u015fkanlar\u0131na y\u00f6nelik sald\u0131r\u0131lar\u0131n artt\u0131\u011f\u0131 bir d\u00f6nemde E\u015f Genel Ba\u015fkanPervin [&hellip;]","og_url":"https:\/\/darkamazi.site\/archives\/1020444","og_site_name":"Darka Mazi","article_publisher":"https:\/\/www.facebook.com\/DarkaMaziturkce","article_published_time":"2022-08-07T15:42:58+00:00","og_image":[{"width":752,"height":472,"url":"https:\/\/darkamazi.site\/file\/2022\/08\/Pervin-Buldan-Aleviler-HDP.jpg","type":"image\/jpeg"}],"author":"darka mazi","twitter_card":"summary_large_image","twitter_creator":"@DarkaMaziTurkce","twitter_site":"@DarkaMaziTurkce","twitter_misc":{"Written by":"darka mazi","Est. reading time":"2 minutes"},"schema":{"@context":"https:\/\/schema.org","@graph":[{"@type":"NewsArticle","@id":"https:\/\/darkamazi.site\/archives\/1020444#article","isPartOf":{"@id":"https:\/\/darkamazi.site\/archives\/1020444"},"author":{"name":"darka mazi","@id":"https:\/\/darkamazi.site\/#\/schema\/person\/67986a95ac546c16760365877ef4a9d3"},"headline":"Pervin Buldan Resmi T\u00fcrk ideolosisine g\u00f6re konu\u015ftu K\u00fcrt Alevileri g\u00f6rmezden geldi","datePublished":"2022-08-07T15:42:58+00:00","mainEntityOfPage":{"@id":"https:\/\/darkamazi.site\/archives\/1020444"},"wordCount":552,"publisher":{"@id":"https:\/\/darkamazi.site\/#organization"},"image":{"@id":"https:\/\/darkamazi.site\/archives\/1020444#primaryimage"},"thumbnailUrl":"https:\/\/darkamazi.site\/file\/2022\/08\/Pervin-Buldan-Aleviler-HDP.jpg","keywords":["\u00f6nemli"],"articleSection":["Kurdistan"],"inLanguage":"en-US"},{"@type":"WebPage","@id":"https:\/\/darkamazi.site\/archives\/1020444","url":"https:\/\/darkamazi.site\/archives\/1020444","name":"Pervin Buldan Resmi T\u00fcrk ideolosisine g\u00f6re konu\u015ftu K\u00fcrt Alevileri g\u00f6rmezden geldi - Darka Mazi","isPartOf":{"@id":"https:\/\/darkamazi.site\/#website"},"primaryImageOfPage":{"@id":"https:\/\/darkamazi.site\/archives\/1020444#primaryimage"},"image":{"@id":"https:\/\/darkamazi.site\/archives\/1020444#primaryimage"},"thumbnailUrl":"https:\/\/darkamazi.site\/file\/2022\/08\/Pervin-Buldan-Aleviler-HDP.jpg","datePublished":"2022-08-07T15:42:58+00:00","breadcrumb":{"@id":"https:\/\/darkamazi.site\/archives\/1020444#breadcrumb"},"inLanguage":"en-US","potentialAction":[{"@type":"ReadAction","target":["https:\/\/darkamazi.site\/archives\/1020444"]}]},{"@type":"ImageObject","inLanguage":"en-US","@id":"https:\/\/darkamazi.site\/archives\/1020444#primaryimage","url":"https:\/\/darkamazi.site\/file\/2022\/08\/Pervin-Buldan-Aleviler-HDP.jpg","contentUrl":"https:\/\/darkamazi.site\/file\/2022\/08\/Pervin-Buldan-Aleviler-HDP.jpg","width":752,"height":472,"caption":"Pervin Buldan Resmi T\u00fcrk ideolosisine g\u00f6re konu\u015ftu K\u00fcrt Alevileri g\u00f6rmezden geldi"},{"@type":"BreadcrumbList","@id":"https:\/\/darkamazi.site\/archives\/1020444#breadcrumb","itemListElement":[{"@type":"ListItem","position":1,"name":"Home","item":"https:\/\/darkamazi.site\/"},{"@type":"ListItem","position":2,"name":"Pervin Buldan Resmi T\u00fcrk ideolosisine g\u00f6re konu\u015ftu K\u00fcrt Alevileri g\u00f6rmezden geldi"}]},{"@type":"WebSite","@id":"https:\/\/darkamazi.site\/#website","url":"https:\/\/darkamazi.site\/","name":"Darka Mazi","description":"Ana Sayfa","publisher":{"@id":"https:\/\/darkamazi.site\/#organization"},"potentialAction":[{"@type":"SearchAction","target":{"@type":"EntryPoint","urlTemplate":"https:\/\/darkamazi.site\/?s={search_term_string}"},"query-input":{"@type":"PropertyValueSpecification","valueRequired":true,"valueName":"search_term_string"}}],"inLanguage":"en-US"},{"@type":"Organization","@id":"https:\/\/darkamazi.site\/#organization","name":"Darka Mazi T\u00fcrk\u00e7e","alternateName":"Darka Mazi","url":"https:\/\/darkamazi.site\/","logo":{"@type":"ImageObject","inLanguage":"en-US","@id":"https:\/\/darkamazi.site\/#\/schema\/logo\/image\/","url":"https:\/\/darkamazi.site\/file\/2017\/12\/darka-mazi-logo.png","contentUrl":"https:\/\/darkamazi.site\/file\/2017\/12\/darka-mazi-logo.png","width":151,"height":75,"caption":"Darka Mazi T\u00fcrk\u00e7e"},"image":{"@id":"https:\/\/darkamazi.site\/#\/schema\/logo\/image\/"},"sameAs":["https:\/\/www.facebook.com\/DarkaMaziturkce","https:\/\/x.com\/DarkaMaziTurkce"]},{"@type":"Person","@id":"https:\/\/darkamazi.site\/#\/schema\/person\/67986a95ac546c16760365877ef4a9d3","name":"darka mazi","sameAs":["https:\/\/darkamazi.site"],"url":"https:\/\/darkamazi.site\/archives\/author\/turkish"}]}},"_links":{"self":[{"href":"https:\/\/darkamazi.site\/funavuv\/wp\/v2\/posts\/1020444","targetHints":{"allow":["GET"]}}],"collection":[{"href":"https:\/\/darkamazi.site\/funavuv\/wp\/v2\/posts"}],"about":[{"href":"https:\/\/darkamazi.site\/funavuv\/wp\/v2\/types\/post"}],"author":[{"embeddable":true,"href":"https:\/\/darkamazi.site\/funavuv\/wp\/v2\/users\/2"}],"replies":[{"embeddable":true,"href":"https:\/\/darkamazi.site\/funavuv\/wp\/v2\/comments?post=1020444"}],"version-history":[{"count":0,"href":"https:\/\/darkamazi.site\/funavuv\/wp\/v2\/posts\/1020444\/revisions"}],"wp:featuredmedia":[{"embeddable":true,"href":"https:\/\/darkamazi.site\/funavuv\/wp\/v2\/media\/1020445"}],"wp:attachment":[{"href":"https:\/\/darkamazi.site\/funavuv\/wp\/v2\/media?parent=1020444"}],"wp:term":[{"taxonomy":"category","embeddable":true,"href":"https:\/\/darkamazi.site\/funavuv\/wp\/v2\/categories?post=1020444"},{"taxonomy":"post_tag","embeddable":true,"href":"https:\/\/darkamazi.site\/funavuv\/wp\/v2\/tags?post=1020444"}],"curies":[{"name":"wp","href":"https:\/\/api.w.org\/{rel}","templated":true}]}}