{"id":1020522,"date":"2022-08-12T18:12:48","date_gmt":"2022-08-12T15:12:48","guid":{"rendered":"https:\/\/darkamazi.site\/?p=1020522"},"modified":"2022-08-12T18:12:48","modified_gmt":"2022-08-12T15:12:48","slug":"gazeteci-ali-javanmardi-rojavada-vurulan-dogu-kurdistanli-rezan-cawid-hakkinda-onemli-aciklamalar-yapti","status":"publish","type":"post","link":"https:\/\/darkamazi.site\/archives\/1020522","title":{"rendered":"Gazeteci Ali Javanmardi Rojava\u2019da vurulan Do\u011fu K\u00fcrdistanl\u0131 Rezan Cawid hakk\u0131nda \u00f6nemli a\u00e7\u0131klamalar yapt\u0131"},"content":{"rendered":"<p style=\"text-align: justify\">Ge\u00e7ti\u011fimiz 8 A\u011fustos g\u00fcn\u00fc T\u00fcrk Devletinin Kami\u015flo\u2019da Sinai Mahellesine yapt\u0131\u011f\u0131 sald\u0131r\u0131da PKK\u2019nin Do\u011fu K\u00fcrdistan\u2019l\u0131 kadrosu Rezan Rojhilat kod adl\u0131 Yusuf Rebani hayat\u0131n\u0131 kaybetmi\u015fti. \u015eu ana de\u011fin TSK sald\u0131r\u0131lar\u0131nda hayat\u0131n\u0131 kaybeden hi\u00e7bir PKK kadrosunun kimli\u011fi a\u00e7\u0131klanm\u0131yordu. Leyla Van, Engin Karaaslan gibi isimler hakk\u0131nda a\u00e7\u0131klamalar yap\u0131lmam\u0131\u015f. Yap\u0131lan a\u00e7\u0131klamalarda da nerede hayatlar\u0131n\u0131 kaybettikleri a\u00e7\u0131klanmam\u0131\u015ft\u0131.<\/p>\n<p style=\"text-align: justify\">\u00a0Rojava y\u00f6netimi ilk kez bir PKK\u2019linin Rojava\u2019da \u015fehit d\u00fc\u015ft\u00fc\u011f\u00fcn\u00fc resmi olarak kabul etmi\u015f ve a\u00e7\u0131klama yapm\u0131\u015ft\u0131. Darka Mazi olarak PKK\u2019nin neden Rezan Cawid\u2019i a\u00e7\u0131klamak zorunda kald\u0131\u011f\u0131na dair bir yaz\u0131 yay\u0131nlam\u0131\u015ft\u0131k. <a href=\"https:\/\/darkamazi.site\/archives\/1020485\">https:\/\/darkamazi.site\/archives\/1020485<\/a><\/p>\n<p style=\"text-align: justify\">Darka Mazi yay\u0131nlad\u0131\u011f\u0131 yaz\u0131da Rezan Cawid\u2019in daha \u00f6nce PKK\u2019den ayr\u0131lmak istedi\u011fini tutukland\u0131\u011f\u0131n\u0131 ve ayr\u0131lmas\u0131n\u0131 engellemek i\u00e7in Rojava\u2019ya s\u00fcrg\u00fcne g\u00f6nderildi\u011fini yazm\u0131\u015ft\u0131. K\u00fcrt medyas\u0131n\u0131n \u00f6nemli isimlerinden ve deneyimli gazeteci Ali Javanmerdi\u2019de konuya d\u00f6n\u00fck bir a\u00e7\u0131klama yay\u0131nlad\u0131.<\/p>\n<p>Do\u011fu K\u00fcrdistan ve \u0130ran konular\u0131ndaki deneyimli gazeteci Ali Javanmardi kendi sosyal medya hesab\u0131ndan yapt\u0131\u011f\u0131 a\u00e7\u0131klamada Rezan Cawid ile g\u00f6r\u00fc\u015f\u00fcrken \u00e7ekilmi\u015f fotolar\u0131n\u0131 da yay\u0131nlad\u0131. Ayr\u0131ca Do\u011fu K\u00fcrdistanl\u0131 gen\u00e7lere \u00e7a\u011fr\u0131 yapt\u0131.<\/p>\n<p style=\"text-align: justify\"><span style=\"font-family: 'arial black', sans-serif;font-size: 12pt\">Ali Javanmardi\u2019nin a\u00e7\u0131klamas\u0131<\/span><\/p>\n<p style=\"text-align: justify\">Rezan Cawid kod adl\u0131 Yusuf Rebani PKK\u2019nin \u00e7al\u0131\u015fmalar\u0131ndan rahats\u0131z bir devrimciydi ve PKK\u2019nin Do\u011fu K\u00fcrdistan \u00e7al\u0131\u015fmalar\u0131ndan uzakla\u015ft\u0131r\u0131lm\u0131\u015ft\u0131, Kami\u015flo\u2019da T\u00fcrk devletinin sald\u0131r\u0131s\u0131 sonucu \u015fehit d\u00fc\u015ft\u00fc.<\/p>\n<p style=\"text-align: justify\">Do\u011fu K\u00fcrdistanl\u0131 gen\u00e7ler kendi \u015fehirleri \u0130ran mollalar\u0131n\u0131n zulm\u00fc alt\u0131nda en k\u00f6t\u00fc durumu ya\u015farken neden Kami\u015flo\u2019da \u015fehit d\u00fc\u015f\u00fcyor?<\/p>\n<p style=\"text-align: justify\">PKK \u0130ran\u2019\u0131n Dayan\u0131\u015fma Gurubu\u2019nun bir par\u00e7as\u0131 ve Cemil Bay\u0131k a\u00e7\u0131k a\u00e7\u0131k \u201c\u0130ran ve Rusya devleti\u201d \u00a0ile hareket ettiklerini hi\u00e7 gizlemeden a\u00e7\u0131k a\u00e7\u0131k s\u00f6yl\u00fcyor.<\/p>\n<p style=\"text-align: justify\">Do\u011fu K\u00fcrdistanl\u0131 gen\u00e7ler bu ger\u00e7e\u011fi g\u00f6rmeli ve \u0130ran\u2019\u0131n Dayan\u0131\u015fma Gurubundan uzak durmal\u0131.<br \/>\nRezan Cawid PKK\u2019den kopmak istiyordu ve PKK onu Rojava\u2019ya g\u00f6ndererek PJAK \u00e7al\u0131\u015fmalar\u0131ndan uzakla\u015ft\u0131rd\u0131.<\/p>\n<p style=\"text-align: justify\">Rezan Cawid 2017 y\u0131l\u0131nda Kerk\u00fck ihanetinden sonra daha \u00f6nce PKK \u00fcyesi olan ortak bir arkada\u015f\u0131m\u0131z yolu ile bizimle irtibata ge\u00e7erek ona (ayr\u0131lmak i\u00e7in) bir yol bulmam\u0131z\u0131 istedi fakat maalesef biz bunu yapamad\u0131k.<\/p>\n<p style=\"text-align: justify\"><span style=\"font-family: 'arial black', sans-serif;font-size: 12pt\">Darka Mazi\u2019nin haberini do\u011fruluyor<\/span><\/p>\n<p style=\"text-align: justify\">Javanmerdi\u2019nin yapt\u0131\u011f\u0131 a\u00e7\u0131klama Rezan Rojhilat\u2019\u0131n neden Rojava\u2019da oldu\u011fu ger\u00e7e\u011fini net olarak ortaya koyuyor. Ayr\u0131ca sitemizin daha \u00f6nce konuya ili\u015fkin yapt\u0131\u011f\u0131 a\u00e7\u0131klamay\u0131 da do\u011fruluyor.<\/p>\n<p style=\"text-align: justify\">Rezan Cawid 2016 y\u0131l\u0131ndan sonra PKK\u2019den ayr\u0131lmak i\u00e7in yol aram\u0131\u015f fakat ba\u015faramam\u0131\u015ft\u0131.<\/p>\n<p style=\"text-align: justify\"><span style=\"font-family: 'arial black', sans-serif;font-size: 12pt\">Do\u011fu K\u00fcrdistan\u2019l\u0131 gen\u00e7lerin PJAK i\u00e7indeki varl\u0131\u011f\u0131<\/span><\/p>\n<p style=\"text-align: justify\">Javanmardi\u2019nin Do\u011fu K\u00fcrdistanl\u0131 gen\u00e7lere y\u00f6nelik \u201cPKK saflar\u0131nda ne i\u015finiz var\u201d sorusu da \u00f6nemli bir konu. \u0130ran ile stratejik ortak olan ve asl\u0131nda 2011 y\u0131l\u0131ndan bu yana \u0130ran\u2019\u0131n b\u00f6lgedeki siyasetine g\u00f6re davranan PKK \u0130ran\u2019\u0131n \u00f6mr\u00fcn\u00fc uzat\u0131yor. Do\u011fu K\u00fcrdistanl\u0131 gen\u00e7leri KODAR, YRK, PJAK vb isimler ad\u0131 alt\u0131nda saflar\u0131na al\u0131yor fakat Do\u011fu K\u00fcrdistan halk\u0131 i\u00e7in ve \u0130ran\u2019a kar\u015f\u0131 bir m\u00fccadele y\u00fcr\u00fctmelerine engel oluyor. Ayr\u0131ca PKK \u015fu ana de\u011fin Do\u011fu K\u00fcrdistan\u2019\u0131n en \u00f6nemli siyasi \u00f6rg\u00fctleri KDP-i, HRK , KOMALA vb t\u00fcm yap\u0131lar\u0131na kar\u015f\u0131 da d\u00fc\u015fmanl\u0131k etti. 2016 y\u0131l\u0131nda Do\u011fu K\u00fcrdistan\u2019a ge\u00e7mek isteyen pe\u015fmerge g\u00fc\u00e7lerine sald\u0131rd\u0131 ve pe\u015fmergeler \u015fehit d\u00fc\u015ft\u00fc.<\/p>\n<p style=\"text-align: justify\"><img loading=\"lazy\" decoding=\"async\" width=\"300\" height=\"200\" class=\" darka-image-1020524 aligncenter\" src=\"https:\/\/darkamazi.site\/file\/2022\/08\/WhatsApp-Image-2022-08-11-at-4.17.27-PM-300x200.jpeg\" alt=\"Gazeteci Ali Javanmardi Rojava\u2019da vurulan Do\u011fu K\u00fcrdistanl\u0131 Rezan Cawid hakk\u0131nda \u00f6nemli a\u00e7\u0131klamalar yapt\u0131\" srcset=\"https:\/\/darkamazi.site\/file\/2022\/08\/WhatsApp-Image-2022-08-11-at-4.17.27-PM-300x200.jpeg 300w, https:\/\/darkamazi.site\/file\/2022\/08\/WhatsApp-Image-2022-08-11-at-4.17.27-PM-768x512.jpeg 768w, https:\/\/darkamazi.site\/file\/2022\/08\/WhatsApp-Image-2022-08-11-at-4.17.27-PM.jpeg 1024w\" sizes=\"auto, (max-width: 300px) 100vw, 300px\" \/><\/p>\n<p style=\"text-align: justify\">\n","protected":false},"excerpt":{"rendered":"<p>Ge\u00e7ti\u011fimiz 8 A\u011fustos g\u00fcn\u00fc T\u00fcrk Devletinin Kami\u015flo\u2019da Sinai Mahellesine yapt\u0131\u011f\u0131 sald\u0131r\u0131da PKK\u2019nin Do\u011fu K\u00fcrdistan\u2019l\u0131 kadrosu Rezan Rojhilat kod adl\u0131 Yusuf Rebani hayat\u0131n\u0131 kaybetmi\u015fti. \u015eu ana de\u011fin TSK sald\u0131r\u0131lar\u0131nda hayat\u0131n\u0131 kaybeden hi\u00e7bir PKK kadrosunun kimli\u011fi a\u00e7\u0131klanm\u0131yordu. Leyla Van, Engin Karaaslan gibi isimler hakk\u0131nda a\u00e7\u0131klamalar yap\u0131lmam\u0131\u015f. Yap\u0131lan a\u00e7\u0131klamalarda da nerede hayatlar\u0131n\u0131 kaybettikleri a\u00e7\u0131klanmam\u0131\u015ft\u0131. \u00a0Rojava y\u00f6netimi ilk kez [&hellip;]<\/p>\n","protected":false},"author":2,"featured_media":1020523,"comment_status":"closed","ping_status":"closed","sticky":false,"template":"","format":"image","meta":{"footnotes":""},"categories":[3],"tags":[31],"class_list":["post-1020522","post","type-post","status-publish","format-image","has-post-thumbnail","hentry","category-kurdistan","tag-onemli","post_format-post-format-image"],"blocksy_meta":[],"seo_head":"<!-- This site is optimized with the Yoast SEO plugin v27.5 - https:\/\/yoast.com\/product\/yoast-seo-wordpress\/ -->\n<title>Gazeteci Ali Javanmardi Rojava\u2019da vurulan Do\u011fu K\u00fcrdistanl\u0131 Rezan Cawid hakk\u0131nda \u00f6nemli a\u00e7\u0131klamalar yapt\u0131 - Darka Mazi<\/title>\n<meta name=\"robots\" content=\"index, follow, max-snippet:-1, max-image-preview:large, max-video-preview:-1\" \/>\n<link rel=\"canonical\" href=\"https:\/\/darkamazi.site\/archives\/1020522\" \/>\n<meta property=\"og:locale\" content=\"en_US\" \/>\n<meta property=\"og:type\" content=\"article\" \/>\n<meta property=\"og:title\" content=\"Gazeteci Ali Javanmardi Rojava\u2019da vurulan Do\u011fu K\u00fcrdistanl\u0131 Rezan Cawid hakk\u0131nda \u00f6nemli a\u00e7\u0131klamalar yapt\u0131 - Darka Mazi\" \/>\n<meta property=\"og:description\" content=\"Ge\u00e7ti\u011fimiz 8 A\u011fustos g\u00fcn\u00fc T\u00fcrk Devletinin Kami\u015flo\u2019da Sinai Mahellesine yapt\u0131\u011f\u0131 sald\u0131r\u0131da PKK\u2019nin Do\u011fu K\u00fcrdistan\u2019l\u0131 kadrosu Rezan Rojhilat kod adl\u0131 Yusuf Rebani hayat\u0131n\u0131 kaybetmi\u015fti. \u015eu ana de\u011fin TSK sald\u0131r\u0131lar\u0131nda hayat\u0131n\u0131 kaybeden hi\u00e7bir PKK kadrosunun kimli\u011fi a\u00e7\u0131klanm\u0131yordu. Leyla Van, Engin Karaaslan gibi isimler hakk\u0131nda a\u00e7\u0131klamalar yap\u0131lmam\u0131\u015f. Yap\u0131lan a\u00e7\u0131klamalarda da nerede hayatlar\u0131n\u0131 kaybettikleri a\u00e7\u0131klanmam\u0131\u015ft\u0131. \u00a0Rojava y\u00f6netimi ilk kez [&hellip;]\" \/>\n<meta property=\"og:url\" content=\"https:\/\/darkamazi.site\/archives\/1020522\" \/>\n<meta property=\"og:site_name\" content=\"Darka Mazi\" \/>\n<meta property=\"article:publisher\" content=\"https:\/\/www.facebook.com\/DarkaMaziturkce\" \/>\n<meta property=\"article:published_time\" content=\"2022-08-12T15:12:48+00:00\" \/>\n<meta property=\"og:image\" content=\"https:\/\/darkamazi.site\/file\/2022\/08\/ali-javanmardi.jpg\" \/>\n\t<meta property=\"og:image:width\" content=\"900\" \/>\n\t<meta property=\"og:image:height\" content=\"497\" \/>\n\t<meta property=\"og:image:type\" content=\"image\/jpeg\" \/>\n<meta name=\"author\" content=\"darka mazi\" \/>\n<meta name=\"twitter:card\" content=\"summary_large_image\" \/>\n<meta name=\"twitter:creator\" content=\"@DarkaMaziTurkce\" \/>\n<meta name=\"twitter:site\" content=\"@DarkaMaziTurkce\" \/>\n<meta name=\"twitter:label1\" content=\"Written by\" \/>\n\t<meta name=\"twitter:data1\" content=\"darka mazi\" \/>\n\t<meta name=\"twitter:label2\" content=\"Est. reading time\" \/>\n\t<meta name=\"twitter:data2\" content=\"2 minutes\" \/>\n<script type=\"application\/ld+json\" class=\"seo-schema-graph\">{\"@context\":\"https:\\\/\\\/schema.org\",\"@graph\":[{\"@type\":\"NewsArticle\",\"@id\":\"https:\\\/\\\/darkamazi.site\\\/archives\\\/1020522#article\",\"isPartOf\":{\"@id\":\"https:\\\/\\\/darkamazi.site\\\/archives\\\/1020522\"},\"author\":{\"name\":\"darka mazi\",\"@id\":\"https:\\\/\\\/darkamazi.site\\\/#\\\/schema\\\/person\\\/67986a95ac546c16760365877ef4a9d3\"},\"headline\":\"Gazeteci Ali Javanmardi Rojava\u2019da vurulan Do\u011fu K\u00fcrdistanl\u0131 Rezan Cawid hakk\u0131nda \u00f6nemli a\u00e7\u0131klamalar yapt\u0131\",\"datePublished\":\"2022-08-12T15:12:48+00:00\",\"mainEntityOfPage\":{\"@id\":\"https:\\\/\\\/darkamazi.site\\\/archives\\\/1020522\"},\"wordCount\":652,\"publisher\":{\"@id\":\"https:\\\/\\\/darkamazi.site\\\/#organization\"},\"image\":{\"@id\":\"https:\\\/\\\/darkamazi.site\\\/archives\\\/1020522#primaryimage\"},\"thumbnailUrl\":\"https:\\\/\\\/darkamazi.site\\\/darka-content\\\/uploads\\\/2022\\\/08\\\/ali-javanmardi.jpg\",\"keywords\":[\"\u00f6nemli\"],\"articleSection\":[\"Kurdistan\"],\"inLanguage\":\"en-US\"},{\"@type\":\"WebPage\",\"@id\":\"https:\\\/\\\/darkamazi.site\\\/archives\\\/1020522\",\"url\":\"https:\\\/\\\/darkamazi.site\\\/archives\\\/1020522\",\"name\":\"Gazeteci Ali Javanmardi Rojava\u2019da vurulan Do\u011fu K\u00fcrdistanl\u0131 Rezan Cawid hakk\u0131nda \u00f6nemli a\u00e7\u0131klamalar yapt\u0131 - Darka Mazi\",\"isPartOf\":{\"@id\":\"https:\\\/\\\/darkamazi.site\\\/#website\"},\"primaryImageOfPage\":{\"@id\":\"https:\\\/\\\/darkamazi.site\\\/archives\\\/1020522#primaryimage\"},\"image\":{\"@id\":\"https:\\\/\\\/darkamazi.site\\\/archives\\\/1020522#primaryimage\"},\"thumbnailUrl\":\"https:\\\/\\\/darkamazi.site\\\/darka-content\\\/uploads\\\/2022\\\/08\\\/ali-javanmardi.jpg\",\"datePublished\":\"2022-08-12T15:12:48+00:00\",\"breadcrumb\":{\"@id\":\"https:\\\/\\\/darkamazi.site\\\/archives\\\/1020522#breadcrumb\"},\"inLanguage\":\"en-US\",\"potentialAction\":[{\"@type\":\"ReadAction\",\"target\":[\"https:\\\/\\\/darkamazi.site\\\/archives\\\/1020522\"]}]},{\"@type\":\"ImageObject\",\"inLanguage\":\"en-US\",\"@id\":\"https:\\\/\\\/darkamazi.site\\\/archives\\\/1020522#primaryimage\",\"url\":\"https:\\\/\\\/darkamazi.site\\\/darka-content\\\/uploads\\\/2022\\\/08\\\/ali-javanmardi.jpg\",\"contentUrl\":\"https:\\\/\\\/darkamazi.site\\\/darka-content\\\/uploads\\\/2022\\\/08\\\/ali-javanmardi.jpg\",\"width\":900,\"height\":497,\"caption\":\"Gazeteci Ali Javanmardi Rojava\u2019da vurulan Do\u011fu K\u00fcrdistanl\u0131 Rezan Cawid hakk\u0131nda \u00f6nemli a\u00e7\u0131klamalar yapt\u0131 Yusuf Rebani, PJAK; KODAR; YRK, Kami\u015flo, S\u0130HA\"},{\"@type\":\"BreadcrumbList\",\"@id\":\"https:\\\/\\\/darkamazi.site\\\/archives\\\/1020522#breadcrumb\",\"itemListElement\":[{\"@type\":\"ListItem\",\"position\":1,\"name\":\"Home\",\"item\":\"https:\\\/\\\/darkamazi.site\\\/\"},{\"@type\":\"ListItem\",\"position\":2,\"name\":\"Gazeteci Ali Javanmardi Rojava\u2019da vurulan Do\u011fu K\u00fcrdistanl\u0131 Rezan Cawid hakk\u0131nda \u00f6nemli a\u00e7\u0131klamalar yapt\u0131\"}]},{\"@type\":\"WebSite\",\"@id\":\"https:\\\/\\\/darkamazi.site\\\/#website\",\"url\":\"https:\\\/\\\/darkamazi.site\\\/\",\"name\":\"Darka Mazi\",\"description\":\"Ana Sayfa\",\"publisher\":{\"@id\":\"https:\\\/\\\/darkamazi.site\\\/#organization\"},\"potentialAction\":[{\"@type\":\"SearchAction\",\"target\":{\"@type\":\"EntryPoint\",\"urlTemplate\":\"https:\\\/\\\/darkamazi.site\\\/?s={search_term_string}\"},\"query-input\":{\"@type\":\"PropertyValueSpecification\",\"valueRequired\":true,\"valueName\":\"search_term_string\"}}],\"inLanguage\":\"en-US\"},{\"@type\":\"Organization\",\"@id\":\"https:\\\/\\\/darkamazi.site\\\/#organization\",\"name\":\"Darka Mazi T\u00fcrk\u00e7e\",\"alternateName\":\"Darka Mazi\",\"url\":\"https:\\\/\\\/darkamazi.site\\\/\",\"logo\":{\"@type\":\"ImageObject\",\"inLanguage\":\"en-US\",\"@id\":\"https:\\\/\\\/darkamazi.site\\\/#\\\/schema\\\/logo\\\/image\\\/\",\"url\":\"https:\\\/\\\/darkamazi.site\\\/darka-content\\\/uploads\\\/2017\\\/12\\\/darka-mazi-logo.png\",\"contentUrl\":\"https:\\\/\\\/darkamazi.site\\\/darka-content\\\/uploads\\\/2017\\\/12\\\/darka-mazi-logo.png\",\"width\":151,\"height\":75,\"caption\":\"Darka Mazi T\u00fcrk\u00e7e\"},\"image\":{\"@id\":\"https:\\\/\\\/darkamazi.site\\\/#\\\/schema\\\/logo\\\/image\\\/\"},\"sameAs\":[\"https:\\\/\\\/www.facebook.com\\\/DarkaMaziturkce\",\"https:\\\/\\\/x.com\\\/DarkaMaziTurkce\"]},{\"@type\":\"Person\",\"@id\":\"https:\\\/\\\/darkamazi.site\\\/#\\\/schema\\\/person\\\/67986a95ac546c16760365877ef4a9d3\",\"name\":\"darka mazi\",\"sameAs\":[\"https:\\\/\\\/darkamazi.site\"],\"url\":\"https:\\\/\\\/darkamazi.site\\\/archives\\\/author\\\/turkish\"}]}<\/script>\n<!-- \/ Yoast SEO plugin. -->","seo_head_json":{"title":"Gazeteci Ali Javanmardi Rojava\u2019da vurulan Do\u011fu K\u00fcrdistanl\u0131 Rezan Cawid hakk\u0131nda \u00f6nemli a\u00e7\u0131klamalar yapt\u0131 - Darka Mazi","robots":{"index":"index","follow":"follow","max-snippet":"max-snippet:-1","max-image-preview":"max-image-preview:large","max-video-preview":"max-video-preview:-1"},"canonical":"https:\/\/darkamazi.site\/archives\/1020522","og_locale":"en_US","og_type":"article","og_title":"Gazeteci Ali Javanmardi Rojava\u2019da vurulan Do\u011fu K\u00fcrdistanl\u0131 Rezan Cawid hakk\u0131nda \u00f6nemli a\u00e7\u0131klamalar yapt\u0131 - Darka Mazi","og_description":"Ge\u00e7ti\u011fimiz 8 A\u011fustos g\u00fcn\u00fc T\u00fcrk Devletinin Kami\u015flo\u2019da Sinai Mahellesine yapt\u0131\u011f\u0131 sald\u0131r\u0131da PKK\u2019nin Do\u011fu K\u00fcrdistan\u2019l\u0131 kadrosu Rezan Rojhilat kod adl\u0131 Yusuf Rebani hayat\u0131n\u0131 kaybetmi\u015fti. \u015eu ana de\u011fin TSK sald\u0131r\u0131lar\u0131nda hayat\u0131n\u0131 kaybeden hi\u00e7bir PKK kadrosunun kimli\u011fi a\u00e7\u0131klanm\u0131yordu. Leyla Van, Engin Karaaslan gibi isimler hakk\u0131nda a\u00e7\u0131klamalar yap\u0131lmam\u0131\u015f. Yap\u0131lan a\u00e7\u0131klamalarda da nerede hayatlar\u0131n\u0131 kaybettikleri a\u00e7\u0131klanmam\u0131\u015ft\u0131. \u00a0Rojava y\u00f6netimi ilk kez [&hellip;]","og_url":"https:\/\/darkamazi.site\/archives\/1020522","og_site_name":"Darka Mazi","article_publisher":"https:\/\/www.facebook.com\/DarkaMaziturkce","article_published_time":"2022-08-12T15:12:48+00:00","og_image":[{"width":900,"height":497,"url":"https:\/\/darkamazi.site\/file\/2022\/08\/ali-javanmardi.jpg","type":"image\/jpeg"}],"author":"darka mazi","twitter_card":"summary_large_image","twitter_creator":"@DarkaMaziTurkce","twitter_site":"@DarkaMaziTurkce","twitter_misc":{"Written by":"darka mazi","Est. reading time":"2 minutes"},"schema":{"@context":"https:\/\/schema.org","@graph":[{"@type":"NewsArticle","@id":"https:\/\/darkamazi.site\/archives\/1020522#article","isPartOf":{"@id":"https:\/\/darkamazi.site\/archives\/1020522"},"author":{"name":"darka mazi","@id":"https:\/\/darkamazi.site\/#\/schema\/person\/67986a95ac546c16760365877ef4a9d3"},"headline":"Gazeteci Ali Javanmardi Rojava\u2019da vurulan Do\u011fu K\u00fcrdistanl\u0131 Rezan Cawid hakk\u0131nda \u00f6nemli a\u00e7\u0131klamalar yapt\u0131","datePublished":"2022-08-12T15:12:48+00:00","mainEntityOfPage":{"@id":"https:\/\/darkamazi.site\/archives\/1020522"},"wordCount":652,"publisher":{"@id":"https:\/\/darkamazi.site\/#organization"},"image":{"@id":"https:\/\/darkamazi.site\/archives\/1020522#primaryimage"},"thumbnailUrl":"https:\/\/darkamazi.site\/file\/2022\/08\/ali-javanmardi.jpg","keywords":["\u00f6nemli"],"articleSection":["Kurdistan"],"inLanguage":"en-US"},{"@type":"WebPage","@id":"https:\/\/darkamazi.site\/archives\/1020522","url":"https:\/\/darkamazi.site\/archives\/1020522","name":"Gazeteci Ali Javanmardi Rojava\u2019da vurulan Do\u011fu K\u00fcrdistanl\u0131 Rezan Cawid hakk\u0131nda \u00f6nemli a\u00e7\u0131klamalar yapt\u0131 - Darka Mazi","isPartOf":{"@id":"https:\/\/darkamazi.site\/#website"},"primaryImageOfPage":{"@id":"https:\/\/darkamazi.site\/archives\/1020522#primaryimage"},"image":{"@id":"https:\/\/darkamazi.site\/archives\/1020522#primaryimage"},"thumbnailUrl":"https:\/\/darkamazi.site\/file\/2022\/08\/ali-javanmardi.jpg","datePublished":"2022-08-12T15:12:48+00:00","breadcrumb":{"@id":"https:\/\/darkamazi.site\/archives\/1020522#breadcrumb"},"inLanguage":"en-US","potentialAction":[{"@type":"ReadAction","target":["https:\/\/darkamazi.site\/archives\/1020522"]}]},{"@type":"ImageObject","inLanguage":"en-US","@id":"https:\/\/darkamazi.site\/archives\/1020522#primaryimage","url":"https:\/\/darkamazi.site\/file\/2022\/08\/ali-javanmardi.jpg","contentUrl":"https:\/\/darkamazi.site\/file\/2022\/08\/ali-javanmardi.jpg","width":900,"height":497,"caption":"Gazeteci Ali Javanmardi Rojava\u2019da vurulan Do\u011fu K\u00fcrdistanl\u0131 Rezan Cawid hakk\u0131nda \u00f6nemli a\u00e7\u0131klamalar yapt\u0131 Yusuf Rebani, PJAK; KODAR; YRK, Kami\u015flo, S\u0130HA"},{"@type":"BreadcrumbList","@id":"https:\/\/darkamazi.site\/archives\/1020522#breadcrumb","itemListElement":[{"@type":"ListItem","position":1,"name":"Home","item":"https:\/\/darkamazi.site\/"},{"@type":"ListItem","position":2,"name":"Gazeteci Ali Javanmardi Rojava\u2019da vurulan Do\u011fu K\u00fcrdistanl\u0131 Rezan Cawid hakk\u0131nda \u00f6nemli a\u00e7\u0131klamalar yapt\u0131"}]},{"@type":"WebSite","@id":"https:\/\/darkamazi.site\/#website","url":"https:\/\/darkamazi.site\/","name":"Darka Mazi","description":"Ana Sayfa","publisher":{"@id":"https:\/\/darkamazi.site\/#organization"},"potentialAction":[{"@type":"SearchAction","target":{"@type":"EntryPoint","urlTemplate":"https:\/\/darkamazi.site\/?s={search_term_string}"},"query-input":{"@type":"PropertyValueSpecification","valueRequired":true,"valueName":"search_term_string"}}],"inLanguage":"en-US"},{"@type":"Organization","@id":"https:\/\/darkamazi.site\/#organization","name":"Darka Mazi T\u00fcrk\u00e7e","alternateName":"Darka Mazi","url":"https:\/\/darkamazi.site\/","logo":{"@type":"ImageObject","inLanguage":"en-US","@id":"https:\/\/darkamazi.site\/#\/schema\/logo\/image\/","url":"https:\/\/darkamazi.site\/file\/2017\/12\/darka-mazi-logo.png","contentUrl":"https:\/\/darkamazi.site\/file\/2017\/12\/darka-mazi-logo.png","width":151,"height":75,"caption":"Darka Mazi T\u00fcrk\u00e7e"},"image":{"@id":"https:\/\/darkamazi.site\/#\/schema\/logo\/image\/"},"sameAs":["https:\/\/www.facebook.com\/DarkaMaziturkce","https:\/\/x.com\/DarkaMaziTurkce"]},{"@type":"Person","@id":"https:\/\/darkamazi.site\/#\/schema\/person\/67986a95ac546c16760365877ef4a9d3","name":"darka mazi","sameAs":["https:\/\/darkamazi.site"],"url":"https:\/\/darkamazi.site\/archives\/author\/turkish"}]}},"_links":{"self":[{"href":"https:\/\/darkamazi.site\/funavuv\/wp\/v2\/posts\/1020522","targetHints":{"allow":["GET"]}}],"collection":[{"href":"https:\/\/darkamazi.site\/funavuv\/wp\/v2\/posts"}],"about":[{"href":"https:\/\/darkamazi.site\/funavuv\/wp\/v2\/types\/post"}],"author":[{"embeddable":true,"href":"https:\/\/darkamazi.site\/funavuv\/wp\/v2\/users\/2"}],"replies":[{"embeddable":true,"href":"https:\/\/darkamazi.site\/funavuv\/wp\/v2\/comments?post=1020522"}],"version-history":[{"count":0,"href":"https:\/\/darkamazi.site\/funavuv\/wp\/v2\/posts\/1020522\/revisions"}],"wp:featuredmedia":[{"embeddable":true,"href":"https:\/\/darkamazi.site\/funavuv\/wp\/v2\/media\/1020523"}],"wp:attachment":[{"href":"https:\/\/darkamazi.site\/funavuv\/wp\/v2\/media?parent=1020522"}],"wp:term":[{"taxonomy":"category","embeddable":true,"href":"https:\/\/darkamazi.site\/funavuv\/wp\/v2\/categories?post=1020522"},{"taxonomy":"post_tag","embeddable":true,"href":"https:\/\/darkamazi.site\/funavuv\/wp\/v2\/tags?post=1020522"}],"curies":[{"name":"wp","href":"https:\/\/api.w.org\/{rel}","templated":true}]}}