{"id":1020549,"date":"2022-08-14T15:14:25","date_gmt":"2022-08-14T12:14:25","guid":{"rendered":"https:\/\/darkamazi.site\/?p=1020549"},"modified":"2022-08-14T15:14:25","modified_gmt":"2022-08-14T12:14:25","slug":"erbil-rojhilatli-siyasetci-kadir-kadiriyi-vuran-uc-kisiye-idam-cezasi-verildi","status":"publish","type":"post","link":"https:\/\/darkamazi.site\/archives\/1020549","title":{"rendered":"Erbil: Rojhilatl\u0131 Siyaset\u00e7i Kadir Kadiri&#8217;yi vuran \u00fc\u00e7 ki\u015fiye idam cezas\u0131 verildi"},"content":{"rendered":"<p style=\"text-align: justify\">Do\u011fu K\u00fcrdistan partilerinden K\u00fcrdistan Demokrat Partisi (PDK) kadrosu Kadir Kadiri\u2019nin \u00f6ld\u00fcr\u00fclmesi davas\u0131nda mahkeme 3 zanl\u0131ya idam cezas\u0131 verdi.<\/p>\n<p style=\"text-align: justify\">Erbil\u2019de g\u00f6r\u00fclen karar duru\u015fmas\u0131 sonras\u0131 bas\u0131na a\u00e7\u0131klamada bulunan dava avukat\u0131 Eyad Kakeyi, mahkemenin \u00fc\u00e7 zanl\u0131y\u0131\u00a0idam\u00a0cezas\u0131na \u00e7arpt\u0131rd\u0131\u011f\u0131n\u0131, iki zanl\u0131ya da 5\u2019er y\u0131l hapis cezas\u0131 verdi\u011fini s\u00f6yledi.<\/p>\n<p style=\"text-align: justify\">Kakeyi, \u201cZanl\u0131lar\u0131 yakalay\u0131p yarg\u0131 kar\u015f\u0131s\u0131nda \u00e7\u0131kard\u0131\u011f\u0131 i\u00e7in\u00a0K\u00fcrdistan\u00a0B\u00f6lgesi asayi\u015fi ve i\u00e7 g\u00fcvenlik g\u00fc\u00e7lerine te\u015fekk\u00fcr ediyoruz. Mahkeme, \u00fc\u00e7 zanl\u0131ya Irak Ceza Yasas\u0131\u2019n\u0131n 406\u2019nc\u0131 Maddesi do\u011frultusunda ceza verdi. Di\u011fer iki zanl\u0131 da 207\u2019nci Maddeye g\u00f6re 5\u2019er y\u0131l hapis cezas\u0131 verdi\u201d dedi.<\/p>\n<p style=\"text-align: justify\">Karar itirazda bulunduklar\u0131n\u0131 belirten Kakeyi, \u201c\u00c7\u00fcnk\u00fc bu s\u0131radan bir cinayet de\u011fil, suikastt\u0131r. Bu y\u00fczden ter\u00f6r yasas\u0131na g\u00f6re zanl\u0131lar\u0131n cezaland\u0131r\u0131lmas\u0131n\u0131 talep ettik. Mahkeme de di\u011fer iki zanl\u0131n\u0131n 406\u2019nc\u0131 Maddeye g\u00f6re cezaland\u0131r\u0131lmas\u0131na h\u00fckmetti\u201d ifadelerini kulland\u0131.<\/p>\n<p style=\"text-align: justify\">Do\u011fu K\u00fcrdistan partilerinden K\u00fcrdistan Demokrat Partisi (HDK) kadrosu ve Pe\u015fmerge Komutan\u0131\u00a0Kadri Kadiri, Erbil\u2019in Balisan kasabas\u0131na ba\u011fl\u0131 Hertel k\u00f6y\u00fcnde \u00f6ld\u00fcr\u00fclm\u00fc\u015ft\u00fc.<\/p>\n<p style=\"text-align: justify\">K\u00fcrdistan B\u00f6lgesi g\u00fcvenlik g\u00fc\u00e7leri, Kadiri\u2019nin \u00f6ld\u00fcr\u00fclmesi olay\u0131yla ili\u015fkili ki\u015fileri k\u0131sa s\u00fcrede yakalayarak yarg\u0131 merciine teslim etmi\u015fti.<\/p>\n","protected":false},"excerpt":{"rendered":"<p>Do\u011fu K\u00fcrdistan partilerinden K\u00fcrdistan Demokrat Partisi (PDK) kadrosu Kadir Kadiri\u2019nin \u00f6ld\u00fcr\u00fclmesi davas\u0131nda mahkeme 3 zanl\u0131ya idam cezas\u0131 verdi. Erbil\u2019de g\u00f6r\u00fclen karar duru\u015fmas\u0131 sonras\u0131 bas\u0131na a\u00e7\u0131klamada bulunan dava avukat\u0131 Eyad Kakeyi, mahkemenin \u00fc\u00e7 zanl\u0131y\u0131\u00a0idam\u00a0cezas\u0131na \u00e7arpt\u0131rd\u0131\u011f\u0131n\u0131, iki zanl\u0131ya da 5\u2019er y\u0131l hapis cezas\u0131 verdi\u011fini s\u00f6yledi. Kakeyi, \u201cZanl\u0131lar\u0131 yakalay\u0131p yarg\u0131 kar\u015f\u0131s\u0131nda \u00e7\u0131kard\u0131\u011f\u0131 i\u00e7in\u00a0K\u00fcrdistan\u00a0B\u00f6lgesi asayi\u015fi ve i\u00e7 g\u00fcvenlik g\u00fc\u00e7lerine [&hellip;]<\/p>\n","protected":false},"author":2,"featured_media":1020550,"comment_status":"closed","ping_status":"closed","sticky":false,"template":"","format":"standard","meta":{"footnotes":""},"categories":[3],"tags":[31],"class_list":["post-1020549","post","type-post","status-publish","format-standard","has-post-thumbnail","hentry","category-kurdistan","tag-onemli"],"blocksy_meta":[],"seo_head":"<!-- This site is optimized with the Yoast SEO plugin v27.5 - https:\/\/yoast.com\/product\/yoast-seo-wordpress\/ -->\n<title>Erbil: Rojhilatl\u0131 Siyaset\u00e7i Kadir Kadiri&#039;yi vuran \u00fc\u00e7 ki\u015fiye idam cezas\u0131 verildi - Darka Mazi<\/title>\n<meta name=\"robots\" content=\"index, follow, max-snippet:-1, max-image-preview:large, max-video-preview:-1\" \/>\n<link rel=\"canonical\" href=\"https:\/\/darkamazi.site\/archives\/1020549\" \/>\n<meta property=\"og:locale\" content=\"en_US\" \/>\n<meta property=\"og:type\" content=\"article\" \/>\n<meta property=\"og:title\" content=\"Erbil: Rojhilatl\u0131 Siyaset\u00e7i Kadir Kadiri&#039;yi vuran \u00fc\u00e7 ki\u015fiye idam cezas\u0131 verildi - Darka Mazi\" \/>\n<meta property=\"og:description\" content=\"Do\u011fu K\u00fcrdistan partilerinden K\u00fcrdistan Demokrat Partisi (PDK) kadrosu Kadir Kadiri\u2019nin \u00f6ld\u00fcr\u00fclmesi davas\u0131nda mahkeme 3 zanl\u0131ya idam cezas\u0131 verdi. Erbil\u2019de g\u00f6r\u00fclen karar duru\u015fmas\u0131 sonras\u0131 bas\u0131na a\u00e7\u0131klamada bulunan dava avukat\u0131 Eyad Kakeyi, mahkemenin \u00fc\u00e7 zanl\u0131y\u0131\u00a0idam\u00a0cezas\u0131na \u00e7arpt\u0131rd\u0131\u011f\u0131n\u0131, iki zanl\u0131ya da 5\u2019er y\u0131l hapis cezas\u0131 verdi\u011fini s\u00f6yledi. Kakeyi, \u201cZanl\u0131lar\u0131 yakalay\u0131p yarg\u0131 kar\u015f\u0131s\u0131nda \u00e7\u0131kard\u0131\u011f\u0131 i\u00e7in\u00a0K\u00fcrdistan\u00a0B\u00f6lgesi asayi\u015fi ve i\u00e7 g\u00fcvenlik g\u00fc\u00e7lerine [&hellip;]\" \/>\n<meta property=\"og:url\" content=\"https:\/\/darkamazi.site\/archives\/1020549\" \/>\n<meta property=\"og:site_name\" content=\"Darka Mazi\" \/>\n<meta property=\"article:publisher\" content=\"https:\/\/www.facebook.com\/DarkaMaziturkce\" \/>\n<meta property=\"article:published_time\" content=\"2022-08-14T12:14:25+00:00\" \/>\n<meta property=\"og:image\" content=\"https:\/\/darkamazi.site\/file\/2022\/08\/Kadir-Kadiri.jpg\" \/>\n\t<meta property=\"og:image:width\" content=\"752\" \/>\n\t<meta property=\"og:image:height\" content=\"472\" \/>\n\t<meta property=\"og:image:type\" content=\"image\/jpeg\" \/>\n<meta name=\"author\" content=\"darka mazi\" \/>\n<meta name=\"twitter:card\" content=\"summary_large_image\" \/>\n<meta name=\"twitter:creator\" content=\"@DarkaMaziTurkce\" \/>\n<meta name=\"twitter:site\" content=\"@DarkaMaziTurkce\" \/>\n<meta name=\"twitter:label1\" content=\"Written by\" \/>\n\t<meta name=\"twitter:data1\" content=\"darka mazi\" \/>\n\t<meta name=\"twitter:label2\" content=\"Est. reading time\" \/>\n\t<meta name=\"twitter:data2\" content=\"1 minute\" \/>\n<script type=\"application\/ld+json\" class=\"seo-schema-graph\">{\"@context\":\"https:\\\/\\\/schema.org\",\"@graph\":[{\"@type\":\"NewsArticle\",\"@id\":\"https:\\\/\\\/darkamazi.site\\\/archives\\\/1020549#article\",\"isPartOf\":{\"@id\":\"https:\\\/\\\/darkamazi.site\\\/archives\\\/1020549\"},\"author\":{\"name\":\"darka mazi\",\"@id\":\"https:\\\/\\\/darkamazi.site\\\/#\\\/schema\\\/person\\\/67986a95ac546c16760365877ef4a9d3\"},\"headline\":\"Erbil: Rojhilatl\u0131 Siyaset\u00e7i Kadir Kadiri&#8217;yi vuran \u00fc\u00e7 ki\u015fiye idam cezas\u0131 verildi\",\"datePublished\":\"2022-08-14T12:14:25+00:00\",\"mainEntityOfPage\":{\"@id\":\"https:\\\/\\\/darkamazi.site\\\/archives\\\/1020549\"},\"wordCount\":251,\"publisher\":{\"@id\":\"https:\\\/\\\/darkamazi.site\\\/#organization\"},\"image\":{\"@id\":\"https:\\\/\\\/darkamazi.site\\\/archives\\\/1020549#primaryimage\"},\"thumbnailUrl\":\"https:\\\/\\\/darkamazi.site\\\/darka-content\\\/uploads\\\/2022\\\/08\\\/Kadir-Kadiri.jpg\",\"keywords\":[\"\u00f6nemli\"],\"articleSection\":[\"Kurdistan\"],\"inLanguage\":\"en-US\"},{\"@type\":\"WebPage\",\"@id\":\"https:\\\/\\\/darkamazi.site\\\/archives\\\/1020549\",\"url\":\"https:\\\/\\\/darkamazi.site\\\/archives\\\/1020549\",\"name\":\"Erbil: Rojhilatl\u0131 Siyaset\u00e7i Kadir Kadiri'yi vuran \u00fc\u00e7 ki\u015fiye idam cezas\u0131 verildi - Darka Mazi\",\"isPartOf\":{\"@id\":\"https:\\\/\\\/darkamazi.site\\\/#website\"},\"primaryImageOfPage\":{\"@id\":\"https:\\\/\\\/darkamazi.site\\\/archives\\\/1020549#primaryimage\"},\"image\":{\"@id\":\"https:\\\/\\\/darkamazi.site\\\/archives\\\/1020549#primaryimage\"},\"thumbnailUrl\":\"https:\\\/\\\/darkamazi.site\\\/darka-content\\\/uploads\\\/2022\\\/08\\\/Kadir-Kadiri.jpg\",\"datePublished\":\"2022-08-14T12:14:25+00:00\",\"breadcrumb\":{\"@id\":\"https:\\\/\\\/darkamazi.site\\\/archives\\\/1020549#breadcrumb\"},\"inLanguage\":\"en-US\",\"potentialAction\":[{\"@type\":\"ReadAction\",\"target\":[\"https:\\\/\\\/darkamazi.site\\\/archives\\\/1020549\"]}]},{\"@type\":\"ImageObject\",\"inLanguage\":\"en-US\",\"@id\":\"https:\\\/\\\/darkamazi.site\\\/archives\\\/1020549#primaryimage\",\"url\":\"https:\\\/\\\/darkamazi.site\\\/darka-content\\\/uploads\\\/2022\\\/08\\\/Kadir-Kadiri.jpg\",\"contentUrl\":\"https:\\\/\\\/darkamazi.site\\\/darka-content\\\/uploads\\\/2022\\\/08\\\/Kadir-Kadiri.jpg\",\"width\":752,\"height\":472,\"caption\":\"Erbil: Rojhilatl\u0131 Siyaset\u00e7i Kadir Kadiri'yi vuran \u00fc\u00e7 ki\u015fiye idam cezas\u0131 verildi\"},{\"@type\":\"BreadcrumbList\",\"@id\":\"https:\\\/\\\/darkamazi.site\\\/archives\\\/1020549#breadcrumb\",\"itemListElement\":[{\"@type\":\"ListItem\",\"position\":1,\"name\":\"Home\",\"item\":\"https:\\\/\\\/darkamazi.site\\\/\"},{\"@type\":\"ListItem\",\"position\":2,\"name\":\"Erbil: Rojhilatl\u0131 Siyaset\u00e7i Kadir Kadiri&#8217;yi vuran \u00fc\u00e7 ki\u015fiye idam cezas\u0131 verildi\"}]},{\"@type\":\"WebSite\",\"@id\":\"https:\\\/\\\/darkamazi.site\\\/#website\",\"url\":\"https:\\\/\\\/darkamazi.site\\\/\",\"name\":\"Darka Mazi\",\"description\":\"Ana Sayfa\",\"publisher\":{\"@id\":\"https:\\\/\\\/darkamazi.site\\\/#organization\"},\"potentialAction\":[{\"@type\":\"SearchAction\",\"target\":{\"@type\":\"EntryPoint\",\"urlTemplate\":\"https:\\\/\\\/darkamazi.site\\\/?s={search_term_string}\"},\"query-input\":{\"@type\":\"PropertyValueSpecification\",\"valueRequired\":true,\"valueName\":\"search_term_string\"}}],\"inLanguage\":\"en-US\"},{\"@type\":\"Organization\",\"@id\":\"https:\\\/\\\/darkamazi.site\\\/#organization\",\"name\":\"Darka Mazi T\u00fcrk\u00e7e\",\"alternateName\":\"Darka Mazi\",\"url\":\"https:\\\/\\\/darkamazi.site\\\/\",\"logo\":{\"@type\":\"ImageObject\",\"inLanguage\":\"en-US\",\"@id\":\"https:\\\/\\\/darkamazi.site\\\/#\\\/schema\\\/logo\\\/image\\\/\",\"url\":\"https:\\\/\\\/darkamazi.site\\\/darka-content\\\/uploads\\\/2017\\\/12\\\/darka-mazi-logo.png\",\"contentUrl\":\"https:\\\/\\\/darkamazi.site\\\/darka-content\\\/uploads\\\/2017\\\/12\\\/darka-mazi-logo.png\",\"width\":151,\"height\":75,\"caption\":\"Darka Mazi T\u00fcrk\u00e7e\"},\"image\":{\"@id\":\"https:\\\/\\\/darkamazi.site\\\/#\\\/schema\\\/logo\\\/image\\\/\"},\"sameAs\":[\"https:\\\/\\\/www.facebook.com\\\/DarkaMaziturkce\",\"https:\\\/\\\/x.com\\\/DarkaMaziTurkce\"]},{\"@type\":\"Person\",\"@id\":\"https:\\\/\\\/darkamazi.site\\\/#\\\/schema\\\/person\\\/67986a95ac546c16760365877ef4a9d3\",\"name\":\"darka mazi\",\"sameAs\":[\"https:\\\/\\\/darkamazi.site\"],\"url\":\"https:\\\/\\\/darkamazi.site\\\/archives\\\/author\\\/turkish\"}]}<\/script>\n<!-- \/ Yoast SEO plugin. -->","seo_head_json":{"title":"Erbil: Rojhilatl\u0131 Siyaset\u00e7i Kadir Kadiri'yi vuran \u00fc\u00e7 ki\u015fiye idam cezas\u0131 verildi - Darka Mazi","robots":{"index":"index","follow":"follow","max-snippet":"max-snippet:-1","max-image-preview":"max-image-preview:large","max-video-preview":"max-video-preview:-1"},"canonical":"https:\/\/darkamazi.site\/archives\/1020549","og_locale":"en_US","og_type":"article","og_title":"Erbil: Rojhilatl\u0131 Siyaset\u00e7i Kadir Kadiri'yi vuran \u00fc\u00e7 ki\u015fiye idam cezas\u0131 verildi - Darka Mazi","og_description":"Do\u011fu K\u00fcrdistan partilerinden K\u00fcrdistan Demokrat Partisi (PDK) kadrosu Kadir Kadiri\u2019nin \u00f6ld\u00fcr\u00fclmesi davas\u0131nda mahkeme 3 zanl\u0131ya idam cezas\u0131 verdi. Erbil\u2019de g\u00f6r\u00fclen karar duru\u015fmas\u0131 sonras\u0131 bas\u0131na a\u00e7\u0131klamada bulunan dava avukat\u0131 Eyad Kakeyi, mahkemenin \u00fc\u00e7 zanl\u0131y\u0131\u00a0idam\u00a0cezas\u0131na \u00e7arpt\u0131rd\u0131\u011f\u0131n\u0131, iki zanl\u0131ya da 5\u2019er y\u0131l hapis cezas\u0131 verdi\u011fini s\u00f6yledi. Kakeyi, \u201cZanl\u0131lar\u0131 yakalay\u0131p yarg\u0131 kar\u015f\u0131s\u0131nda \u00e7\u0131kard\u0131\u011f\u0131 i\u00e7in\u00a0K\u00fcrdistan\u00a0B\u00f6lgesi asayi\u015fi ve i\u00e7 g\u00fcvenlik g\u00fc\u00e7lerine [&hellip;]","og_url":"https:\/\/darkamazi.site\/archives\/1020549","og_site_name":"Darka Mazi","article_publisher":"https:\/\/www.facebook.com\/DarkaMaziturkce","article_published_time":"2022-08-14T12:14:25+00:00","og_image":[{"width":752,"height":472,"url":"https:\/\/darkamazi.site\/file\/2022\/08\/Kadir-Kadiri.jpg","type":"image\/jpeg"}],"author":"darka mazi","twitter_card":"summary_large_image","twitter_creator":"@DarkaMaziTurkce","twitter_site":"@DarkaMaziTurkce","twitter_misc":{"Written by":"darka mazi","Est. reading time":"1 minute"},"schema":{"@context":"https:\/\/schema.org","@graph":[{"@type":"NewsArticle","@id":"https:\/\/darkamazi.site\/archives\/1020549#article","isPartOf":{"@id":"https:\/\/darkamazi.site\/archives\/1020549"},"author":{"name":"darka mazi","@id":"https:\/\/darkamazi.site\/#\/schema\/person\/67986a95ac546c16760365877ef4a9d3"},"headline":"Erbil: Rojhilatl\u0131 Siyaset\u00e7i Kadir Kadiri&#8217;yi vuran \u00fc\u00e7 ki\u015fiye idam cezas\u0131 verildi","datePublished":"2022-08-14T12:14:25+00:00","mainEntityOfPage":{"@id":"https:\/\/darkamazi.site\/archives\/1020549"},"wordCount":251,"publisher":{"@id":"https:\/\/darkamazi.site\/#organization"},"image":{"@id":"https:\/\/darkamazi.site\/archives\/1020549#primaryimage"},"thumbnailUrl":"https:\/\/darkamazi.site\/file\/2022\/08\/Kadir-Kadiri.jpg","keywords":["\u00f6nemli"],"articleSection":["Kurdistan"],"inLanguage":"en-US"},{"@type":"WebPage","@id":"https:\/\/darkamazi.site\/archives\/1020549","url":"https:\/\/darkamazi.site\/archives\/1020549","name":"Erbil: Rojhilatl\u0131 Siyaset\u00e7i Kadir Kadiri'yi vuran \u00fc\u00e7 ki\u015fiye idam cezas\u0131 verildi - Darka Mazi","isPartOf":{"@id":"https:\/\/darkamazi.site\/#website"},"primaryImageOfPage":{"@id":"https:\/\/darkamazi.site\/archives\/1020549#primaryimage"},"image":{"@id":"https:\/\/darkamazi.site\/archives\/1020549#primaryimage"},"thumbnailUrl":"https:\/\/darkamazi.site\/file\/2022\/08\/Kadir-Kadiri.jpg","datePublished":"2022-08-14T12:14:25+00:00","breadcrumb":{"@id":"https:\/\/darkamazi.site\/archives\/1020549#breadcrumb"},"inLanguage":"en-US","potentialAction":[{"@type":"ReadAction","target":["https:\/\/darkamazi.site\/archives\/1020549"]}]},{"@type":"ImageObject","inLanguage":"en-US","@id":"https:\/\/darkamazi.site\/archives\/1020549#primaryimage","url":"https:\/\/darkamazi.site\/file\/2022\/08\/Kadir-Kadiri.jpg","contentUrl":"https:\/\/darkamazi.site\/file\/2022\/08\/Kadir-Kadiri.jpg","width":752,"height":472,"caption":"Erbil: Rojhilatl\u0131 Siyaset\u00e7i Kadir Kadiri'yi vuran \u00fc\u00e7 ki\u015fiye idam cezas\u0131 verildi"},{"@type":"BreadcrumbList","@id":"https:\/\/darkamazi.site\/archives\/1020549#breadcrumb","itemListElement":[{"@type":"ListItem","position":1,"name":"Home","item":"https:\/\/darkamazi.site\/"},{"@type":"ListItem","position":2,"name":"Erbil: Rojhilatl\u0131 Siyaset\u00e7i Kadir Kadiri&#8217;yi vuran \u00fc\u00e7 ki\u015fiye idam cezas\u0131 verildi"}]},{"@type":"WebSite","@id":"https:\/\/darkamazi.site\/#website","url":"https:\/\/darkamazi.site\/","name":"Darka Mazi","description":"Ana Sayfa","publisher":{"@id":"https:\/\/darkamazi.site\/#organization"},"potentialAction":[{"@type":"SearchAction","target":{"@type":"EntryPoint","urlTemplate":"https:\/\/darkamazi.site\/?s={search_term_string}"},"query-input":{"@type":"PropertyValueSpecification","valueRequired":true,"valueName":"search_term_string"}}],"inLanguage":"en-US"},{"@type":"Organization","@id":"https:\/\/darkamazi.site\/#organization","name":"Darka Mazi T\u00fcrk\u00e7e","alternateName":"Darka Mazi","url":"https:\/\/darkamazi.site\/","logo":{"@type":"ImageObject","inLanguage":"en-US","@id":"https:\/\/darkamazi.site\/#\/schema\/logo\/image\/","url":"https:\/\/darkamazi.site\/file\/2017\/12\/darka-mazi-logo.png","contentUrl":"https:\/\/darkamazi.site\/file\/2017\/12\/darka-mazi-logo.png","width":151,"height":75,"caption":"Darka Mazi T\u00fcrk\u00e7e"},"image":{"@id":"https:\/\/darkamazi.site\/#\/schema\/logo\/image\/"},"sameAs":["https:\/\/www.facebook.com\/DarkaMaziturkce","https:\/\/x.com\/DarkaMaziTurkce"]},{"@type":"Person","@id":"https:\/\/darkamazi.site\/#\/schema\/person\/67986a95ac546c16760365877ef4a9d3","name":"darka mazi","sameAs":["https:\/\/darkamazi.site"],"url":"https:\/\/darkamazi.site\/archives\/author\/turkish"}]}},"_links":{"self":[{"href":"https:\/\/darkamazi.site\/funavuv\/wp\/v2\/posts\/1020549","targetHints":{"allow":["GET"]}}],"collection":[{"href":"https:\/\/darkamazi.site\/funavuv\/wp\/v2\/posts"}],"about":[{"href":"https:\/\/darkamazi.site\/funavuv\/wp\/v2\/types\/post"}],"author":[{"embeddable":true,"href":"https:\/\/darkamazi.site\/funavuv\/wp\/v2\/users\/2"}],"replies":[{"embeddable":true,"href":"https:\/\/darkamazi.site\/funavuv\/wp\/v2\/comments?post=1020549"}],"version-history":[{"count":0,"href":"https:\/\/darkamazi.site\/funavuv\/wp\/v2\/posts\/1020549\/revisions"}],"wp:featuredmedia":[{"embeddable":true,"href":"https:\/\/darkamazi.site\/funavuv\/wp\/v2\/media\/1020550"}],"wp:attachment":[{"href":"https:\/\/darkamazi.site\/funavuv\/wp\/v2\/media?parent=1020549"}],"wp:term":[{"taxonomy":"category","embeddable":true,"href":"https:\/\/darkamazi.site\/funavuv\/wp\/v2\/categories?post=1020549"},{"taxonomy":"post_tag","embeddable":true,"href":"https:\/\/darkamazi.site\/funavuv\/wp\/v2\/tags?post=1020549"}],"curies":[{"name":"wp","href":"https:\/\/api.w.org\/{rel}","templated":true}]}}