{"id":1020760,"date":"2022-08-26T17:36:39","date_gmt":"2022-08-26T14:36:39","guid":{"rendered":"https:\/\/darkamazi.site\/?p=1020760"},"modified":"2022-08-26T17:42:14","modified_gmt":"2022-08-26T14:42:14","slug":"abdden-turkiye-suriye-temaslarina-dair-aciklama-desteklemiyoruz","status":"publish","type":"post","link":"https:\/\/darkamazi.site\/archives\/1020760","title":{"rendered":"ABD\u2019den T\u00fcrkiye- Suriye temaslar\u0131na dair a\u00e7\u0131klama: Desteklemiyoruz"},"content":{"rendered":"<p style=\"text-align: justify\"><strong>\u00a0<\/strong>ABD D\u0131\u015fi\u015fleri Bakanl\u0131\u011f\u0131 S\u00f6zc\u00fc Yard\u0131mc\u0131s\u0131 Patel, &#8220;ABD&#8217;nin Esad rejimi ile diplomatik ili\u015fkileri iyile\u015ftirme niyeti yok ve di\u011fer \u00fclkelerin ili\u015fkileri normalle\u015ftirmesini de desteklemiyoruz&#8221; dedi.<\/p>\n<p style=\"text-align: justify\">Ankara&#8217;dan gelen \u015eam ile diyalog ve temas mesajlar\u0131n\u0131n ard\u0131ndan, Washington y\u00f6netimi ilk kez konuya dair a\u00e7\u0131klama yapt\u0131.<\/p>\n<p style=\"text-align: justify\">G\u00fcnl\u00fck bas\u0131n toplant\u0131s\u0131nda gazetecilerin sorular\u0131n\u0131 yan\u0131tlayan ABD D\u0131\u015fi\u015fleri Bakanl\u0131\u011f\u0131 S\u00f6zc\u00fc Yard\u0131mc\u0131s\u0131 Vedant Patel, T\u00fcrkiye&#8217;nin Suriye ile ili\u015fkileri normalle\u015ftirmesini desteklemediklerini belirtti.<\/p>\n<p style=\"text-align: justify\">Patel, &#8220;ABD&#8217;nin Esad rejimi ile diplomatik ili\u015fkileri iyile\u015ftirme niyeti yok&#8221; dedi.<\/p>\n<p style=\"text-align: justify\"><strong>\u201cRehabilite \u00e7abalar\u0131na destek beyan etmeyece\u011fiz<\/strong>\u201d<\/p>\n<p style=\"text-align: justify\">Patel, &#8220;T\u00fcrkiye&#8217;nin d\u0131\u015fi\u015fleri bakan\u0131, \u00fclkenin Suriye h\u00fck\u00fcmeti ile diyalog i\u00e7in hi\u00e7bir \u00f6n ko\u015fulu olmad\u0131\u011f\u0131n\u0131 s\u00f6yledi. ABD bu retori\u011fe nas\u0131l bak\u0131yor?&#8221; sorusunu \u015f\u00f6yle yan\u0131tlad\u0131:<\/p>\n<p style=\"text-align: justify\">&#8220;ABD y\u00f6netimi, Be\u015far Esad&#8217;\u0131 normalle\u015ftirme veya rehabilite etme y\u00f6n\u00fcndeki \u00e7abalara destek beyan etmeyecektir. ABD&#8217;nin Esad rejimi ile diplomatik ili\u015fkileri iyile\u015ftirme niyeti yok ve di\u011fer \u00fclkelerin ili\u015fkileri normalle\u015ftirmesini de desteklemiyoruz.&#8221;<\/p>\n<p style=\"text-align: justify\"><strong>\u201cSuriye&#8217;ye y\u00f6nelik yapt\u0131r\u0131mlar\u0131 kald\u0131rmayaca\u011f\u0131z\u201d<\/strong><\/p>\n<p style=\"text-align: justify\">Suriye&#8217;ye y\u00f6nelik yapt\u0131r\u0131mlar\u0131n kald\u0131r\u0131lmayaca\u011f\u0131n\u0131 da s\u00f6yleyen Patel, &#8220;Siyasi bir \u00e7\u00f6z\u00fcme y\u00f6nelik ger\u00e7ek ve kal\u0131c\u0131 bir ilerleme sa\u011flanana kadar Suriye&#8217;ye y\u00f6nelik yapt\u0131r\u0131mlar\u0131 kald\u0131rmayaca\u011f\u0131z ve Suriye&#8217;nin yeniden in\u015fas\u0131na kar\u015f\u0131 tutumumuzu de\u011fi\u015ftirmeyece\u011fiz&#8221; ifadelerini kulland\u0131.<\/p>\n<p style=\"text-align: justify\">&#8220;Bizim Esad&#8217;\u0131 yenmek, yenmemek gibi bir derdimiz yok&#8221; diyen Cumhurba\u015fkan\u0131 Recep Tayyip Erdo\u011fan, &#8220;Devletler aras\u0131nda siyasi diyalog veya diplomasi kesip at\u0131lamaz\u201d a\u00e7\u0131klamas\u0131nda bulunmu\u015ftu. \u015eam ile Ankara aras\u0131nda diyalog g\u00fcndemine ili\u015fkin konu\u015fan \u00c7avu\u015fo\u011flu ise, istihbarat servisleri \u00fczerinden temaslar oldu\u011funu belirtmi\u015fti. Bakan \u00c7avu\u015fo\u011flu, T\u00fcrkiye&#8217;nin Suriye ile diyalog i\u00e7in \u00f6n ko\u015fulu olmad\u0131\u011f\u0131n\u0131 s\u00f6ylemi\u015fti.<\/p>\n<p style=\"text-align: justify\">Bu hafta ba\u015f\u0131nda, Rus mevkida\u015f\u0131 Sergey Lavrov ile Moskova&#8217;da yapt\u0131\u011f\u0131 g\u00f6r\u00fc\u015fmenin ard\u0131ndan d\u00fczenlenen ortak bas\u0131n toplant\u0131s\u0131nda konu\u015fan Suriye D\u0131\u015fi\u015fleri Bakan\u0131 Faysal Mikdad ise \u015f\u00f6yle konu\u015fmu\u015ftu:<\/p>\n<p style=\"text-align: justify\">&#8220;Biz herhangi bir \u015fart ko\u015fmayaca\u011f\u0131z, ancak ili\u015fkilerin sava\u015f\u0131n ba\u015flang\u0131c\u0131ndan \u00f6nceki haline d\u00f6nmesi i\u00e7in Suriye topraklar\u0131nda T\u00fcrk i\u015fgalinin bitmesi gerekiyor.&#8221;<\/p>\n","protected":false},"excerpt":{"rendered":"<p>\u00a0ABD D\u0131\u015fi\u015fleri Bakanl\u0131\u011f\u0131 S\u00f6zc\u00fc Yard\u0131mc\u0131s\u0131 Patel, &#8220;ABD&#8217;nin Esad rejimi ile diplomatik ili\u015fkileri iyile\u015ftirme niyeti yok ve di\u011fer \u00fclkelerin ili\u015fkileri normalle\u015ftirmesini de desteklemiyoruz&#8221; dedi. Ankara&#8217;dan gelen \u015eam ile diyalog ve temas mesajlar\u0131n\u0131n ard\u0131ndan, Washington y\u00f6netimi ilk kez konuya dair a\u00e7\u0131klama yapt\u0131. G\u00fcnl\u00fck bas\u0131n toplant\u0131s\u0131nda gazetecilerin sorular\u0131n\u0131 yan\u0131tlayan ABD D\u0131\u015fi\u015fleri Bakanl\u0131\u011f\u0131 S\u00f6zc\u00fc Yard\u0131mc\u0131s\u0131 Vedant Patel, T\u00fcrkiye&#8217;nin Suriye [&hellip;]<\/p>\n","protected":false},"author":2,"featured_media":1020763,"comment_status":"closed","ping_status":"closed","sticky":false,"template":"","format":"standard","meta":{"footnotes":""},"categories":[6],"tags":[31],"class_list":["post-1020760","post","type-post","status-publish","format-standard","has-post-thumbnail","hentry","category-dunya","tag-onemli"],"blocksy_meta":[],"seo_head":"<!-- This site is optimized with the Yoast SEO plugin v27.5 - https:\/\/yoast.com\/product\/yoast-seo-wordpress\/ -->\n<title>ABD\u2019den T\u00fcrkiye- Suriye temaslar\u0131na dair a\u00e7\u0131klama: Desteklemiyoruz - Darka Mazi<\/title>\n<meta name=\"robots\" content=\"index, follow, max-snippet:-1, max-image-preview:large, max-video-preview:-1\" \/>\n<link rel=\"canonical\" href=\"https:\/\/darkamazi.site\/archives\/1020760\" \/>\n<meta property=\"og:locale\" content=\"en_US\" \/>\n<meta property=\"og:type\" content=\"article\" \/>\n<meta property=\"og:title\" content=\"ABD\u2019den T\u00fcrkiye- Suriye temaslar\u0131na dair a\u00e7\u0131klama: Desteklemiyoruz - Darka Mazi\" \/>\n<meta property=\"og:description\" content=\"\u00a0ABD D\u0131\u015fi\u015fleri Bakanl\u0131\u011f\u0131 S\u00f6zc\u00fc Yard\u0131mc\u0131s\u0131 Patel, &#8220;ABD&#8217;nin Esad rejimi ile diplomatik ili\u015fkileri iyile\u015ftirme niyeti yok ve di\u011fer \u00fclkelerin ili\u015fkileri normalle\u015ftirmesini de desteklemiyoruz&#8221; dedi. Ankara&#8217;dan gelen \u015eam ile diyalog ve temas mesajlar\u0131n\u0131n ard\u0131ndan, Washington y\u00f6netimi ilk kez konuya dair a\u00e7\u0131klama yapt\u0131. G\u00fcnl\u00fck bas\u0131n toplant\u0131s\u0131nda gazetecilerin sorular\u0131n\u0131 yan\u0131tlayan ABD D\u0131\u015fi\u015fleri Bakanl\u0131\u011f\u0131 S\u00f6zc\u00fc Yard\u0131mc\u0131s\u0131 Vedant Patel, T\u00fcrkiye&#8217;nin Suriye [&hellip;]\" \/>\n<meta property=\"og:url\" content=\"https:\/\/darkamazi.site\/archives\/1020760\" \/>\n<meta property=\"og:site_name\" content=\"Darka Mazi\" \/>\n<meta property=\"article:publisher\" content=\"https:\/\/www.facebook.com\/DarkaMaziturkce\" \/>\n<meta property=\"article:published_time\" content=\"2022-08-26T14:36:39+00:00\" \/>\n<meta property=\"article:modified_time\" content=\"2022-08-26T14:42:14+00:00\" \/>\n<meta property=\"og:image\" content=\"https:\/\/darkamazi.site\/file\/2022\/08\/ABD-aciklama-Suriye-Turkiye.jpg\" \/>\n\t<meta property=\"og:image:width\" content=\"726\" \/>\n\t<meta property=\"og:image:height\" content=\"408\" \/>\n\t<meta property=\"og:image:type\" content=\"image\/jpeg\" \/>\n<meta name=\"author\" content=\"darka mazi\" \/>\n<meta name=\"twitter:card\" content=\"summary_large_image\" \/>\n<meta name=\"twitter:creator\" content=\"@DarkaMaziTurkce\" \/>\n<meta name=\"twitter:site\" content=\"@DarkaMaziTurkce\" \/>\n<meta name=\"twitter:label1\" content=\"Written by\" \/>\n\t<meta name=\"twitter:data1\" content=\"darka mazi\" \/>\n\t<meta name=\"twitter:label2\" content=\"Est. reading time\" \/>\n\t<meta name=\"twitter:data2\" content=\"2 minutes\" \/>\n<script type=\"application\/ld+json\" class=\"seo-schema-graph\">{\"@context\":\"https:\\\/\\\/schema.org\",\"@graph\":[{\"@type\":\"NewsArticle\",\"@id\":\"https:\\\/\\\/darkamazi.site\\\/archives\\\/1020760#article\",\"isPartOf\":{\"@id\":\"https:\\\/\\\/darkamazi.site\\\/archives\\\/1020760\"},\"author\":{\"name\":\"darka mazi\",\"@id\":\"https:\\\/\\\/darkamazi.site\\\/#\\\/schema\\\/person\\\/67986a95ac546c16760365877ef4a9d3\"},\"headline\":\"ABD\u2019den T\u00fcrkiye- Suriye temaslar\u0131na dair a\u00e7\u0131klama: Desteklemiyoruz\",\"datePublished\":\"2022-08-26T14:36:39+00:00\",\"dateModified\":\"2022-08-26T14:42:14+00:00\",\"mainEntityOfPage\":{\"@id\":\"https:\\\/\\\/darkamazi.site\\\/archives\\\/1020760\"},\"wordCount\":414,\"publisher\":{\"@id\":\"https:\\\/\\\/darkamazi.site\\\/#organization\"},\"image\":{\"@id\":\"https:\\\/\\\/darkamazi.site\\\/archives\\\/1020760#primaryimage\"},\"thumbnailUrl\":\"https:\\\/\\\/darkamazi.site\\\/darka-content\\\/uploads\\\/2022\\\/08\\\/ABD-aciklama-Suriye-Turkiye.jpg\",\"keywords\":[\"\u00f6nemli\"],\"articleSection\":[\"D\u00fcnya\"],\"inLanguage\":\"en-US\"},{\"@type\":\"WebPage\",\"@id\":\"https:\\\/\\\/darkamazi.site\\\/archives\\\/1020760\",\"url\":\"https:\\\/\\\/darkamazi.site\\\/archives\\\/1020760\",\"name\":\"ABD\u2019den T\u00fcrkiye- Suriye temaslar\u0131na dair a\u00e7\u0131klama: Desteklemiyoruz - Darka Mazi\",\"isPartOf\":{\"@id\":\"https:\\\/\\\/darkamazi.site\\\/#website\"},\"primaryImageOfPage\":{\"@id\":\"https:\\\/\\\/darkamazi.site\\\/archives\\\/1020760#primaryimage\"},\"image\":{\"@id\":\"https:\\\/\\\/darkamazi.site\\\/archives\\\/1020760#primaryimage\"},\"thumbnailUrl\":\"https:\\\/\\\/darkamazi.site\\\/darka-content\\\/uploads\\\/2022\\\/08\\\/ABD-aciklama-Suriye-Turkiye.jpg\",\"datePublished\":\"2022-08-26T14:36:39+00:00\",\"dateModified\":\"2022-08-26T14:42:14+00:00\",\"breadcrumb\":{\"@id\":\"https:\\\/\\\/darkamazi.site\\\/archives\\\/1020760#breadcrumb\"},\"inLanguage\":\"en-US\",\"potentialAction\":[{\"@type\":\"ReadAction\",\"target\":[\"https:\\\/\\\/darkamazi.site\\\/archives\\\/1020760\"]}]},{\"@type\":\"ImageObject\",\"inLanguage\":\"en-US\",\"@id\":\"https:\\\/\\\/darkamazi.site\\\/archives\\\/1020760#primaryimage\",\"url\":\"https:\\\/\\\/darkamazi.site\\\/darka-content\\\/uploads\\\/2022\\\/08\\\/ABD-aciklama-Suriye-Turkiye.jpg\",\"contentUrl\":\"https:\\\/\\\/darkamazi.site\\\/darka-content\\\/uploads\\\/2022\\\/08\\\/ABD-aciklama-Suriye-Turkiye.jpg\",\"width\":726,\"height\":408,\"caption\":\"ABD\u2019den T\u00fcrkiye- Suriye temaslar\u0131na dair a\u00e7\u0131klama: Desteklemiyoruz\"},{\"@type\":\"BreadcrumbList\",\"@id\":\"https:\\\/\\\/darkamazi.site\\\/archives\\\/1020760#breadcrumb\",\"itemListElement\":[{\"@type\":\"ListItem\",\"position\":1,\"name\":\"Home\",\"item\":\"https:\\\/\\\/darkamazi.site\\\/\"},{\"@type\":\"ListItem\",\"position\":2,\"name\":\"ABD\u2019den T\u00fcrkiye- Suriye temaslar\u0131na dair a\u00e7\u0131klama: Desteklemiyoruz\"}]},{\"@type\":\"WebSite\",\"@id\":\"https:\\\/\\\/darkamazi.site\\\/#website\",\"url\":\"https:\\\/\\\/darkamazi.site\\\/\",\"name\":\"Darka Mazi\",\"description\":\"Ana Sayfa\",\"publisher\":{\"@id\":\"https:\\\/\\\/darkamazi.site\\\/#organization\"},\"potentialAction\":[{\"@type\":\"SearchAction\",\"target\":{\"@type\":\"EntryPoint\",\"urlTemplate\":\"https:\\\/\\\/darkamazi.site\\\/?s={search_term_string}\"},\"query-input\":{\"@type\":\"PropertyValueSpecification\",\"valueRequired\":true,\"valueName\":\"search_term_string\"}}],\"inLanguage\":\"en-US\"},{\"@type\":\"Organization\",\"@id\":\"https:\\\/\\\/darkamazi.site\\\/#organization\",\"name\":\"Darka Mazi T\u00fcrk\u00e7e\",\"alternateName\":\"Darka Mazi\",\"url\":\"https:\\\/\\\/darkamazi.site\\\/\",\"logo\":{\"@type\":\"ImageObject\",\"inLanguage\":\"en-US\",\"@id\":\"https:\\\/\\\/darkamazi.site\\\/#\\\/schema\\\/logo\\\/image\\\/\",\"url\":\"https:\\\/\\\/darkamazi.site\\\/darka-content\\\/uploads\\\/2017\\\/12\\\/darka-mazi-logo.png\",\"contentUrl\":\"https:\\\/\\\/darkamazi.site\\\/darka-content\\\/uploads\\\/2017\\\/12\\\/darka-mazi-logo.png\",\"width\":151,\"height\":75,\"caption\":\"Darka Mazi T\u00fcrk\u00e7e\"},\"image\":{\"@id\":\"https:\\\/\\\/darkamazi.site\\\/#\\\/schema\\\/logo\\\/image\\\/\"},\"sameAs\":[\"https:\\\/\\\/www.facebook.com\\\/DarkaMaziturkce\",\"https:\\\/\\\/x.com\\\/DarkaMaziTurkce\"]},{\"@type\":\"Person\",\"@id\":\"https:\\\/\\\/darkamazi.site\\\/#\\\/schema\\\/person\\\/67986a95ac546c16760365877ef4a9d3\",\"name\":\"darka mazi\",\"sameAs\":[\"https:\\\/\\\/darkamazi.site\"],\"url\":\"https:\\\/\\\/darkamazi.site\\\/archives\\\/author\\\/turkish\"}]}<\/script>\n<!-- \/ Yoast SEO plugin. -->","seo_head_json":{"title":"ABD\u2019den T\u00fcrkiye- Suriye temaslar\u0131na dair a\u00e7\u0131klama: Desteklemiyoruz - Darka Mazi","robots":{"index":"index","follow":"follow","max-snippet":"max-snippet:-1","max-image-preview":"max-image-preview:large","max-video-preview":"max-video-preview:-1"},"canonical":"https:\/\/darkamazi.site\/archives\/1020760","og_locale":"en_US","og_type":"article","og_title":"ABD\u2019den T\u00fcrkiye- Suriye temaslar\u0131na dair a\u00e7\u0131klama: Desteklemiyoruz - Darka Mazi","og_description":"\u00a0ABD D\u0131\u015fi\u015fleri Bakanl\u0131\u011f\u0131 S\u00f6zc\u00fc Yard\u0131mc\u0131s\u0131 Patel, &#8220;ABD&#8217;nin Esad rejimi ile diplomatik ili\u015fkileri iyile\u015ftirme niyeti yok ve di\u011fer \u00fclkelerin ili\u015fkileri normalle\u015ftirmesini de desteklemiyoruz&#8221; dedi. Ankara&#8217;dan gelen \u015eam ile diyalog ve temas mesajlar\u0131n\u0131n ard\u0131ndan, Washington y\u00f6netimi ilk kez konuya dair a\u00e7\u0131klama yapt\u0131. G\u00fcnl\u00fck bas\u0131n toplant\u0131s\u0131nda gazetecilerin sorular\u0131n\u0131 yan\u0131tlayan ABD D\u0131\u015fi\u015fleri Bakanl\u0131\u011f\u0131 S\u00f6zc\u00fc Yard\u0131mc\u0131s\u0131 Vedant Patel, T\u00fcrkiye&#8217;nin Suriye [&hellip;]","og_url":"https:\/\/darkamazi.site\/archives\/1020760","og_site_name":"Darka Mazi","article_publisher":"https:\/\/www.facebook.com\/DarkaMaziturkce","article_published_time":"2022-08-26T14:36:39+00:00","article_modified_time":"2022-08-26T14:42:14+00:00","og_image":[{"width":726,"height":408,"url":"https:\/\/darkamazi.site\/file\/2022\/08\/ABD-aciklama-Suriye-Turkiye.jpg","type":"image\/jpeg"}],"author":"darka mazi","twitter_card":"summary_large_image","twitter_creator":"@DarkaMaziTurkce","twitter_site":"@DarkaMaziTurkce","twitter_misc":{"Written by":"darka mazi","Est. reading time":"2 minutes"},"schema":{"@context":"https:\/\/schema.org","@graph":[{"@type":"NewsArticle","@id":"https:\/\/darkamazi.site\/archives\/1020760#article","isPartOf":{"@id":"https:\/\/darkamazi.site\/archives\/1020760"},"author":{"name":"darka mazi","@id":"https:\/\/darkamazi.site\/#\/schema\/person\/67986a95ac546c16760365877ef4a9d3"},"headline":"ABD\u2019den T\u00fcrkiye- Suriye temaslar\u0131na dair a\u00e7\u0131klama: Desteklemiyoruz","datePublished":"2022-08-26T14:36:39+00:00","dateModified":"2022-08-26T14:42:14+00:00","mainEntityOfPage":{"@id":"https:\/\/darkamazi.site\/archives\/1020760"},"wordCount":414,"publisher":{"@id":"https:\/\/darkamazi.site\/#organization"},"image":{"@id":"https:\/\/darkamazi.site\/archives\/1020760#primaryimage"},"thumbnailUrl":"https:\/\/darkamazi.site\/file\/2022\/08\/ABD-aciklama-Suriye-Turkiye.jpg","keywords":["\u00f6nemli"],"articleSection":["D\u00fcnya"],"inLanguage":"en-US"},{"@type":"WebPage","@id":"https:\/\/darkamazi.site\/archives\/1020760","url":"https:\/\/darkamazi.site\/archives\/1020760","name":"ABD\u2019den T\u00fcrkiye- Suriye temaslar\u0131na dair a\u00e7\u0131klama: Desteklemiyoruz - Darka Mazi","isPartOf":{"@id":"https:\/\/darkamazi.site\/#website"},"primaryImageOfPage":{"@id":"https:\/\/darkamazi.site\/archives\/1020760#primaryimage"},"image":{"@id":"https:\/\/darkamazi.site\/archives\/1020760#primaryimage"},"thumbnailUrl":"https:\/\/darkamazi.site\/file\/2022\/08\/ABD-aciklama-Suriye-Turkiye.jpg","datePublished":"2022-08-26T14:36:39+00:00","dateModified":"2022-08-26T14:42:14+00:00","breadcrumb":{"@id":"https:\/\/darkamazi.site\/archives\/1020760#breadcrumb"},"inLanguage":"en-US","potentialAction":[{"@type":"ReadAction","target":["https:\/\/darkamazi.site\/archives\/1020760"]}]},{"@type":"ImageObject","inLanguage":"en-US","@id":"https:\/\/darkamazi.site\/archives\/1020760#primaryimage","url":"https:\/\/darkamazi.site\/file\/2022\/08\/ABD-aciklama-Suriye-Turkiye.jpg","contentUrl":"https:\/\/darkamazi.site\/file\/2022\/08\/ABD-aciklama-Suriye-Turkiye.jpg","width":726,"height":408,"caption":"ABD\u2019den T\u00fcrkiye- Suriye temaslar\u0131na dair a\u00e7\u0131klama: Desteklemiyoruz"},{"@type":"BreadcrumbList","@id":"https:\/\/darkamazi.site\/archives\/1020760#breadcrumb","itemListElement":[{"@type":"ListItem","position":1,"name":"Home","item":"https:\/\/darkamazi.site\/"},{"@type":"ListItem","position":2,"name":"ABD\u2019den T\u00fcrkiye- Suriye temaslar\u0131na dair a\u00e7\u0131klama: Desteklemiyoruz"}]},{"@type":"WebSite","@id":"https:\/\/darkamazi.site\/#website","url":"https:\/\/darkamazi.site\/","name":"Darka Mazi","description":"Ana Sayfa","publisher":{"@id":"https:\/\/darkamazi.site\/#organization"},"potentialAction":[{"@type":"SearchAction","target":{"@type":"EntryPoint","urlTemplate":"https:\/\/darkamazi.site\/?s={search_term_string}"},"query-input":{"@type":"PropertyValueSpecification","valueRequired":true,"valueName":"search_term_string"}}],"inLanguage":"en-US"},{"@type":"Organization","@id":"https:\/\/darkamazi.site\/#organization","name":"Darka Mazi T\u00fcrk\u00e7e","alternateName":"Darka Mazi","url":"https:\/\/darkamazi.site\/","logo":{"@type":"ImageObject","inLanguage":"en-US","@id":"https:\/\/darkamazi.site\/#\/schema\/logo\/image\/","url":"https:\/\/darkamazi.site\/file\/2017\/12\/darka-mazi-logo.png","contentUrl":"https:\/\/darkamazi.site\/file\/2017\/12\/darka-mazi-logo.png","width":151,"height":75,"caption":"Darka Mazi T\u00fcrk\u00e7e"},"image":{"@id":"https:\/\/darkamazi.site\/#\/schema\/logo\/image\/"},"sameAs":["https:\/\/www.facebook.com\/DarkaMaziturkce","https:\/\/x.com\/DarkaMaziTurkce"]},{"@type":"Person","@id":"https:\/\/darkamazi.site\/#\/schema\/person\/67986a95ac546c16760365877ef4a9d3","name":"darka mazi","sameAs":["https:\/\/darkamazi.site"],"url":"https:\/\/darkamazi.site\/archives\/author\/turkish"}]}},"_links":{"self":[{"href":"https:\/\/darkamazi.site\/funavuv\/wp\/v2\/posts\/1020760","targetHints":{"allow":["GET"]}}],"collection":[{"href":"https:\/\/darkamazi.site\/funavuv\/wp\/v2\/posts"}],"about":[{"href":"https:\/\/darkamazi.site\/funavuv\/wp\/v2\/types\/post"}],"author":[{"embeddable":true,"href":"https:\/\/darkamazi.site\/funavuv\/wp\/v2\/users\/2"}],"replies":[{"embeddable":true,"href":"https:\/\/darkamazi.site\/funavuv\/wp\/v2\/comments?post=1020760"}],"version-history":[{"count":0,"href":"https:\/\/darkamazi.site\/funavuv\/wp\/v2\/posts\/1020760\/revisions"}],"wp:featuredmedia":[{"embeddable":true,"href":"https:\/\/darkamazi.site\/funavuv\/wp\/v2\/media\/1020763"}],"wp:attachment":[{"href":"https:\/\/darkamazi.site\/funavuv\/wp\/v2\/media?parent=1020760"}],"wp:term":[{"taxonomy":"category","embeddable":true,"href":"https:\/\/darkamazi.site\/funavuv\/wp\/v2\/categories?post=1020760"},{"taxonomy":"post_tag","embeddable":true,"href":"https:\/\/darkamazi.site\/funavuv\/wp\/v2\/tags?post=1020760"}],"curies":[{"name":"wp","href":"https:\/\/api.w.org\/{rel}","templated":true}]}}