{"id":1020841,"date":"2022-08-31T12:04:45","date_gmt":"2022-08-31T09:04:45","guid":{"rendered":"https:\/\/darkamazi.site\/?p=1020841"},"modified":"2022-08-31T12:04:45","modified_gmt":"2022-08-31T09:04:45","slug":"pkk-almanyada-rojavali-insan-haklari-aktivistine-saldirdi-olumle-tehdit-etti","status":"publish","type":"post","link":"https:\/\/darkamazi.site\/archives\/1020841","title":{"rendered":"PKK, Almanya\u2019da Rojaval\u0131 insan haklar\u0131 aktivistine sald\u0131rd\u0131, \u00f6l\u00fcmle tehdit etti"},"content":{"rendered":"<p style=\"text-align: justify\">Almanya\u2019da ya\u015fayan Rojaval\u0131 insan haklar\u0131 aktivist PKK\u2019nin \u00f6rg\u00fctledi\u011fi ki\u015filer taraf\u0131ndan \u00f6l\u00fcmle tehdit edildi, \u015fiddete maruz kald\u0131.<br \/>\nAlmanya\u2019n\u0131n Hamlin kasabas\u0131nda sald\u0131r\u0131ya u\u011frayan Mesud Ahmed\u2019e \u201cSeni \u00f6ld\u00fcr\u00fcr\u00fcz, ba\u015f\u0131n\u0131 keseriz\u201d tehdidi yap\u0131ld\u0131. \u00a0Ahmed daha \u00f6nce de PKK taraf\u0131ndan tehdit edilmi\u015fti.<\/p>\n<p style=\"text-align: justify\">Mesud Ahmed Amudeli bir K\u00fcrt. \u00a0\u015eu an Almanya\u2019da ya\u015f\u0131yor. Ahmed PKK\u2019nin Rojava\u2019daki \u00f6rg\u00fct\u00fc PYD\u2019nin faaliyetlerini ele\u015ftiren bir isim. Sosyal medya \u00fczerinden canl\u0131 yay\u0131nlar yapan, Rojava\u2019ya ili\u015fkin haberler aktaran ve ele\u015ftiriler yapan Ahmed\u2019in binlerce takip\u00e7isi var. Ahmed yay\u0131nlar\u0131nda medyaya yans\u0131mayan PKK- PYD uygulamalar\u0131n\u0131 de\u015fifre ediyor. Cezaeveleri, ka\u00e7\u0131r\u0131lan \u00e7ocuklar, muhaliflere yap\u0131lan bask\u0131lar vb bir \u00e7ok konuda yay\u0131n yap\u0131yor.<\/p>\n","protected":false},"excerpt":{"rendered":"<p>Almanya\u2019da ya\u015fayan Rojaval\u0131 insan haklar\u0131 aktivist PKK\u2019nin \u00f6rg\u00fctledi\u011fi ki\u015filer taraf\u0131ndan \u00f6l\u00fcmle tehdit edildi, \u015fiddete maruz kald\u0131. Almanya\u2019n\u0131n Hamlin kasabas\u0131nda sald\u0131r\u0131ya u\u011frayan Mesud Ahmed\u2019e \u201cSeni \u00f6ld\u00fcr\u00fcr\u00fcz, ba\u015f\u0131n\u0131 keseriz\u201d tehdidi yap\u0131ld\u0131. \u00a0Ahmed daha \u00f6nce de PKK taraf\u0131ndan tehdit edilmi\u015fti. Mesud Ahmed Amudeli bir K\u00fcrt. \u00a0\u015eu an Almanya\u2019da ya\u015f\u0131yor. Ahmed PKK\u2019nin Rojava\u2019daki \u00f6rg\u00fct\u00fc PYD\u2019nin faaliyetlerini ele\u015ftiren bir isim. [&hellip;]<\/p>\n","protected":false},"author":2,"featured_media":1020843,"comment_status":"closed","ping_status":"closed","sticky":false,"template":"","format":"standard","meta":{"footnotes":""},"categories":[3],"tags":[31],"class_list":["post-1020841","post","type-post","status-publish","format-standard","has-post-thumbnail","hentry","category-kurdistan","tag-onemli"],"blocksy_meta":[],"seo_head":"<!-- This site is optimized with the Yoast SEO plugin v27.5 - https:\/\/yoast.com\/product\/yoast-seo-wordpress\/ -->\n<title>PKK, Almanya\u2019da Rojaval\u0131 insan haklar\u0131 aktivistine sald\u0131rd\u0131, \u00f6l\u00fcmle tehdit etti - Darka Mazi<\/title>\n<meta name=\"robots\" content=\"index, follow, max-snippet:-1, max-image-preview:large, max-video-preview:-1\" \/>\n<link rel=\"canonical\" href=\"https:\/\/darkamazi.site\/archives\/1020841\" \/>\n<meta property=\"og:locale\" content=\"en_US\" \/>\n<meta property=\"og:type\" content=\"article\" \/>\n<meta property=\"og:title\" content=\"PKK, Almanya\u2019da Rojaval\u0131 insan haklar\u0131 aktivistine sald\u0131rd\u0131, \u00f6l\u00fcmle tehdit etti - Darka Mazi\" \/>\n<meta property=\"og:description\" content=\"Almanya\u2019da ya\u015fayan Rojaval\u0131 insan haklar\u0131 aktivist PKK\u2019nin \u00f6rg\u00fctledi\u011fi ki\u015filer taraf\u0131ndan \u00f6l\u00fcmle tehdit edildi, \u015fiddete maruz kald\u0131. Almanya\u2019n\u0131n Hamlin kasabas\u0131nda sald\u0131r\u0131ya u\u011frayan Mesud Ahmed\u2019e \u201cSeni \u00f6ld\u00fcr\u00fcr\u00fcz, ba\u015f\u0131n\u0131 keseriz\u201d tehdidi yap\u0131ld\u0131. \u00a0Ahmed daha \u00f6nce de PKK taraf\u0131ndan tehdit edilmi\u015fti. Mesud Ahmed Amudeli bir K\u00fcrt. \u00a0\u015eu an Almanya\u2019da ya\u015f\u0131yor. Ahmed PKK\u2019nin Rojava\u2019daki \u00f6rg\u00fct\u00fc PYD\u2019nin faaliyetlerini ele\u015ftiren bir isim. [&hellip;]\" \/>\n<meta property=\"og:url\" content=\"https:\/\/darkamazi.site\/archives\/1020841\" \/>\n<meta property=\"og:site_name\" content=\"Darka Mazi\" \/>\n<meta property=\"article:publisher\" content=\"https:\/\/www.facebook.com\/DarkaMaziturkce\" \/>\n<meta property=\"article:published_time\" content=\"2022-08-31T09:04:45+00:00\" \/>\n<meta property=\"og:image\" content=\"https:\/\/darkamazi.site\/file\/2022\/08\/Rojavali-aktivist.jpg\" \/>\n\t<meta property=\"og:image:width\" content=\"900\" \/>\n\t<meta property=\"og:image:height\" content=\"497\" \/>\n\t<meta property=\"og:image:type\" content=\"image\/jpeg\" \/>\n<meta name=\"author\" content=\"darka mazi\" \/>\n<meta name=\"twitter:card\" content=\"summary_large_image\" \/>\n<meta name=\"twitter:creator\" content=\"@DarkaMaziTurkce\" \/>\n<meta name=\"twitter:site\" content=\"@DarkaMaziTurkce\" \/>\n<meta name=\"twitter:label1\" content=\"Written by\" \/>\n\t<meta name=\"twitter:data1\" content=\"darka mazi\" \/>\n\t<meta name=\"twitter:label2\" content=\"Est. reading time\" \/>\n\t<meta name=\"twitter:data2\" content=\"1 minute\" \/>\n<script type=\"application\/ld+json\" class=\"seo-schema-graph\">{\"@context\":\"https:\\\/\\\/schema.org\",\"@graph\":[{\"@type\":\"NewsArticle\",\"@id\":\"https:\\\/\\\/darkamazi.site\\\/archives\\\/1020841#article\",\"isPartOf\":{\"@id\":\"https:\\\/\\\/darkamazi.site\\\/archives\\\/1020841\"},\"author\":{\"name\":\"darka mazi\",\"@id\":\"https:\\\/\\\/darkamazi.site\\\/#\\\/schema\\\/person\\\/67986a95ac546c16760365877ef4a9d3\"},\"headline\":\"PKK, Almanya\u2019da Rojaval\u0131 insan haklar\u0131 aktivistine sald\u0131rd\u0131, \u00f6l\u00fcmle tehdit etti\",\"datePublished\":\"2022-08-31T09:04:45+00:00\",\"mainEntityOfPage\":{\"@id\":\"https:\\\/\\\/darkamazi.site\\\/archives\\\/1020841\"},\"wordCount\":153,\"publisher\":{\"@id\":\"https:\\\/\\\/darkamazi.site\\\/#organization\"},\"image\":{\"@id\":\"https:\\\/\\\/darkamazi.site\\\/archives\\\/1020841#primaryimage\"},\"thumbnailUrl\":\"https:\\\/\\\/darkamazi.site\\\/darka-content\\\/uploads\\\/2022\\\/08\\\/Rojavali-aktivist.jpg\",\"keywords\":[\"\u00f6nemli\"],\"articleSection\":[\"Kurdistan\"],\"inLanguage\":\"en-US\"},{\"@type\":\"WebPage\",\"@id\":\"https:\\\/\\\/darkamazi.site\\\/archives\\\/1020841\",\"url\":\"https:\\\/\\\/darkamazi.site\\\/archives\\\/1020841\",\"name\":\"PKK, Almanya\u2019da Rojaval\u0131 insan haklar\u0131 aktivistine sald\u0131rd\u0131, \u00f6l\u00fcmle tehdit etti - Darka Mazi\",\"isPartOf\":{\"@id\":\"https:\\\/\\\/darkamazi.site\\\/#website\"},\"primaryImageOfPage\":{\"@id\":\"https:\\\/\\\/darkamazi.site\\\/archives\\\/1020841#primaryimage\"},\"image\":{\"@id\":\"https:\\\/\\\/darkamazi.site\\\/archives\\\/1020841#primaryimage\"},\"thumbnailUrl\":\"https:\\\/\\\/darkamazi.site\\\/darka-content\\\/uploads\\\/2022\\\/08\\\/Rojavali-aktivist.jpg\",\"datePublished\":\"2022-08-31T09:04:45+00:00\",\"breadcrumb\":{\"@id\":\"https:\\\/\\\/darkamazi.site\\\/archives\\\/1020841#breadcrumb\"},\"inLanguage\":\"en-US\",\"potentialAction\":[{\"@type\":\"ReadAction\",\"target\":[\"https:\\\/\\\/darkamazi.site\\\/archives\\\/1020841\"]}]},{\"@type\":\"ImageObject\",\"inLanguage\":\"en-US\",\"@id\":\"https:\\\/\\\/darkamazi.site\\\/archives\\\/1020841#primaryimage\",\"url\":\"https:\\\/\\\/darkamazi.site\\\/darka-content\\\/uploads\\\/2022\\\/08\\\/Rojavali-aktivist.jpg\",\"contentUrl\":\"https:\\\/\\\/darkamazi.site\\\/darka-content\\\/uploads\\\/2022\\\/08\\\/Rojavali-aktivist.jpg\",\"width\":900,\"height\":497,\"caption\":\"PKK, Almanya\u2019da Rojaval\u0131 insan haklar\u0131 aktivistine sald\u0131rd\u0131, \u00f6l\u00fcmle tehdit etti\"},{\"@type\":\"BreadcrumbList\",\"@id\":\"https:\\\/\\\/darkamazi.site\\\/archives\\\/1020841#breadcrumb\",\"itemListElement\":[{\"@type\":\"ListItem\",\"position\":1,\"name\":\"Home\",\"item\":\"https:\\\/\\\/darkamazi.site\\\/\"},{\"@type\":\"ListItem\",\"position\":2,\"name\":\"PKK, Almanya\u2019da Rojaval\u0131 insan haklar\u0131 aktivistine sald\u0131rd\u0131, \u00f6l\u00fcmle tehdit etti\"}]},{\"@type\":\"WebSite\",\"@id\":\"https:\\\/\\\/darkamazi.site\\\/#website\",\"url\":\"https:\\\/\\\/darkamazi.site\\\/\",\"name\":\"Darka Mazi\",\"description\":\"Ana Sayfa\",\"publisher\":{\"@id\":\"https:\\\/\\\/darkamazi.site\\\/#organization\"},\"potentialAction\":[{\"@type\":\"SearchAction\",\"target\":{\"@type\":\"EntryPoint\",\"urlTemplate\":\"https:\\\/\\\/darkamazi.site\\\/?s={search_term_string}\"},\"query-input\":{\"@type\":\"PropertyValueSpecification\",\"valueRequired\":true,\"valueName\":\"search_term_string\"}}],\"inLanguage\":\"en-US\"},{\"@type\":\"Organization\",\"@id\":\"https:\\\/\\\/darkamazi.site\\\/#organization\",\"name\":\"Darka Mazi T\u00fcrk\u00e7e\",\"alternateName\":\"Darka Mazi\",\"url\":\"https:\\\/\\\/darkamazi.site\\\/\",\"logo\":{\"@type\":\"ImageObject\",\"inLanguage\":\"en-US\",\"@id\":\"https:\\\/\\\/darkamazi.site\\\/#\\\/schema\\\/logo\\\/image\\\/\",\"url\":\"https:\\\/\\\/darkamazi.site\\\/darka-content\\\/uploads\\\/2017\\\/12\\\/darka-mazi-logo.png\",\"contentUrl\":\"https:\\\/\\\/darkamazi.site\\\/darka-content\\\/uploads\\\/2017\\\/12\\\/darka-mazi-logo.png\",\"width\":151,\"height\":75,\"caption\":\"Darka Mazi T\u00fcrk\u00e7e\"},\"image\":{\"@id\":\"https:\\\/\\\/darkamazi.site\\\/#\\\/schema\\\/logo\\\/image\\\/\"},\"sameAs\":[\"https:\\\/\\\/www.facebook.com\\\/DarkaMaziturkce\",\"https:\\\/\\\/x.com\\\/DarkaMaziTurkce\"]},{\"@type\":\"Person\",\"@id\":\"https:\\\/\\\/darkamazi.site\\\/#\\\/schema\\\/person\\\/67986a95ac546c16760365877ef4a9d3\",\"name\":\"darka mazi\",\"sameAs\":[\"https:\\\/\\\/darkamazi.site\"],\"url\":\"https:\\\/\\\/darkamazi.site\\\/archives\\\/author\\\/turkish\"}]}<\/script>\n<!-- \/ Yoast SEO plugin. -->","seo_head_json":{"title":"PKK, Almanya\u2019da Rojaval\u0131 insan haklar\u0131 aktivistine sald\u0131rd\u0131, \u00f6l\u00fcmle tehdit etti - Darka Mazi","robots":{"index":"index","follow":"follow","max-snippet":"max-snippet:-1","max-image-preview":"max-image-preview:large","max-video-preview":"max-video-preview:-1"},"canonical":"https:\/\/darkamazi.site\/archives\/1020841","og_locale":"en_US","og_type":"article","og_title":"PKK, Almanya\u2019da Rojaval\u0131 insan haklar\u0131 aktivistine sald\u0131rd\u0131, \u00f6l\u00fcmle tehdit etti - Darka Mazi","og_description":"Almanya\u2019da ya\u015fayan Rojaval\u0131 insan haklar\u0131 aktivist PKK\u2019nin \u00f6rg\u00fctledi\u011fi ki\u015filer taraf\u0131ndan \u00f6l\u00fcmle tehdit edildi, \u015fiddete maruz kald\u0131. Almanya\u2019n\u0131n Hamlin kasabas\u0131nda sald\u0131r\u0131ya u\u011frayan Mesud Ahmed\u2019e \u201cSeni \u00f6ld\u00fcr\u00fcr\u00fcz, ba\u015f\u0131n\u0131 keseriz\u201d tehdidi yap\u0131ld\u0131. \u00a0Ahmed daha \u00f6nce de PKK taraf\u0131ndan tehdit edilmi\u015fti. Mesud Ahmed Amudeli bir K\u00fcrt. \u00a0\u015eu an Almanya\u2019da ya\u015f\u0131yor. Ahmed PKK\u2019nin Rojava\u2019daki \u00f6rg\u00fct\u00fc PYD\u2019nin faaliyetlerini ele\u015ftiren bir isim. [&hellip;]","og_url":"https:\/\/darkamazi.site\/archives\/1020841","og_site_name":"Darka Mazi","article_publisher":"https:\/\/www.facebook.com\/DarkaMaziturkce","article_published_time":"2022-08-31T09:04:45+00:00","og_image":[{"width":900,"height":497,"url":"https:\/\/darkamazi.site\/file\/2022\/08\/Rojavali-aktivist.jpg","type":"image\/jpeg"}],"author":"darka mazi","twitter_card":"summary_large_image","twitter_creator":"@DarkaMaziTurkce","twitter_site":"@DarkaMaziTurkce","twitter_misc":{"Written by":"darka mazi","Est. reading time":"1 minute"},"schema":{"@context":"https:\/\/schema.org","@graph":[{"@type":"NewsArticle","@id":"https:\/\/darkamazi.site\/archives\/1020841#article","isPartOf":{"@id":"https:\/\/darkamazi.site\/archives\/1020841"},"author":{"name":"darka mazi","@id":"https:\/\/darkamazi.site\/#\/schema\/person\/67986a95ac546c16760365877ef4a9d3"},"headline":"PKK, Almanya\u2019da Rojaval\u0131 insan haklar\u0131 aktivistine sald\u0131rd\u0131, \u00f6l\u00fcmle tehdit etti","datePublished":"2022-08-31T09:04:45+00:00","mainEntityOfPage":{"@id":"https:\/\/darkamazi.site\/archives\/1020841"},"wordCount":153,"publisher":{"@id":"https:\/\/darkamazi.site\/#organization"},"image":{"@id":"https:\/\/darkamazi.site\/archives\/1020841#primaryimage"},"thumbnailUrl":"https:\/\/darkamazi.site\/file\/2022\/08\/Rojavali-aktivist.jpg","keywords":["\u00f6nemli"],"articleSection":["Kurdistan"],"inLanguage":"en-US"},{"@type":"WebPage","@id":"https:\/\/darkamazi.site\/archives\/1020841","url":"https:\/\/darkamazi.site\/archives\/1020841","name":"PKK, Almanya\u2019da Rojaval\u0131 insan haklar\u0131 aktivistine sald\u0131rd\u0131, \u00f6l\u00fcmle tehdit etti - Darka Mazi","isPartOf":{"@id":"https:\/\/darkamazi.site\/#website"},"primaryImageOfPage":{"@id":"https:\/\/darkamazi.site\/archives\/1020841#primaryimage"},"image":{"@id":"https:\/\/darkamazi.site\/archives\/1020841#primaryimage"},"thumbnailUrl":"https:\/\/darkamazi.site\/file\/2022\/08\/Rojavali-aktivist.jpg","datePublished":"2022-08-31T09:04:45+00:00","breadcrumb":{"@id":"https:\/\/darkamazi.site\/archives\/1020841#breadcrumb"},"inLanguage":"en-US","potentialAction":[{"@type":"ReadAction","target":["https:\/\/darkamazi.site\/archives\/1020841"]}]},{"@type":"ImageObject","inLanguage":"en-US","@id":"https:\/\/darkamazi.site\/archives\/1020841#primaryimage","url":"https:\/\/darkamazi.site\/file\/2022\/08\/Rojavali-aktivist.jpg","contentUrl":"https:\/\/darkamazi.site\/file\/2022\/08\/Rojavali-aktivist.jpg","width":900,"height":497,"caption":"PKK, Almanya\u2019da Rojaval\u0131 insan haklar\u0131 aktivistine sald\u0131rd\u0131, \u00f6l\u00fcmle tehdit etti"},{"@type":"BreadcrumbList","@id":"https:\/\/darkamazi.site\/archives\/1020841#breadcrumb","itemListElement":[{"@type":"ListItem","position":1,"name":"Home","item":"https:\/\/darkamazi.site\/"},{"@type":"ListItem","position":2,"name":"PKK, Almanya\u2019da Rojaval\u0131 insan haklar\u0131 aktivistine sald\u0131rd\u0131, \u00f6l\u00fcmle tehdit etti"}]},{"@type":"WebSite","@id":"https:\/\/darkamazi.site\/#website","url":"https:\/\/darkamazi.site\/","name":"Darka Mazi","description":"Ana Sayfa","publisher":{"@id":"https:\/\/darkamazi.site\/#organization"},"potentialAction":[{"@type":"SearchAction","target":{"@type":"EntryPoint","urlTemplate":"https:\/\/darkamazi.site\/?s={search_term_string}"},"query-input":{"@type":"PropertyValueSpecification","valueRequired":true,"valueName":"search_term_string"}}],"inLanguage":"en-US"},{"@type":"Organization","@id":"https:\/\/darkamazi.site\/#organization","name":"Darka Mazi T\u00fcrk\u00e7e","alternateName":"Darka Mazi","url":"https:\/\/darkamazi.site\/","logo":{"@type":"ImageObject","inLanguage":"en-US","@id":"https:\/\/darkamazi.site\/#\/schema\/logo\/image\/","url":"https:\/\/darkamazi.site\/file\/2017\/12\/darka-mazi-logo.png","contentUrl":"https:\/\/darkamazi.site\/file\/2017\/12\/darka-mazi-logo.png","width":151,"height":75,"caption":"Darka Mazi T\u00fcrk\u00e7e"},"image":{"@id":"https:\/\/darkamazi.site\/#\/schema\/logo\/image\/"},"sameAs":["https:\/\/www.facebook.com\/DarkaMaziturkce","https:\/\/x.com\/DarkaMaziTurkce"]},{"@type":"Person","@id":"https:\/\/darkamazi.site\/#\/schema\/person\/67986a95ac546c16760365877ef4a9d3","name":"darka mazi","sameAs":["https:\/\/darkamazi.site"],"url":"https:\/\/darkamazi.site\/archives\/author\/turkish"}]}},"_links":{"self":[{"href":"https:\/\/darkamazi.site\/funavuv\/wp\/v2\/posts\/1020841","targetHints":{"allow":["GET"]}}],"collection":[{"href":"https:\/\/darkamazi.site\/funavuv\/wp\/v2\/posts"}],"about":[{"href":"https:\/\/darkamazi.site\/funavuv\/wp\/v2\/types\/post"}],"author":[{"embeddable":true,"href":"https:\/\/darkamazi.site\/funavuv\/wp\/v2\/users\/2"}],"replies":[{"embeddable":true,"href":"https:\/\/darkamazi.site\/funavuv\/wp\/v2\/comments?post=1020841"}],"version-history":[{"count":0,"href":"https:\/\/darkamazi.site\/funavuv\/wp\/v2\/posts\/1020841\/revisions"}],"wp:featuredmedia":[{"embeddable":true,"href":"https:\/\/darkamazi.site\/funavuv\/wp\/v2\/media\/1020843"}],"wp:attachment":[{"href":"https:\/\/darkamazi.site\/funavuv\/wp\/v2\/media?parent=1020841"}],"wp:term":[{"taxonomy":"category","embeddable":true,"href":"https:\/\/darkamazi.site\/funavuv\/wp\/v2\/categories?post=1020841"},{"taxonomy":"post_tag","embeddable":true,"href":"https:\/\/darkamazi.site\/funavuv\/wp\/v2\/tags?post=1020841"}],"curies":[{"name":"wp","href":"https:\/\/api.w.org\/{rel}","templated":true}]}}