{"id":1021044,"date":"2022-09-12T13:32:00","date_gmt":"2022-09-12T10:32:00","guid":{"rendered":"https:\/\/darkamazi.site\/?p=1021044"},"modified":"2022-09-12T13:32:00","modified_gmt":"2022-09-12T10:32:00","slug":"kharkiv-hezimeti-rusya-yanlilarinda-elestiri-konusu-oluyor","status":"publish","type":"post","link":"https:\/\/darkamazi.site\/archives\/1021044","title":{"rendered":"Kharkiv hezimeti Rusya yanl\u0131lar\u0131nda ele\u015ftiri konusu oluyor"},"content":{"rendered":"<p style=\"text-align: justify\">Rusya\u2019n\u0131n Ukrayna\u2019ya sald\u0131r\u0131s\u0131 7\u2019nci ay dolmak \u00fczereyken Kadirov, Ukrayna\u2019n\u0131n do\u011fusundaki Kharkiv eyaletinde kritik bir tedarik merkezi olan Izyum\u2019un Ukraynal\u0131lara ge\u00e7mesinin ard\u0131ndan Rus ordusunun durumu ve sava\u015f\u0131n gidi\u015fat\u0131 Rusya taraftarlar\u0131nca ele\u015ftiriliyor.<\/p>\n<p>Bunlardan biri de Rusya Devlet Ba\u015fkan\u0131 Vladimir Putin\u2019e yak\u0131nl\u0131\u011f\u0131yla tan\u0131nan \u00c7e\u00e7en lider Ramazan Kadirov oldu. Kadirov,\u00a0 sava\u015f\u0131n gidi\u015fat\u0131yla ilgili \u015fa\u015f\u0131rtan a\u00e7\u0131klamalarda bulundu.<\/p>\n<p style=\"text-align: justify\">Kadirov, \u201c\u00d6zel askeri operasyonla ilgili bug\u00fcn veya yar\u0131n de\u011fi\u015fiklik yap\u0131lmazsa, Kremlin\u2019e sahadaki durumu a\u00e7\u0131klamak zorunda kalaca\u011f\u0131m\u201d dedi. Kadirov, \u201cSavunma Bakanl\u0131\u011f\u0131\u2019nda \u00e7al\u0131\u015fm\u0131yorum ve stratejist de\u011filim. Ancak buradaki hatalar\u0131 g\u00f6rebiliyorum. Hata yapt\u0131klar\u0131 \u00e7ok a\u00e7\u0131k. Umar\u0131m k\u0131sa s\u00fcrede gerekli sonu\u00e7lar\u0131 \u00e7\u0131karabilirler\u201d dedi.<\/p>\n<p style=\"text-align: justify\"><strong>\u00dcST\u00dc KAPALI TEHD\u0130T<\/strong><\/p>\n<p style=\"text-align: justify\">Kadirov, bu s\u00f6zleriyle Putin\u2019in durumdan haberdar olmad\u0131\u011f\u0131n\u0131 \u00f6ne s\u00fcrerken, ordunun \u00fcst kademesini de \u00fcst\u00fc kapal\u0131 tehdit etti.<\/p>\n<p style=\"text-align: justify\">Kadirov, kuzeydo\u011fu Ukrayna\u2019daki durumla ilgili ise, \u201cOrada adamlar\u0131m\u0131z var, bu t\u00fcr durumlar i\u00e7in \u00f6zel olarak haz\u0131rlanm\u0131\u015f sava\u015f\u00e7\u0131lar. 10 bin ki\u015finin daha onlara eklenmesini bekliyoruz. En yak\u0131n zamanda Odesa\u2019ya ula\u015faca\u011f\u0131z\u201d ifadelerinde bulundu.<\/p>\n<p style=\"text-align: justify\">Ukrayna ordusu, \u00fclkenin do\u011fusunda ger\u00e7ekle\u015ftirdi\u011fi kar\u015f\u0131 taarruzda 3.000 kilometrekareden fazla alan\u0131 Rusya\u2019dan geri ald\u0131\u011f\u0131n\u0131 a\u00e7\u0131klam\u0131\u015ft\u0131. Rusya Savunma Bakanl\u0131\u011f\u0131 da Cumartesi g\u00fcn\u00fc askeri birliklerin Ukrayna&#8217;n\u0131n do\u011fusundaki Izyum, Balakliya ve Kupiansk kasabalar\u0131ndan geri \u00e7ekildi\u011fini duyurmu\u015ftu.<\/p>\n<p style=\"text-align: justify\"><strong>\u2018ASKERLER\u0130 TOPLAMAK \u0130\u00c7\u0130N \u00c7EK\u0130LD\u0130K\u2019 A\u00c7IKLAMASI<\/strong><\/p>\n<p style=\"text-align: justify\">Bakanl\u0131k, Izyum&#8217;daki askerlerin \u201cyeniden toparlanmak\u201d i\u00e7in Balakliya\u2019daki askerlerin ise Donetsk cephesine destek olu\u015fturmak i\u00e7in \u00e7ekildi\u011fini \u00f6ne s\u00fcrm\u00fc\u015ft\u00fc.<\/p>\n<p style=\"text-align: justify\">Arka arkaya gelen \u00e7ekilme haberleri Rus milliyet\u00e7ileri aras\u0131nda da \u00f6fkeye neden olurken, Rus ordusu y\u00f6netimini Ukrayna sava\u015f\u0131nda nihai zaferi sa\u011flamak i\u00e7in acil de\u011fi\u015fiklikler yapmaya \u00e7a\u011f\u0131rd\u0131lar.<\/p>\n<p style=\"text-align: justify\">Izyum\u2019un d\u00fc\u015f\u00fc\u015f\u00fc, birliklerinin Mart ay\u0131nda Ukrayna\u2019n\u0131n ba\u015fkenti Kiev\u2019den geri \u00e7ekilmesinden bu yana Rusya\u2019n\u0131n en k\u00f6t\u00fc askeri yenilgisi oldu.<\/p>\n","protected":false},"excerpt":{"rendered":"<p>Rusya\u2019n\u0131n Ukrayna\u2019ya sald\u0131r\u0131s\u0131 7\u2019nci ay dolmak \u00fczereyken Kadirov, Ukrayna\u2019n\u0131n do\u011fusundaki Kharkiv eyaletinde kritik bir tedarik merkezi olan Izyum\u2019un Ukraynal\u0131lara ge\u00e7mesinin ard\u0131ndan Rus ordusunun durumu ve sava\u015f\u0131n gidi\u015fat\u0131 Rusya taraftarlar\u0131nca ele\u015ftiriliyor. Bunlardan biri de Rusya Devlet Ba\u015fkan\u0131 Vladimir Putin\u2019e yak\u0131nl\u0131\u011f\u0131yla tan\u0131nan \u00c7e\u00e7en lider Ramazan Kadirov oldu. Kadirov,\u00a0 sava\u015f\u0131n gidi\u015fat\u0131yla ilgili \u015fa\u015f\u0131rtan a\u00e7\u0131klamalarda bulundu. Kadirov, \u201c\u00d6zel askeri [&hellip;]<\/p>\n","protected":false},"author":2,"featured_media":1021045,"comment_status":"closed","ping_status":"closed","sticky":false,"template":"","format":"standard","meta":{"footnotes":""},"categories":[6],"tags":[31],"class_list":["post-1021044","post","type-post","status-publish","format-standard","has-post-thumbnail","hentry","category-dunya","tag-onemli"],"blocksy_meta":[],"seo_head":"<!-- This site is optimized with the Yoast SEO plugin v27.5 - https:\/\/yoast.com\/product\/yoast-seo-wordpress\/ -->\n<title>Kharkiv hezimeti Rusya yanl\u0131lar\u0131nda ele\u015ftiri konusu oluyor - Darka Mazi<\/title>\n<meta name=\"robots\" content=\"index, follow, max-snippet:-1, max-image-preview:large, max-video-preview:-1\" \/>\n<link rel=\"canonical\" href=\"https:\/\/darkamazi.site\/archives\/1021044\" \/>\n<meta property=\"og:locale\" content=\"en_US\" \/>\n<meta property=\"og:type\" content=\"article\" \/>\n<meta property=\"og:title\" content=\"Kharkiv hezimeti Rusya yanl\u0131lar\u0131nda ele\u015ftiri konusu oluyor - Darka Mazi\" \/>\n<meta property=\"og:description\" content=\"Rusya\u2019n\u0131n Ukrayna\u2019ya sald\u0131r\u0131s\u0131 7\u2019nci ay dolmak \u00fczereyken Kadirov, Ukrayna\u2019n\u0131n do\u011fusundaki Kharkiv eyaletinde kritik bir tedarik merkezi olan Izyum\u2019un Ukraynal\u0131lara ge\u00e7mesinin ard\u0131ndan Rus ordusunun durumu ve sava\u015f\u0131n gidi\u015fat\u0131 Rusya taraftarlar\u0131nca ele\u015ftiriliyor. Bunlardan biri de Rusya Devlet Ba\u015fkan\u0131 Vladimir Putin\u2019e yak\u0131nl\u0131\u011f\u0131yla tan\u0131nan \u00c7e\u00e7en lider Ramazan Kadirov oldu. Kadirov,\u00a0 sava\u015f\u0131n gidi\u015fat\u0131yla ilgili \u015fa\u015f\u0131rtan a\u00e7\u0131klamalarda bulundu. Kadirov, \u201c\u00d6zel askeri [&hellip;]\" \/>\n<meta property=\"og:url\" content=\"https:\/\/darkamazi.site\/archives\/1021044\" \/>\n<meta property=\"og:site_name\" content=\"Darka Mazi\" \/>\n<meta property=\"article:publisher\" content=\"https:\/\/www.facebook.com\/DarkaMaziturkce\" \/>\n<meta property=\"article:published_time\" content=\"2022-09-12T10:32:00+00:00\" \/>\n<meta property=\"og:image\" content=\"https:\/\/darkamazi.site\/file\/2022\/09\/kharkiv.jpeg\" \/>\n\t<meta property=\"og:image:width\" content=\"1024\" \/>\n\t<meta property=\"og:image:height\" content=\"576\" \/>\n\t<meta property=\"og:image:type\" content=\"image\/jpeg\" \/>\n<meta name=\"author\" content=\"darka mazi\" \/>\n<meta name=\"twitter:card\" content=\"summary_large_image\" \/>\n<meta name=\"twitter:creator\" content=\"@DarkaMaziTurkce\" \/>\n<meta name=\"twitter:site\" content=\"@DarkaMaziTurkce\" \/>\n<meta name=\"twitter:label1\" content=\"Written by\" \/>\n\t<meta name=\"twitter:data1\" content=\"darka mazi\" \/>\n\t<meta name=\"twitter:label2\" content=\"Est. reading time\" \/>\n\t<meta name=\"twitter:data2\" content=\"2 minutes\" \/>\n<script type=\"application\/ld+json\" class=\"seo-schema-graph\">{\"@context\":\"https:\\\/\\\/schema.org\",\"@graph\":[{\"@type\":\"NewsArticle\",\"@id\":\"https:\\\/\\\/darkamazi.site\\\/archives\\\/1021044#article\",\"isPartOf\":{\"@id\":\"https:\\\/\\\/darkamazi.site\\\/archives\\\/1021044\"},\"author\":{\"name\":\"darka mazi\",\"@id\":\"https:\\\/\\\/darkamazi.site\\\/#\\\/schema\\\/person\\\/67986a95ac546c16760365877ef4a9d3\"},\"headline\":\"Kharkiv hezimeti Rusya yanl\u0131lar\u0131nda ele\u015ftiri konusu oluyor\",\"datePublished\":\"2022-09-12T10:32:00+00:00\",\"mainEntityOfPage\":{\"@id\":\"https:\\\/\\\/darkamazi.site\\\/archives\\\/1021044\"},\"wordCount\":358,\"publisher\":{\"@id\":\"https:\\\/\\\/darkamazi.site\\\/#organization\"},\"image\":{\"@id\":\"https:\\\/\\\/darkamazi.site\\\/archives\\\/1021044#primaryimage\"},\"thumbnailUrl\":\"https:\\\/\\\/darkamazi.site\\\/darka-content\\\/uploads\\\/2022\\\/09\\\/kharkiv.jpeg\",\"keywords\":[\"\u00f6nemli\"],\"articleSection\":[\"D\u00fcnya\"],\"inLanguage\":\"en-US\"},{\"@type\":\"WebPage\",\"@id\":\"https:\\\/\\\/darkamazi.site\\\/archives\\\/1021044\",\"url\":\"https:\\\/\\\/darkamazi.site\\\/archives\\\/1021044\",\"name\":\"Kharkiv hezimeti Rusya yanl\u0131lar\u0131nda ele\u015ftiri konusu oluyor - Darka Mazi\",\"isPartOf\":{\"@id\":\"https:\\\/\\\/darkamazi.site\\\/#website\"},\"primaryImageOfPage\":{\"@id\":\"https:\\\/\\\/darkamazi.site\\\/archives\\\/1021044#primaryimage\"},\"image\":{\"@id\":\"https:\\\/\\\/darkamazi.site\\\/archives\\\/1021044#primaryimage\"},\"thumbnailUrl\":\"https:\\\/\\\/darkamazi.site\\\/darka-content\\\/uploads\\\/2022\\\/09\\\/kharkiv.jpeg\",\"datePublished\":\"2022-09-12T10:32:00+00:00\",\"breadcrumb\":{\"@id\":\"https:\\\/\\\/darkamazi.site\\\/archives\\\/1021044#breadcrumb\"},\"inLanguage\":\"en-US\",\"potentialAction\":[{\"@type\":\"ReadAction\",\"target\":[\"https:\\\/\\\/darkamazi.site\\\/archives\\\/1021044\"]}]},{\"@type\":\"ImageObject\",\"inLanguage\":\"en-US\",\"@id\":\"https:\\\/\\\/darkamazi.site\\\/archives\\\/1021044#primaryimage\",\"url\":\"https:\\\/\\\/darkamazi.site\\\/darka-content\\\/uploads\\\/2022\\\/09\\\/kharkiv.jpeg\",\"contentUrl\":\"https:\\\/\\\/darkamazi.site\\\/darka-content\\\/uploads\\\/2022\\\/09\\\/kharkiv.jpeg\",\"width\":1024,\"height\":576,\"caption\":\"Kharkiv hezimeti Rusya yanl\u0131lar\u0131nda ele\u015ftiri konusu oluyor\"},{\"@type\":\"BreadcrumbList\",\"@id\":\"https:\\\/\\\/darkamazi.site\\\/archives\\\/1021044#breadcrumb\",\"itemListElement\":[{\"@type\":\"ListItem\",\"position\":1,\"name\":\"Home\",\"item\":\"https:\\\/\\\/darkamazi.site\\\/\"},{\"@type\":\"ListItem\",\"position\":2,\"name\":\"Kharkiv hezimeti Rusya yanl\u0131lar\u0131nda ele\u015ftiri konusu oluyor\"}]},{\"@type\":\"WebSite\",\"@id\":\"https:\\\/\\\/darkamazi.site\\\/#website\",\"url\":\"https:\\\/\\\/darkamazi.site\\\/\",\"name\":\"Darka Mazi\",\"description\":\"Ana Sayfa\",\"publisher\":{\"@id\":\"https:\\\/\\\/darkamazi.site\\\/#organization\"},\"potentialAction\":[{\"@type\":\"SearchAction\",\"target\":{\"@type\":\"EntryPoint\",\"urlTemplate\":\"https:\\\/\\\/darkamazi.site\\\/?s={search_term_string}\"},\"query-input\":{\"@type\":\"PropertyValueSpecification\",\"valueRequired\":true,\"valueName\":\"search_term_string\"}}],\"inLanguage\":\"en-US\"},{\"@type\":\"Organization\",\"@id\":\"https:\\\/\\\/darkamazi.site\\\/#organization\",\"name\":\"Darka Mazi T\u00fcrk\u00e7e\",\"alternateName\":\"Darka Mazi\",\"url\":\"https:\\\/\\\/darkamazi.site\\\/\",\"logo\":{\"@type\":\"ImageObject\",\"inLanguage\":\"en-US\",\"@id\":\"https:\\\/\\\/darkamazi.site\\\/#\\\/schema\\\/logo\\\/image\\\/\",\"url\":\"https:\\\/\\\/darkamazi.site\\\/darka-content\\\/uploads\\\/2017\\\/12\\\/darka-mazi-logo.png\",\"contentUrl\":\"https:\\\/\\\/darkamazi.site\\\/darka-content\\\/uploads\\\/2017\\\/12\\\/darka-mazi-logo.png\",\"width\":151,\"height\":75,\"caption\":\"Darka Mazi T\u00fcrk\u00e7e\"},\"image\":{\"@id\":\"https:\\\/\\\/darkamazi.site\\\/#\\\/schema\\\/logo\\\/image\\\/\"},\"sameAs\":[\"https:\\\/\\\/www.facebook.com\\\/DarkaMaziturkce\",\"https:\\\/\\\/x.com\\\/DarkaMaziTurkce\"]},{\"@type\":\"Person\",\"@id\":\"https:\\\/\\\/darkamazi.site\\\/#\\\/schema\\\/person\\\/67986a95ac546c16760365877ef4a9d3\",\"name\":\"darka mazi\",\"sameAs\":[\"https:\\\/\\\/darkamazi.site\"],\"url\":\"https:\\\/\\\/darkamazi.site\\\/archives\\\/author\\\/turkish\"}]}<\/script>\n<!-- \/ Yoast SEO plugin. -->","seo_head_json":{"title":"Kharkiv hezimeti Rusya yanl\u0131lar\u0131nda ele\u015ftiri konusu oluyor - Darka Mazi","robots":{"index":"index","follow":"follow","max-snippet":"max-snippet:-1","max-image-preview":"max-image-preview:large","max-video-preview":"max-video-preview:-1"},"canonical":"https:\/\/darkamazi.site\/archives\/1021044","og_locale":"en_US","og_type":"article","og_title":"Kharkiv hezimeti Rusya yanl\u0131lar\u0131nda ele\u015ftiri konusu oluyor - Darka Mazi","og_description":"Rusya\u2019n\u0131n Ukrayna\u2019ya sald\u0131r\u0131s\u0131 7\u2019nci ay dolmak \u00fczereyken Kadirov, Ukrayna\u2019n\u0131n do\u011fusundaki Kharkiv eyaletinde kritik bir tedarik merkezi olan Izyum\u2019un Ukraynal\u0131lara ge\u00e7mesinin ard\u0131ndan Rus ordusunun durumu ve sava\u015f\u0131n gidi\u015fat\u0131 Rusya taraftarlar\u0131nca ele\u015ftiriliyor. Bunlardan biri de Rusya Devlet Ba\u015fkan\u0131 Vladimir Putin\u2019e yak\u0131nl\u0131\u011f\u0131yla tan\u0131nan \u00c7e\u00e7en lider Ramazan Kadirov oldu. Kadirov,\u00a0 sava\u015f\u0131n gidi\u015fat\u0131yla ilgili \u015fa\u015f\u0131rtan a\u00e7\u0131klamalarda bulundu. Kadirov, \u201c\u00d6zel askeri [&hellip;]","og_url":"https:\/\/darkamazi.site\/archives\/1021044","og_site_name":"Darka Mazi","article_publisher":"https:\/\/www.facebook.com\/DarkaMaziturkce","article_published_time":"2022-09-12T10:32:00+00:00","og_image":[{"width":1024,"height":576,"url":"https:\/\/darkamazi.site\/file\/2022\/09\/kharkiv.jpeg","type":"image\/jpeg"}],"author":"darka mazi","twitter_card":"summary_large_image","twitter_creator":"@DarkaMaziTurkce","twitter_site":"@DarkaMaziTurkce","twitter_misc":{"Written by":"darka mazi","Est. reading time":"2 minutes"},"schema":{"@context":"https:\/\/schema.org","@graph":[{"@type":"NewsArticle","@id":"https:\/\/darkamazi.site\/archives\/1021044#article","isPartOf":{"@id":"https:\/\/darkamazi.site\/archives\/1021044"},"author":{"name":"darka mazi","@id":"https:\/\/darkamazi.site\/#\/schema\/person\/67986a95ac546c16760365877ef4a9d3"},"headline":"Kharkiv hezimeti Rusya yanl\u0131lar\u0131nda ele\u015ftiri konusu oluyor","datePublished":"2022-09-12T10:32:00+00:00","mainEntityOfPage":{"@id":"https:\/\/darkamazi.site\/archives\/1021044"},"wordCount":358,"publisher":{"@id":"https:\/\/darkamazi.site\/#organization"},"image":{"@id":"https:\/\/darkamazi.site\/archives\/1021044#primaryimage"},"thumbnailUrl":"https:\/\/darkamazi.site\/file\/2022\/09\/kharkiv.jpeg","keywords":["\u00f6nemli"],"articleSection":["D\u00fcnya"],"inLanguage":"en-US"},{"@type":"WebPage","@id":"https:\/\/darkamazi.site\/archives\/1021044","url":"https:\/\/darkamazi.site\/archives\/1021044","name":"Kharkiv hezimeti Rusya yanl\u0131lar\u0131nda ele\u015ftiri konusu oluyor - Darka Mazi","isPartOf":{"@id":"https:\/\/darkamazi.site\/#website"},"primaryImageOfPage":{"@id":"https:\/\/darkamazi.site\/archives\/1021044#primaryimage"},"image":{"@id":"https:\/\/darkamazi.site\/archives\/1021044#primaryimage"},"thumbnailUrl":"https:\/\/darkamazi.site\/file\/2022\/09\/kharkiv.jpeg","datePublished":"2022-09-12T10:32:00+00:00","breadcrumb":{"@id":"https:\/\/darkamazi.site\/archives\/1021044#breadcrumb"},"inLanguage":"en-US","potentialAction":[{"@type":"ReadAction","target":["https:\/\/darkamazi.site\/archives\/1021044"]}]},{"@type":"ImageObject","inLanguage":"en-US","@id":"https:\/\/darkamazi.site\/archives\/1021044#primaryimage","url":"https:\/\/darkamazi.site\/file\/2022\/09\/kharkiv.jpeg","contentUrl":"https:\/\/darkamazi.site\/file\/2022\/09\/kharkiv.jpeg","width":1024,"height":576,"caption":"Kharkiv hezimeti Rusya yanl\u0131lar\u0131nda ele\u015ftiri konusu oluyor"},{"@type":"BreadcrumbList","@id":"https:\/\/darkamazi.site\/archives\/1021044#breadcrumb","itemListElement":[{"@type":"ListItem","position":1,"name":"Home","item":"https:\/\/darkamazi.site\/"},{"@type":"ListItem","position":2,"name":"Kharkiv hezimeti Rusya yanl\u0131lar\u0131nda ele\u015ftiri konusu oluyor"}]},{"@type":"WebSite","@id":"https:\/\/darkamazi.site\/#website","url":"https:\/\/darkamazi.site\/","name":"Darka Mazi","description":"Ana Sayfa","publisher":{"@id":"https:\/\/darkamazi.site\/#organization"},"potentialAction":[{"@type":"SearchAction","target":{"@type":"EntryPoint","urlTemplate":"https:\/\/darkamazi.site\/?s={search_term_string}"},"query-input":{"@type":"PropertyValueSpecification","valueRequired":true,"valueName":"search_term_string"}}],"inLanguage":"en-US"},{"@type":"Organization","@id":"https:\/\/darkamazi.site\/#organization","name":"Darka Mazi T\u00fcrk\u00e7e","alternateName":"Darka Mazi","url":"https:\/\/darkamazi.site\/","logo":{"@type":"ImageObject","inLanguage":"en-US","@id":"https:\/\/darkamazi.site\/#\/schema\/logo\/image\/","url":"https:\/\/darkamazi.site\/file\/2017\/12\/darka-mazi-logo.png","contentUrl":"https:\/\/darkamazi.site\/file\/2017\/12\/darka-mazi-logo.png","width":151,"height":75,"caption":"Darka Mazi T\u00fcrk\u00e7e"},"image":{"@id":"https:\/\/darkamazi.site\/#\/schema\/logo\/image\/"},"sameAs":["https:\/\/www.facebook.com\/DarkaMaziturkce","https:\/\/x.com\/DarkaMaziTurkce"]},{"@type":"Person","@id":"https:\/\/darkamazi.site\/#\/schema\/person\/67986a95ac546c16760365877ef4a9d3","name":"darka mazi","sameAs":["https:\/\/darkamazi.site"],"url":"https:\/\/darkamazi.site\/archives\/author\/turkish"}]}},"_links":{"self":[{"href":"https:\/\/darkamazi.site\/funavuv\/wp\/v2\/posts\/1021044","targetHints":{"allow":["GET"]}}],"collection":[{"href":"https:\/\/darkamazi.site\/funavuv\/wp\/v2\/posts"}],"about":[{"href":"https:\/\/darkamazi.site\/funavuv\/wp\/v2\/types\/post"}],"author":[{"embeddable":true,"href":"https:\/\/darkamazi.site\/funavuv\/wp\/v2\/users\/2"}],"replies":[{"embeddable":true,"href":"https:\/\/darkamazi.site\/funavuv\/wp\/v2\/comments?post=1021044"}],"version-history":[{"count":0,"href":"https:\/\/darkamazi.site\/funavuv\/wp\/v2\/posts\/1021044\/revisions"}],"wp:featuredmedia":[{"embeddable":true,"href":"https:\/\/darkamazi.site\/funavuv\/wp\/v2\/media\/1021045"}],"wp:attachment":[{"href":"https:\/\/darkamazi.site\/funavuv\/wp\/v2\/media?parent=1021044"}],"wp:term":[{"taxonomy":"category","embeddable":true,"href":"https:\/\/darkamazi.site\/funavuv\/wp\/v2\/categories?post=1021044"},{"taxonomy":"post_tag","embeddable":true,"href":"https:\/\/darkamazi.site\/funavuv\/wp\/v2\/tags?post=1021044"}],"curies":[{"name":"wp","href":"https:\/\/api.w.org\/{rel}","templated":true}]}}