{"id":1021058,"date":"2022-09-13T11:18:07","date_gmt":"2022-09-13T08:18:07","guid":{"rendered":"https:\/\/darkamazi.site\/?p=1021058"},"modified":"2022-09-13T11:18:07","modified_gmt":"2022-09-13T08:18:07","slug":"efrin-insan-haklari-orgutu-multeci-kampinda-binlerce-insan-koleraya-yakalandi-443u-cocuk","status":"publish","type":"post","link":"https:\/\/darkamazi.site\/archives\/1021058","title":{"rendered":"Efrin \u0130nsan Haklar\u0131 \u00d6rg\u00fct\u00fc: M\u00fclteci kamp\u0131nda binlerce insan koleraya yakaland\u0131, 443&#8217;\u00fc \u00e7ocuk"},"content":{"rendered":"<p style=\"text-align: justify\">\u00a0Efr\u00een \u0130nsan Haklar\u0131 \u00d6rg\u00fct\u00fc\u2019nden yap\u0131lan a\u00e7\u0131klamaya g\u00f6re, Halep\u2019in Kuzey\u2019inde bulunan, i\u00e7erisinde Efr\u00een\u2019lilerin ya\u015fad\u0131\u011f\u0131 5 m\u00fclteci kamp\u0131nda binlerce ki\u015finin kolera vir\u00fcs\u00fcne yakalnd\u0131\u011f\u0131, bunlar\u0131n i\u00e7erisinde 443\u2019\u00fcn\u00fcn \u00e7ocuk oldu\u011fu belirtildi.<\/p>\n<p style=\"text-align: justify\">Halep kentinin Kuzeyi\u2019nde yer alan bu 5 kampta ya\u015fayan m\u00fcltecilerin ya\u015fam ko\u015fullar\u0131n\u0131n \u00e7ok k\u00f6t\u00fc oldu\u011funa dikkat \u00e7eken \u00f6rg\u00fct a\u00e7\u0131klamas\u0131nda, b\u00f6lgede ciddi anlamda ila\u00e7 ve sa\u011fl\u0131k ekipman\u0131 sorununun ya\u015fan\u0131ld\u0131\u011f\u0131n\u0131 dile getirdi.<\/p>\n<p style=\"text-align: justify\">\u00d6rg\u00fct a\u00e7\u0131klamas\u0131n\u0131n devam\u0131nda, Suriye\u2019nin s\u00fcrekli olarak ku\u015fatmay\u0131 daraltmas\u0131, T\u00fcrkiye\u2019nin de g\u00fcnl\u00fck olarak ger\u00e7ekle\u015ftirdi\u011fi bombalama nedeniyle ve hava s\u0131cakl\u0131klar\u0131n\u0131n etkisiyle, vir\u00fcs\u00fcn artt\u0131\u011f\u0131 ifade edildi.<\/p>\n<p style=\"text-align: justify\">Temmuz ay\u0131n\u0131n 20\u2019sinden beridir 1009 kolera vakas\u0131na rastlan\u0131ld\u0131\u011f\u0131na dikkat \u00e7ekilen a\u00e7\u0131klamada, vakalar\u0131n i\u00e7erisinde 443 ki\u015finin \u00e7ocuk oldu\u011funa dikkat \u00e7ekildi.<\/p>\n<p style=\"text-align: justify\">Efr\u00een kentinin T\u00fcrkiye ve ona ba\u011fl\u0131 silahl\u0131 gruplar taraf\u0131ndan Mart 2018 tarihinden beridir i\u015fgal edilmesiyle 125 bin Efr\u00eenli Halep kentinin Kuzey\u2019inde bulunan \u015eehba, Til Rifet B\u00f6lgesi\u2019ndeki 5 m\u00fclteci kamp\u0131na yerle\u015ftirildiler. Buraya yerle\u015fen m\u00fclteciler Suriye rejiminin ku\u015fatmas\u0131, yard\u0131m kurulu\u015flar\u0131n\u0131n yard\u0131mlar\u0131 ula\u015ft\u0131ramamas\u0131 nedeniyle zorlu ya\u015fam ko\u015fullar\u0131nda ya\u015famak zorunda kal\u0131yorlar.<\/p>\n<p style=\"text-align: justify\">Efr\u00een &#8211; Suriye \u0130nsan Haklar\u0131 \u00d6rg\u00fct\u00fc a\u00e7\u0131klamas\u0131n\u0131n sonunda, ilgili taraflara, insan haklar\u0131 \u00f6rg\u00fctlerine ve uluslararas\u0131 yard\u0131m kurulu\u015flar\u0131na \u00e7a\u011fr\u0131da bulunarak, hem insani hem de ahlaki g\u00f6revlerini yerine getirmelerini ve Efr\u00eenli m\u00fcltecilere yard\u0131m eli uzatmalar\u0131n\u0131 talep etti.<\/p>\n","protected":false},"excerpt":{"rendered":"<p>\u00a0Efr\u00een \u0130nsan Haklar\u0131 \u00d6rg\u00fct\u00fc\u2019nden yap\u0131lan a\u00e7\u0131klamaya g\u00f6re, Halep\u2019in Kuzey\u2019inde bulunan, i\u00e7erisinde Efr\u00een\u2019lilerin ya\u015fad\u0131\u011f\u0131 5 m\u00fclteci kamp\u0131nda binlerce ki\u015finin kolera vir\u00fcs\u00fcne yakalnd\u0131\u011f\u0131, bunlar\u0131n i\u00e7erisinde 443\u2019\u00fcn\u00fcn \u00e7ocuk oldu\u011fu belirtildi. Halep kentinin Kuzeyi\u2019nde yer alan bu 5 kampta ya\u015fayan m\u00fcltecilerin ya\u015fam ko\u015fullar\u0131n\u0131n \u00e7ok k\u00f6t\u00fc oldu\u011funa dikkat \u00e7eken \u00f6rg\u00fct a\u00e7\u0131klamas\u0131nda, b\u00f6lgede ciddi anlamda ila\u00e7 ve sa\u011fl\u0131k ekipman\u0131 sorununun ya\u015fan\u0131ld\u0131\u011f\u0131n\u0131 [&hellip;]<\/p>\n","protected":false},"author":2,"featured_media":1021060,"comment_status":"closed","ping_status":"closed","sticky":false,"template":"","format":"standard","meta":{"footnotes":""},"categories":[3],"tags":[31],"class_list":["post-1021058","post","type-post","status-publish","format-standard","has-post-thumbnail","hentry","category-kurdistan","tag-onemli"],"blocksy_meta":[],"seo_head":"<!-- This site is optimized with the Yoast SEO plugin v27.5 - https:\/\/yoast.com\/product\/yoast-seo-wordpress\/ -->\n<title>Efrin \u0130nsan Haklar\u0131 \u00d6rg\u00fct\u00fc: M\u00fclteci kamp\u0131nda binlerce insan koleraya yakaland\u0131, 443&#039;\u00fc \u00e7ocuk - Darka Mazi<\/title>\n<meta name=\"robots\" content=\"index, follow, max-snippet:-1, max-image-preview:large, max-video-preview:-1\" \/>\n<link rel=\"canonical\" href=\"https:\/\/darkamazi.site\/archives\/1021058\" \/>\n<meta property=\"og:locale\" content=\"en_US\" \/>\n<meta property=\"og:type\" content=\"article\" \/>\n<meta property=\"og:title\" content=\"Efrin \u0130nsan Haklar\u0131 \u00d6rg\u00fct\u00fc: M\u00fclteci kamp\u0131nda binlerce insan koleraya yakaland\u0131, 443&#039;\u00fc \u00e7ocuk - Darka Mazi\" \/>\n<meta property=\"og:description\" content=\"\u00a0Efr\u00een \u0130nsan Haklar\u0131 \u00d6rg\u00fct\u00fc\u2019nden yap\u0131lan a\u00e7\u0131klamaya g\u00f6re, Halep\u2019in Kuzey\u2019inde bulunan, i\u00e7erisinde Efr\u00een\u2019lilerin ya\u015fad\u0131\u011f\u0131 5 m\u00fclteci kamp\u0131nda binlerce ki\u015finin kolera vir\u00fcs\u00fcne yakalnd\u0131\u011f\u0131, bunlar\u0131n i\u00e7erisinde 443\u2019\u00fcn\u00fcn \u00e7ocuk oldu\u011fu belirtildi. Halep kentinin Kuzeyi\u2019nde yer alan bu 5 kampta ya\u015fayan m\u00fcltecilerin ya\u015fam ko\u015fullar\u0131n\u0131n \u00e7ok k\u00f6t\u00fc oldu\u011funa dikkat \u00e7eken \u00f6rg\u00fct a\u00e7\u0131klamas\u0131nda, b\u00f6lgede ciddi anlamda ila\u00e7 ve sa\u011fl\u0131k ekipman\u0131 sorununun ya\u015fan\u0131ld\u0131\u011f\u0131n\u0131 [&hellip;]\" \/>\n<meta property=\"og:url\" content=\"https:\/\/darkamazi.site\/archives\/1021058\" \/>\n<meta property=\"og:site_name\" content=\"Darka Mazi\" \/>\n<meta property=\"article:publisher\" content=\"https:\/\/www.facebook.com\/DarkaMaziturkce\" \/>\n<meta property=\"article:published_time\" content=\"2022-09-13T08:18:07+00:00\" \/>\n<meta property=\"og:image\" content=\"https:\/\/darkamazi.site\/file\/2022\/09\/FcgzkTiWAAI75WN.jpg\" \/>\n\t<meta property=\"og:image:width\" content=\"900\" \/>\n\t<meta property=\"og:image:height\" content=\"497\" \/>\n\t<meta property=\"og:image:type\" content=\"image\/jpeg\" \/>\n<meta name=\"author\" content=\"darka mazi\" \/>\n<meta name=\"twitter:card\" content=\"summary_large_image\" \/>\n<meta name=\"twitter:creator\" content=\"@DarkaMaziTurkce\" \/>\n<meta name=\"twitter:site\" content=\"@DarkaMaziTurkce\" \/>\n<meta name=\"twitter:label1\" content=\"Written by\" \/>\n\t<meta name=\"twitter:data1\" content=\"darka mazi\" \/>\n\t<meta name=\"twitter:label2\" content=\"Est. reading time\" \/>\n\t<meta name=\"twitter:data2\" content=\"1 minute\" \/>\n<script type=\"application\/ld+json\" class=\"seo-schema-graph\">{\"@context\":\"https:\\\/\\\/schema.org\",\"@graph\":[{\"@type\":\"NewsArticle\",\"@id\":\"https:\\\/\\\/darkamazi.site\\\/archives\\\/1021058#article\",\"isPartOf\":{\"@id\":\"https:\\\/\\\/darkamazi.site\\\/archives\\\/1021058\"},\"author\":{\"name\":\"darka mazi\",\"@id\":\"https:\\\/\\\/darkamazi.site\\\/#\\\/schema\\\/person\\\/67986a95ac546c16760365877ef4a9d3\"},\"headline\":\"Efrin \u0130nsan Haklar\u0131 \u00d6rg\u00fct\u00fc: M\u00fclteci kamp\u0131nda binlerce insan koleraya yakaland\u0131, 443&#8217;\u00fc \u00e7ocuk\",\"datePublished\":\"2022-09-13T08:18:07+00:00\",\"mainEntityOfPage\":{\"@id\":\"https:\\\/\\\/darkamazi.site\\\/archives\\\/1021058\"},\"wordCount\":301,\"publisher\":{\"@id\":\"https:\\\/\\\/darkamazi.site\\\/#organization\"},\"image\":{\"@id\":\"https:\\\/\\\/darkamazi.site\\\/archives\\\/1021058#primaryimage\"},\"thumbnailUrl\":\"https:\\\/\\\/darkamazi.site\\\/darka-content\\\/uploads\\\/2022\\\/09\\\/FcgzkTiWAAI75WN.jpg\",\"keywords\":[\"\u00f6nemli\"],\"articleSection\":[\"Kurdistan\"],\"inLanguage\":\"en-US\"},{\"@type\":\"WebPage\",\"@id\":\"https:\\\/\\\/darkamazi.site\\\/archives\\\/1021058\",\"url\":\"https:\\\/\\\/darkamazi.site\\\/archives\\\/1021058\",\"name\":\"Efrin \u0130nsan Haklar\u0131 \u00d6rg\u00fct\u00fc: M\u00fclteci kamp\u0131nda binlerce insan koleraya yakaland\u0131, 443'\u00fc \u00e7ocuk - Darka Mazi\",\"isPartOf\":{\"@id\":\"https:\\\/\\\/darkamazi.site\\\/#website\"},\"primaryImageOfPage\":{\"@id\":\"https:\\\/\\\/darkamazi.site\\\/archives\\\/1021058#primaryimage\"},\"image\":{\"@id\":\"https:\\\/\\\/darkamazi.site\\\/archives\\\/1021058#primaryimage\"},\"thumbnailUrl\":\"https:\\\/\\\/darkamazi.site\\\/darka-content\\\/uploads\\\/2022\\\/09\\\/FcgzkTiWAAI75WN.jpg\",\"datePublished\":\"2022-09-13T08:18:07+00:00\",\"breadcrumb\":{\"@id\":\"https:\\\/\\\/darkamazi.site\\\/archives\\\/1021058#breadcrumb\"},\"inLanguage\":\"en-US\",\"potentialAction\":[{\"@type\":\"ReadAction\",\"target\":[\"https:\\\/\\\/darkamazi.site\\\/archives\\\/1021058\"]}]},{\"@type\":\"ImageObject\",\"inLanguage\":\"en-US\",\"@id\":\"https:\\\/\\\/darkamazi.site\\\/archives\\\/1021058#primaryimage\",\"url\":\"https:\\\/\\\/darkamazi.site\\\/darka-content\\\/uploads\\\/2022\\\/09\\\/FcgzkTiWAAI75WN.jpg\",\"contentUrl\":\"https:\\\/\\\/darkamazi.site\\\/darka-content\\\/uploads\\\/2022\\\/09\\\/FcgzkTiWAAI75WN.jpg\",\"width\":900,\"height\":497,\"caption\":\"Efrin \u0130nsan Haklar\u0131 \u00d6rg\u00fct\u00fc: M\u00fclteci kamp\u0131nda binlerce insan koleraya yakaland\u0131, 443'\u00fc \u00e7ocuk\"},{\"@type\":\"BreadcrumbList\",\"@id\":\"https:\\\/\\\/darkamazi.site\\\/archives\\\/1021058#breadcrumb\",\"itemListElement\":[{\"@type\":\"ListItem\",\"position\":1,\"name\":\"Home\",\"item\":\"https:\\\/\\\/darkamazi.site\\\/\"},{\"@type\":\"ListItem\",\"position\":2,\"name\":\"Efrin \u0130nsan Haklar\u0131 \u00d6rg\u00fct\u00fc: M\u00fclteci kamp\u0131nda binlerce insan koleraya yakaland\u0131, 443&#8217;\u00fc \u00e7ocuk\"}]},{\"@type\":\"WebSite\",\"@id\":\"https:\\\/\\\/darkamazi.site\\\/#website\",\"url\":\"https:\\\/\\\/darkamazi.site\\\/\",\"name\":\"Darka Mazi\",\"description\":\"Ana Sayfa\",\"publisher\":{\"@id\":\"https:\\\/\\\/darkamazi.site\\\/#organization\"},\"potentialAction\":[{\"@type\":\"SearchAction\",\"target\":{\"@type\":\"EntryPoint\",\"urlTemplate\":\"https:\\\/\\\/darkamazi.site\\\/?s={search_term_string}\"},\"query-input\":{\"@type\":\"PropertyValueSpecification\",\"valueRequired\":true,\"valueName\":\"search_term_string\"}}],\"inLanguage\":\"en-US\"},{\"@type\":\"Organization\",\"@id\":\"https:\\\/\\\/darkamazi.site\\\/#organization\",\"name\":\"Darka Mazi T\u00fcrk\u00e7e\",\"alternateName\":\"Darka Mazi\",\"url\":\"https:\\\/\\\/darkamazi.site\\\/\",\"logo\":{\"@type\":\"ImageObject\",\"inLanguage\":\"en-US\",\"@id\":\"https:\\\/\\\/darkamazi.site\\\/#\\\/schema\\\/logo\\\/image\\\/\",\"url\":\"https:\\\/\\\/darkamazi.site\\\/darka-content\\\/uploads\\\/2017\\\/12\\\/darka-mazi-logo.png\",\"contentUrl\":\"https:\\\/\\\/darkamazi.site\\\/darka-content\\\/uploads\\\/2017\\\/12\\\/darka-mazi-logo.png\",\"width\":151,\"height\":75,\"caption\":\"Darka Mazi T\u00fcrk\u00e7e\"},\"image\":{\"@id\":\"https:\\\/\\\/darkamazi.site\\\/#\\\/schema\\\/logo\\\/image\\\/\"},\"sameAs\":[\"https:\\\/\\\/www.facebook.com\\\/DarkaMaziturkce\",\"https:\\\/\\\/x.com\\\/DarkaMaziTurkce\"]},{\"@type\":\"Person\",\"@id\":\"https:\\\/\\\/darkamazi.site\\\/#\\\/schema\\\/person\\\/67986a95ac546c16760365877ef4a9d3\",\"name\":\"darka mazi\",\"sameAs\":[\"https:\\\/\\\/darkamazi.site\"],\"url\":\"https:\\\/\\\/darkamazi.site\\\/archives\\\/author\\\/turkish\"}]}<\/script>\n<!-- \/ Yoast SEO plugin. -->","seo_head_json":{"title":"Efrin \u0130nsan Haklar\u0131 \u00d6rg\u00fct\u00fc: M\u00fclteci kamp\u0131nda binlerce insan koleraya yakaland\u0131, 443'\u00fc \u00e7ocuk - Darka Mazi","robots":{"index":"index","follow":"follow","max-snippet":"max-snippet:-1","max-image-preview":"max-image-preview:large","max-video-preview":"max-video-preview:-1"},"canonical":"https:\/\/darkamazi.site\/archives\/1021058","og_locale":"en_US","og_type":"article","og_title":"Efrin \u0130nsan Haklar\u0131 \u00d6rg\u00fct\u00fc: M\u00fclteci kamp\u0131nda binlerce insan koleraya yakaland\u0131, 443'\u00fc \u00e7ocuk - Darka Mazi","og_description":"\u00a0Efr\u00een \u0130nsan Haklar\u0131 \u00d6rg\u00fct\u00fc\u2019nden yap\u0131lan a\u00e7\u0131klamaya g\u00f6re, Halep\u2019in Kuzey\u2019inde bulunan, i\u00e7erisinde Efr\u00een\u2019lilerin ya\u015fad\u0131\u011f\u0131 5 m\u00fclteci kamp\u0131nda binlerce ki\u015finin kolera vir\u00fcs\u00fcne yakalnd\u0131\u011f\u0131, bunlar\u0131n i\u00e7erisinde 443\u2019\u00fcn\u00fcn \u00e7ocuk oldu\u011fu belirtildi. Halep kentinin Kuzeyi\u2019nde yer alan bu 5 kampta ya\u015fayan m\u00fcltecilerin ya\u015fam ko\u015fullar\u0131n\u0131n \u00e7ok k\u00f6t\u00fc oldu\u011funa dikkat \u00e7eken \u00f6rg\u00fct a\u00e7\u0131klamas\u0131nda, b\u00f6lgede ciddi anlamda ila\u00e7 ve sa\u011fl\u0131k ekipman\u0131 sorununun ya\u015fan\u0131ld\u0131\u011f\u0131n\u0131 [&hellip;]","og_url":"https:\/\/darkamazi.site\/archives\/1021058","og_site_name":"Darka Mazi","article_publisher":"https:\/\/www.facebook.com\/DarkaMaziturkce","article_published_time":"2022-09-13T08:18:07+00:00","og_image":[{"width":900,"height":497,"url":"https:\/\/darkamazi.site\/file\/2022\/09\/FcgzkTiWAAI75WN.jpg","type":"image\/jpeg"}],"author":"darka mazi","twitter_card":"summary_large_image","twitter_creator":"@DarkaMaziTurkce","twitter_site":"@DarkaMaziTurkce","twitter_misc":{"Written by":"darka mazi","Est. reading time":"1 minute"},"schema":{"@context":"https:\/\/schema.org","@graph":[{"@type":"NewsArticle","@id":"https:\/\/darkamazi.site\/archives\/1021058#article","isPartOf":{"@id":"https:\/\/darkamazi.site\/archives\/1021058"},"author":{"name":"darka mazi","@id":"https:\/\/darkamazi.site\/#\/schema\/person\/67986a95ac546c16760365877ef4a9d3"},"headline":"Efrin \u0130nsan Haklar\u0131 \u00d6rg\u00fct\u00fc: M\u00fclteci kamp\u0131nda binlerce insan koleraya yakaland\u0131, 443&#8217;\u00fc \u00e7ocuk","datePublished":"2022-09-13T08:18:07+00:00","mainEntityOfPage":{"@id":"https:\/\/darkamazi.site\/archives\/1021058"},"wordCount":301,"publisher":{"@id":"https:\/\/darkamazi.site\/#organization"},"image":{"@id":"https:\/\/darkamazi.site\/archives\/1021058#primaryimage"},"thumbnailUrl":"https:\/\/darkamazi.site\/file\/2022\/09\/FcgzkTiWAAI75WN.jpg","keywords":["\u00f6nemli"],"articleSection":["Kurdistan"],"inLanguage":"en-US"},{"@type":"WebPage","@id":"https:\/\/darkamazi.site\/archives\/1021058","url":"https:\/\/darkamazi.site\/archives\/1021058","name":"Efrin \u0130nsan Haklar\u0131 \u00d6rg\u00fct\u00fc: M\u00fclteci kamp\u0131nda binlerce insan koleraya yakaland\u0131, 443'\u00fc \u00e7ocuk - Darka Mazi","isPartOf":{"@id":"https:\/\/darkamazi.site\/#website"},"primaryImageOfPage":{"@id":"https:\/\/darkamazi.site\/archives\/1021058#primaryimage"},"image":{"@id":"https:\/\/darkamazi.site\/archives\/1021058#primaryimage"},"thumbnailUrl":"https:\/\/darkamazi.site\/file\/2022\/09\/FcgzkTiWAAI75WN.jpg","datePublished":"2022-09-13T08:18:07+00:00","breadcrumb":{"@id":"https:\/\/darkamazi.site\/archives\/1021058#breadcrumb"},"inLanguage":"en-US","potentialAction":[{"@type":"ReadAction","target":["https:\/\/darkamazi.site\/archives\/1021058"]}]},{"@type":"ImageObject","inLanguage":"en-US","@id":"https:\/\/darkamazi.site\/archives\/1021058#primaryimage","url":"https:\/\/darkamazi.site\/file\/2022\/09\/FcgzkTiWAAI75WN.jpg","contentUrl":"https:\/\/darkamazi.site\/file\/2022\/09\/FcgzkTiWAAI75WN.jpg","width":900,"height":497,"caption":"Efrin \u0130nsan Haklar\u0131 \u00d6rg\u00fct\u00fc: M\u00fclteci kamp\u0131nda binlerce insan koleraya yakaland\u0131, 443'\u00fc \u00e7ocuk"},{"@type":"BreadcrumbList","@id":"https:\/\/darkamazi.site\/archives\/1021058#breadcrumb","itemListElement":[{"@type":"ListItem","position":1,"name":"Home","item":"https:\/\/darkamazi.site\/"},{"@type":"ListItem","position":2,"name":"Efrin \u0130nsan Haklar\u0131 \u00d6rg\u00fct\u00fc: M\u00fclteci kamp\u0131nda binlerce insan koleraya yakaland\u0131, 443&#8217;\u00fc \u00e7ocuk"}]},{"@type":"WebSite","@id":"https:\/\/darkamazi.site\/#website","url":"https:\/\/darkamazi.site\/","name":"Darka Mazi","description":"Ana Sayfa","publisher":{"@id":"https:\/\/darkamazi.site\/#organization"},"potentialAction":[{"@type":"SearchAction","target":{"@type":"EntryPoint","urlTemplate":"https:\/\/darkamazi.site\/?s={search_term_string}"},"query-input":{"@type":"PropertyValueSpecification","valueRequired":true,"valueName":"search_term_string"}}],"inLanguage":"en-US"},{"@type":"Organization","@id":"https:\/\/darkamazi.site\/#organization","name":"Darka Mazi T\u00fcrk\u00e7e","alternateName":"Darka Mazi","url":"https:\/\/darkamazi.site\/","logo":{"@type":"ImageObject","inLanguage":"en-US","@id":"https:\/\/darkamazi.site\/#\/schema\/logo\/image\/","url":"https:\/\/darkamazi.site\/file\/2017\/12\/darka-mazi-logo.png","contentUrl":"https:\/\/darkamazi.site\/file\/2017\/12\/darka-mazi-logo.png","width":151,"height":75,"caption":"Darka Mazi T\u00fcrk\u00e7e"},"image":{"@id":"https:\/\/darkamazi.site\/#\/schema\/logo\/image\/"},"sameAs":["https:\/\/www.facebook.com\/DarkaMaziturkce","https:\/\/x.com\/DarkaMaziTurkce"]},{"@type":"Person","@id":"https:\/\/darkamazi.site\/#\/schema\/person\/67986a95ac546c16760365877ef4a9d3","name":"darka mazi","sameAs":["https:\/\/darkamazi.site"],"url":"https:\/\/darkamazi.site\/archives\/author\/turkish"}]}},"_links":{"self":[{"href":"https:\/\/darkamazi.site\/funavuv\/wp\/v2\/posts\/1021058","targetHints":{"allow":["GET"]}}],"collection":[{"href":"https:\/\/darkamazi.site\/funavuv\/wp\/v2\/posts"}],"about":[{"href":"https:\/\/darkamazi.site\/funavuv\/wp\/v2\/types\/post"}],"author":[{"embeddable":true,"href":"https:\/\/darkamazi.site\/funavuv\/wp\/v2\/users\/2"}],"replies":[{"embeddable":true,"href":"https:\/\/darkamazi.site\/funavuv\/wp\/v2\/comments?post=1021058"}],"version-history":[{"count":0,"href":"https:\/\/darkamazi.site\/funavuv\/wp\/v2\/posts\/1021058\/revisions"}],"wp:featuredmedia":[{"embeddable":true,"href":"https:\/\/darkamazi.site\/funavuv\/wp\/v2\/media\/1021060"}],"wp:attachment":[{"href":"https:\/\/darkamazi.site\/funavuv\/wp\/v2\/media?parent=1021058"}],"wp:term":[{"taxonomy":"category","embeddable":true,"href":"https:\/\/darkamazi.site\/funavuv\/wp\/v2\/categories?post=1021058"},{"taxonomy":"post_tag","embeddable":true,"href":"https:\/\/darkamazi.site\/funavuv\/wp\/v2\/tags?post=1021058"}],"curies":[{"name":"wp","href":"https:\/\/api.w.org\/{rel}","templated":true}]}}