{"id":1021186,"date":"2022-09-20T22:01:40","date_gmt":"2022-09-20T19:01:40","guid":{"rendered":"https:\/\/darkamazi.site\/?p=1021186"},"modified":"2022-09-20T22:01:40","modified_gmt":"2022-09-20T19:01:40","slug":"ezidi-kurtleri-kurtarma-ofisi-son-bilancoyu-acikladi-binlerce-ezidi-kayip-ve-evlerine-hala-donmediler","status":"publish","type":"post","link":"https:\/\/darkamazi.site\/archives\/1021186","title":{"rendered":"\u00a0Ezidi K\u00fcrtleri Kurtarma Ofisi son bilan\u00e7oyu a\u00e7\u0131klad\u0131: Binlerce Ezidi kay\u0131p ve evlerine hala d\u00f6nmediler"},"content":{"rendered":"<p style=\"text-align: justify\">\u00a0Ezidi K\u00fcrtleri Kurtarma Ofisi, \u015fimdiye kadar yakla\u015f\u0131k 100 bin Ezidi&#8217;nin yurtd\u0131\u015f\u0131na g\u00f6\u00e7 etti\u011fini a\u00e7\u0131klad\u0131.<\/p>\n<p style=\"text-align: justify\">Duhok merkezli I\u015e\u0130D taraf\u0131ndan ka\u00e7\u0131r\u0131lan Ezidi K\u00fcrtleri Kurtarma Ofisi, \u015fimdiye kadar yakla\u015f\u0131k 100 bin Ezidi K\u00fcrt&#8217;\u00fcn yurtd\u0131\u015f\u0131na g\u00f6\u00e7 etti\u011fini a\u00e7\u0131klad\u0131.<\/p>\n<p style=\"text-align: justify\">Ezidi K\u00fcrtleri Kurtarma Ofisi taraf\u0131ndan yap\u0131lan a\u00e7\u0131klamada, Sadece 150 bin Ezidi\u2019nin \u015eengal\u2019e d\u00f6nd\u00fc\u011f\u00fc bildirildi.<\/p>\n<p style=\"text-align: justify\">BM taraf\u0131ndan da kabul g\u00f6ren s\u00f6z konusu kurumun verilerine g\u00f6re, I\u015e\u0130D&#8217;in 8 Mart 2014&#8217;te \u015eengal ve \u00e7evresine sald\u0131rmas\u0131n\u0131n ard\u0131ndan, 550 bin Ezidi\u2019den 360 bini yerinden edildi ve I\u015e\u0130D i\u015fgalinin sona ermesinden bu yana sadece 150 bin ki\u015fi evlerine d\u00f6nd\u00fc.<\/p>\n<p style=\"text-align: justify\">Sald\u0131r\u0131n\u0131n ilk g\u00fcn\u00fcnden bu yana 1293 Ezidi\u2019nin katledildi\u011fi bildirilirken, 2 bin 745 \u00e7ocu\u011fun da kayboldu\u011fu belirtildi.<\/p>\n<p style=\"text-align: justify\">Verilere g\u00f6re, Ezidi K\u00fcrtlere ait 82 toplu mezar bulunurken, 68 Ezidi K\u00fcrt\u2019\u00fcn t\u00fcrbesi havaya u\u00e7uruldu.<\/p>\n<p style=\"text-align: justify\">3 bin 548\u2019i kad\u0131n ve 2 bin 869\u2019u erkek olmak \u00fczere 6 bin 554 Ezidi K\u00fcrt I\u015e\u0130D taraf\u0131ndan ka\u00e7\u0131r\u0131l\u0131rken, 3 bin 554 ka\u00e7\u0131r\u0131lan Ezidi (1207 kad\u0131n, 339 erkek, 1051 k\u0131z ve 957 erkek) I\u015e\u0130D\u2019ten kurtar\u0131ld\u0131.<\/p>\n<p style=\"text-align: justify\">S\u00f6z konusu kurumun verilerine g\u00f6re, \u015fimdiye kadar 2 bin 717 Ezidi rehine (1273 kad\u0131n ve 1444 erkek) I\u015e\u0130D\u2019ten kurtar\u0131lamad\u0131 ve 146 Ezidi\u2019nin cesedi bulundu.<\/p>\n<p style=\"text-align: justify\">\n","protected":false},"excerpt":{"rendered":"<p>\u00a0Ezidi K\u00fcrtleri Kurtarma Ofisi, \u015fimdiye kadar yakla\u015f\u0131k 100 bin Ezidi&#8217;nin yurtd\u0131\u015f\u0131na g\u00f6\u00e7 etti\u011fini a\u00e7\u0131klad\u0131. Duhok merkezli I\u015e\u0130D taraf\u0131ndan ka\u00e7\u0131r\u0131lan Ezidi K\u00fcrtleri Kurtarma Ofisi, \u015fimdiye kadar yakla\u015f\u0131k 100 bin Ezidi K\u00fcrt&#8217;\u00fcn yurtd\u0131\u015f\u0131na g\u00f6\u00e7 etti\u011fini a\u00e7\u0131klad\u0131. Ezidi K\u00fcrtleri Kurtarma Ofisi taraf\u0131ndan yap\u0131lan a\u00e7\u0131klamada, Sadece 150 bin Ezidi\u2019nin \u015eengal\u2019e d\u00f6nd\u00fc\u011f\u00fc bildirildi. BM taraf\u0131ndan da kabul g\u00f6ren s\u00f6z konusu [&hellip;]<\/p>\n","protected":false},"author":2,"featured_media":1021187,"comment_status":"closed","ping_status":"closed","sticky":false,"template":"","format":"standard","meta":{"footnotes":""},"categories":[3],"tags":[31],"class_list":["post-1021186","post","type-post","status-publish","format-standard","has-post-thumbnail","hentry","category-kurdistan","tag-onemli"],"blocksy_meta":[],"seo_head":"<!-- This site is optimized with the Yoast SEO plugin v27.5 - https:\/\/yoast.com\/product\/yoast-seo-wordpress\/ -->\n<title>\u00a0Ezidi K\u00fcrtleri Kurtarma Ofisi son bilan\u00e7oyu a\u00e7\u0131klad\u0131: Binlerce Ezidi kay\u0131p ve evlerine hala d\u00f6nmediler - Darka Mazi<\/title>\n<meta name=\"robots\" content=\"index, follow, max-snippet:-1, max-image-preview:large, max-video-preview:-1\" \/>\n<link rel=\"canonical\" href=\"https:\/\/darkamazi.site\/archives\/1021186\" \/>\n<meta property=\"og:locale\" content=\"en_US\" \/>\n<meta property=\"og:type\" content=\"article\" \/>\n<meta property=\"og:title\" content=\"\u00a0Ezidi K\u00fcrtleri Kurtarma Ofisi son bilan\u00e7oyu a\u00e7\u0131klad\u0131: Binlerce Ezidi kay\u0131p ve evlerine hala d\u00f6nmediler - Darka Mazi\" \/>\n<meta property=\"og:description\" content=\"\u00a0Ezidi K\u00fcrtleri Kurtarma Ofisi, \u015fimdiye kadar yakla\u015f\u0131k 100 bin Ezidi&#8217;nin yurtd\u0131\u015f\u0131na g\u00f6\u00e7 etti\u011fini a\u00e7\u0131klad\u0131. Duhok merkezli I\u015e\u0130D taraf\u0131ndan ka\u00e7\u0131r\u0131lan Ezidi K\u00fcrtleri Kurtarma Ofisi, \u015fimdiye kadar yakla\u015f\u0131k 100 bin Ezidi K\u00fcrt&#8217;\u00fcn yurtd\u0131\u015f\u0131na g\u00f6\u00e7 etti\u011fini a\u00e7\u0131klad\u0131. Ezidi K\u00fcrtleri Kurtarma Ofisi taraf\u0131ndan yap\u0131lan a\u00e7\u0131klamada, Sadece 150 bin Ezidi\u2019nin \u015eengal\u2019e d\u00f6nd\u00fc\u011f\u00fc bildirildi. BM taraf\u0131ndan da kabul g\u00f6ren s\u00f6z konusu [&hellip;]\" \/>\n<meta property=\"og:url\" content=\"https:\/\/darkamazi.site\/archives\/1021186\" \/>\n<meta property=\"og:site_name\" content=\"Darka Mazi\" \/>\n<meta property=\"article:publisher\" content=\"https:\/\/www.facebook.com\/DarkaMaziturkce\" \/>\n<meta property=\"article:published_time\" content=\"2022-09-20T19:01:40+00:00\" \/>\n<meta property=\"og:image\" content=\"https:\/\/darkamazi.site\/file\/2022\/09\/Ezidi.jpg\" \/>\n\t<meta property=\"og:image:width\" content=\"990\" \/>\n\t<meta property=\"og:image:height\" content=\"556\" \/>\n\t<meta property=\"og:image:type\" content=\"image\/jpeg\" \/>\n<meta name=\"author\" content=\"darka mazi\" \/>\n<meta name=\"twitter:card\" content=\"summary_large_image\" \/>\n<meta name=\"twitter:creator\" content=\"@DarkaMaziTurkce\" \/>\n<meta name=\"twitter:site\" content=\"@DarkaMaziTurkce\" \/>\n<meta name=\"twitter:label1\" content=\"Written by\" \/>\n\t<meta name=\"twitter:data1\" content=\"darka mazi\" \/>\n\t<meta name=\"twitter:label2\" content=\"Est. reading time\" \/>\n\t<meta name=\"twitter:data2\" content=\"1 minute\" \/>\n<script type=\"application\/ld+json\" class=\"seo-schema-graph\">{\"@context\":\"https:\\\/\\\/schema.org\",\"@graph\":[{\"@type\":\"NewsArticle\",\"@id\":\"https:\\\/\\\/darkamazi.site\\\/archives\\\/1021186#article\",\"isPartOf\":{\"@id\":\"https:\\\/\\\/darkamazi.site\\\/archives\\\/1021186\"},\"author\":{\"name\":\"darka mazi\",\"@id\":\"https:\\\/\\\/darkamazi.site\\\/#\\\/schema\\\/person\\\/67986a95ac546c16760365877ef4a9d3\"},\"headline\":\"\u00a0Ezidi K\u00fcrtleri Kurtarma Ofisi son bilan\u00e7oyu a\u00e7\u0131klad\u0131: Binlerce Ezidi kay\u0131p ve evlerine hala d\u00f6nmediler\",\"datePublished\":\"2022-09-20T19:01:40+00:00\",\"mainEntityOfPage\":{\"@id\":\"https:\\\/\\\/darkamazi.site\\\/archives\\\/1021186\"},\"wordCount\":244,\"publisher\":{\"@id\":\"https:\\\/\\\/darkamazi.site\\\/#organization\"},\"image\":{\"@id\":\"https:\\\/\\\/darkamazi.site\\\/archives\\\/1021186#primaryimage\"},\"thumbnailUrl\":\"https:\\\/\\\/darkamazi.site\\\/darka-content\\\/uploads\\\/2022\\\/09\\\/Ezidi.jpg\",\"keywords\":[\"\u00f6nemli\"],\"articleSection\":[\"Kurdistan\"],\"inLanguage\":\"en-US\"},{\"@type\":\"WebPage\",\"@id\":\"https:\\\/\\\/darkamazi.site\\\/archives\\\/1021186\",\"url\":\"https:\\\/\\\/darkamazi.site\\\/archives\\\/1021186\",\"name\":\"\u00a0Ezidi K\u00fcrtleri Kurtarma Ofisi son bilan\u00e7oyu a\u00e7\u0131klad\u0131: Binlerce Ezidi kay\u0131p ve evlerine hala d\u00f6nmediler - Darka Mazi\",\"isPartOf\":{\"@id\":\"https:\\\/\\\/darkamazi.site\\\/#website\"},\"primaryImageOfPage\":{\"@id\":\"https:\\\/\\\/darkamazi.site\\\/archives\\\/1021186#primaryimage\"},\"image\":{\"@id\":\"https:\\\/\\\/darkamazi.site\\\/archives\\\/1021186#primaryimage\"},\"thumbnailUrl\":\"https:\\\/\\\/darkamazi.site\\\/darka-content\\\/uploads\\\/2022\\\/09\\\/Ezidi.jpg\",\"datePublished\":\"2022-09-20T19:01:40+00:00\",\"breadcrumb\":{\"@id\":\"https:\\\/\\\/darkamazi.site\\\/archives\\\/1021186#breadcrumb\"},\"inLanguage\":\"en-US\",\"potentialAction\":[{\"@type\":\"ReadAction\",\"target\":[\"https:\\\/\\\/darkamazi.site\\\/archives\\\/1021186\"]}]},{\"@type\":\"ImageObject\",\"inLanguage\":\"en-US\",\"@id\":\"https:\\\/\\\/darkamazi.site\\\/archives\\\/1021186#primaryimage\",\"url\":\"https:\\\/\\\/darkamazi.site\\\/darka-content\\\/uploads\\\/2022\\\/09\\\/Ezidi.jpg\",\"contentUrl\":\"https:\\\/\\\/darkamazi.site\\\/darka-content\\\/uploads\\\/2022\\\/09\\\/Ezidi.jpg\",\"width\":990,\"height\":556,\"caption\":\"\u00a0Ezidi K\u00fcrtleri Kurtarma Ofisi son bilan\u00e7oyu a\u00e7\u0131klad\u0131: Binlerce Ezidi kay\u0131p ve evlerine hala d\u00f6nmediler\"},{\"@type\":\"BreadcrumbList\",\"@id\":\"https:\\\/\\\/darkamazi.site\\\/archives\\\/1021186#breadcrumb\",\"itemListElement\":[{\"@type\":\"ListItem\",\"position\":1,\"name\":\"Home\",\"item\":\"https:\\\/\\\/darkamazi.site\\\/\"},{\"@type\":\"ListItem\",\"position\":2,\"name\":\"\u00a0Ezidi K\u00fcrtleri Kurtarma Ofisi son bilan\u00e7oyu a\u00e7\u0131klad\u0131: Binlerce Ezidi kay\u0131p ve evlerine hala d\u00f6nmediler\"}]},{\"@type\":\"WebSite\",\"@id\":\"https:\\\/\\\/darkamazi.site\\\/#website\",\"url\":\"https:\\\/\\\/darkamazi.site\\\/\",\"name\":\"Darka Mazi\",\"description\":\"Ana Sayfa\",\"publisher\":{\"@id\":\"https:\\\/\\\/darkamazi.site\\\/#organization\"},\"potentialAction\":[{\"@type\":\"SearchAction\",\"target\":{\"@type\":\"EntryPoint\",\"urlTemplate\":\"https:\\\/\\\/darkamazi.site\\\/?s={search_term_string}\"},\"query-input\":{\"@type\":\"PropertyValueSpecification\",\"valueRequired\":true,\"valueName\":\"search_term_string\"}}],\"inLanguage\":\"en-US\"},{\"@type\":\"Organization\",\"@id\":\"https:\\\/\\\/darkamazi.site\\\/#organization\",\"name\":\"Darka Mazi T\u00fcrk\u00e7e\",\"alternateName\":\"Darka Mazi\",\"url\":\"https:\\\/\\\/darkamazi.site\\\/\",\"logo\":{\"@type\":\"ImageObject\",\"inLanguage\":\"en-US\",\"@id\":\"https:\\\/\\\/darkamazi.site\\\/#\\\/schema\\\/logo\\\/image\\\/\",\"url\":\"https:\\\/\\\/darkamazi.site\\\/darka-content\\\/uploads\\\/2017\\\/12\\\/darka-mazi-logo.png\",\"contentUrl\":\"https:\\\/\\\/darkamazi.site\\\/darka-content\\\/uploads\\\/2017\\\/12\\\/darka-mazi-logo.png\",\"width\":151,\"height\":75,\"caption\":\"Darka Mazi T\u00fcrk\u00e7e\"},\"image\":{\"@id\":\"https:\\\/\\\/darkamazi.site\\\/#\\\/schema\\\/logo\\\/image\\\/\"},\"sameAs\":[\"https:\\\/\\\/www.facebook.com\\\/DarkaMaziturkce\",\"https:\\\/\\\/x.com\\\/DarkaMaziTurkce\"]},{\"@type\":\"Person\",\"@id\":\"https:\\\/\\\/darkamazi.site\\\/#\\\/schema\\\/person\\\/67986a95ac546c16760365877ef4a9d3\",\"name\":\"darka mazi\",\"sameAs\":[\"https:\\\/\\\/darkamazi.site\"],\"url\":\"https:\\\/\\\/darkamazi.site\\\/archives\\\/author\\\/turkish\"}]}<\/script>\n<!-- \/ Yoast SEO plugin. -->","seo_head_json":{"title":"\u00a0Ezidi K\u00fcrtleri Kurtarma Ofisi son bilan\u00e7oyu a\u00e7\u0131klad\u0131: Binlerce Ezidi kay\u0131p ve evlerine hala d\u00f6nmediler - Darka Mazi","robots":{"index":"index","follow":"follow","max-snippet":"max-snippet:-1","max-image-preview":"max-image-preview:large","max-video-preview":"max-video-preview:-1"},"canonical":"https:\/\/darkamazi.site\/archives\/1021186","og_locale":"en_US","og_type":"article","og_title":"\u00a0Ezidi K\u00fcrtleri Kurtarma Ofisi son bilan\u00e7oyu a\u00e7\u0131klad\u0131: Binlerce Ezidi kay\u0131p ve evlerine hala d\u00f6nmediler - Darka Mazi","og_description":"\u00a0Ezidi K\u00fcrtleri Kurtarma Ofisi, \u015fimdiye kadar yakla\u015f\u0131k 100 bin Ezidi&#8217;nin yurtd\u0131\u015f\u0131na g\u00f6\u00e7 etti\u011fini a\u00e7\u0131klad\u0131. Duhok merkezli I\u015e\u0130D taraf\u0131ndan ka\u00e7\u0131r\u0131lan Ezidi K\u00fcrtleri Kurtarma Ofisi, \u015fimdiye kadar yakla\u015f\u0131k 100 bin Ezidi K\u00fcrt&#8217;\u00fcn yurtd\u0131\u015f\u0131na g\u00f6\u00e7 etti\u011fini a\u00e7\u0131klad\u0131. Ezidi K\u00fcrtleri Kurtarma Ofisi taraf\u0131ndan yap\u0131lan a\u00e7\u0131klamada, Sadece 150 bin Ezidi\u2019nin \u015eengal\u2019e d\u00f6nd\u00fc\u011f\u00fc bildirildi. BM taraf\u0131ndan da kabul g\u00f6ren s\u00f6z konusu [&hellip;]","og_url":"https:\/\/darkamazi.site\/archives\/1021186","og_site_name":"Darka Mazi","article_publisher":"https:\/\/www.facebook.com\/DarkaMaziturkce","article_published_time":"2022-09-20T19:01:40+00:00","og_image":[{"width":990,"height":556,"url":"https:\/\/darkamazi.site\/file\/2022\/09\/Ezidi.jpg","type":"image\/jpeg"}],"author":"darka mazi","twitter_card":"summary_large_image","twitter_creator":"@DarkaMaziTurkce","twitter_site":"@DarkaMaziTurkce","twitter_misc":{"Written by":"darka mazi","Est. reading time":"1 minute"},"schema":{"@context":"https:\/\/schema.org","@graph":[{"@type":"NewsArticle","@id":"https:\/\/darkamazi.site\/archives\/1021186#article","isPartOf":{"@id":"https:\/\/darkamazi.site\/archives\/1021186"},"author":{"name":"darka mazi","@id":"https:\/\/darkamazi.site\/#\/schema\/person\/67986a95ac546c16760365877ef4a9d3"},"headline":"\u00a0Ezidi K\u00fcrtleri Kurtarma Ofisi son bilan\u00e7oyu a\u00e7\u0131klad\u0131: Binlerce Ezidi kay\u0131p ve evlerine hala d\u00f6nmediler","datePublished":"2022-09-20T19:01:40+00:00","mainEntityOfPage":{"@id":"https:\/\/darkamazi.site\/archives\/1021186"},"wordCount":244,"publisher":{"@id":"https:\/\/darkamazi.site\/#organization"},"image":{"@id":"https:\/\/darkamazi.site\/archives\/1021186#primaryimage"},"thumbnailUrl":"https:\/\/darkamazi.site\/file\/2022\/09\/Ezidi.jpg","keywords":["\u00f6nemli"],"articleSection":["Kurdistan"],"inLanguage":"en-US"},{"@type":"WebPage","@id":"https:\/\/darkamazi.site\/archives\/1021186","url":"https:\/\/darkamazi.site\/archives\/1021186","name":"\u00a0Ezidi K\u00fcrtleri Kurtarma Ofisi son bilan\u00e7oyu a\u00e7\u0131klad\u0131: Binlerce Ezidi kay\u0131p ve evlerine hala d\u00f6nmediler - Darka Mazi","isPartOf":{"@id":"https:\/\/darkamazi.site\/#website"},"primaryImageOfPage":{"@id":"https:\/\/darkamazi.site\/archives\/1021186#primaryimage"},"image":{"@id":"https:\/\/darkamazi.site\/archives\/1021186#primaryimage"},"thumbnailUrl":"https:\/\/darkamazi.site\/file\/2022\/09\/Ezidi.jpg","datePublished":"2022-09-20T19:01:40+00:00","breadcrumb":{"@id":"https:\/\/darkamazi.site\/archives\/1021186#breadcrumb"},"inLanguage":"en-US","potentialAction":[{"@type":"ReadAction","target":["https:\/\/darkamazi.site\/archives\/1021186"]}]},{"@type":"ImageObject","inLanguage":"en-US","@id":"https:\/\/darkamazi.site\/archives\/1021186#primaryimage","url":"https:\/\/darkamazi.site\/file\/2022\/09\/Ezidi.jpg","contentUrl":"https:\/\/darkamazi.site\/file\/2022\/09\/Ezidi.jpg","width":990,"height":556,"caption":"\u00a0Ezidi K\u00fcrtleri Kurtarma Ofisi son bilan\u00e7oyu a\u00e7\u0131klad\u0131: Binlerce Ezidi kay\u0131p ve evlerine hala d\u00f6nmediler"},{"@type":"BreadcrumbList","@id":"https:\/\/darkamazi.site\/archives\/1021186#breadcrumb","itemListElement":[{"@type":"ListItem","position":1,"name":"Home","item":"https:\/\/darkamazi.site\/"},{"@type":"ListItem","position":2,"name":"\u00a0Ezidi K\u00fcrtleri Kurtarma Ofisi son bilan\u00e7oyu a\u00e7\u0131klad\u0131: Binlerce Ezidi kay\u0131p ve evlerine hala d\u00f6nmediler"}]},{"@type":"WebSite","@id":"https:\/\/darkamazi.site\/#website","url":"https:\/\/darkamazi.site\/","name":"Darka Mazi","description":"Ana Sayfa","publisher":{"@id":"https:\/\/darkamazi.site\/#organization"},"potentialAction":[{"@type":"SearchAction","target":{"@type":"EntryPoint","urlTemplate":"https:\/\/darkamazi.site\/?s={search_term_string}"},"query-input":{"@type":"PropertyValueSpecification","valueRequired":true,"valueName":"search_term_string"}}],"inLanguage":"en-US"},{"@type":"Organization","@id":"https:\/\/darkamazi.site\/#organization","name":"Darka Mazi T\u00fcrk\u00e7e","alternateName":"Darka Mazi","url":"https:\/\/darkamazi.site\/","logo":{"@type":"ImageObject","inLanguage":"en-US","@id":"https:\/\/darkamazi.site\/#\/schema\/logo\/image\/","url":"https:\/\/darkamazi.site\/file\/2017\/12\/darka-mazi-logo.png","contentUrl":"https:\/\/darkamazi.site\/file\/2017\/12\/darka-mazi-logo.png","width":151,"height":75,"caption":"Darka Mazi T\u00fcrk\u00e7e"},"image":{"@id":"https:\/\/darkamazi.site\/#\/schema\/logo\/image\/"},"sameAs":["https:\/\/www.facebook.com\/DarkaMaziturkce","https:\/\/x.com\/DarkaMaziTurkce"]},{"@type":"Person","@id":"https:\/\/darkamazi.site\/#\/schema\/person\/67986a95ac546c16760365877ef4a9d3","name":"darka mazi","sameAs":["https:\/\/darkamazi.site"],"url":"https:\/\/darkamazi.site\/archives\/author\/turkish"}]}},"_links":{"self":[{"href":"https:\/\/darkamazi.site\/funavuv\/wp\/v2\/posts\/1021186","targetHints":{"allow":["GET"]}}],"collection":[{"href":"https:\/\/darkamazi.site\/funavuv\/wp\/v2\/posts"}],"about":[{"href":"https:\/\/darkamazi.site\/funavuv\/wp\/v2\/types\/post"}],"author":[{"embeddable":true,"href":"https:\/\/darkamazi.site\/funavuv\/wp\/v2\/users\/2"}],"replies":[{"embeddable":true,"href":"https:\/\/darkamazi.site\/funavuv\/wp\/v2\/comments?post=1021186"}],"version-history":[{"count":0,"href":"https:\/\/darkamazi.site\/funavuv\/wp\/v2\/posts\/1021186\/revisions"}],"wp:featuredmedia":[{"embeddable":true,"href":"https:\/\/darkamazi.site\/funavuv\/wp\/v2\/media\/1021187"}],"wp:attachment":[{"href":"https:\/\/darkamazi.site\/funavuv\/wp\/v2\/media?parent=1021186"}],"wp:term":[{"taxonomy":"category","embeddable":true,"href":"https:\/\/darkamazi.site\/funavuv\/wp\/v2\/categories?post=1021186"},{"taxonomy":"post_tag","embeddable":true,"href":"https:\/\/darkamazi.site\/funavuv\/wp\/v2\/tags?post=1021186"}],"curies":[{"name":"wp","href":"https:\/\/api.w.org\/{rel}","templated":true}]}}