{"id":1021448,"date":"2022-10-03T13:59:37","date_gmt":"2022-10-03T10:59:37","guid":{"rendered":"https:\/\/darkamazi.site\/?p=1021448"},"modified":"2022-10-03T13:59:37","modified_gmt":"2022-10-03T10:59:37","slug":"hamaney-ilk-kez-jina-emini-gosterileri-icin-konustu-kaos-onceden-planlanmisti","status":"publish","type":"post","link":"https:\/\/darkamazi.site\/archives\/1021448","title":{"rendered":"Hamaney ilk kez Jina Emini g\u00f6sterileri i\u00e7in konu\u015ftu: Kaos \u00f6nceden planlanm\u0131\u015ft\u0131"},"content":{"rendered":"<p style=\"text-align: justify\">\u00a0\u0130ran \u0130slam Cumhuriyeti\u2019nin dini lideri Ayetullah Ali Hamaney 17 g\u00fcn \u00f6nce g\u00f6zalt\u0131na al\u0131nd\u0131ktan sonra ya\u015fam\u0131n\u0131 yitiren Jina Emini\u2019nin \u00f6l\u00fcm\u00fc ve ard\u0131ndan patlak veren g\u00f6sterilere ili\u015fkin konu\u015ftu. Hamaney g\u00f6sterilerin planl\u0131 oldu\u011funu ileri s\u00fcrd\u00fc.<\/p>\n<p style=\"text-align: justify\">Uzun s\u00fcredir bas\u0131nda g\u00f6r\u00fcnmeyen ve \u00f6ld\u00fc\u011f\u00fcne dair hakk\u0131nda spek\u00fclasyon yap\u0131lan \u0130ran \u0130slam Cumhuriyeti\u2019nin dini lideri Ayetullah Ali Hamaney bug\u00fcn Tahran&#8217;da askeri bir akademinin mezuniyet t\u00f6renine kat\u0131ld\u0131.<\/p>\n<p style=\"text-align: justify\">T\u00f6rende bir konu\u015fma yapan Hamaney, 16 Eyl\u00fcl\u2019de polis g\u00f6zalt\u0131nda fenala\u015ft\u0131ktan sonra hayat\u0131n\u0131 kaybeden Jina Emini\u2019nin \u00f6l\u00fcm\u00fc, ard\u0131ndan \u00fclke genelinde patlak veren g\u00f6sterilere ili\u015fkin konu\u015ftu.<\/p>\n<p style=\"text-align: justify\">Hamaney\u2019in resmi Twitter hesab\u0131ndan konu hakk\u0131ndaki de\u011ferlendirmesi payla\u015f\u0131ld\u0131.<\/p>\n<p style=\"text-align: justify\">T\u00f6rende Hamayney \u201cBu son olayda bir gen\u00e7 k\u0131z vefat etti. Bu \u00e7ok ac\u0131 bir olayd\u0131. Y\u00fcre\u011fimiz yand\u0131. Olay hakk\u0131ndaki soru\u015fturma daha tamamlanmadan bir grup sokaklar\u0131n g\u00fcvenli\u011fini tehlikeye att\u0131, bankalar\u0131, camileri, otomobilleri ate\u015fe verdiler. Bu normal bir durum de\u011fildi. Bu kaos daha \u00f6nceden planlanm\u0131\u015ft\u0131\u201d ifadelerini kulland\u0131.<\/p>\n","protected":false},"excerpt":{"rendered":"<p>\u00a0\u0130ran \u0130slam Cumhuriyeti\u2019nin dini lideri Ayetullah Ali Hamaney 17 g\u00fcn \u00f6nce g\u00f6zalt\u0131na al\u0131nd\u0131ktan sonra ya\u015fam\u0131n\u0131 yitiren Jina Emini\u2019nin \u00f6l\u00fcm\u00fc ve ard\u0131ndan patlak veren g\u00f6sterilere ili\u015fkin konu\u015ftu. Hamaney g\u00f6sterilerin planl\u0131 oldu\u011funu ileri s\u00fcrd\u00fc. Uzun s\u00fcredir bas\u0131nda g\u00f6r\u00fcnmeyen ve \u00f6ld\u00fc\u011f\u00fcne dair hakk\u0131nda spek\u00fclasyon yap\u0131lan \u0130ran \u0130slam Cumhuriyeti\u2019nin dini lideri Ayetullah Ali Hamaney bug\u00fcn Tahran&#8217;da askeri bir akademinin [&hellip;]<\/p>\n","protected":false},"author":2,"featured_media":1021449,"comment_status":"closed","ping_status":"closed","sticky":false,"template":"","format":"standard","meta":{"footnotes":""},"categories":[29],"tags":[31],"class_list":["post-1021448","post","type-post","status-publish","format-standard","has-post-thumbnail","hentry","category-ortadogu","tag-onemli"],"blocksy_meta":[],"seo_head":"<!-- This site is optimized with the Yoast SEO plugin v27.5 - https:\/\/yoast.com\/product\/yoast-seo-wordpress\/ -->\n<title>Hamaney ilk kez Jina Emini g\u00f6sterileri i\u00e7in konu\u015ftu: Kaos \u00f6nceden planlanm\u0131\u015ft\u0131 - Darka Mazi<\/title>\n<meta name=\"robots\" content=\"index, follow, max-snippet:-1, max-image-preview:large, max-video-preview:-1\" \/>\n<link rel=\"canonical\" href=\"https:\/\/darkamazi.site\/archives\/1021448\" \/>\n<meta property=\"og:locale\" content=\"en_US\" \/>\n<meta property=\"og:type\" content=\"article\" \/>\n<meta property=\"og:title\" content=\"Hamaney ilk kez Jina Emini g\u00f6sterileri i\u00e7in konu\u015ftu: Kaos \u00f6nceden planlanm\u0131\u015ft\u0131 - Darka Mazi\" \/>\n<meta property=\"og:description\" content=\"\u00a0\u0130ran \u0130slam Cumhuriyeti\u2019nin dini lideri Ayetullah Ali Hamaney 17 g\u00fcn \u00f6nce g\u00f6zalt\u0131na al\u0131nd\u0131ktan sonra ya\u015fam\u0131n\u0131 yitiren Jina Emini\u2019nin \u00f6l\u00fcm\u00fc ve ard\u0131ndan patlak veren g\u00f6sterilere ili\u015fkin konu\u015ftu. Hamaney g\u00f6sterilerin planl\u0131 oldu\u011funu ileri s\u00fcrd\u00fc. Uzun s\u00fcredir bas\u0131nda g\u00f6r\u00fcnmeyen ve \u00f6ld\u00fc\u011f\u00fcne dair hakk\u0131nda spek\u00fclasyon yap\u0131lan \u0130ran \u0130slam Cumhuriyeti\u2019nin dini lideri Ayetullah Ali Hamaney bug\u00fcn Tahran&#8217;da askeri bir akademinin [&hellip;]\" \/>\n<meta property=\"og:url\" content=\"https:\/\/darkamazi.site\/archives\/1021448\" \/>\n<meta property=\"og:site_name\" content=\"Darka Mazi\" \/>\n<meta property=\"article:publisher\" content=\"https:\/\/www.facebook.com\/DarkaMaziturkce\" \/>\n<meta property=\"article:published_time\" content=\"2022-10-03T10:59:37+00:00\" \/>\n<meta property=\"og:image\" content=\"https:\/\/darkamazi.site\/file\/2022\/10\/Ali-Khamanei.jpg\" \/>\n\t<meta property=\"og:image:width\" content=\"2048\" \/>\n\t<meta property=\"og:image:height\" content=\"1152\" \/>\n\t<meta property=\"og:image:type\" content=\"image\/jpeg\" \/>\n<meta name=\"author\" content=\"darka mazi\" \/>\n<meta name=\"twitter:card\" content=\"summary_large_image\" \/>\n<meta name=\"twitter:creator\" content=\"@DarkaMaziTurkce\" \/>\n<meta name=\"twitter:site\" content=\"@DarkaMaziTurkce\" \/>\n<meta name=\"twitter:label1\" content=\"Written by\" \/>\n\t<meta name=\"twitter:data1\" content=\"darka mazi\" \/>\n\t<meta name=\"twitter:label2\" content=\"Est. reading time\" \/>\n\t<meta name=\"twitter:data2\" content=\"1 minute\" \/>\n<script type=\"application\/ld+json\" class=\"seo-schema-graph\">{\"@context\":\"https:\\\/\\\/schema.org\",\"@graph\":[{\"@type\":\"NewsArticle\",\"@id\":\"https:\\\/\\\/darkamazi.site\\\/archives\\\/1021448#article\",\"isPartOf\":{\"@id\":\"https:\\\/\\\/darkamazi.site\\\/archives\\\/1021448\"},\"author\":{\"name\":\"darka mazi\",\"@id\":\"https:\\\/\\\/darkamazi.site\\\/#\\\/schema\\\/person\\\/67986a95ac546c16760365877ef4a9d3\"},\"headline\":\"Hamaney ilk kez Jina Emini g\u00f6sterileri i\u00e7in konu\u015ftu: Kaos \u00f6nceden planlanm\u0131\u015ft\u0131\",\"datePublished\":\"2022-10-03T10:59:37+00:00\",\"mainEntityOfPage\":{\"@id\":\"https:\\\/\\\/darkamazi.site\\\/archives\\\/1021448\"},\"wordCount\":210,\"publisher\":{\"@id\":\"https:\\\/\\\/darkamazi.site\\\/#organization\"},\"image\":{\"@id\":\"https:\\\/\\\/darkamazi.site\\\/archives\\\/1021448#primaryimage\"},\"thumbnailUrl\":\"https:\\\/\\\/darkamazi.site\\\/darka-content\\\/uploads\\\/2022\\\/10\\\/Ali-Khamanei.jpg\",\"keywords\":[\"\u00f6nemli\"],\"articleSection\":[\"Ortado\u011fu\"],\"inLanguage\":\"en-US\"},{\"@type\":\"WebPage\",\"@id\":\"https:\\\/\\\/darkamazi.site\\\/archives\\\/1021448\",\"url\":\"https:\\\/\\\/darkamazi.site\\\/archives\\\/1021448\",\"name\":\"Hamaney ilk kez Jina Emini g\u00f6sterileri i\u00e7in konu\u015ftu: Kaos \u00f6nceden planlanm\u0131\u015ft\u0131 - Darka Mazi\",\"isPartOf\":{\"@id\":\"https:\\\/\\\/darkamazi.site\\\/#website\"},\"primaryImageOfPage\":{\"@id\":\"https:\\\/\\\/darkamazi.site\\\/archives\\\/1021448#primaryimage\"},\"image\":{\"@id\":\"https:\\\/\\\/darkamazi.site\\\/archives\\\/1021448#primaryimage\"},\"thumbnailUrl\":\"https:\\\/\\\/darkamazi.site\\\/darka-content\\\/uploads\\\/2022\\\/10\\\/Ali-Khamanei.jpg\",\"datePublished\":\"2022-10-03T10:59:37+00:00\",\"breadcrumb\":{\"@id\":\"https:\\\/\\\/darkamazi.site\\\/archives\\\/1021448#breadcrumb\"},\"inLanguage\":\"en-US\",\"potentialAction\":[{\"@type\":\"ReadAction\",\"target\":[\"https:\\\/\\\/darkamazi.site\\\/archives\\\/1021448\"]}]},{\"@type\":\"ImageObject\",\"inLanguage\":\"en-US\",\"@id\":\"https:\\\/\\\/darkamazi.site\\\/archives\\\/1021448#primaryimage\",\"url\":\"https:\\\/\\\/darkamazi.site\\\/darka-content\\\/uploads\\\/2022\\\/10\\\/Ali-Khamanei.jpg\",\"contentUrl\":\"https:\\\/\\\/darkamazi.site\\\/darka-content\\\/uploads\\\/2022\\\/10\\\/Ali-Khamanei.jpg\",\"width\":2048,\"height\":1152,\"caption\":\"Hamaney ilk kez Jina Emini g\u00f6sterileri i\u00e7in konu\u015ftu: Kaos \u00f6nceden planlanm\u0131\u015ft\u0131\"},{\"@type\":\"BreadcrumbList\",\"@id\":\"https:\\\/\\\/darkamazi.site\\\/archives\\\/1021448#breadcrumb\",\"itemListElement\":[{\"@type\":\"ListItem\",\"position\":1,\"name\":\"Home\",\"item\":\"https:\\\/\\\/darkamazi.site\\\/\"},{\"@type\":\"ListItem\",\"position\":2,\"name\":\"Hamaney ilk kez Jina Emini g\u00f6sterileri i\u00e7in konu\u015ftu: Kaos \u00f6nceden planlanm\u0131\u015ft\u0131\"}]},{\"@type\":\"WebSite\",\"@id\":\"https:\\\/\\\/darkamazi.site\\\/#website\",\"url\":\"https:\\\/\\\/darkamazi.site\\\/\",\"name\":\"Darka Mazi\",\"description\":\"Ana Sayfa\",\"publisher\":{\"@id\":\"https:\\\/\\\/darkamazi.site\\\/#organization\"},\"potentialAction\":[{\"@type\":\"SearchAction\",\"target\":{\"@type\":\"EntryPoint\",\"urlTemplate\":\"https:\\\/\\\/darkamazi.site\\\/?s={search_term_string}\"},\"query-input\":{\"@type\":\"PropertyValueSpecification\",\"valueRequired\":true,\"valueName\":\"search_term_string\"}}],\"inLanguage\":\"en-US\"},{\"@type\":\"Organization\",\"@id\":\"https:\\\/\\\/darkamazi.site\\\/#organization\",\"name\":\"Darka Mazi T\u00fcrk\u00e7e\",\"alternateName\":\"Darka Mazi\",\"url\":\"https:\\\/\\\/darkamazi.site\\\/\",\"logo\":{\"@type\":\"ImageObject\",\"inLanguage\":\"en-US\",\"@id\":\"https:\\\/\\\/darkamazi.site\\\/#\\\/schema\\\/logo\\\/image\\\/\",\"url\":\"https:\\\/\\\/darkamazi.site\\\/darka-content\\\/uploads\\\/2017\\\/12\\\/darka-mazi-logo.png\",\"contentUrl\":\"https:\\\/\\\/darkamazi.site\\\/darka-content\\\/uploads\\\/2017\\\/12\\\/darka-mazi-logo.png\",\"width\":151,\"height\":75,\"caption\":\"Darka Mazi T\u00fcrk\u00e7e\"},\"image\":{\"@id\":\"https:\\\/\\\/darkamazi.site\\\/#\\\/schema\\\/logo\\\/image\\\/\"},\"sameAs\":[\"https:\\\/\\\/www.facebook.com\\\/DarkaMaziturkce\",\"https:\\\/\\\/x.com\\\/DarkaMaziTurkce\"]},{\"@type\":\"Person\",\"@id\":\"https:\\\/\\\/darkamazi.site\\\/#\\\/schema\\\/person\\\/67986a95ac546c16760365877ef4a9d3\",\"name\":\"darka mazi\",\"sameAs\":[\"https:\\\/\\\/darkamazi.site\"],\"url\":\"https:\\\/\\\/darkamazi.site\\\/archives\\\/author\\\/turkish\"}]}<\/script>\n<!-- \/ Yoast SEO plugin. -->","seo_head_json":{"title":"Hamaney ilk kez Jina Emini g\u00f6sterileri i\u00e7in konu\u015ftu: Kaos \u00f6nceden planlanm\u0131\u015ft\u0131 - Darka Mazi","robots":{"index":"index","follow":"follow","max-snippet":"max-snippet:-1","max-image-preview":"max-image-preview:large","max-video-preview":"max-video-preview:-1"},"canonical":"https:\/\/darkamazi.site\/archives\/1021448","og_locale":"en_US","og_type":"article","og_title":"Hamaney ilk kez Jina Emini g\u00f6sterileri i\u00e7in konu\u015ftu: Kaos \u00f6nceden planlanm\u0131\u015ft\u0131 - Darka Mazi","og_description":"\u00a0\u0130ran \u0130slam Cumhuriyeti\u2019nin dini lideri Ayetullah Ali Hamaney 17 g\u00fcn \u00f6nce g\u00f6zalt\u0131na al\u0131nd\u0131ktan sonra ya\u015fam\u0131n\u0131 yitiren Jina Emini\u2019nin \u00f6l\u00fcm\u00fc ve ard\u0131ndan patlak veren g\u00f6sterilere ili\u015fkin konu\u015ftu. Hamaney g\u00f6sterilerin planl\u0131 oldu\u011funu ileri s\u00fcrd\u00fc. Uzun s\u00fcredir bas\u0131nda g\u00f6r\u00fcnmeyen ve \u00f6ld\u00fc\u011f\u00fcne dair hakk\u0131nda spek\u00fclasyon yap\u0131lan \u0130ran \u0130slam Cumhuriyeti\u2019nin dini lideri Ayetullah Ali Hamaney bug\u00fcn Tahran&#8217;da askeri bir akademinin [&hellip;]","og_url":"https:\/\/darkamazi.site\/archives\/1021448","og_site_name":"Darka Mazi","article_publisher":"https:\/\/www.facebook.com\/DarkaMaziturkce","article_published_time":"2022-10-03T10:59:37+00:00","og_image":[{"width":2048,"height":1152,"url":"https:\/\/darkamazi.site\/file\/2022\/10\/Ali-Khamanei.jpg","type":"image\/jpeg"}],"author":"darka mazi","twitter_card":"summary_large_image","twitter_creator":"@DarkaMaziTurkce","twitter_site":"@DarkaMaziTurkce","twitter_misc":{"Written by":"darka mazi","Est. reading time":"1 minute"},"schema":{"@context":"https:\/\/schema.org","@graph":[{"@type":"NewsArticle","@id":"https:\/\/darkamazi.site\/archives\/1021448#article","isPartOf":{"@id":"https:\/\/darkamazi.site\/archives\/1021448"},"author":{"name":"darka mazi","@id":"https:\/\/darkamazi.site\/#\/schema\/person\/67986a95ac546c16760365877ef4a9d3"},"headline":"Hamaney ilk kez Jina Emini g\u00f6sterileri i\u00e7in konu\u015ftu: Kaos \u00f6nceden planlanm\u0131\u015ft\u0131","datePublished":"2022-10-03T10:59:37+00:00","mainEntityOfPage":{"@id":"https:\/\/darkamazi.site\/archives\/1021448"},"wordCount":210,"publisher":{"@id":"https:\/\/darkamazi.site\/#organization"},"image":{"@id":"https:\/\/darkamazi.site\/archives\/1021448#primaryimage"},"thumbnailUrl":"https:\/\/darkamazi.site\/file\/2022\/10\/Ali-Khamanei.jpg","keywords":["\u00f6nemli"],"articleSection":["Ortado\u011fu"],"inLanguage":"en-US"},{"@type":"WebPage","@id":"https:\/\/darkamazi.site\/archives\/1021448","url":"https:\/\/darkamazi.site\/archives\/1021448","name":"Hamaney ilk kez Jina Emini g\u00f6sterileri i\u00e7in konu\u015ftu: Kaos \u00f6nceden planlanm\u0131\u015ft\u0131 - Darka Mazi","isPartOf":{"@id":"https:\/\/darkamazi.site\/#website"},"primaryImageOfPage":{"@id":"https:\/\/darkamazi.site\/archives\/1021448#primaryimage"},"image":{"@id":"https:\/\/darkamazi.site\/archives\/1021448#primaryimage"},"thumbnailUrl":"https:\/\/darkamazi.site\/file\/2022\/10\/Ali-Khamanei.jpg","datePublished":"2022-10-03T10:59:37+00:00","breadcrumb":{"@id":"https:\/\/darkamazi.site\/archives\/1021448#breadcrumb"},"inLanguage":"en-US","potentialAction":[{"@type":"ReadAction","target":["https:\/\/darkamazi.site\/archives\/1021448"]}]},{"@type":"ImageObject","inLanguage":"en-US","@id":"https:\/\/darkamazi.site\/archives\/1021448#primaryimage","url":"https:\/\/darkamazi.site\/file\/2022\/10\/Ali-Khamanei.jpg","contentUrl":"https:\/\/darkamazi.site\/file\/2022\/10\/Ali-Khamanei.jpg","width":2048,"height":1152,"caption":"Hamaney ilk kez Jina Emini g\u00f6sterileri i\u00e7in konu\u015ftu: Kaos \u00f6nceden planlanm\u0131\u015ft\u0131"},{"@type":"BreadcrumbList","@id":"https:\/\/darkamazi.site\/archives\/1021448#breadcrumb","itemListElement":[{"@type":"ListItem","position":1,"name":"Home","item":"https:\/\/darkamazi.site\/"},{"@type":"ListItem","position":2,"name":"Hamaney ilk kez Jina Emini g\u00f6sterileri i\u00e7in konu\u015ftu: Kaos \u00f6nceden planlanm\u0131\u015ft\u0131"}]},{"@type":"WebSite","@id":"https:\/\/darkamazi.site\/#website","url":"https:\/\/darkamazi.site\/","name":"Darka Mazi","description":"Ana Sayfa","publisher":{"@id":"https:\/\/darkamazi.site\/#organization"},"potentialAction":[{"@type":"SearchAction","target":{"@type":"EntryPoint","urlTemplate":"https:\/\/darkamazi.site\/?s={search_term_string}"},"query-input":{"@type":"PropertyValueSpecification","valueRequired":true,"valueName":"search_term_string"}}],"inLanguage":"en-US"},{"@type":"Organization","@id":"https:\/\/darkamazi.site\/#organization","name":"Darka Mazi T\u00fcrk\u00e7e","alternateName":"Darka Mazi","url":"https:\/\/darkamazi.site\/","logo":{"@type":"ImageObject","inLanguage":"en-US","@id":"https:\/\/darkamazi.site\/#\/schema\/logo\/image\/","url":"https:\/\/darkamazi.site\/file\/2017\/12\/darka-mazi-logo.png","contentUrl":"https:\/\/darkamazi.site\/file\/2017\/12\/darka-mazi-logo.png","width":151,"height":75,"caption":"Darka Mazi T\u00fcrk\u00e7e"},"image":{"@id":"https:\/\/darkamazi.site\/#\/schema\/logo\/image\/"},"sameAs":["https:\/\/www.facebook.com\/DarkaMaziturkce","https:\/\/x.com\/DarkaMaziTurkce"]},{"@type":"Person","@id":"https:\/\/darkamazi.site\/#\/schema\/person\/67986a95ac546c16760365877ef4a9d3","name":"darka mazi","sameAs":["https:\/\/darkamazi.site"],"url":"https:\/\/darkamazi.site\/archives\/author\/turkish"}]}},"_links":{"self":[{"href":"https:\/\/darkamazi.site\/funavuv\/wp\/v2\/posts\/1021448","targetHints":{"allow":["GET"]}}],"collection":[{"href":"https:\/\/darkamazi.site\/funavuv\/wp\/v2\/posts"}],"about":[{"href":"https:\/\/darkamazi.site\/funavuv\/wp\/v2\/types\/post"}],"author":[{"embeddable":true,"href":"https:\/\/darkamazi.site\/funavuv\/wp\/v2\/users\/2"}],"replies":[{"embeddable":true,"href":"https:\/\/darkamazi.site\/funavuv\/wp\/v2\/comments?post=1021448"}],"version-history":[{"count":0,"href":"https:\/\/darkamazi.site\/funavuv\/wp\/v2\/posts\/1021448\/revisions"}],"wp:featuredmedia":[{"embeddable":true,"href":"https:\/\/darkamazi.site\/funavuv\/wp\/v2\/media\/1021449"}],"wp:attachment":[{"href":"https:\/\/darkamazi.site\/funavuv\/wp\/v2\/media?parent=1021448"}],"wp:term":[{"taxonomy":"category","embeddable":true,"href":"https:\/\/darkamazi.site\/funavuv\/wp\/v2\/categories?post=1021448"},{"taxonomy":"post_tag","embeddable":true,"href":"https:\/\/darkamazi.site\/funavuv\/wp\/v2\/tags?post=1021448"}],"curies":[{"name":"wp","href":"https:\/\/api.w.org\/{rel}","templated":true}]}}