{"id":1021487,"date":"2022-10-04T20:40:23","date_gmt":"2022-10-04T17:40:23","guid":{"rendered":"https:\/\/darkamazi.site\/?p=1021487"},"modified":"2022-10-04T20:43:31","modified_gmt":"2022-10-04T17:43:31","slug":"bu-yil-cemil-horo-ve-bave-salah-kurt-sanatina-katki-odulu-dilsad-saide-verildi","status":"publish","type":"post","link":"https:\/\/darkamazi.site\/archives\/1021487","title":{"rendered":"Bu y\u0131l Cemil Horo ve Bave Salah K\u00fcrt Sanat\u0131na Katk\u0131 \u00d6d\u00fcl\u00fc Dil\u015fad Said\u2019e verildi"},"content":{"rendered":"<p style=\"text-align: justify\">\u00dcnl\u00fc sanat\u00e7\u0131 Dil\u015fad Said bu y\u0131l Cemil Horo ve Bave Salah ad\u0131na verilen K\u00fcrt k\u00fclt\u00fcr\u00fcne katk\u0131 \u00f6d\u00fcl\u00fcn\u00fc ald\u0131.<\/p>\n<p style=\"text-align: justify\">Hayat\u0131n\u0131 kaybetmi\u015f olan iki \u00fcnl\u00fc sanat\u00e7\u0131 Cemil Horo ve Bave Salah ad\u0131na verilen K\u00fcrt K\u00fclt\u00fcr ve Sanat\u0131na Katk\u0131 \u00f6d\u00fcl\u00fc veriliyor. Bu y\u0131l Almanya\u2019n\u0131n Bonn \u015fehrinde yap\u0131lan t\u00f6renle \u00f6d\u00fcl Dil\u015fad Said\u2019e verildi. \u00d6d\u00fcl t\u00f6renine d\u00f6rt par\u00e7a K\u00fcrdistan\u2019dan sanat\u00e7\u0131, ayd\u0131n ve yazarlar kat\u0131ld\u0131.<\/p>\n<p style=\"text-align: justify\">Haz\u0131rl\u0131k Komitesi \u00fcyesi Inayet Diko medyaya a\u00e7\u0131klama yaparak Dil\u015fad Said\u2019in \u00f6d\u00fcl\u00fc \u00fcnl\u00fc yazar Jan Dost\u2019un elinden ald\u0131\u011f\u0131n\u0131 s\u00f6yledi.<\/p>\n<p style=\"text-align: justify\">K\u00fcrt klasik m\u00fczi\u011finin iki \u00f6nemli sesi Cemil Horo ve Bave Salah ad\u0131na 2018 y\u0131l\u0131ndan beri bu \u00f6d\u00fcl veriliyor. \u00d6d\u00fcl ilk y\u0131l \u00fcnl\u00fc sanat\u00e7\u0131 Nizamettin Ari\u00e7\u2019e verilmi\u015fti.<\/p>\n<p style=\"text-align: justify\">Cemil Horo (1934-1989) Bave Salah (1952-2016) K\u00fcrt klasi\u011finin iki \u00f6nemli sesiydiler. \u0130ki Rojaval\u0131 sanat\u00e7\u0131 \u00f6zellikle K\u00fcrt dengbe\u015fli\u011finde \u00f6nemli yere sahipler.<br \/>\nDil\u015fad Said ise 1958 y\u0131l\u0131nda Duhok\u2019da d\u00fcnyaya ygelmi\u015f. Ba\u011fdat radyosunda \u00e7al\u0131\u015ft\u0131kkan sonra 1979 y\u0131l\u0131nda Duhok M\u00fczik gurubunu kurmu\u015ftur. 1984 y\u0131l\u0131nda ise Wales \u00fcnversitesinde sanat dal\u0131nda master yapm\u0131\u015ft\u0131r. 1991 y\u0131l\u0131ndan bu yana da Avusturya\u2019da ya\u015f\u0131yor.<\/p>\n","protected":false},"excerpt":{"rendered":"<p>\u00dcnl\u00fc sanat\u00e7\u0131 Dil\u015fad Said bu y\u0131l Cemil Horo ve Bave Salah ad\u0131na verilen K\u00fcrt k\u00fclt\u00fcr\u00fcne katk\u0131 \u00f6d\u00fcl\u00fcn\u00fc ald\u0131. Hayat\u0131n\u0131 kaybetmi\u015f olan iki \u00fcnl\u00fc sanat\u00e7\u0131 Cemil Horo ve Bave Salah ad\u0131na verilen K\u00fcrt K\u00fclt\u00fcr ve Sanat\u0131na Katk\u0131 \u00f6d\u00fcl\u00fc veriliyor. Bu y\u0131l Almanya\u2019n\u0131n Bonn \u015fehrinde yap\u0131lan t\u00f6renle \u00f6d\u00fcl Dil\u015fad Said\u2019e verildi. \u00d6d\u00fcl t\u00f6renine d\u00f6rt par\u00e7a K\u00fcrdistan\u2019dan sanat\u00e7\u0131, [&hellip;]<\/p>\n","protected":false},"author":2,"featured_media":1021488,"comment_status":"closed","ping_status":"closed","sticky":false,"template":"","format":"standard","meta":{"footnotes":""},"categories":[33],"tags":[31],"class_list":["post-1021487","post","type-post","status-publish","format-standard","has-post-thumbnail","hentry","category-sanat","tag-onemli"],"blocksy_meta":[],"seo_head":"<!-- This site is optimized with the Yoast SEO plugin v27.5 - https:\/\/yoast.com\/product\/yoast-seo-wordpress\/ -->\n<title>Bu y\u0131l Cemil Horo ve Bave Salah K\u00fcrt Sanat\u0131na Katk\u0131 \u00d6d\u00fcl\u00fc Dil\u015fad Said\u2019e verildi - Darka Mazi<\/title>\n<meta name=\"robots\" content=\"index, follow, max-snippet:-1, max-image-preview:large, max-video-preview:-1\" \/>\n<link rel=\"canonical\" href=\"https:\/\/darkamazi.site\/archives\/1021487\" \/>\n<meta property=\"og:locale\" content=\"en_US\" \/>\n<meta property=\"og:type\" content=\"article\" \/>\n<meta property=\"og:title\" content=\"Bu y\u0131l Cemil Horo ve Bave Salah K\u00fcrt Sanat\u0131na Katk\u0131 \u00d6d\u00fcl\u00fc Dil\u015fad Said\u2019e verildi - Darka Mazi\" \/>\n<meta property=\"og:description\" content=\"\u00dcnl\u00fc sanat\u00e7\u0131 Dil\u015fad Said bu y\u0131l Cemil Horo ve Bave Salah ad\u0131na verilen K\u00fcrt k\u00fclt\u00fcr\u00fcne katk\u0131 \u00f6d\u00fcl\u00fcn\u00fc ald\u0131. Hayat\u0131n\u0131 kaybetmi\u015f olan iki \u00fcnl\u00fc sanat\u00e7\u0131 Cemil Horo ve Bave Salah ad\u0131na verilen K\u00fcrt K\u00fclt\u00fcr ve Sanat\u0131na Katk\u0131 \u00f6d\u00fcl\u00fc veriliyor. Bu y\u0131l Almanya\u2019n\u0131n Bonn \u015fehrinde yap\u0131lan t\u00f6renle \u00f6d\u00fcl Dil\u015fad Said\u2019e verildi. \u00d6d\u00fcl t\u00f6renine d\u00f6rt par\u00e7a K\u00fcrdistan\u2019dan sanat\u00e7\u0131, [&hellip;]\" \/>\n<meta property=\"og:url\" content=\"https:\/\/darkamazi.site\/archives\/1021487\" \/>\n<meta property=\"og:site_name\" content=\"Darka Mazi\" \/>\n<meta property=\"article:publisher\" content=\"https:\/\/www.facebook.com\/DarkaMaziturkce\" \/>\n<meta property=\"article:published_time\" content=\"2022-10-04T17:40:23+00:00\" \/>\n<meta property=\"article:modified_time\" content=\"2022-10-04T17:43:31+00:00\" \/>\n<meta property=\"og:image\" content=\"https:\/\/darkamazi.site\/file\/2022\/10\/Dilsan-Said.jpg\" \/>\n\t<meta property=\"og:image:width\" content=\"781\" \/>\n\t<meta property=\"og:image:height\" content=\"439\" \/>\n\t<meta property=\"og:image:type\" content=\"image\/jpeg\" \/>\n<meta name=\"author\" content=\"darka mazi\" \/>\n<meta name=\"twitter:card\" content=\"summary_large_image\" \/>\n<meta name=\"twitter:creator\" content=\"@DarkaMaziTurkce\" \/>\n<meta name=\"twitter:site\" content=\"@DarkaMaziTurkce\" \/>\n<meta name=\"twitter:label1\" content=\"Written by\" \/>\n\t<meta name=\"twitter:data1\" content=\"darka mazi\" \/>\n\t<meta name=\"twitter:label2\" content=\"Est. reading time\" \/>\n\t<meta name=\"twitter:data2\" content=\"1 minute\" \/>\n<script type=\"application\/ld+json\" class=\"seo-schema-graph\">{\"@context\":\"https:\\\/\\\/schema.org\",\"@graph\":[{\"@type\":\"NewsArticle\",\"@id\":\"https:\\\/\\\/darkamazi.site\\\/archives\\\/1021487#article\",\"isPartOf\":{\"@id\":\"https:\\\/\\\/darkamazi.site\\\/archives\\\/1021487\"},\"author\":{\"name\":\"darka mazi\",\"@id\":\"https:\\\/\\\/darkamazi.site\\\/#\\\/schema\\\/person\\\/67986a95ac546c16760365877ef4a9d3\"},\"headline\":\"Bu y\u0131l Cemil Horo ve Bave Salah K\u00fcrt Sanat\u0131na Katk\u0131 \u00d6d\u00fcl\u00fc Dil\u015fad Said\u2019e verildi\",\"datePublished\":\"2022-10-04T17:40:23+00:00\",\"dateModified\":\"2022-10-04T17:43:31+00:00\",\"mainEntityOfPage\":{\"@id\":\"https:\\\/\\\/darkamazi.site\\\/archives\\\/1021487\"},\"wordCount\":250,\"publisher\":{\"@id\":\"https:\\\/\\\/darkamazi.site\\\/#organization\"},\"image\":{\"@id\":\"https:\\\/\\\/darkamazi.site\\\/archives\\\/1021487#primaryimage\"},\"thumbnailUrl\":\"https:\\\/\\\/darkamazi.site\\\/darka-content\\\/uploads\\\/2022\\\/10\\\/Dilsan-Said.jpg\",\"keywords\":[\"\u00f6nemli\"],\"articleSection\":[\"Sanat\"],\"inLanguage\":\"en-US\"},{\"@type\":\"WebPage\",\"@id\":\"https:\\\/\\\/darkamazi.site\\\/archives\\\/1021487\",\"url\":\"https:\\\/\\\/darkamazi.site\\\/archives\\\/1021487\",\"name\":\"Bu y\u0131l Cemil Horo ve Bave Salah K\u00fcrt Sanat\u0131na Katk\u0131 \u00d6d\u00fcl\u00fc Dil\u015fad Said\u2019e verildi - Darka Mazi\",\"isPartOf\":{\"@id\":\"https:\\\/\\\/darkamazi.site\\\/#website\"},\"primaryImageOfPage\":{\"@id\":\"https:\\\/\\\/darkamazi.site\\\/archives\\\/1021487#primaryimage\"},\"image\":{\"@id\":\"https:\\\/\\\/darkamazi.site\\\/archives\\\/1021487#primaryimage\"},\"thumbnailUrl\":\"https:\\\/\\\/darkamazi.site\\\/darka-content\\\/uploads\\\/2022\\\/10\\\/Dilsan-Said.jpg\",\"datePublished\":\"2022-10-04T17:40:23+00:00\",\"dateModified\":\"2022-10-04T17:43:31+00:00\",\"breadcrumb\":{\"@id\":\"https:\\\/\\\/darkamazi.site\\\/archives\\\/1021487#breadcrumb\"},\"inLanguage\":\"en-US\",\"potentialAction\":[{\"@type\":\"ReadAction\",\"target\":[\"https:\\\/\\\/darkamazi.site\\\/archives\\\/1021487\"]}]},{\"@type\":\"ImageObject\",\"inLanguage\":\"en-US\",\"@id\":\"https:\\\/\\\/darkamazi.site\\\/archives\\\/1021487#primaryimage\",\"url\":\"https:\\\/\\\/darkamazi.site\\\/darka-content\\\/uploads\\\/2022\\\/10\\\/Dilsan-Said.jpg\",\"contentUrl\":\"https:\\\/\\\/darkamazi.site\\\/darka-content\\\/uploads\\\/2022\\\/10\\\/Dilsan-Said.jpg\",\"width\":781,\"height\":439,\"caption\":\"Bu y\u0131l Cemil Horo ve Bave Salah K\u00fcrt Sanat\u0131na Katk\u0131 \u00d6d\u00fcl\u00fc Dil\u015fad Said\u2019e verildi\"},{\"@type\":\"BreadcrumbList\",\"@id\":\"https:\\\/\\\/darkamazi.site\\\/archives\\\/1021487#breadcrumb\",\"itemListElement\":[{\"@type\":\"ListItem\",\"position\":1,\"name\":\"Home\",\"item\":\"https:\\\/\\\/darkamazi.site\\\/\"},{\"@type\":\"ListItem\",\"position\":2,\"name\":\"Bu y\u0131l Cemil Horo ve Bave Salah K\u00fcrt Sanat\u0131na Katk\u0131 \u00d6d\u00fcl\u00fc Dil\u015fad Said\u2019e verildi\"}]},{\"@type\":\"WebSite\",\"@id\":\"https:\\\/\\\/darkamazi.site\\\/#website\",\"url\":\"https:\\\/\\\/darkamazi.site\\\/\",\"name\":\"Darka Mazi\",\"description\":\"Ana Sayfa\",\"publisher\":{\"@id\":\"https:\\\/\\\/darkamazi.site\\\/#organization\"},\"potentialAction\":[{\"@type\":\"SearchAction\",\"target\":{\"@type\":\"EntryPoint\",\"urlTemplate\":\"https:\\\/\\\/darkamazi.site\\\/?s={search_term_string}\"},\"query-input\":{\"@type\":\"PropertyValueSpecification\",\"valueRequired\":true,\"valueName\":\"search_term_string\"}}],\"inLanguage\":\"en-US\"},{\"@type\":\"Organization\",\"@id\":\"https:\\\/\\\/darkamazi.site\\\/#organization\",\"name\":\"Darka Mazi T\u00fcrk\u00e7e\",\"alternateName\":\"Darka Mazi\",\"url\":\"https:\\\/\\\/darkamazi.site\\\/\",\"logo\":{\"@type\":\"ImageObject\",\"inLanguage\":\"en-US\",\"@id\":\"https:\\\/\\\/darkamazi.site\\\/#\\\/schema\\\/logo\\\/image\\\/\",\"url\":\"https:\\\/\\\/darkamazi.site\\\/darka-content\\\/uploads\\\/2017\\\/12\\\/darka-mazi-logo.png\",\"contentUrl\":\"https:\\\/\\\/darkamazi.site\\\/darka-content\\\/uploads\\\/2017\\\/12\\\/darka-mazi-logo.png\",\"width\":151,\"height\":75,\"caption\":\"Darka Mazi T\u00fcrk\u00e7e\"},\"image\":{\"@id\":\"https:\\\/\\\/darkamazi.site\\\/#\\\/schema\\\/logo\\\/image\\\/\"},\"sameAs\":[\"https:\\\/\\\/www.facebook.com\\\/DarkaMaziturkce\",\"https:\\\/\\\/x.com\\\/DarkaMaziTurkce\"]},{\"@type\":\"Person\",\"@id\":\"https:\\\/\\\/darkamazi.site\\\/#\\\/schema\\\/person\\\/67986a95ac546c16760365877ef4a9d3\",\"name\":\"darka mazi\",\"sameAs\":[\"https:\\\/\\\/darkamazi.site\"],\"url\":\"https:\\\/\\\/darkamazi.site\\\/archives\\\/author\\\/turkish\"}]}<\/script>\n<!-- \/ Yoast SEO plugin. -->","seo_head_json":{"title":"Bu y\u0131l Cemil Horo ve Bave Salah K\u00fcrt Sanat\u0131na Katk\u0131 \u00d6d\u00fcl\u00fc Dil\u015fad Said\u2019e verildi - Darka Mazi","robots":{"index":"index","follow":"follow","max-snippet":"max-snippet:-1","max-image-preview":"max-image-preview:large","max-video-preview":"max-video-preview:-1"},"canonical":"https:\/\/darkamazi.site\/archives\/1021487","og_locale":"en_US","og_type":"article","og_title":"Bu y\u0131l Cemil Horo ve Bave Salah K\u00fcrt Sanat\u0131na Katk\u0131 \u00d6d\u00fcl\u00fc Dil\u015fad Said\u2019e verildi - Darka Mazi","og_description":"\u00dcnl\u00fc sanat\u00e7\u0131 Dil\u015fad Said bu y\u0131l Cemil Horo ve Bave Salah ad\u0131na verilen K\u00fcrt k\u00fclt\u00fcr\u00fcne katk\u0131 \u00f6d\u00fcl\u00fcn\u00fc ald\u0131. Hayat\u0131n\u0131 kaybetmi\u015f olan iki \u00fcnl\u00fc sanat\u00e7\u0131 Cemil Horo ve Bave Salah ad\u0131na verilen K\u00fcrt K\u00fclt\u00fcr ve Sanat\u0131na Katk\u0131 \u00f6d\u00fcl\u00fc veriliyor. Bu y\u0131l Almanya\u2019n\u0131n Bonn \u015fehrinde yap\u0131lan t\u00f6renle \u00f6d\u00fcl Dil\u015fad Said\u2019e verildi. \u00d6d\u00fcl t\u00f6renine d\u00f6rt par\u00e7a K\u00fcrdistan\u2019dan sanat\u00e7\u0131, [&hellip;]","og_url":"https:\/\/darkamazi.site\/archives\/1021487","og_site_name":"Darka Mazi","article_publisher":"https:\/\/www.facebook.com\/DarkaMaziturkce","article_published_time":"2022-10-04T17:40:23+00:00","article_modified_time":"2022-10-04T17:43:31+00:00","og_image":[{"width":781,"height":439,"url":"https:\/\/darkamazi.site\/file\/2022\/10\/Dilsan-Said.jpg","type":"image\/jpeg"}],"author":"darka mazi","twitter_card":"summary_large_image","twitter_creator":"@DarkaMaziTurkce","twitter_site":"@DarkaMaziTurkce","twitter_misc":{"Written by":"darka mazi","Est. reading time":"1 minute"},"schema":{"@context":"https:\/\/schema.org","@graph":[{"@type":"NewsArticle","@id":"https:\/\/darkamazi.site\/archives\/1021487#article","isPartOf":{"@id":"https:\/\/darkamazi.site\/archives\/1021487"},"author":{"name":"darka mazi","@id":"https:\/\/darkamazi.site\/#\/schema\/person\/67986a95ac546c16760365877ef4a9d3"},"headline":"Bu y\u0131l Cemil Horo ve Bave Salah K\u00fcrt Sanat\u0131na Katk\u0131 \u00d6d\u00fcl\u00fc Dil\u015fad Said\u2019e verildi","datePublished":"2022-10-04T17:40:23+00:00","dateModified":"2022-10-04T17:43:31+00:00","mainEntityOfPage":{"@id":"https:\/\/darkamazi.site\/archives\/1021487"},"wordCount":250,"publisher":{"@id":"https:\/\/darkamazi.site\/#organization"},"image":{"@id":"https:\/\/darkamazi.site\/archives\/1021487#primaryimage"},"thumbnailUrl":"https:\/\/darkamazi.site\/file\/2022\/10\/Dilsan-Said.jpg","keywords":["\u00f6nemli"],"articleSection":["Sanat"],"inLanguage":"en-US"},{"@type":"WebPage","@id":"https:\/\/darkamazi.site\/archives\/1021487","url":"https:\/\/darkamazi.site\/archives\/1021487","name":"Bu y\u0131l Cemil Horo ve Bave Salah K\u00fcrt Sanat\u0131na Katk\u0131 \u00d6d\u00fcl\u00fc Dil\u015fad Said\u2019e verildi - Darka Mazi","isPartOf":{"@id":"https:\/\/darkamazi.site\/#website"},"primaryImageOfPage":{"@id":"https:\/\/darkamazi.site\/archives\/1021487#primaryimage"},"image":{"@id":"https:\/\/darkamazi.site\/archives\/1021487#primaryimage"},"thumbnailUrl":"https:\/\/darkamazi.site\/file\/2022\/10\/Dilsan-Said.jpg","datePublished":"2022-10-04T17:40:23+00:00","dateModified":"2022-10-04T17:43:31+00:00","breadcrumb":{"@id":"https:\/\/darkamazi.site\/archives\/1021487#breadcrumb"},"inLanguage":"en-US","potentialAction":[{"@type":"ReadAction","target":["https:\/\/darkamazi.site\/archives\/1021487"]}]},{"@type":"ImageObject","inLanguage":"en-US","@id":"https:\/\/darkamazi.site\/archives\/1021487#primaryimage","url":"https:\/\/darkamazi.site\/file\/2022\/10\/Dilsan-Said.jpg","contentUrl":"https:\/\/darkamazi.site\/file\/2022\/10\/Dilsan-Said.jpg","width":781,"height":439,"caption":"Bu y\u0131l Cemil Horo ve Bave Salah K\u00fcrt Sanat\u0131na Katk\u0131 \u00d6d\u00fcl\u00fc Dil\u015fad Said\u2019e verildi"},{"@type":"BreadcrumbList","@id":"https:\/\/darkamazi.site\/archives\/1021487#breadcrumb","itemListElement":[{"@type":"ListItem","position":1,"name":"Home","item":"https:\/\/darkamazi.site\/"},{"@type":"ListItem","position":2,"name":"Bu y\u0131l Cemil Horo ve Bave Salah K\u00fcrt Sanat\u0131na Katk\u0131 \u00d6d\u00fcl\u00fc Dil\u015fad Said\u2019e verildi"}]},{"@type":"WebSite","@id":"https:\/\/darkamazi.site\/#website","url":"https:\/\/darkamazi.site\/","name":"Darka Mazi","description":"Ana Sayfa","publisher":{"@id":"https:\/\/darkamazi.site\/#organization"},"potentialAction":[{"@type":"SearchAction","target":{"@type":"EntryPoint","urlTemplate":"https:\/\/darkamazi.site\/?s={search_term_string}"},"query-input":{"@type":"PropertyValueSpecification","valueRequired":true,"valueName":"search_term_string"}}],"inLanguage":"en-US"},{"@type":"Organization","@id":"https:\/\/darkamazi.site\/#organization","name":"Darka Mazi T\u00fcrk\u00e7e","alternateName":"Darka Mazi","url":"https:\/\/darkamazi.site\/","logo":{"@type":"ImageObject","inLanguage":"en-US","@id":"https:\/\/darkamazi.site\/#\/schema\/logo\/image\/","url":"https:\/\/darkamazi.site\/file\/2017\/12\/darka-mazi-logo.png","contentUrl":"https:\/\/darkamazi.site\/file\/2017\/12\/darka-mazi-logo.png","width":151,"height":75,"caption":"Darka Mazi T\u00fcrk\u00e7e"},"image":{"@id":"https:\/\/darkamazi.site\/#\/schema\/logo\/image\/"},"sameAs":["https:\/\/www.facebook.com\/DarkaMaziturkce","https:\/\/x.com\/DarkaMaziTurkce"]},{"@type":"Person","@id":"https:\/\/darkamazi.site\/#\/schema\/person\/67986a95ac546c16760365877ef4a9d3","name":"darka mazi","sameAs":["https:\/\/darkamazi.site"],"url":"https:\/\/darkamazi.site\/archives\/author\/turkish"}]}},"_links":{"self":[{"href":"https:\/\/darkamazi.site\/funavuv\/wp\/v2\/posts\/1021487","targetHints":{"allow":["GET"]}}],"collection":[{"href":"https:\/\/darkamazi.site\/funavuv\/wp\/v2\/posts"}],"about":[{"href":"https:\/\/darkamazi.site\/funavuv\/wp\/v2\/types\/post"}],"author":[{"embeddable":true,"href":"https:\/\/darkamazi.site\/funavuv\/wp\/v2\/users\/2"}],"replies":[{"embeddable":true,"href":"https:\/\/darkamazi.site\/funavuv\/wp\/v2\/comments?post=1021487"}],"version-history":[{"count":0,"href":"https:\/\/darkamazi.site\/funavuv\/wp\/v2\/posts\/1021487\/revisions"}],"wp:featuredmedia":[{"embeddable":true,"href":"https:\/\/darkamazi.site\/funavuv\/wp\/v2\/media\/1021488"}],"wp:attachment":[{"href":"https:\/\/darkamazi.site\/funavuv\/wp\/v2\/media?parent=1021487"}],"wp:term":[{"taxonomy":"category","embeddable":true,"href":"https:\/\/darkamazi.site\/funavuv\/wp\/v2\/categories?post=1021487"},{"taxonomy":"post_tag","embeddable":true,"href":"https:\/\/darkamazi.site\/funavuv\/wp\/v2\/tags?post=1021487"}],"curies":[{"name":"wp","href":"https:\/\/api.w.org\/{rel}","templated":true}]}}