{"id":1021581,"date":"2022-10-10T21:05:37","date_gmt":"2022-10-10T18:05:37","guid":{"rendered":"https:\/\/darkamazi.site\/?p=1021581"},"modified":"2022-10-10T21:05:37","modified_gmt":"2022-10-10T18:05:37","slug":"dr-mehmud-osman-irakta-yenibir-hukumetin-kurulmasi-konusunda-hicbir-umit-yok","status":"publish","type":"post","link":"https:\/\/darkamazi.site\/archives\/1021581","title":{"rendered":"Dr. Mehm\u00fbd Osman: Irak\u2019ta yenibir h\u00fck\u00fcmetin kurulmas\u0131 konusunda hi\u00e7bir \u00fcmit yok"},"content":{"rendered":"<p>Irak Parlamentosu se\u00e7imlerinin \u00fczerinden tam 1 y\u0131l ge\u00e7ti ve hen\u00fcz bir h\u00fck\u00fcmet kurulamad\u0131. Bu konuda siyasi g\u00f6zlemciler bir h\u00fck\u00fcmetin kurulma \u00fcmidinin olmad\u0131\u011f\u0131 konusunda hemfikirler.<\/p>\n<p>Konuya ili\u015fkin Basnews\u2019e a\u00e7\u0131klamalarda bulunan K\u00fcrt Siyaset\u00e7i Dr. Mehm\u00fbd Osman \u015fu g\u00f6r\u00fc\u015flerini payla\u015ft\u0131: \u201cYeni bir h\u00fck\u00fcmetin kurulmas\u0131 konusunda hi\u00e7 bir \u00fcmit yok ve ben kurulaca\u011f\u0131n\u0131 da \u00e7ok beklemiyorum. \u00c7\u00fcnk\u00fc bir taraftan Sadr Hareketi kurulmas\u0131na zemin sunmuyor, di\u011fer taraftan Koordinasyon \u00c7er\u00e7evesi \u0130ttifak\u0131 i\u00e7erisinde baz\u0131 problemler mevcut. Ayn\u0131 \u015fekilde K\u00fcrdistan Demokrat Partisi (PDK) ve Suni cephe\u2019nin de baz\u0131 talepleri var ve bunlar\u0131n da yerine getirilmesi gerekiyor. Bu nedenle bir h\u00fck\u00fcmet kurulaca\u011f\u0131na ve ya kurulsa da \u00e7ok fazla s\u00fcrece\u011fine inanm\u0131yorum.\u201d<\/p>\n<p>Deneyimli K\u00fcrt siyaset\u00e7i Mehm\u00fbd Osman a\u00e7\u0131klamas\u0131n\u0131n devam\u0131nda \u015funlar\u0131 s\u00f6yledi: \u201cIrak uzun bir s\u00fcredir bo\u015flukta. Saddam rejimi y\u0131k\u0131ld\u0131\u011f\u0131ndan beridir Irak y\u0131k\u0131m\u0131 ya\u015fad\u0131 ve sonras\u0131nda da en k\u00f6t\u00fc \u015feyler yap\u0131ld\u0131. Saddam sonras\u0131 s\u00fcrekli olarak bir bo\u015fluk ya\u015fand\u0131 ve yeni bir devlet sistemi kurulamad\u0131. B\u00fct\u00fcn partiler, gruplar ve \u00f6rg\u00fctler sadece kendi menfaatlerini esas ald\u0131lar ve bu temelde \u00e7al\u0131\u015ft\u0131lar. Hepsinin kendi silahl\u0131 \u00f6rg\u00fctleri var ve bu her zaman k\u00f6t\u00fc durumlar\u0131 beraberinde getiriyor. Irak zaten ge\u00e7mi\u015ften beridir ne zaman ger\u00e7ek bir devlet olabildi ki, devleti y\u00f6nettiklerini zannedenler zaten devlet adam\u0131 falan da olamad\u0131lar ve dolay\u0131s\u0131yla devleti de idare edemiyorlar.\u201d<\/p>\n","protected":false},"excerpt":{"rendered":"<p>Irak Parlamentosu se\u00e7imlerinin \u00fczerinden tam 1 y\u0131l ge\u00e7ti ve hen\u00fcz bir h\u00fck\u00fcmet kurulamad\u0131. Bu konuda siyasi g\u00f6zlemciler bir h\u00fck\u00fcmetin kurulma \u00fcmidinin olmad\u0131\u011f\u0131 konusunda hemfikirler. Konuya ili\u015fkin Basnews\u2019e a\u00e7\u0131klamalarda bulunan K\u00fcrt Siyaset\u00e7i Dr. Mehm\u00fbd Osman \u015fu g\u00f6r\u00fc\u015flerini payla\u015ft\u0131: \u201cYeni bir h\u00fck\u00fcmetin kurulmas\u0131 konusunda hi\u00e7 bir \u00fcmit yok ve ben kurulaca\u011f\u0131n\u0131 da \u00e7ok beklemiyorum. \u00c7\u00fcnk\u00fc bir taraftan [&hellip;]<\/p>\n","protected":false},"author":2,"featured_media":1021582,"comment_status":"closed","ping_status":"closed","sticky":false,"template":"","format":"standard","meta":{"footnotes":""},"categories":[3],"tags":[31],"class_list":["post-1021581","post","type-post","status-publish","format-standard","has-post-thumbnail","hentry","category-kurdistan","tag-onemli"],"blocksy_meta":[],"seo_head":"<!-- This site is optimized with the Yoast SEO plugin v27.5 - https:\/\/yoast.com\/product\/yoast-seo-wordpress\/ -->\n<title>Dr. Mehm\u00fbd Osman: Irak\u2019ta yenibir h\u00fck\u00fcmetin kurulmas\u0131 konusunda hi\u00e7bir \u00fcmit yok - Darka Mazi<\/title>\n<meta name=\"robots\" content=\"index, follow, max-snippet:-1, max-image-preview:large, max-video-preview:-1\" \/>\n<link rel=\"canonical\" href=\"https:\/\/darkamazi.site\/archives\/1021581\" \/>\n<meta property=\"og:locale\" content=\"en_US\" \/>\n<meta property=\"og:type\" content=\"article\" \/>\n<meta property=\"og:title\" content=\"Dr. Mehm\u00fbd Osman: Irak\u2019ta yenibir h\u00fck\u00fcmetin kurulmas\u0131 konusunda hi\u00e7bir \u00fcmit yok - Darka Mazi\" \/>\n<meta property=\"og:description\" content=\"Irak Parlamentosu se\u00e7imlerinin \u00fczerinden tam 1 y\u0131l ge\u00e7ti ve hen\u00fcz bir h\u00fck\u00fcmet kurulamad\u0131. Bu konuda siyasi g\u00f6zlemciler bir h\u00fck\u00fcmetin kurulma \u00fcmidinin olmad\u0131\u011f\u0131 konusunda hemfikirler. Konuya ili\u015fkin Basnews\u2019e a\u00e7\u0131klamalarda bulunan K\u00fcrt Siyaset\u00e7i Dr. Mehm\u00fbd Osman \u015fu g\u00f6r\u00fc\u015flerini payla\u015ft\u0131: \u201cYeni bir h\u00fck\u00fcmetin kurulmas\u0131 konusunda hi\u00e7 bir \u00fcmit yok ve ben kurulaca\u011f\u0131n\u0131 da \u00e7ok beklemiyorum. \u00c7\u00fcnk\u00fc bir taraftan [&hellip;]\" \/>\n<meta property=\"og:url\" content=\"https:\/\/darkamazi.site\/archives\/1021581\" \/>\n<meta property=\"og:site_name\" content=\"Darka Mazi\" \/>\n<meta property=\"article:publisher\" content=\"https:\/\/www.facebook.com\/DarkaMaziturkce\" \/>\n<meta property=\"article:published_time\" content=\"2022-10-10T18:05:37+00:00\" \/>\n<meta property=\"og:image\" content=\"https:\/\/darkamazi.site\/file\/2022\/10\/65809c3143c3bd27e7e4d05768a1a30c_L.jpg\" \/>\n\t<meta property=\"og:image:width\" content=\"710\" \/>\n\t<meta property=\"og:image:height\" content=\"399\" \/>\n\t<meta property=\"og:image:type\" content=\"image\/jpeg\" \/>\n<meta name=\"author\" content=\"darka mazi\" \/>\n<meta name=\"twitter:card\" content=\"summary_large_image\" \/>\n<meta name=\"twitter:creator\" content=\"@DarkaMaziTurkce\" \/>\n<meta name=\"twitter:site\" content=\"@DarkaMaziTurkce\" \/>\n<meta name=\"twitter:label1\" content=\"Written by\" \/>\n\t<meta name=\"twitter:data1\" content=\"darka mazi\" \/>\n\t<meta name=\"twitter:label2\" content=\"Est. reading time\" \/>\n\t<meta name=\"twitter:data2\" content=\"1 minute\" \/>\n<script type=\"application\/ld+json\" class=\"seo-schema-graph\">{\"@context\":\"https:\\\/\\\/schema.org\",\"@graph\":[{\"@type\":\"NewsArticle\",\"@id\":\"https:\\\/\\\/darkamazi.site\\\/archives\\\/1021581#article\",\"isPartOf\":{\"@id\":\"https:\\\/\\\/darkamazi.site\\\/archives\\\/1021581\"},\"author\":{\"name\":\"darka mazi\",\"@id\":\"https:\\\/\\\/darkamazi.site\\\/#\\\/schema\\\/person\\\/67986a95ac546c16760365877ef4a9d3\"},\"headline\":\"Dr. Mehm\u00fbd Osman: Irak\u2019ta yenibir h\u00fck\u00fcmetin kurulmas\u0131 konusunda hi\u00e7bir \u00fcmit yok\",\"datePublished\":\"2022-10-10T18:05:37+00:00\",\"mainEntityOfPage\":{\"@id\":\"https:\\\/\\\/darkamazi.site\\\/archives\\\/1021581\"},\"wordCount\":281,\"publisher\":{\"@id\":\"https:\\\/\\\/darkamazi.site\\\/#organization\"},\"image\":{\"@id\":\"https:\\\/\\\/darkamazi.site\\\/archives\\\/1021581#primaryimage\"},\"thumbnailUrl\":\"https:\\\/\\\/darkamazi.site\\\/darka-content\\\/uploads\\\/2022\\\/10\\\/65809c3143c3bd27e7e4d05768a1a30c_L.jpg\",\"keywords\":[\"\u00f6nemli\"],\"articleSection\":[\"Kurdistan\"],\"inLanguage\":\"en-US\"},{\"@type\":\"WebPage\",\"@id\":\"https:\\\/\\\/darkamazi.site\\\/archives\\\/1021581\",\"url\":\"https:\\\/\\\/darkamazi.site\\\/archives\\\/1021581\",\"name\":\"Dr. Mehm\u00fbd Osman: Irak\u2019ta yenibir h\u00fck\u00fcmetin kurulmas\u0131 konusunda hi\u00e7bir \u00fcmit yok - Darka Mazi\",\"isPartOf\":{\"@id\":\"https:\\\/\\\/darkamazi.site\\\/#website\"},\"primaryImageOfPage\":{\"@id\":\"https:\\\/\\\/darkamazi.site\\\/archives\\\/1021581#primaryimage\"},\"image\":{\"@id\":\"https:\\\/\\\/darkamazi.site\\\/archives\\\/1021581#primaryimage\"},\"thumbnailUrl\":\"https:\\\/\\\/darkamazi.site\\\/darka-content\\\/uploads\\\/2022\\\/10\\\/65809c3143c3bd27e7e4d05768a1a30c_L.jpg\",\"datePublished\":\"2022-10-10T18:05:37+00:00\",\"breadcrumb\":{\"@id\":\"https:\\\/\\\/darkamazi.site\\\/archives\\\/1021581#breadcrumb\"},\"inLanguage\":\"en-US\",\"potentialAction\":[{\"@type\":\"ReadAction\",\"target\":[\"https:\\\/\\\/darkamazi.site\\\/archives\\\/1021581\"]}]},{\"@type\":\"ImageObject\",\"inLanguage\":\"en-US\",\"@id\":\"https:\\\/\\\/darkamazi.site\\\/archives\\\/1021581#primaryimage\",\"url\":\"https:\\\/\\\/darkamazi.site\\\/darka-content\\\/uploads\\\/2022\\\/10\\\/65809c3143c3bd27e7e4d05768a1a30c_L.jpg\",\"contentUrl\":\"https:\\\/\\\/darkamazi.site\\\/darka-content\\\/uploads\\\/2022\\\/10\\\/65809c3143c3bd27e7e4d05768a1a30c_L.jpg\",\"width\":710,\"height\":399,\"caption\":\"Dr. Mehm\u00fbd Osman: Irak\u2019ta yenibir h\u00fck\u00fcmetin kurulmas\u0131 konusunda hi\u00e7bir \u00fcmit yok\"},{\"@type\":\"BreadcrumbList\",\"@id\":\"https:\\\/\\\/darkamazi.site\\\/archives\\\/1021581#breadcrumb\",\"itemListElement\":[{\"@type\":\"ListItem\",\"position\":1,\"name\":\"Home\",\"item\":\"https:\\\/\\\/darkamazi.site\\\/\"},{\"@type\":\"ListItem\",\"position\":2,\"name\":\"Dr. Mehm\u00fbd Osman: Irak\u2019ta yenibir h\u00fck\u00fcmetin kurulmas\u0131 konusunda hi\u00e7bir \u00fcmit yok\"}]},{\"@type\":\"WebSite\",\"@id\":\"https:\\\/\\\/darkamazi.site\\\/#website\",\"url\":\"https:\\\/\\\/darkamazi.site\\\/\",\"name\":\"Darka Mazi\",\"description\":\"Ana Sayfa\",\"publisher\":{\"@id\":\"https:\\\/\\\/darkamazi.site\\\/#organization\"},\"potentialAction\":[{\"@type\":\"SearchAction\",\"target\":{\"@type\":\"EntryPoint\",\"urlTemplate\":\"https:\\\/\\\/darkamazi.site\\\/?s={search_term_string}\"},\"query-input\":{\"@type\":\"PropertyValueSpecification\",\"valueRequired\":true,\"valueName\":\"search_term_string\"}}],\"inLanguage\":\"en-US\"},{\"@type\":\"Organization\",\"@id\":\"https:\\\/\\\/darkamazi.site\\\/#organization\",\"name\":\"Darka Mazi T\u00fcrk\u00e7e\",\"alternateName\":\"Darka Mazi\",\"url\":\"https:\\\/\\\/darkamazi.site\\\/\",\"logo\":{\"@type\":\"ImageObject\",\"inLanguage\":\"en-US\",\"@id\":\"https:\\\/\\\/darkamazi.site\\\/#\\\/schema\\\/logo\\\/image\\\/\",\"url\":\"https:\\\/\\\/darkamazi.site\\\/darka-content\\\/uploads\\\/2017\\\/12\\\/darka-mazi-logo.png\",\"contentUrl\":\"https:\\\/\\\/darkamazi.site\\\/darka-content\\\/uploads\\\/2017\\\/12\\\/darka-mazi-logo.png\",\"width\":151,\"height\":75,\"caption\":\"Darka Mazi T\u00fcrk\u00e7e\"},\"image\":{\"@id\":\"https:\\\/\\\/darkamazi.site\\\/#\\\/schema\\\/logo\\\/image\\\/\"},\"sameAs\":[\"https:\\\/\\\/www.facebook.com\\\/DarkaMaziturkce\",\"https:\\\/\\\/x.com\\\/DarkaMaziTurkce\"]},{\"@type\":\"Person\",\"@id\":\"https:\\\/\\\/darkamazi.site\\\/#\\\/schema\\\/person\\\/67986a95ac546c16760365877ef4a9d3\",\"name\":\"darka mazi\",\"sameAs\":[\"https:\\\/\\\/darkamazi.site\"],\"url\":\"https:\\\/\\\/darkamazi.site\\\/archives\\\/author\\\/turkish\"}]}<\/script>\n<!-- \/ Yoast SEO plugin. -->","seo_head_json":{"title":"Dr. Mehm\u00fbd Osman: Irak\u2019ta yenibir h\u00fck\u00fcmetin kurulmas\u0131 konusunda hi\u00e7bir \u00fcmit yok - Darka Mazi","robots":{"index":"index","follow":"follow","max-snippet":"max-snippet:-1","max-image-preview":"max-image-preview:large","max-video-preview":"max-video-preview:-1"},"canonical":"https:\/\/darkamazi.site\/archives\/1021581","og_locale":"en_US","og_type":"article","og_title":"Dr. Mehm\u00fbd Osman: Irak\u2019ta yenibir h\u00fck\u00fcmetin kurulmas\u0131 konusunda hi\u00e7bir \u00fcmit yok - Darka Mazi","og_description":"Irak Parlamentosu se\u00e7imlerinin \u00fczerinden tam 1 y\u0131l ge\u00e7ti ve hen\u00fcz bir h\u00fck\u00fcmet kurulamad\u0131. Bu konuda siyasi g\u00f6zlemciler bir h\u00fck\u00fcmetin kurulma \u00fcmidinin olmad\u0131\u011f\u0131 konusunda hemfikirler. Konuya ili\u015fkin Basnews\u2019e a\u00e7\u0131klamalarda bulunan K\u00fcrt Siyaset\u00e7i Dr. Mehm\u00fbd Osman \u015fu g\u00f6r\u00fc\u015flerini payla\u015ft\u0131: \u201cYeni bir h\u00fck\u00fcmetin kurulmas\u0131 konusunda hi\u00e7 bir \u00fcmit yok ve ben kurulaca\u011f\u0131n\u0131 da \u00e7ok beklemiyorum. \u00c7\u00fcnk\u00fc bir taraftan [&hellip;]","og_url":"https:\/\/darkamazi.site\/archives\/1021581","og_site_name":"Darka Mazi","article_publisher":"https:\/\/www.facebook.com\/DarkaMaziturkce","article_published_time":"2022-10-10T18:05:37+00:00","og_image":[{"width":710,"height":399,"url":"https:\/\/darkamazi.site\/file\/2022\/10\/65809c3143c3bd27e7e4d05768a1a30c_L.jpg","type":"image\/jpeg"}],"author":"darka mazi","twitter_card":"summary_large_image","twitter_creator":"@DarkaMaziTurkce","twitter_site":"@DarkaMaziTurkce","twitter_misc":{"Written by":"darka mazi","Est. reading time":"1 minute"},"schema":{"@context":"https:\/\/schema.org","@graph":[{"@type":"NewsArticle","@id":"https:\/\/darkamazi.site\/archives\/1021581#article","isPartOf":{"@id":"https:\/\/darkamazi.site\/archives\/1021581"},"author":{"name":"darka mazi","@id":"https:\/\/darkamazi.site\/#\/schema\/person\/67986a95ac546c16760365877ef4a9d3"},"headline":"Dr. Mehm\u00fbd Osman: Irak\u2019ta yenibir h\u00fck\u00fcmetin kurulmas\u0131 konusunda hi\u00e7bir \u00fcmit yok","datePublished":"2022-10-10T18:05:37+00:00","mainEntityOfPage":{"@id":"https:\/\/darkamazi.site\/archives\/1021581"},"wordCount":281,"publisher":{"@id":"https:\/\/darkamazi.site\/#organization"},"image":{"@id":"https:\/\/darkamazi.site\/archives\/1021581#primaryimage"},"thumbnailUrl":"https:\/\/darkamazi.site\/file\/2022\/10\/65809c3143c3bd27e7e4d05768a1a30c_L.jpg","keywords":["\u00f6nemli"],"articleSection":["Kurdistan"],"inLanguage":"en-US"},{"@type":"WebPage","@id":"https:\/\/darkamazi.site\/archives\/1021581","url":"https:\/\/darkamazi.site\/archives\/1021581","name":"Dr. Mehm\u00fbd Osman: Irak\u2019ta yenibir h\u00fck\u00fcmetin kurulmas\u0131 konusunda hi\u00e7bir \u00fcmit yok - Darka Mazi","isPartOf":{"@id":"https:\/\/darkamazi.site\/#website"},"primaryImageOfPage":{"@id":"https:\/\/darkamazi.site\/archives\/1021581#primaryimage"},"image":{"@id":"https:\/\/darkamazi.site\/archives\/1021581#primaryimage"},"thumbnailUrl":"https:\/\/darkamazi.site\/file\/2022\/10\/65809c3143c3bd27e7e4d05768a1a30c_L.jpg","datePublished":"2022-10-10T18:05:37+00:00","breadcrumb":{"@id":"https:\/\/darkamazi.site\/archives\/1021581#breadcrumb"},"inLanguage":"en-US","potentialAction":[{"@type":"ReadAction","target":["https:\/\/darkamazi.site\/archives\/1021581"]}]},{"@type":"ImageObject","inLanguage":"en-US","@id":"https:\/\/darkamazi.site\/archives\/1021581#primaryimage","url":"https:\/\/darkamazi.site\/file\/2022\/10\/65809c3143c3bd27e7e4d05768a1a30c_L.jpg","contentUrl":"https:\/\/darkamazi.site\/file\/2022\/10\/65809c3143c3bd27e7e4d05768a1a30c_L.jpg","width":710,"height":399,"caption":"Dr. Mehm\u00fbd Osman: Irak\u2019ta yenibir h\u00fck\u00fcmetin kurulmas\u0131 konusunda hi\u00e7bir \u00fcmit yok"},{"@type":"BreadcrumbList","@id":"https:\/\/darkamazi.site\/archives\/1021581#breadcrumb","itemListElement":[{"@type":"ListItem","position":1,"name":"Home","item":"https:\/\/darkamazi.site\/"},{"@type":"ListItem","position":2,"name":"Dr. Mehm\u00fbd Osman: Irak\u2019ta yenibir h\u00fck\u00fcmetin kurulmas\u0131 konusunda hi\u00e7bir \u00fcmit yok"}]},{"@type":"WebSite","@id":"https:\/\/darkamazi.site\/#website","url":"https:\/\/darkamazi.site\/","name":"Darka Mazi","description":"Ana Sayfa","publisher":{"@id":"https:\/\/darkamazi.site\/#organization"},"potentialAction":[{"@type":"SearchAction","target":{"@type":"EntryPoint","urlTemplate":"https:\/\/darkamazi.site\/?s={search_term_string}"},"query-input":{"@type":"PropertyValueSpecification","valueRequired":true,"valueName":"search_term_string"}}],"inLanguage":"en-US"},{"@type":"Organization","@id":"https:\/\/darkamazi.site\/#organization","name":"Darka Mazi T\u00fcrk\u00e7e","alternateName":"Darka Mazi","url":"https:\/\/darkamazi.site\/","logo":{"@type":"ImageObject","inLanguage":"en-US","@id":"https:\/\/darkamazi.site\/#\/schema\/logo\/image\/","url":"https:\/\/darkamazi.site\/file\/2017\/12\/darka-mazi-logo.png","contentUrl":"https:\/\/darkamazi.site\/file\/2017\/12\/darka-mazi-logo.png","width":151,"height":75,"caption":"Darka Mazi T\u00fcrk\u00e7e"},"image":{"@id":"https:\/\/darkamazi.site\/#\/schema\/logo\/image\/"},"sameAs":["https:\/\/www.facebook.com\/DarkaMaziturkce","https:\/\/x.com\/DarkaMaziTurkce"]},{"@type":"Person","@id":"https:\/\/darkamazi.site\/#\/schema\/person\/67986a95ac546c16760365877ef4a9d3","name":"darka mazi","sameAs":["https:\/\/darkamazi.site"],"url":"https:\/\/darkamazi.site\/archives\/author\/turkish"}]}},"_links":{"self":[{"href":"https:\/\/darkamazi.site\/funavuv\/wp\/v2\/posts\/1021581","targetHints":{"allow":["GET"]}}],"collection":[{"href":"https:\/\/darkamazi.site\/funavuv\/wp\/v2\/posts"}],"about":[{"href":"https:\/\/darkamazi.site\/funavuv\/wp\/v2\/types\/post"}],"author":[{"embeddable":true,"href":"https:\/\/darkamazi.site\/funavuv\/wp\/v2\/users\/2"}],"replies":[{"embeddable":true,"href":"https:\/\/darkamazi.site\/funavuv\/wp\/v2\/comments?post=1021581"}],"version-history":[{"count":0,"href":"https:\/\/darkamazi.site\/funavuv\/wp\/v2\/posts\/1021581\/revisions"}],"wp:featuredmedia":[{"embeddable":true,"href":"https:\/\/darkamazi.site\/funavuv\/wp\/v2\/media\/1021582"}],"wp:attachment":[{"href":"https:\/\/darkamazi.site\/funavuv\/wp\/v2\/media?parent=1021581"}],"wp:term":[{"taxonomy":"category","embeddable":true,"href":"https:\/\/darkamazi.site\/funavuv\/wp\/v2\/categories?post=1021581"},{"taxonomy":"post_tag","embeddable":true,"href":"https:\/\/darkamazi.site\/funavuv\/wp\/v2\/tags?post=1021581"}],"curies":[{"name":"wp","href":"https:\/\/api.w.org\/{rel}","templated":true}]}}