{"id":1021604,"date":"2022-10-12T11:16:12","date_gmt":"2022-10-12T08:16:12","guid":{"rendered":"https:\/\/darkamazi.site\/?p=1021604"},"modified":"2022-10-12T11:16:12","modified_gmt":"2022-10-12T08:16:12","slug":"mihemed-haci-mehmud-guclerimize-izin-verilirse-kisa-surede-xaneqine-variriz","status":"publish","type":"post","link":"https:\/\/darkamazi.site\/archives\/1021604","title":{"rendered":"Mihemed Hac\u00ee Mehmud: G\u00fc\u00e7lerimize izin verilirse k\u0131sa s\u00fcrede Xaneq\u00een\u2019e var\u0131r\u0131z"},"content":{"rendered":"<p style=\"text-align: justify\">K\u00fcrdistan Sosyalist Demokrat Partisi (PDSK) Ba\u015fkan\u0131 Mihemed Hac\u00ee Mehm\u00fbd yay\u0131mlad\u0131\u011f\u0131 bir mesajla, g\u00fc\u00e7lerine izin verilmesini talep ederek, izin verilmesi halinde g\u00fc\u00e7lerinin k\u0131sa bir s\u00fcre i\u00e7erisinde Xaneq\u00een\u2019e ula\u015facaklar\u0131n\u0131 ve buralarda uygulanan Arapla\u015ft\u0131rma siyasetine izin vermeyeceklerini belirtti.<\/p>\n<p style=\"text-align: justify\">Pe\u015fmerge Bakanl\u0131\u011f\u0131\u2019na sundu\u011fu mesaj\u0131nda Mihemed Hac\u00ee Mehm\u00fbd \u015funlar\u0131 dile getirdi: \u201cIrak H\u00fck\u00fcmeti \u00e7ok k\u00f6t\u00fc bir durumda ve zaten hi\u00e7 bir devlet olgular\u0131 kalmam\u0131\u015f vaziyette. Irak Parlamento se\u00e7imleri bir y\u0131ld\u0131r yap\u0131ld\u0131 ama halen ortada bir h\u00fck\u00fcmet yok. B\u00fct\u00fcn bu k\u00f6t\u00fc ko\u015fullar\u0131na ra\u011fmen halen Irak H\u00fck\u00fcmeti K\u00fcrtlere kar\u015f\u0131 bu t\u00fcr haks\u0131zl\u0131klar\u0131 yapmaktan \u00e7ekinmiyor. Hatta Irak Enerji Bakan\u0131 ve Y\u00fcksek Federal Mahkemesi her g\u00fcn pervaz\u0131sca K\u00fcrtlere sald\u0131rmaktan geri kalm\u0131yor.\u201d<\/p>\n<p style=\"text-align: justify\">Hac\u00ee Mehm\u00fbd mesaj\u0131n\u0131n devam\u0131nda \u015funlar\u0131 ifade ediyor: \u201cK\u00fcrdistan B\u00f6lgesi \u0130daresi D\u0131\u015f\u0131nda Kalan K\u00fcrdistani B\u00f6lgelerde ya\u015fayan K\u00fcrtleri kendi atalar\u0131ndan kalma topraklardan \u00e7\u0131kartmak i\u00e7in her \u015feyi yap\u0131yorlar. Oysa bu b\u00f6lgelerdeki K\u00fcrtlerin mezarl\u0131klar\u0131 bile \u015fu an bu b\u00f6lgede ya\u015fayan di\u011fer halklar\u0131n canl\u0131lar\u0131ndan bile daha fazla.\u201d<\/p>\n<p style=\"text-align: justify\">Irak Ordusu\u2019nun zay\u0131fl\u0131\u011f\u0131na de\u011finerek ge\u00e7ti\u011fimiz d\u00f6nemlerde \u0130ran\u2019la, Kuveyt\u2019le ve Arap \u00fclkeleriyle birlikte \u0130srail\u2019e kar\u015f\u0131 y\u00fcr\u00fct\u00fclen sava\u015flarda Irak Ordusu\u2019nun binlerce askerinin esir d\u00fc\u015ft\u00fc\u011f\u00fcne dikkat \u00e7eken PDSK Ba\u015fkan\u0131: \u201c\u015eimdi g\u00fc\u00e7lerini silahs\u0131z K\u00fcrt halk\u0131na kar\u015f\u0131 kullan\u0131yorlar. \u015eimdi bu pehlivanlar Xneq\u00een\u2019e gelmi\u015fler ve K\u00fcrtleri tehdit ediyorlar! Buray\u0131 Arapla\u015ft\u0131rmaya u\u011fra\u015f\u0131yorlar.\u201d<\/p>\n<p style=\"text-align: justify\">Mihemed Hac\u00ee Mehm\u00fbd Pe\u015fmerge Bakanl\u0131\u011f\u0131\u2019na sundu\u011fu talep mesaj\u0131n\u0131n sonunda da \u015funlara de\u011finiyor: \u201c\u015eayet K\u00fcrdistan B\u00f6lgesi H\u00fck\u00fcmeti baz\u0131 zorunluluklardan dolay\u0131 g\u00fc\u00e7leri harekete ge\u00e7iremiyorsa, biz bu konuda PDSK g\u00fc\u00e7lerine harekete ge\u00e7meleri i\u00e7in izin verilmesini talep ediyoruz. \u0130zin verildi\u011fi taktirde \u00e7ok k\u0131sa bir s\u00fcre i\u00e7erisinde Xaneq\u00een\u2019e ula\u015f\u0131r\u0131z. Xaneq\u00een hepimizin bildi\u011fi gibi m\u00fccadele, direni\u015f ve \u015fehitler kantidir. Bu talebimize izin verilmedi\u011fi taktirde yar\u0131n kara postallar bu g\u00fczel kentte gezecekler.\u201d<\/p>\n","protected":false},"excerpt":{"rendered":"<p>K\u00fcrdistan Sosyalist Demokrat Partisi (PDSK) Ba\u015fkan\u0131 Mihemed Hac\u00ee Mehm\u00fbd yay\u0131mlad\u0131\u011f\u0131 bir mesajla, g\u00fc\u00e7lerine izin verilmesini talep ederek, izin verilmesi halinde g\u00fc\u00e7lerinin k\u0131sa bir s\u00fcre i\u00e7erisinde Xaneq\u00een\u2019e ula\u015facaklar\u0131n\u0131 ve buralarda uygulanan Arapla\u015ft\u0131rma siyasetine izin vermeyeceklerini belirtti. Pe\u015fmerge Bakanl\u0131\u011f\u0131\u2019na sundu\u011fu mesaj\u0131nda Mihemed Hac\u00ee Mehm\u00fbd \u015funlar\u0131 dile getirdi: \u201cIrak H\u00fck\u00fcmeti \u00e7ok k\u00f6t\u00fc bir durumda ve zaten hi\u00e7 bir [&hellip;]<\/p>\n","protected":false},"author":2,"featured_media":1021605,"comment_status":"closed","ping_status":"closed","sticky":false,"template":"","format":"standard","meta":{"footnotes":""},"categories":[3],"tags":[31],"class_list":["post-1021604","post","type-post","status-publish","format-standard","has-post-thumbnail","hentry","category-kurdistan","tag-onemli"],"blocksy_meta":[],"seo_head":"<!-- This site is optimized with the Yoast SEO plugin v27.5 - https:\/\/yoast.com\/product\/yoast-seo-wordpress\/ -->\n<title>Mihemed Hac\u00ee Mehmud: G\u00fc\u00e7lerimize izin verilirse k\u0131sa s\u00fcrede Xaneq\u00een\u2019e var\u0131r\u0131z - Darka Mazi<\/title>\n<meta name=\"robots\" content=\"index, follow, max-snippet:-1, max-image-preview:large, max-video-preview:-1\" \/>\n<link rel=\"canonical\" href=\"https:\/\/darkamazi.site\/archives\/1021604\" \/>\n<meta property=\"og:locale\" content=\"en_US\" \/>\n<meta property=\"og:type\" content=\"article\" \/>\n<meta property=\"og:title\" content=\"Mihemed Hac\u00ee Mehmud: G\u00fc\u00e7lerimize izin verilirse k\u0131sa s\u00fcrede Xaneq\u00een\u2019e var\u0131r\u0131z - Darka Mazi\" \/>\n<meta property=\"og:description\" content=\"K\u00fcrdistan Sosyalist Demokrat Partisi (PDSK) Ba\u015fkan\u0131 Mihemed Hac\u00ee Mehm\u00fbd yay\u0131mlad\u0131\u011f\u0131 bir mesajla, g\u00fc\u00e7lerine izin verilmesini talep ederek, izin verilmesi halinde g\u00fc\u00e7lerinin k\u0131sa bir s\u00fcre i\u00e7erisinde Xaneq\u00een\u2019e ula\u015facaklar\u0131n\u0131 ve buralarda uygulanan Arapla\u015ft\u0131rma siyasetine izin vermeyeceklerini belirtti. Pe\u015fmerge Bakanl\u0131\u011f\u0131\u2019na sundu\u011fu mesaj\u0131nda Mihemed Hac\u00ee Mehm\u00fbd \u015funlar\u0131 dile getirdi: \u201cIrak H\u00fck\u00fcmeti \u00e7ok k\u00f6t\u00fc bir durumda ve zaten hi\u00e7 bir [&hellip;]\" \/>\n<meta property=\"og:url\" content=\"https:\/\/darkamazi.site\/archives\/1021604\" \/>\n<meta property=\"og:site_name\" content=\"Darka Mazi\" \/>\n<meta property=\"article:publisher\" content=\"https:\/\/www.facebook.com\/DarkaMaziturkce\" \/>\n<meta property=\"article:published_time\" content=\"2022-10-12T08:16:12+00:00\" \/>\n<meta property=\"og:image\" content=\"https:\/\/darkamazi.site\/file\/2022\/10\/Kak-haci-mahmud.jpg\" \/>\n\t<meta property=\"og:image:width\" content=\"710\" \/>\n\t<meta property=\"og:image:height\" content=\"368\" \/>\n\t<meta property=\"og:image:type\" content=\"image\/jpeg\" \/>\n<meta name=\"author\" content=\"darka mazi\" \/>\n<meta name=\"twitter:card\" content=\"summary_large_image\" \/>\n<meta name=\"twitter:creator\" content=\"@DarkaMaziTurkce\" \/>\n<meta name=\"twitter:site\" content=\"@DarkaMaziTurkce\" \/>\n<meta name=\"twitter:label1\" content=\"Written by\" \/>\n\t<meta name=\"twitter:data1\" content=\"darka mazi\" \/>\n\t<meta name=\"twitter:label2\" content=\"Est. reading time\" \/>\n\t<meta name=\"twitter:data2\" content=\"2 minutes\" \/>\n<script type=\"application\/ld+json\" class=\"seo-schema-graph\">{\"@context\":\"https:\\\/\\\/schema.org\",\"@graph\":[{\"@type\":\"NewsArticle\",\"@id\":\"https:\\\/\\\/darkamazi.site\\\/archives\\\/1021604#article\",\"isPartOf\":{\"@id\":\"https:\\\/\\\/darkamazi.site\\\/archives\\\/1021604\"},\"author\":{\"name\":\"darka mazi\",\"@id\":\"https:\\\/\\\/darkamazi.site\\\/#\\\/schema\\\/person\\\/67986a95ac546c16760365877ef4a9d3\"},\"headline\":\"Mihemed Hac\u00ee Mehmud: G\u00fc\u00e7lerimize izin verilirse k\u0131sa s\u00fcrede Xaneq\u00een\u2019e var\u0131r\u0131z\",\"datePublished\":\"2022-10-12T08:16:12+00:00\",\"mainEntityOfPage\":{\"@id\":\"https:\\\/\\\/darkamazi.site\\\/archives\\\/1021604\"},\"wordCount\":401,\"publisher\":{\"@id\":\"https:\\\/\\\/darkamazi.site\\\/#organization\"},\"image\":{\"@id\":\"https:\\\/\\\/darkamazi.site\\\/archives\\\/1021604#primaryimage\"},\"thumbnailUrl\":\"https:\\\/\\\/darkamazi.site\\\/darka-content\\\/uploads\\\/2022\\\/10\\\/Kak-haci-mahmud.jpg\",\"keywords\":[\"\u00f6nemli\"],\"articleSection\":[\"Kurdistan\"],\"inLanguage\":\"en-US\"},{\"@type\":\"WebPage\",\"@id\":\"https:\\\/\\\/darkamazi.site\\\/archives\\\/1021604\",\"url\":\"https:\\\/\\\/darkamazi.site\\\/archives\\\/1021604\",\"name\":\"Mihemed Hac\u00ee Mehmud: G\u00fc\u00e7lerimize izin verilirse k\u0131sa s\u00fcrede Xaneq\u00een\u2019e var\u0131r\u0131z - Darka Mazi\",\"isPartOf\":{\"@id\":\"https:\\\/\\\/darkamazi.site\\\/#website\"},\"primaryImageOfPage\":{\"@id\":\"https:\\\/\\\/darkamazi.site\\\/archives\\\/1021604#primaryimage\"},\"image\":{\"@id\":\"https:\\\/\\\/darkamazi.site\\\/archives\\\/1021604#primaryimage\"},\"thumbnailUrl\":\"https:\\\/\\\/darkamazi.site\\\/darka-content\\\/uploads\\\/2022\\\/10\\\/Kak-haci-mahmud.jpg\",\"datePublished\":\"2022-10-12T08:16:12+00:00\",\"breadcrumb\":{\"@id\":\"https:\\\/\\\/darkamazi.site\\\/archives\\\/1021604#breadcrumb\"},\"inLanguage\":\"en-US\",\"potentialAction\":[{\"@type\":\"ReadAction\",\"target\":[\"https:\\\/\\\/darkamazi.site\\\/archives\\\/1021604\"]}]},{\"@type\":\"ImageObject\",\"inLanguage\":\"en-US\",\"@id\":\"https:\\\/\\\/darkamazi.site\\\/archives\\\/1021604#primaryimage\",\"url\":\"https:\\\/\\\/darkamazi.site\\\/darka-content\\\/uploads\\\/2022\\\/10\\\/Kak-haci-mahmud.jpg\",\"contentUrl\":\"https:\\\/\\\/darkamazi.site\\\/darka-content\\\/uploads\\\/2022\\\/10\\\/Kak-haci-mahmud.jpg\",\"width\":710,\"height\":368,\"caption\":\"Mihemed Hac\u00ee Mehm\u00fbd: G\u00fc\u00e7lerimize izin verilirse k\u0131sa s\u00fcrede Xaneq\u00een\u2019e var\u0131r\u0131z\"},{\"@type\":\"BreadcrumbList\",\"@id\":\"https:\\\/\\\/darkamazi.site\\\/archives\\\/1021604#breadcrumb\",\"itemListElement\":[{\"@type\":\"ListItem\",\"position\":1,\"name\":\"Home\",\"item\":\"https:\\\/\\\/darkamazi.site\\\/\"},{\"@type\":\"ListItem\",\"position\":2,\"name\":\"Mihemed Hac\u00ee Mehmud: G\u00fc\u00e7lerimize izin verilirse k\u0131sa s\u00fcrede Xaneq\u00een\u2019e var\u0131r\u0131z\"}]},{\"@type\":\"WebSite\",\"@id\":\"https:\\\/\\\/darkamazi.site\\\/#website\",\"url\":\"https:\\\/\\\/darkamazi.site\\\/\",\"name\":\"Darka Mazi\",\"description\":\"Ana Sayfa\",\"publisher\":{\"@id\":\"https:\\\/\\\/darkamazi.site\\\/#organization\"},\"potentialAction\":[{\"@type\":\"SearchAction\",\"target\":{\"@type\":\"EntryPoint\",\"urlTemplate\":\"https:\\\/\\\/darkamazi.site\\\/?s={search_term_string}\"},\"query-input\":{\"@type\":\"PropertyValueSpecification\",\"valueRequired\":true,\"valueName\":\"search_term_string\"}}],\"inLanguage\":\"en-US\"},{\"@type\":\"Organization\",\"@id\":\"https:\\\/\\\/darkamazi.site\\\/#organization\",\"name\":\"Darka Mazi T\u00fcrk\u00e7e\",\"alternateName\":\"Darka Mazi\",\"url\":\"https:\\\/\\\/darkamazi.site\\\/\",\"logo\":{\"@type\":\"ImageObject\",\"inLanguage\":\"en-US\",\"@id\":\"https:\\\/\\\/darkamazi.site\\\/#\\\/schema\\\/logo\\\/image\\\/\",\"url\":\"https:\\\/\\\/darkamazi.site\\\/darka-content\\\/uploads\\\/2017\\\/12\\\/darka-mazi-logo.png\",\"contentUrl\":\"https:\\\/\\\/darkamazi.site\\\/darka-content\\\/uploads\\\/2017\\\/12\\\/darka-mazi-logo.png\",\"width\":151,\"height\":75,\"caption\":\"Darka Mazi T\u00fcrk\u00e7e\"},\"image\":{\"@id\":\"https:\\\/\\\/darkamazi.site\\\/#\\\/schema\\\/logo\\\/image\\\/\"},\"sameAs\":[\"https:\\\/\\\/www.facebook.com\\\/DarkaMaziturkce\",\"https:\\\/\\\/x.com\\\/DarkaMaziTurkce\"]},{\"@type\":\"Person\",\"@id\":\"https:\\\/\\\/darkamazi.site\\\/#\\\/schema\\\/person\\\/67986a95ac546c16760365877ef4a9d3\",\"name\":\"darka mazi\",\"sameAs\":[\"https:\\\/\\\/darkamazi.site\"],\"url\":\"https:\\\/\\\/darkamazi.site\\\/archives\\\/author\\\/turkish\"}]}<\/script>\n<!-- \/ Yoast SEO plugin. -->","seo_head_json":{"title":"Mihemed Hac\u00ee Mehmud: G\u00fc\u00e7lerimize izin verilirse k\u0131sa s\u00fcrede Xaneq\u00een\u2019e var\u0131r\u0131z - Darka Mazi","robots":{"index":"index","follow":"follow","max-snippet":"max-snippet:-1","max-image-preview":"max-image-preview:large","max-video-preview":"max-video-preview:-1"},"canonical":"https:\/\/darkamazi.site\/archives\/1021604","og_locale":"en_US","og_type":"article","og_title":"Mihemed Hac\u00ee Mehmud: G\u00fc\u00e7lerimize izin verilirse k\u0131sa s\u00fcrede Xaneq\u00een\u2019e var\u0131r\u0131z - Darka Mazi","og_description":"K\u00fcrdistan Sosyalist Demokrat Partisi (PDSK) Ba\u015fkan\u0131 Mihemed Hac\u00ee Mehm\u00fbd yay\u0131mlad\u0131\u011f\u0131 bir mesajla, g\u00fc\u00e7lerine izin verilmesini talep ederek, izin verilmesi halinde g\u00fc\u00e7lerinin k\u0131sa bir s\u00fcre i\u00e7erisinde Xaneq\u00een\u2019e ula\u015facaklar\u0131n\u0131 ve buralarda uygulanan Arapla\u015ft\u0131rma siyasetine izin vermeyeceklerini belirtti. Pe\u015fmerge Bakanl\u0131\u011f\u0131\u2019na sundu\u011fu mesaj\u0131nda Mihemed Hac\u00ee Mehm\u00fbd \u015funlar\u0131 dile getirdi: \u201cIrak H\u00fck\u00fcmeti \u00e7ok k\u00f6t\u00fc bir durumda ve zaten hi\u00e7 bir [&hellip;]","og_url":"https:\/\/darkamazi.site\/archives\/1021604","og_site_name":"Darka Mazi","article_publisher":"https:\/\/www.facebook.com\/DarkaMaziturkce","article_published_time":"2022-10-12T08:16:12+00:00","og_image":[{"width":710,"height":368,"url":"https:\/\/darkamazi.site\/file\/2022\/10\/Kak-haci-mahmud.jpg","type":"image\/jpeg"}],"author":"darka mazi","twitter_card":"summary_large_image","twitter_creator":"@DarkaMaziTurkce","twitter_site":"@DarkaMaziTurkce","twitter_misc":{"Written by":"darka mazi","Est. reading time":"2 minutes"},"schema":{"@context":"https:\/\/schema.org","@graph":[{"@type":"NewsArticle","@id":"https:\/\/darkamazi.site\/archives\/1021604#article","isPartOf":{"@id":"https:\/\/darkamazi.site\/archives\/1021604"},"author":{"name":"darka mazi","@id":"https:\/\/darkamazi.site\/#\/schema\/person\/67986a95ac546c16760365877ef4a9d3"},"headline":"Mihemed Hac\u00ee Mehmud: G\u00fc\u00e7lerimize izin verilirse k\u0131sa s\u00fcrede Xaneq\u00een\u2019e var\u0131r\u0131z","datePublished":"2022-10-12T08:16:12+00:00","mainEntityOfPage":{"@id":"https:\/\/darkamazi.site\/archives\/1021604"},"wordCount":401,"publisher":{"@id":"https:\/\/darkamazi.site\/#organization"},"image":{"@id":"https:\/\/darkamazi.site\/archives\/1021604#primaryimage"},"thumbnailUrl":"https:\/\/darkamazi.site\/file\/2022\/10\/Kak-haci-mahmud.jpg","keywords":["\u00f6nemli"],"articleSection":["Kurdistan"],"inLanguage":"en-US"},{"@type":"WebPage","@id":"https:\/\/darkamazi.site\/archives\/1021604","url":"https:\/\/darkamazi.site\/archives\/1021604","name":"Mihemed Hac\u00ee Mehmud: G\u00fc\u00e7lerimize izin verilirse k\u0131sa s\u00fcrede Xaneq\u00een\u2019e var\u0131r\u0131z - Darka Mazi","isPartOf":{"@id":"https:\/\/darkamazi.site\/#website"},"primaryImageOfPage":{"@id":"https:\/\/darkamazi.site\/archives\/1021604#primaryimage"},"image":{"@id":"https:\/\/darkamazi.site\/archives\/1021604#primaryimage"},"thumbnailUrl":"https:\/\/darkamazi.site\/file\/2022\/10\/Kak-haci-mahmud.jpg","datePublished":"2022-10-12T08:16:12+00:00","breadcrumb":{"@id":"https:\/\/darkamazi.site\/archives\/1021604#breadcrumb"},"inLanguage":"en-US","potentialAction":[{"@type":"ReadAction","target":["https:\/\/darkamazi.site\/archives\/1021604"]}]},{"@type":"ImageObject","inLanguage":"en-US","@id":"https:\/\/darkamazi.site\/archives\/1021604#primaryimage","url":"https:\/\/darkamazi.site\/file\/2022\/10\/Kak-haci-mahmud.jpg","contentUrl":"https:\/\/darkamazi.site\/file\/2022\/10\/Kak-haci-mahmud.jpg","width":710,"height":368,"caption":"Mihemed Hac\u00ee Mehm\u00fbd: G\u00fc\u00e7lerimize izin verilirse k\u0131sa s\u00fcrede Xaneq\u00een\u2019e var\u0131r\u0131z"},{"@type":"BreadcrumbList","@id":"https:\/\/darkamazi.site\/archives\/1021604#breadcrumb","itemListElement":[{"@type":"ListItem","position":1,"name":"Home","item":"https:\/\/darkamazi.site\/"},{"@type":"ListItem","position":2,"name":"Mihemed Hac\u00ee Mehmud: G\u00fc\u00e7lerimize izin verilirse k\u0131sa s\u00fcrede Xaneq\u00een\u2019e var\u0131r\u0131z"}]},{"@type":"WebSite","@id":"https:\/\/darkamazi.site\/#website","url":"https:\/\/darkamazi.site\/","name":"Darka Mazi","description":"Ana Sayfa","publisher":{"@id":"https:\/\/darkamazi.site\/#organization"},"potentialAction":[{"@type":"SearchAction","target":{"@type":"EntryPoint","urlTemplate":"https:\/\/darkamazi.site\/?s={search_term_string}"},"query-input":{"@type":"PropertyValueSpecification","valueRequired":true,"valueName":"search_term_string"}}],"inLanguage":"en-US"},{"@type":"Organization","@id":"https:\/\/darkamazi.site\/#organization","name":"Darka Mazi T\u00fcrk\u00e7e","alternateName":"Darka Mazi","url":"https:\/\/darkamazi.site\/","logo":{"@type":"ImageObject","inLanguage":"en-US","@id":"https:\/\/darkamazi.site\/#\/schema\/logo\/image\/","url":"https:\/\/darkamazi.site\/file\/2017\/12\/darka-mazi-logo.png","contentUrl":"https:\/\/darkamazi.site\/file\/2017\/12\/darka-mazi-logo.png","width":151,"height":75,"caption":"Darka Mazi T\u00fcrk\u00e7e"},"image":{"@id":"https:\/\/darkamazi.site\/#\/schema\/logo\/image\/"},"sameAs":["https:\/\/www.facebook.com\/DarkaMaziturkce","https:\/\/x.com\/DarkaMaziTurkce"]},{"@type":"Person","@id":"https:\/\/darkamazi.site\/#\/schema\/person\/67986a95ac546c16760365877ef4a9d3","name":"darka mazi","sameAs":["https:\/\/darkamazi.site"],"url":"https:\/\/darkamazi.site\/archives\/author\/turkish"}]}},"_links":{"self":[{"href":"https:\/\/darkamazi.site\/funavuv\/wp\/v2\/posts\/1021604","targetHints":{"allow":["GET"]}}],"collection":[{"href":"https:\/\/darkamazi.site\/funavuv\/wp\/v2\/posts"}],"about":[{"href":"https:\/\/darkamazi.site\/funavuv\/wp\/v2\/types\/post"}],"author":[{"embeddable":true,"href":"https:\/\/darkamazi.site\/funavuv\/wp\/v2\/users\/2"}],"replies":[{"embeddable":true,"href":"https:\/\/darkamazi.site\/funavuv\/wp\/v2\/comments?post=1021604"}],"version-history":[{"count":0,"href":"https:\/\/darkamazi.site\/funavuv\/wp\/v2\/posts\/1021604\/revisions"}],"wp:featuredmedia":[{"embeddable":true,"href":"https:\/\/darkamazi.site\/funavuv\/wp\/v2\/media\/1021605"}],"wp:attachment":[{"href":"https:\/\/darkamazi.site\/funavuv\/wp\/v2\/media?parent=1021604"}],"wp:term":[{"taxonomy":"category","embeddable":true,"href":"https:\/\/darkamazi.site\/funavuv\/wp\/v2\/categories?post=1021604"},{"taxonomy":"post_tag","embeddable":true,"href":"https:\/\/darkamazi.site\/funavuv\/wp\/v2\/tags?post=1021604"}],"curies":[{"name":"wp","href":"https:\/\/api.w.org\/{rel}","templated":true}]}}