{"id":1021671,"date":"2022-10-15T21:26:06","date_gmt":"2022-10-15T18:26:06","guid":{"rendered":"https:\/\/darkamazi.site\/?p=1021671"},"modified":"2022-10-15T21:26:06","modified_gmt":"2022-10-15T18:26:06","slug":"kurt-sanatci-aziz-weysi-gozaltina-alindi","status":"publish","type":"post","link":"https:\/\/darkamazi.site\/archives\/1021671","title":{"rendered":"K\u00fcrt sanat\u00e7\u0131 Aziz Weysi g\u00f6zalt\u0131na al\u0131nd\u0131"},"content":{"rendered":"<p style=\"text-align: justify\">Hengaw \u0130nsan Haklar\u0131 \u00d6rg\u00fct\u00fc\u2019n\u00fcn a\u00e7\u0131klamas\u0131na g\u00f6re sanat\u00e7\u0131\u00a0Aziz Weysi, Do\u011fu K\u00fcrdistan\u2019\u0131n (Rojhilat) Ciwanro kentinde \u0130ran g\u00fc\u00e7lerince g\u00f6zalt\u0131na al\u0131nd\u0131.<\/p>\n<p style=\"text-align: justify\">K\u00fcrt sanat\u00e7\u0131n\u0131n,\u00a0Do\u011fu K\u00fcrdistan\u2019daki g\u00f6sterilere destek amac\u0131yla bir \u015fark\u0131 s\u00f6yledi\u011fi iddias\u0131yla g\u00f6zalt\u0131na al\u0131nd\u0131\u011f\u0131 belirtildi.<\/p>\n<p style=\"text-align: justify\">Jina (Mahsa) Emini\u00a0(22) isimli K\u00fcrt kad\u0131n\u0131n Tahran&#8217;da &#8220;ahlak polisi&#8221; olarak bilinen \u0130r\u015fad devriyeleri taraf\u0131ndan g\u00f6zalt\u0131na al\u0131nmas\u0131 sonras\u0131 hayat\u0131n\u0131 kaybetmesiyle Do\u011fu K\u00fcrdistan ve \u0130ran&#8217;da 16 Eyl\u00fcl&#8217;de ba\u015flayan g\u00f6steriler devam ediyor.<\/p>\n<p style=\"text-align: justify\">G\u00f6sterilerde 150&#8217;nin \u00fczerinde ki\u015finin hayat\u0131n\u0131 kaybetti\u011fi, y\u00fczlerce ki\u015finin de g\u00f6zalt\u0131na al\u0131nd\u0131\u011f\u0131 biliniyor<\/p>\n","protected":false},"excerpt":{"rendered":"<p>Hengaw \u0130nsan Haklar\u0131 \u00d6rg\u00fct\u00fc\u2019n\u00fcn a\u00e7\u0131klamas\u0131na g\u00f6re sanat\u00e7\u0131\u00a0Aziz Weysi, Do\u011fu K\u00fcrdistan\u2019\u0131n (Rojhilat) Ciwanro kentinde \u0130ran g\u00fc\u00e7lerince g\u00f6zalt\u0131na al\u0131nd\u0131. K\u00fcrt sanat\u00e7\u0131n\u0131n,\u00a0Do\u011fu K\u00fcrdistan\u2019daki g\u00f6sterilere destek amac\u0131yla bir \u015fark\u0131 s\u00f6yledi\u011fi iddias\u0131yla g\u00f6zalt\u0131na al\u0131nd\u0131\u011f\u0131 belirtildi. Jina (Mahsa) Emini\u00a0(22) isimli K\u00fcrt kad\u0131n\u0131n Tahran&#8217;da &#8220;ahlak polisi&#8221; olarak bilinen \u0130r\u015fad devriyeleri taraf\u0131ndan g\u00f6zalt\u0131na al\u0131nmas\u0131 sonras\u0131 hayat\u0131n\u0131 kaybetmesiyle Do\u011fu K\u00fcrdistan ve \u0130ran&#8217;da 16 Eyl\u00fcl&#8217;de [&hellip;]<\/p>\n","protected":false},"author":2,"featured_media":1021672,"comment_status":"closed","ping_status":"closed","sticky":false,"template":"","format":"standard","meta":{"footnotes":""},"categories":[33],"tags":[],"class_list":["post-1021671","post","type-post","status-publish","format-standard","has-post-thumbnail","hentry","category-sanat"],"blocksy_meta":[],"seo_head":"<!-- This site is optimized with the Yoast SEO plugin v27.5 - https:\/\/yoast.com\/product\/yoast-seo-wordpress\/ -->\n<title>K\u00fcrt sanat\u00e7\u0131 Aziz Weysi g\u00f6zalt\u0131na al\u0131nd\u0131 - Darka Mazi<\/title>\n<meta name=\"robots\" content=\"index, follow, max-snippet:-1, max-image-preview:large, max-video-preview:-1\" \/>\n<link rel=\"canonical\" href=\"https:\/\/darkamazi.site\/archives\/1021671\" \/>\n<meta property=\"og:locale\" content=\"en_US\" \/>\n<meta property=\"og:type\" content=\"article\" \/>\n<meta property=\"og:title\" content=\"K\u00fcrt sanat\u00e7\u0131 Aziz Weysi g\u00f6zalt\u0131na al\u0131nd\u0131 - Darka Mazi\" \/>\n<meta property=\"og:description\" content=\"Hengaw \u0130nsan Haklar\u0131 \u00d6rg\u00fct\u00fc\u2019n\u00fcn a\u00e7\u0131klamas\u0131na g\u00f6re sanat\u00e7\u0131\u00a0Aziz Weysi, Do\u011fu K\u00fcrdistan\u2019\u0131n (Rojhilat) Ciwanro kentinde \u0130ran g\u00fc\u00e7lerince g\u00f6zalt\u0131na al\u0131nd\u0131. K\u00fcrt sanat\u00e7\u0131n\u0131n,\u00a0Do\u011fu K\u00fcrdistan\u2019daki g\u00f6sterilere destek amac\u0131yla bir \u015fark\u0131 s\u00f6yledi\u011fi iddias\u0131yla g\u00f6zalt\u0131na al\u0131nd\u0131\u011f\u0131 belirtildi. Jina (Mahsa) Emini\u00a0(22) isimli K\u00fcrt kad\u0131n\u0131n Tahran&#8217;da &#8220;ahlak polisi&#8221; olarak bilinen \u0130r\u015fad devriyeleri taraf\u0131ndan g\u00f6zalt\u0131na al\u0131nmas\u0131 sonras\u0131 hayat\u0131n\u0131 kaybetmesiyle Do\u011fu K\u00fcrdistan ve \u0130ran&#8217;da 16 Eyl\u00fcl&#8217;de [&hellip;]\" \/>\n<meta property=\"og:url\" content=\"https:\/\/darkamazi.site\/archives\/1021671\" \/>\n<meta property=\"og:site_name\" content=\"Darka Mazi\" \/>\n<meta property=\"article:publisher\" content=\"https:\/\/www.facebook.com\/DarkaMaziturkce\" \/>\n<meta property=\"article:published_time\" content=\"2022-10-15T18:26:06+00:00\" \/>\n<meta property=\"og:image\" content=\"https:\/\/darkamazi.site\/file\/2022\/10\/FfHRzmzXEAE-l5V.jpg\" \/>\n\t<meta property=\"og:image:width\" content=\"1280\" \/>\n\t<meta property=\"og:image:height\" content=\"720\" \/>\n\t<meta property=\"og:image:type\" content=\"image\/jpeg\" \/>\n<meta name=\"author\" content=\"darka mazi\" \/>\n<meta name=\"twitter:card\" content=\"summary_large_image\" \/>\n<meta name=\"twitter:creator\" content=\"@DarkaMaziTurkce\" \/>\n<meta name=\"twitter:site\" content=\"@DarkaMaziTurkce\" \/>\n<meta name=\"twitter:label1\" content=\"Written by\" \/>\n\t<meta name=\"twitter:data1\" content=\"darka mazi\" \/>\n\t<meta name=\"twitter:label2\" content=\"Est. reading time\" \/>\n\t<meta name=\"twitter:data2\" content=\"1 minute\" \/>\n<script type=\"application\/ld+json\" class=\"seo-schema-graph\">{\"@context\":\"https:\\\/\\\/schema.org\",\"@graph\":[{\"@type\":\"NewsArticle\",\"@id\":\"https:\\\/\\\/darkamazi.site\\\/archives\\\/1021671#article\",\"isPartOf\":{\"@id\":\"https:\\\/\\\/darkamazi.site\\\/archives\\\/1021671\"},\"author\":{\"name\":\"darka mazi\",\"@id\":\"https:\\\/\\\/darkamazi.site\\\/#\\\/schema\\\/person\\\/67986a95ac546c16760365877ef4a9d3\"},\"headline\":\"K\u00fcrt sanat\u00e7\u0131 Aziz Weysi g\u00f6zalt\u0131na al\u0131nd\u0131\",\"datePublished\":\"2022-10-15T18:26:06+00:00\",\"mainEntityOfPage\":{\"@id\":\"https:\\\/\\\/darkamazi.site\\\/archives\\\/1021671\"},\"wordCount\":135,\"publisher\":{\"@id\":\"https:\\\/\\\/darkamazi.site\\\/#organization\"},\"image\":{\"@id\":\"https:\\\/\\\/darkamazi.site\\\/archives\\\/1021671#primaryimage\"},\"thumbnailUrl\":\"https:\\\/\\\/darkamazi.site\\\/darka-content\\\/uploads\\\/2022\\\/10\\\/FfHRzmzXEAE-l5V.jpg\",\"articleSection\":[\"Sanat\"],\"inLanguage\":\"en-US\"},{\"@type\":\"WebPage\",\"@id\":\"https:\\\/\\\/darkamazi.site\\\/archives\\\/1021671\",\"url\":\"https:\\\/\\\/darkamazi.site\\\/archives\\\/1021671\",\"name\":\"K\u00fcrt sanat\u00e7\u0131 Aziz Weysi g\u00f6zalt\u0131na al\u0131nd\u0131 - Darka Mazi\",\"isPartOf\":{\"@id\":\"https:\\\/\\\/darkamazi.site\\\/#website\"},\"primaryImageOfPage\":{\"@id\":\"https:\\\/\\\/darkamazi.site\\\/archives\\\/1021671#primaryimage\"},\"image\":{\"@id\":\"https:\\\/\\\/darkamazi.site\\\/archives\\\/1021671#primaryimage\"},\"thumbnailUrl\":\"https:\\\/\\\/darkamazi.site\\\/darka-content\\\/uploads\\\/2022\\\/10\\\/FfHRzmzXEAE-l5V.jpg\",\"datePublished\":\"2022-10-15T18:26:06+00:00\",\"breadcrumb\":{\"@id\":\"https:\\\/\\\/darkamazi.site\\\/archives\\\/1021671#breadcrumb\"},\"inLanguage\":\"en-US\",\"potentialAction\":[{\"@type\":\"ReadAction\",\"target\":[\"https:\\\/\\\/darkamazi.site\\\/archives\\\/1021671\"]}]},{\"@type\":\"ImageObject\",\"inLanguage\":\"en-US\",\"@id\":\"https:\\\/\\\/darkamazi.site\\\/archives\\\/1021671#primaryimage\",\"url\":\"https:\\\/\\\/darkamazi.site\\\/darka-content\\\/uploads\\\/2022\\\/10\\\/FfHRzmzXEAE-l5V.jpg\",\"contentUrl\":\"https:\\\/\\\/darkamazi.site\\\/darka-content\\\/uploads\\\/2022\\\/10\\\/FfHRzmzXEAE-l5V.jpg\",\"width\":1280,\"height\":720,\"caption\":\"K\u00fcrt sanat\u00e7\u0131 Aziz Weysi g\u00f6zalt\u0131na al\u0131nd\u0131\"},{\"@type\":\"BreadcrumbList\",\"@id\":\"https:\\\/\\\/darkamazi.site\\\/archives\\\/1021671#breadcrumb\",\"itemListElement\":[{\"@type\":\"ListItem\",\"position\":1,\"name\":\"Home\",\"item\":\"https:\\\/\\\/darkamazi.site\\\/\"},{\"@type\":\"ListItem\",\"position\":2,\"name\":\"K\u00fcrt sanat\u00e7\u0131 Aziz Weysi g\u00f6zalt\u0131na al\u0131nd\u0131\"}]},{\"@type\":\"WebSite\",\"@id\":\"https:\\\/\\\/darkamazi.site\\\/#website\",\"url\":\"https:\\\/\\\/darkamazi.site\\\/\",\"name\":\"Darka Mazi\",\"description\":\"Ana Sayfa\",\"publisher\":{\"@id\":\"https:\\\/\\\/darkamazi.site\\\/#organization\"},\"potentialAction\":[{\"@type\":\"SearchAction\",\"target\":{\"@type\":\"EntryPoint\",\"urlTemplate\":\"https:\\\/\\\/darkamazi.site\\\/?s={search_term_string}\"},\"query-input\":{\"@type\":\"PropertyValueSpecification\",\"valueRequired\":true,\"valueName\":\"search_term_string\"}}],\"inLanguage\":\"en-US\"},{\"@type\":\"Organization\",\"@id\":\"https:\\\/\\\/darkamazi.site\\\/#organization\",\"name\":\"Darka Mazi T\u00fcrk\u00e7e\",\"alternateName\":\"Darka Mazi\",\"url\":\"https:\\\/\\\/darkamazi.site\\\/\",\"logo\":{\"@type\":\"ImageObject\",\"inLanguage\":\"en-US\",\"@id\":\"https:\\\/\\\/darkamazi.site\\\/#\\\/schema\\\/logo\\\/image\\\/\",\"url\":\"https:\\\/\\\/darkamazi.site\\\/darka-content\\\/uploads\\\/2017\\\/12\\\/darka-mazi-logo.png\",\"contentUrl\":\"https:\\\/\\\/darkamazi.site\\\/darka-content\\\/uploads\\\/2017\\\/12\\\/darka-mazi-logo.png\",\"width\":151,\"height\":75,\"caption\":\"Darka Mazi T\u00fcrk\u00e7e\"},\"image\":{\"@id\":\"https:\\\/\\\/darkamazi.site\\\/#\\\/schema\\\/logo\\\/image\\\/\"},\"sameAs\":[\"https:\\\/\\\/www.facebook.com\\\/DarkaMaziturkce\",\"https:\\\/\\\/x.com\\\/DarkaMaziTurkce\"]},{\"@type\":\"Person\",\"@id\":\"https:\\\/\\\/darkamazi.site\\\/#\\\/schema\\\/person\\\/67986a95ac546c16760365877ef4a9d3\",\"name\":\"darka mazi\",\"sameAs\":[\"https:\\\/\\\/darkamazi.site\"],\"url\":\"https:\\\/\\\/darkamazi.site\\\/archives\\\/author\\\/turkish\"}]}<\/script>\n<!-- \/ Yoast SEO plugin. -->","seo_head_json":{"title":"K\u00fcrt sanat\u00e7\u0131 Aziz Weysi g\u00f6zalt\u0131na al\u0131nd\u0131 - Darka Mazi","robots":{"index":"index","follow":"follow","max-snippet":"max-snippet:-1","max-image-preview":"max-image-preview:large","max-video-preview":"max-video-preview:-1"},"canonical":"https:\/\/darkamazi.site\/archives\/1021671","og_locale":"en_US","og_type":"article","og_title":"K\u00fcrt sanat\u00e7\u0131 Aziz Weysi g\u00f6zalt\u0131na al\u0131nd\u0131 - Darka Mazi","og_description":"Hengaw \u0130nsan Haklar\u0131 \u00d6rg\u00fct\u00fc\u2019n\u00fcn a\u00e7\u0131klamas\u0131na g\u00f6re sanat\u00e7\u0131\u00a0Aziz Weysi, Do\u011fu K\u00fcrdistan\u2019\u0131n (Rojhilat) Ciwanro kentinde \u0130ran g\u00fc\u00e7lerince g\u00f6zalt\u0131na al\u0131nd\u0131. K\u00fcrt sanat\u00e7\u0131n\u0131n,\u00a0Do\u011fu K\u00fcrdistan\u2019daki g\u00f6sterilere destek amac\u0131yla bir \u015fark\u0131 s\u00f6yledi\u011fi iddias\u0131yla g\u00f6zalt\u0131na al\u0131nd\u0131\u011f\u0131 belirtildi. Jina (Mahsa) Emini\u00a0(22) isimli K\u00fcrt kad\u0131n\u0131n Tahran&#8217;da &#8220;ahlak polisi&#8221; olarak bilinen \u0130r\u015fad devriyeleri taraf\u0131ndan g\u00f6zalt\u0131na al\u0131nmas\u0131 sonras\u0131 hayat\u0131n\u0131 kaybetmesiyle Do\u011fu K\u00fcrdistan ve \u0130ran&#8217;da 16 Eyl\u00fcl&#8217;de [&hellip;]","og_url":"https:\/\/darkamazi.site\/archives\/1021671","og_site_name":"Darka Mazi","article_publisher":"https:\/\/www.facebook.com\/DarkaMaziturkce","article_published_time":"2022-10-15T18:26:06+00:00","og_image":[{"width":1280,"height":720,"url":"https:\/\/darkamazi.site\/file\/2022\/10\/FfHRzmzXEAE-l5V.jpg","type":"image\/jpeg"}],"author":"darka mazi","twitter_card":"summary_large_image","twitter_creator":"@DarkaMaziTurkce","twitter_site":"@DarkaMaziTurkce","twitter_misc":{"Written by":"darka mazi","Est. reading time":"1 minute"},"schema":{"@context":"https:\/\/schema.org","@graph":[{"@type":"NewsArticle","@id":"https:\/\/darkamazi.site\/archives\/1021671#article","isPartOf":{"@id":"https:\/\/darkamazi.site\/archives\/1021671"},"author":{"name":"darka mazi","@id":"https:\/\/darkamazi.site\/#\/schema\/person\/67986a95ac546c16760365877ef4a9d3"},"headline":"K\u00fcrt sanat\u00e7\u0131 Aziz Weysi g\u00f6zalt\u0131na al\u0131nd\u0131","datePublished":"2022-10-15T18:26:06+00:00","mainEntityOfPage":{"@id":"https:\/\/darkamazi.site\/archives\/1021671"},"wordCount":135,"publisher":{"@id":"https:\/\/darkamazi.site\/#organization"},"image":{"@id":"https:\/\/darkamazi.site\/archives\/1021671#primaryimage"},"thumbnailUrl":"https:\/\/darkamazi.site\/file\/2022\/10\/FfHRzmzXEAE-l5V.jpg","articleSection":["Sanat"],"inLanguage":"en-US"},{"@type":"WebPage","@id":"https:\/\/darkamazi.site\/archives\/1021671","url":"https:\/\/darkamazi.site\/archives\/1021671","name":"K\u00fcrt sanat\u00e7\u0131 Aziz Weysi g\u00f6zalt\u0131na al\u0131nd\u0131 - Darka Mazi","isPartOf":{"@id":"https:\/\/darkamazi.site\/#website"},"primaryImageOfPage":{"@id":"https:\/\/darkamazi.site\/archives\/1021671#primaryimage"},"image":{"@id":"https:\/\/darkamazi.site\/archives\/1021671#primaryimage"},"thumbnailUrl":"https:\/\/darkamazi.site\/file\/2022\/10\/FfHRzmzXEAE-l5V.jpg","datePublished":"2022-10-15T18:26:06+00:00","breadcrumb":{"@id":"https:\/\/darkamazi.site\/archives\/1021671#breadcrumb"},"inLanguage":"en-US","potentialAction":[{"@type":"ReadAction","target":["https:\/\/darkamazi.site\/archives\/1021671"]}]},{"@type":"ImageObject","inLanguage":"en-US","@id":"https:\/\/darkamazi.site\/archives\/1021671#primaryimage","url":"https:\/\/darkamazi.site\/file\/2022\/10\/FfHRzmzXEAE-l5V.jpg","contentUrl":"https:\/\/darkamazi.site\/file\/2022\/10\/FfHRzmzXEAE-l5V.jpg","width":1280,"height":720,"caption":"K\u00fcrt sanat\u00e7\u0131 Aziz Weysi g\u00f6zalt\u0131na al\u0131nd\u0131"},{"@type":"BreadcrumbList","@id":"https:\/\/darkamazi.site\/archives\/1021671#breadcrumb","itemListElement":[{"@type":"ListItem","position":1,"name":"Home","item":"https:\/\/darkamazi.site\/"},{"@type":"ListItem","position":2,"name":"K\u00fcrt sanat\u00e7\u0131 Aziz Weysi g\u00f6zalt\u0131na al\u0131nd\u0131"}]},{"@type":"WebSite","@id":"https:\/\/darkamazi.site\/#website","url":"https:\/\/darkamazi.site\/","name":"Darka Mazi","description":"Ana Sayfa","publisher":{"@id":"https:\/\/darkamazi.site\/#organization"},"potentialAction":[{"@type":"SearchAction","target":{"@type":"EntryPoint","urlTemplate":"https:\/\/darkamazi.site\/?s={search_term_string}"},"query-input":{"@type":"PropertyValueSpecification","valueRequired":true,"valueName":"search_term_string"}}],"inLanguage":"en-US"},{"@type":"Organization","@id":"https:\/\/darkamazi.site\/#organization","name":"Darka Mazi T\u00fcrk\u00e7e","alternateName":"Darka Mazi","url":"https:\/\/darkamazi.site\/","logo":{"@type":"ImageObject","inLanguage":"en-US","@id":"https:\/\/darkamazi.site\/#\/schema\/logo\/image\/","url":"https:\/\/darkamazi.site\/file\/2017\/12\/darka-mazi-logo.png","contentUrl":"https:\/\/darkamazi.site\/file\/2017\/12\/darka-mazi-logo.png","width":151,"height":75,"caption":"Darka Mazi T\u00fcrk\u00e7e"},"image":{"@id":"https:\/\/darkamazi.site\/#\/schema\/logo\/image\/"},"sameAs":["https:\/\/www.facebook.com\/DarkaMaziturkce","https:\/\/x.com\/DarkaMaziTurkce"]},{"@type":"Person","@id":"https:\/\/darkamazi.site\/#\/schema\/person\/67986a95ac546c16760365877ef4a9d3","name":"darka mazi","sameAs":["https:\/\/darkamazi.site"],"url":"https:\/\/darkamazi.site\/archives\/author\/turkish"}]}},"_links":{"self":[{"href":"https:\/\/darkamazi.site\/funavuv\/wp\/v2\/posts\/1021671","targetHints":{"allow":["GET"]}}],"collection":[{"href":"https:\/\/darkamazi.site\/funavuv\/wp\/v2\/posts"}],"about":[{"href":"https:\/\/darkamazi.site\/funavuv\/wp\/v2\/types\/post"}],"author":[{"embeddable":true,"href":"https:\/\/darkamazi.site\/funavuv\/wp\/v2\/users\/2"}],"replies":[{"embeddable":true,"href":"https:\/\/darkamazi.site\/funavuv\/wp\/v2\/comments?post=1021671"}],"version-history":[{"count":0,"href":"https:\/\/darkamazi.site\/funavuv\/wp\/v2\/posts\/1021671\/revisions"}],"wp:featuredmedia":[{"embeddable":true,"href":"https:\/\/darkamazi.site\/funavuv\/wp\/v2\/media\/1021672"}],"wp:attachment":[{"href":"https:\/\/darkamazi.site\/funavuv\/wp\/v2\/media?parent=1021671"}],"wp:term":[{"taxonomy":"category","embeddable":true,"href":"https:\/\/darkamazi.site\/funavuv\/wp\/v2\/categories?post=1021671"},{"taxonomy":"post_tag","embeddable":true,"href":"https:\/\/darkamazi.site\/funavuv\/wp\/v2\/tags?post=1021671"}],"curies":[{"name":"wp","href":"https:\/\/api.w.org\/{rel}","templated":true}]}}