{"id":1022042,"date":"2022-11-12T14:18:03","date_gmt":"2022-11-12T11:18:03","guid":{"rendered":"https:\/\/darkamazi.site\/?p=1022042"},"modified":"2022-11-12T14:18:03","modified_gmt":"2022-11-12T11:18:03","slug":"iran-istihbarati-itlaat-tarafindan-kacirilan-gazetesi-mesud-kurdpurdan-iki-aya-yakindir-haber-alinamiyor","status":"publish","type":"post","link":"https:\/\/darkamazi.site\/archives\/1022042","title":{"rendered":"\u0130ran istihbarat\u0131 \u0130tlaat taraf\u0131ndan ka\u00e7\u0131r\u0131lan gazetesi Mesud Kurdpur&#8217;dan iki aya yak\u0131nd\u0131r haber al\u0131nam\u0131yor"},"content":{"rendered":"<p style=\"text-align: justify\">\u0130ran\u2019da g\u00f6zalt\u0131na al\u0131nan K\u00fcrt gazeteci Mesud Kurdpur\u2019dan 50 g\u00fcn\u00fc a\u015fk\u0131nd\u0131r haber al\u0131nam\u0131yor. Bu g\u00fcn medyaya d\u00fc\u015fen bilgilere g\u00f6re bir yak\u0131n\u0131 Mesud Kurdpur a\u00e7l\u0131k grevine ba\u015flad\u0131\u011f\u0131n\u0131 s\u00f6yledi. Fakat \u015fu ana de\u011fin avukatlar\u0131 ve ailesi Kurdpur&#8217;un durumana ili\u015fkin net bir bilgiye ula\u015fa bilmi\u015f de\u011filler. Kurdpur \u0130ran istihbarat\u0131 itlaat&#8217;a ait \u00f6zel g\u00fcvenlikli ve ula\u015f\u0131lamaz cezaevlerinde tutuluyor. burdadaki tutuklular\u0131n dosyalar\u0131 resmiyete intikal etmiyor.<\/p>\n<p style=\"text-align: justify\">Kurdpur gazetecilik ve insan haklar\u0131 \u00e7al\u0131\u015fmalar\u0131 nedeniyle \u015fu ana kadar birka\u00e7 kez tutukland\u0131. Kurdpur Mukriyan Haber Ajans\u0131&#8217;n\u0131n ba\u015fyazar\u0131yd\u0131.\u00a0 Rojh\u0131lat\u2019taki insan haklar\u0131 ihlallerine ili\u015fkin haber ve raporlar\u0131 yay\u0131nl\u0131yor.\u00a0Mesud Kurdpur da Jina Emini\u2019nin \u00f6l\u00fcm\u00fcn\u00fcn ard\u0131ndan ba\u015flayan g\u00f6sterilerden 3 g\u00fcn sonra, Do\u011fu K\u00fcrdistan\u2019\u0131n (Rojhilat) Bokan kentinde 20 Eyl\u00fcl\u2019de g\u00f6zalt\u0131nda al\u0131nd\u0131.<\/p>\n<p style=\"text-align: justify\">Kurdpur ailesinin avukat\u0131, Mesud\u2019la ilgili hi\u00e7bir bilgi olmad\u0131\u011f\u0131n\u0131 ve kendisiyle g\u00f6r\u00fc\u015ft\u00fcr\u00fclmediklerini s\u00f6yledi.<\/p>\n<p style=\"text-align: justify\">Hengaw \u0130nsan Haklar\u0131 \u00d6rg\u00fct\u00fc\u2019n\u00fcn payla\u015ft\u0131\u011f\u0131 bilgilere g\u00f6re ailesi en son, Mesud Kurdpur\u2019un Urmiye Cezaevi\u2019nde tutuldu\u011fu bilgisine ula\u015fm\u0131\u015f ancak defalarca yap\u0131lan g\u00f6r\u00fc\u015fme taleplerine olumlu yan\u0131t verilmemi\u015f.<\/p>\n<p style=\"text-align: justify\">Hengaw, Mesud Kurdpur\u2019un \u201culusal g\u00fcvenli\u011fi bozmak\u201dla su\u00e7land\u0131\u011f\u0131n\u0131 bildirdi. Tahran\u2019da \u201cba\u015f\u00f6rt\u00fcs\u00fcn\u00fc d\u00fczg\u00fcn takmad\u0131\u011f\u0131\u201d gerek\u00e7esiyle \u201cahlak polisi\u201d olarak bilinen \u0130r\u015fad devriyelerince g\u00f6zalt\u0131na al\u0131nan K\u00fcrt kad\u0131n Jina (Mahsa) Emini, g\u00f6rd\u00fc\u011f\u00fc muamele sonucu ya\u015fam\u0131n\u0131 yitirmi\u015fti. Jina Emini\u2019nin topra\u011fa verilmesinin ard\u0131ndan 17 Eyl\u00fcl\u2019de Do\u011fu K\u00fcrdistan ve \u0130ran\u2019\u0131n bir\u00e7ok kentinde g\u00f6steriler ba\u015flad\u0131.<\/p>\n<p style=\"text-align: justify\">Halen devam eden g\u00f6sterilerde 300 dolay\u0131nda ki\u015finin hayat\u0131n\u0131 kaybetti\u011fi y\u00fczlerce ki\u015finin de yaraland\u0131\u011f\u0131 belirtiliyor.<\/p>\n<p style=\"text-align: justify\">\u00d6te yandan insan haklar\u0131 \u00f6rg\u00fctleri, 15 bine yak\u0131n ki\u015finin de g\u00f6zalt\u0131na al\u0131nd\u0131\u011f\u0131n\u0131 aktar\u0131yor.<\/p>\n","protected":false},"excerpt":{"rendered":"<p>\u0130ran\u2019da g\u00f6zalt\u0131na al\u0131nan K\u00fcrt gazeteci Mesud Kurdpur\u2019dan 50 g\u00fcn\u00fc a\u015fk\u0131nd\u0131r haber al\u0131nam\u0131yor. Bu g\u00fcn medyaya d\u00fc\u015fen bilgilere g\u00f6re bir yak\u0131n\u0131 Mesud Kurdpur a\u00e7l\u0131k grevine ba\u015flad\u0131\u011f\u0131n\u0131 s\u00f6yledi. Fakat \u015fu ana de\u011fin avukatlar\u0131 ve ailesi Kurdpur&#8217;un durumana ili\u015fkin net bir bilgiye ula\u015fa bilmi\u015f de\u011filler. Kurdpur \u0130ran istihbarat\u0131 itlaat&#8217;a ait \u00f6zel g\u00fcvenlikli ve ula\u015f\u0131lamaz cezaevlerinde tutuluyor. burdadaki tutuklular\u0131n [&hellip;]<\/p>\n","protected":false},"author":2,"featured_media":1022043,"comment_status":"closed","ping_status":"closed","sticky":false,"template":"","format":"standard","meta":{"footnotes":""},"categories":[3],"tags":[31],"class_list":["post-1022042","post","type-post","status-publish","format-standard","has-post-thumbnail","hentry","category-kurdistan","tag-onemli"],"blocksy_meta":[],"seo_head":"<!-- This site is optimized with the Yoast SEO plugin v27.5 - https:\/\/yoast.com\/product\/yoast-seo-wordpress\/ -->\n<title>\u0130ran istihbarat\u0131 \u0130tlaat taraf\u0131ndan ka\u00e7\u0131r\u0131lan gazetesi Mesud Kurdpur&#039;dan iki aya yak\u0131nd\u0131r haber al\u0131nam\u0131yor - Darka Mazi<\/title>\n<meta name=\"robots\" content=\"index, follow, max-snippet:-1, max-image-preview:large, max-video-preview:-1\" \/>\n<link rel=\"canonical\" href=\"https:\/\/darkamazi.site\/archives\/1022042\" \/>\n<meta property=\"og:locale\" content=\"en_US\" \/>\n<meta property=\"og:type\" content=\"article\" \/>\n<meta property=\"og:title\" content=\"\u0130ran istihbarat\u0131 \u0130tlaat taraf\u0131ndan ka\u00e7\u0131r\u0131lan gazetesi Mesud Kurdpur&#039;dan iki aya yak\u0131nd\u0131r haber al\u0131nam\u0131yor - Darka Mazi\" \/>\n<meta property=\"og:description\" content=\"\u0130ran\u2019da g\u00f6zalt\u0131na al\u0131nan K\u00fcrt gazeteci Mesud Kurdpur\u2019dan 50 g\u00fcn\u00fc a\u015fk\u0131nd\u0131r haber al\u0131nam\u0131yor. Bu g\u00fcn medyaya d\u00fc\u015fen bilgilere g\u00f6re bir yak\u0131n\u0131 Mesud Kurdpur a\u00e7l\u0131k grevine ba\u015flad\u0131\u011f\u0131n\u0131 s\u00f6yledi. Fakat \u015fu ana de\u011fin avukatlar\u0131 ve ailesi Kurdpur&#8217;un durumana ili\u015fkin net bir bilgiye ula\u015fa bilmi\u015f de\u011filler. Kurdpur \u0130ran istihbarat\u0131 itlaat&#8217;a ait \u00f6zel g\u00fcvenlikli ve ula\u015f\u0131lamaz cezaevlerinde tutuluyor. burdadaki tutuklular\u0131n [&hellip;]\" \/>\n<meta property=\"og:url\" content=\"https:\/\/darkamazi.site\/archives\/1022042\" \/>\n<meta property=\"og:site_name\" content=\"Darka Mazi\" \/>\n<meta property=\"article:publisher\" content=\"https:\/\/www.facebook.com\/DarkaMaziturkce\" \/>\n<meta property=\"article:published_time\" content=\"2022-11-12T11:18:03+00:00\" \/>\n<meta property=\"og:image\" content=\"https:\/\/darkamazi.site\/file\/2022\/11\/Mesud-Kurdpur-Darka-Mazi-Urmiye.jpg\" \/>\n\t<meta property=\"og:image:width\" content=\"900\" \/>\n\t<meta property=\"og:image:height\" content=\"497\" \/>\n\t<meta property=\"og:image:type\" content=\"image\/jpeg\" \/>\n<meta name=\"author\" content=\"darka mazi\" \/>\n<meta name=\"twitter:card\" content=\"summary_large_image\" \/>\n<meta name=\"twitter:creator\" content=\"@DarkaMaziTurkce\" \/>\n<meta name=\"twitter:site\" content=\"@DarkaMaziTurkce\" \/>\n<meta name=\"twitter:label1\" content=\"Written by\" \/>\n\t<meta name=\"twitter:data1\" content=\"darka mazi\" \/>\n\t<meta name=\"twitter:label2\" content=\"Est. reading time\" \/>\n\t<meta name=\"twitter:data2\" content=\"1 minute\" \/>\n<script type=\"application\/ld+json\" class=\"seo-schema-graph\">{\"@context\":\"https:\\\/\\\/schema.org\",\"@graph\":[{\"@type\":\"NewsArticle\",\"@id\":\"https:\\\/\\\/darkamazi.site\\\/archives\\\/1022042#article\",\"isPartOf\":{\"@id\":\"https:\\\/\\\/darkamazi.site\\\/archives\\\/1022042\"},\"author\":{\"name\":\"darka mazi\",\"@id\":\"https:\\\/\\\/darkamazi.site\\\/#\\\/schema\\\/person\\\/67986a95ac546c16760365877ef4a9d3\"},\"headline\":\"\u0130ran istihbarat\u0131 \u0130tlaat taraf\u0131ndan ka\u00e7\u0131r\u0131lan gazetesi Mesud Kurdpur&#8217;dan iki aya yak\u0131nd\u0131r haber al\u0131nam\u0131yor\",\"datePublished\":\"2022-11-12T11:18:03+00:00\",\"mainEntityOfPage\":{\"@id\":\"https:\\\/\\\/darkamazi.site\\\/archives\\\/1022042\"},\"wordCount\":358,\"publisher\":{\"@id\":\"https:\\\/\\\/darkamazi.site\\\/#organization\"},\"image\":{\"@id\":\"https:\\\/\\\/darkamazi.site\\\/archives\\\/1022042#primaryimage\"},\"thumbnailUrl\":\"https:\\\/\\\/darkamazi.site\\\/darka-content\\\/uploads\\\/2022\\\/11\\\/Mesud-Kurdpur-Darka-Mazi-Urmiye.jpg\",\"keywords\":[\"\u00f6nemli\"],\"articleSection\":[\"Kurdistan\"],\"inLanguage\":\"en-US\"},{\"@type\":\"WebPage\",\"@id\":\"https:\\\/\\\/darkamazi.site\\\/archives\\\/1022042\",\"url\":\"https:\\\/\\\/darkamazi.site\\\/archives\\\/1022042\",\"name\":\"\u0130ran istihbarat\u0131 \u0130tlaat taraf\u0131ndan ka\u00e7\u0131r\u0131lan gazetesi Mesud Kurdpur'dan iki aya yak\u0131nd\u0131r haber al\u0131nam\u0131yor - Darka Mazi\",\"isPartOf\":{\"@id\":\"https:\\\/\\\/darkamazi.site\\\/#website\"},\"primaryImageOfPage\":{\"@id\":\"https:\\\/\\\/darkamazi.site\\\/archives\\\/1022042#primaryimage\"},\"image\":{\"@id\":\"https:\\\/\\\/darkamazi.site\\\/archives\\\/1022042#primaryimage\"},\"thumbnailUrl\":\"https:\\\/\\\/darkamazi.site\\\/darka-content\\\/uploads\\\/2022\\\/11\\\/Mesud-Kurdpur-Darka-Mazi-Urmiye.jpg\",\"datePublished\":\"2022-11-12T11:18:03+00:00\",\"breadcrumb\":{\"@id\":\"https:\\\/\\\/darkamazi.site\\\/archives\\\/1022042#breadcrumb\"},\"inLanguage\":\"en-US\",\"potentialAction\":[{\"@type\":\"ReadAction\",\"target\":[\"https:\\\/\\\/darkamazi.site\\\/archives\\\/1022042\"]}]},{\"@type\":\"ImageObject\",\"inLanguage\":\"en-US\",\"@id\":\"https:\\\/\\\/darkamazi.site\\\/archives\\\/1022042#primaryimage\",\"url\":\"https:\\\/\\\/darkamazi.site\\\/darka-content\\\/uploads\\\/2022\\\/11\\\/Mesud-Kurdpur-Darka-Mazi-Urmiye.jpg\",\"contentUrl\":\"https:\\\/\\\/darkamazi.site\\\/darka-content\\\/uploads\\\/2022\\\/11\\\/Mesud-Kurdpur-Darka-Mazi-Urmiye.jpg\",\"width\":900,\"height\":497,\"caption\":\"\u0130ran istihbarat\u0131 \u0130tlaat taraf\u0131ndan ka\u00e7\u0131r\u0131lan gazetesi Mesud Kurdpur'dan iki aya yak\u0131n haber al\u0131nam\u0131yor urmuye, itlaat, iran, Jina Amini,\"},{\"@type\":\"BreadcrumbList\",\"@id\":\"https:\\\/\\\/darkamazi.site\\\/archives\\\/1022042#breadcrumb\",\"itemListElement\":[{\"@type\":\"ListItem\",\"position\":1,\"name\":\"Home\",\"item\":\"https:\\\/\\\/darkamazi.site\\\/\"},{\"@type\":\"ListItem\",\"position\":2,\"name\":\"\u0130ran istihbarat\u0131 \u0130tlaat taraf\u0131ndan ka\u00e7\u0131r\u0131lan gazetesi Mesud Kurdpur&#8217;dan iki aya yak\u0131nd\u0131r haber al\u0131nam\u0131yor\"}]},{\"@type\":\"WebSite\",\"@id\":\"https:\\\/\\\/darkamazi.site\\\/#website\",\"url\":\"https:\\\/\\\/darkamazi.site\\\/\",\"name\":\"Darka Mazi\",\"description\":\"Ana Sayfa\",\"publisher\":{\"@id\":\"https:\\\/\\\/darkamazi.site\\\/#organization\"},\"potentialAction\":[{\"@type\":\"SearchAction\",\"target\":{\"@type\":\"EntryPoint\",\"urlTemplate\":\"https:\\\/\\\/darkamazi.site\\\/?s={search_term_string}\"},\"query-input\":{\"@type\":\"PropertyValueSpecification\",\"valueRequired\":true,\"valueName\":\"search_term_string\"}}],\"inLanguage\":\"en-US\"},{\"@type\":\"Organization\",\"@id\":\"https:\\\/\\\/darkamazi.site\\\/#organization\",\"name\":\"Darka Mazi T\u00fcrk\u00e7e\",\"alternateName\":\"Darka Mazi\",\"url\":\"https:\\\/\\\/darkamazi.site\\\/\",\"logo\":{\"@type\":\"ImageObject\",\"inLanguage\":\"en-US\",\"@id\":\"https:\\\/\\\/darkamazi.site\\\/#\\\/schema\\\/logo\\\/image\\\/\",\"url\":\"https:\\\/\\\/darkamazi.site\\\/darka-content\\\/uploads\\\/2017\\\/12\\\/darka-mazi-logo.png\",\"contentUrl\":\"https:\\\/\\\/darkamazi.site\\\/darka-content\\\/uploads\\\/2017\\\/12\\\/darka-mazi-logo.png\",\"width\":151,\"height\":75,\"caption\":\"Darka Mazi T\u00fcrk\u00e7e\"},\"image\":{\"@id\":\"https:\\\/\\\/darkamazi.site\\\/#\\\/schema\\\/logo\\\/image\\\/\"},\"sameAs\":[\"https:\\\/\\\/www.facebook.com\\\/DarkaMaziturkce\",\"https:\\\/\\\/x.com\\\/DarkaMaziTurkce\"]},{\"@type\":\"Person\",\"@id\":\"https:\\\/\\\/darkamazi.site\\\/#\\\/schema\\\/person\\\/67986a95ac546c16760365877ef4a9d3\",\"name\":\"darka mazi\",\"sameAs\":[\"https:\\\/\\\/darkamazi.site\"],\"url\":\"https:\\\/\\\/darkamazi.site\\\/archives\\\/author\\\/turkish\"}]}<\/script>\n<!-- \/ Yoast SEO plugin. -->","seo_head_json":{"title":"\u0130ran istihbarat\u0131 \u0130tlaat taraf\u0131ndan ka\u00e7\u0131r\u0131lan gazetesi Mesud Kurdpur'dan iki aya yak\u0131nd\u0131r haber al\u0131nam\u0131yor - Darka Mazi","robots":{"index":"index","follow":"follow","max-snippet":"max-snippet:-1","max-image-preview":"max-image-preview:large","max-video-preview":"max-video-preview:-1"},"canonical":"https:\/\/darkamazi.site\/archives\/1022042","og_locale":"en_US","og_type":"article","og_title":"\u0130ran istihbarat\u0131 \u0130tlaat taraf\u0131ndan ka\u00e7\u0131r\u0131lan gazetesi Mesud Kurdpur'dan iki aya yak\u0131nd\u0131r haber al\u0131nam\u0131yor - Darka Mazi","og_description":"\u0130ran\u2019da g\u00f6zalt\u0131na al\u0131nan K\u00fcrt gazeteci Mesud Kurdpur\u2019dan 50 g\u00fcn\u00fc a\u015fk\u0131nd\u0131r haber al\u0131nam\u0131yor. Bu g\u00fcn medyaya d\u00fc\u015fen bilgilere g\u00f6re bir yak\u0131n\u0131 Mesud Kurdpur a\u00e7l\u0131k grevine ba\u015flad\u0131\u011f\u0131n\u0131 s\u00f6yledi. Fakat \u015fu ana de\u011fin avukatlar\u0131 ve ailesi Kurdpur&#8217;un durumana ili\u015fkin net bir bilgiye ula\u015fa bilmi\u015f de\u011filler. Kurdpur \u0130ran istihbarat\u0131 itlaat&#8217;a ait \u00f6zel g\u00fcvenlikli ve ula\u015f\u0131lamaz cezaevlerinde tutuluyor. burdadaki tutuklular\u0131n [&hellip;]","og_url":"https:\/\/darkamazi.site\/archives\/1022042","og_site_name":"Darka Mazi","article_publisher":"https:\/\/www.facebook.com\/DarkaMaziturkce","article_published_time":"2022-11-12T11:18:03+00:00","og_image":[{"width":900,"height":497,"url":"https:\/\/darkamazi.site\/file\/2022\/11\/Mesud-Kurdpur-Darka-Mazi-Urmiye.jpg","type":"image\/jpeg"}],"author":"darka mazi","twitter_card":"summary_large_image","twitter_creator":"@DarkaMaziTurkce","twitter_site":"@DarkaMaziTurkce","twitter_misc":{"Written by":"darka mazi","Est. reading time":"1 minute"},"schema":{"@context":"https:\/\/schema.org","@graph":[{"@type":"NewsArticle","@id":"https:\/\/darkamazi.site\/archives\/1022042#article","isPartOf":{"@id":"https:\/\/darkamazi.site\/archives\/1022042"},"author":{"name":"darka mazi","@id":"https:\/\/darkamazi.site\/#\/schema\/person\/67986a95ac546c16760365877ef4a9d3"},"headline":"\u0130ran istihbarat\u0131 \u0130tlaat taraf\u0131ndan ka\u00e7\u0131r\u0131lan gazetesi Mesud Kurdpur&#8217;dan iki aya yak\u0131nd\u0131r haber al\u0131nam\u0131yor","datePublished":"2022-11-12T11:18:03+00:00","mainEntityOfPage":{"@id":"https:\/\/darkamazi.site\/archives\/1022042"},"wordCount":358,"publisher":{"@id":"https:\/\/darkamazi.site\/#organization"},"image":{"@id":"https:\/\/darkamazi.site\/archives\/1022042#primaryimage"},"thumbnailUrl":"https:\/\/darkamazi.site\/file\/2022\/11\/Mesud-Kurdpur-Darka-Mazi-Urmiye.jpg","keywords":["\u00f6nemli"],"articleSection":["Kurdistan"],"inLanguage":"en-US"},{"@type":"WebPage","@id":"https:\/\/darkamazi.site\/archives\/1022042","url":"https:\/\/darkamazi.site\/archives\/1022042","name":"\u0130ran istihbarat\u0131 \u0130tlaat taraf\u0131ndan ka\u00e7\u0131r\u0131lan gazetesi Mesud Kurdpur'dan iki aya yak\u0131nd\u0131r haber al\u0131nam\u0131yor - Darka Mazi","isPartOf":{"@id":"https:\/\/darkamazi.site\/#website"},"primaryImageOfPage":{"@id":"https:\/\/darkamazi.site\/archives\/1022042#primaryimage"},"image":{"@id":"https:\/\/darkamazi.site\/archives\/1022042#primaryimage"},"thumbnailUrl":"https:\/\/darkamazi.site\/file\/2022\/11\/Mesud-Kurdpur-Darka-Mazi-Urmiye.jpg","datePublished":"2022-11-12T11:18:03+00:00","breadcrumb":{"@id":"https:\/\/darkamazi.site\/archives\/1022042#breadcrumb"},"inLanguage":"en-US","potentialAction":[{"@type":"ReadAction","target":["https:\/\/darkamazi.site\/archives\/1022042"]}]},{"@type":"ImageObject","inLanguage":"en-US","@id":"https:\/\/darkamazi.site\/archives\/1022042#primaryimage","url":"https:\/\/darkamazi.site\/file\/2022\/11\/Mesud-Kurdpur-Darka-Mazi-Urmiye.jpg","contentUrl":"https:\/\/darkamazi.site\/file\/2022\/11\/Mesud-Kurdpur-Darka-Mazi-Urmiye.jpg","width":900,"height":497,"caption":"\u0130ran istihbarat\u0131 \u0130tlaat taraf\u0131ndan ka\u00e7\u0131r\u0131lan gazetesi Mesud Kurdpur'dan iki aya yak\u0131n haber al\u0131nam\u0131yor urmuye, itlaat, iran, Jina Amini,"},{"@type":"BreadcrumbList","@id":"https:\/\/darkamazi.site\/archives\/1022042#breadcrumb","itemListElement":[{"@type":"ListItem","position":1,"name":"Home","item":"https:\/\/darkamazi.site\/"},{"@type":"ListItem","position":2,"name":"\u0130ran istihbarat\u0131 \u0130tlaat taraf\u0131ndan ka\u00e7\u0131r\u0131lan gazetesi Mesud Kurdpur&#8217;dan iki aya yak\u0131nd\u0131r haber al\u0131nam\u0131yor"}]},{"@type":"WebSite","@id":"https:\/\/darkamazi.site\/#website","url":"https:\/\/darkamazi.site\/","name":"Darka Mazi","description":"Ana Sayfa","publisher":{"@id":"https:\/\/darkamazi.site\/#organization"},"potentialAction":[{"@type":"SearchAction","target":{"@type":"EntryPoint","urlTemplate":"https:\/\/darkamazi.site\/?s={search_term_string}"},"query-input":{"@type":"PropertyValueSpecification","valueRequired":true,"valueName":"search_term_string"}}],"inLanguage":"en-US"},{"@type":"Organization","@id":"https:\/\/darkamazi.site\/#organization","name":"Darka Mazi T\u00fcrk\u00e7e","alternateName":"Darka Mazi","url":"https:\/\/darkamazi.site\/","logo":{"@type":"ImageObject","inLanguage":"en-US","@id":"https:\/\/darkamazi.site\/#\/schema\/logo\/image\/","url":"https:\/\/darkamazi.site\/file\/2017\/12\/darka-mazi-logo.png","contentUrl":"https:\/\/darkamazi.site\/file\/2017\/12\/darka-mazi-logo.png","width":151,"height":75,"caption":"Darka Mazi T\u00fcrk\u00e7e"},"image":{"@id":"https:\/\/darkamazi.site\/#\/schema\/logo\/image\/"},"sameAs":["https:\/\/www.facebook.com\/DarkaMaziturkce","https:\/\/x.com\/DarkaMaziTurkce"]},{"@type":"Person","@id":"https:\/\/darkamazi.site\/#\/schema\/person\/67986a95ac546c16760365877ef4a9d3","name":"darka mazi","sameAs":["https:\/\/darkamazi.site"],"url":"https:\/\/darkamazi.site\/archives\/author\/turkish"}]}},"_links":{"self":[{"href":"https:\/\/darkamazi.site\/funavuv\/wp\/v2\/posts\/1022042","targetHints":{"allow":["GET"]}}],"collection":[{"href":"https:\/\/darkamazi.site\/funavuv\/wp\/v2\/posts"}],"about":[{"href":"https:\/\/darkamazi.site\/funavuv\/wp\/v2\/types\/post"}],"author":[{"embeddable":true,"href":"https:\/\/darkamazi.site\/funavuv\/wp\/v2\/users\/2"}],"replies":[{"embeddable":true,"href":"https:\/\/darkamazi.site\/funavuv\/wp\/v2\/comments?post=1022042"}],"version-history":[{"count":0,"href":"https:\/\/darkamazi.site\/funavuv\/wp\/v2\/posts\/1022042\/revisions"}],"wp:featuredmedia":[{"embeddable":true,"href":"https:\/\/darkamazi.site\/funavuv\/wp\/v2\/media\/1022043"}],"wp:attachment":[{"href":"https:\/\/darkamazi.site\/funavuv\/wp\/v2\/media?parent=1022042"}],"wp:term":[{"taxonomy":"category","embeddable":true,"href":"https:\/\/darkamazi.site\/funavuv\/wp\/v2\/categories?post=1022042"},{"taxonomy":"post_tag","embeddable":true,"href":"https:\/\/darkamazi.site\/funavuv\/wp\/v2\/tags?post=1022042"}],"curies":[{"name":"wp","href":"https:\/\/api.w.org\/{rel}","templated":true}]}}