{"id":1022176,"date":"2022-11-22T10:23:20","date_gmt":"2022-11-22T07:23:20","guid":{"rendered":"https:\/\/darkamazi.site\/?p=1022176"},"modified":"2022-11-22T10:23:20","modified_gmt":"2022-11-22T07:23:20","slug":"kritik-ziyaret-necirvan-barzani-ana-konulari-gorusmek-uzere-bagdata-gidiyor","status":"publish","type":"post","link":"https:\/\/darkamazi.site\/archives\/1022176","title":{"rendered":"Kritik ziyaret: Ne\u00e7irvan Barzani ana konular\u0131 g\u00f6r\u00fc\u015fmek \u00fczere Ba\u011fdat&#8217;a gidiyor"},"content":{"rendered":"<p>Ba\u015fkan Ne\u00e7irvan Barzani bir dizi temaslarda bulunmak \u00fczere bug\u00fcn Ba\u011fdat\u2019a gitti. Barzani\u2019nin, Irak Cumhurba\u015fkan\u0131 Latif Re\u015fid, Ba\u015fbakan Muhammed \u015eiya es-Sudani ve Yarg\u0131 Ba\u015fkan\u0131 Fayeq Zeydan\u2019\u0131n yan\u0131 s\u0131ra \u00e7ok say\u0131da \u00fcst d\u00fczey yetkili ile g\u00f6r\u00fc\u015fmesi bekleniyor.<\/p>\n<p>K\u00fcrdistan B\u00f6lgesi Ba\u015fkanl\u0131\u011f\u0131ndan yap\u0131lan a\u00e7\u0131klamaya g\u00f6re, Barzani ziyareti s\u0131ras\u0131nda \u00fclkedeki durum, Erbil-Ba\u011fdat ili\u015fkileri, b\u00f6lgedeki son geli\u015fmeler ve di\u011fer konular\u0131 g\u00f6r\u00fc\u015fecek.<\/p>\n<p>Irak\u2019ta yeni h\u00fck\u00fcmetin g\u00f6reve gelmesinin ard\u0131ndan K\u00fcrdistan B\u00f6lgesi, Anayasa\u2019n\u0131n 140. Maddesi ile petrol ve gaz yasas\u0131 ba\u015fta olmak \u00fczere taleplerinin hayata ge\u00e7mesini bekliyor.<\/p>\n<p>Ge\u00e7ti\u011fimiz y\u0131l yap\u0131lan se\u00e7imlerin ard\u0131ndan \u00e7\u0131kmaza giren siyasi s\u00fcre\u00e7te t\u0131kan\u0131kl\u0131\u011f\u0131 a\u015fmak ve yeni h\u00fck\u00fcmeti kurmak i\u00e7in y\u00fcr\u00fct\u00fclen m\u00fczakerelerin ko\u015fullar\u0131ndan biri de K\u00fcrdistan B\u00f6lgesi&#8217;nin 2023 b\u00fct\u00e7e tasar\u0131s\u0131n\u0131n haz\u0131rlanmas\u0131na kat\u0131lmas\u0131 meselesiydi.<\/p>\n<p>Ancak bu g\u00fcne kadar b\u00fct\u00e7e konusunda Irak Parlamentosunda herhangi bir oturum yap\u0131lmad\u0131.<\/p>\n","protected":false},"excerpt":{"rendered":"<p>Ba\u015fkan Ne\u00e7irvan Barzani bir dizi temaslarda bulunmak \u00fczere bug\u00fcn Ba\u011fdat\u2019a gitti. Barzani\u2019nin, Irak Cumhurba\u015fkan\u0131 Latif Re\u015fid, Ba\u015fbakan Muhammed \u015eiya es-Sudani ve Yarg\u0131 Ba\u015fkan\u0131 Fayeq Zeydan\u2019\u0131n yan\u0131 s\u0131ra \u00e7ok say\u0131da \u00fcst d\u00fczey yetkili ile g\u00f6r\u00fc\u015fmesi bekleniyor. K\u00fcrdistan B\u00f6lgesi Ba\u015fkanl\u0131\u011f\u0131ndan yap\u0131lan a\u00e7\u0131klamaya g\u00f6re, Barzani ziyareti s\u0131ras\u0131nda \u00fclkedeki durum, Erbil-Ba\u011fdat ili\u015fkileri, b\u00f6lgedeki son geli\u015fmeler ve di\u011fer konular\u0131 g\u00f6r\u00fc\u015fecek. [&hellip;]<\/p>\n","protected":false},"author":2,"featured_media":1022177,"comment_status":"closed","ping_status":"closed","sticky":false,"template":"","format":"standard","meta":{"footnotes":""},"categories":[3],"tags":[31],"class_list":["post-1022176","post","type-post","status-publish","format-standard","has-post-thumbnail","hentry","category-kurdistan","tag-onemli"],"blocksy_meta":[],"seo_head":"<!-- This site is optimized with the Yoast SEO plugin v27.5 - https:\/\/yoast.com\/product\/yoast-seo-wordpress\/ -->\n<title>Kritik ziyaret: Ne\u00e7irvan Barzani ana konular\u0131 g\u00f6r\u00fc\u015fmek \u00fczere Ba\u011fdat&#039;a gidiyor - Darka Mazi<\/title>\n<meta name=\"robots\" content=\"index, follow, max-snippet:-1, max-image-preview:large, max-video-preview:-1\" \/>\n<link rel=\"canonical\" href=\"https:\/\/darkamazi.site\/archives\/1022176\" \/>\n<meta property=\"og:locale\" content=\"en_US\" \/>\n<meta property=\"og:type\" content=\"article\" \/>\n<meta property=\"og:title\" content=\"Kritik ziyaret: Ne\u00e7irvan Barzani ana konular\u0131 g\u00f6r\u00fc\u015fmek \u00fczere Ba\u011fdat&#039;a gidiyor - Darka Mazi\" \/>\n<meta property=\"og:description\" content=\"Ba\u015fkan Ne\u00e7irvan Barzani bir dizi temaslarda bulunmak \u00fczere bug\u00fcn Ba\u011fdat\u2019a gitti. Barzani\u2019nin, Irak Cumhurba\u015fkan\u0131 Latif Re\u015fid, Ba\u015fbakan Muhammed \u015eiya es-Sudani ve Yarg\u0131 Ba\u015fkan\u0131 Fayeq Zeydan\u2019\u0131n yan\u0131 s\u0131ra \u00e7ok say\u0131da \u00fcst d\u00fczey yetkili ile g\u00f6r\u00fc\u015fmesi bekleniyor. K\u00fcrdistan B\u00f6lgesi Ba\u015fkanl\u0131\u011f\u0131ndan yap\u0131lan a\u00e7\u0131klamaya g\u00f6re, Barzani ziyareti s\u0131ras\u0131nda \u00fclkedeki durum, Erbil-Ba\u011fdat ili\u015fkileri, b\u00f6lgedeki son geli\u015fmeler ve di\u011fer konular\u0131 g\u00f6r\u00fc\u015fecek. [&hellip;]\" \/>\n<meta property=\"og:url\" content=\"https:\/\/darkamazi.site\/archives\/1022176\" \/>\n<meta property=\"og:site_name\" content=\"Darka Mazi\" \/>\n<meta property=\"article:publisher\" content=\"https:\/\/www.facebook.com\/DarkaMaziturkce\" \/>\n<meta property=\"article:published_time\" content=\"2022-11-22T07:23:20+00:00\" \/>\n<meta property=\"og:image\" content=\"https:\/\/darkamazi.site\/file\/2022\/11\/598442Image1.jpg\" \/>\n\t<meta property=\"og:image:width\" content=\"1500\" \/>\n\t<meta property=\"og:image:height\" content=\"945\" \/>\n\t<meta property=\"og:image:type\" content=\"image\/jpeg\" \/>\n<meta name=\"author\" content=\"darka mazi\" \/>\n<meta name=\"twitter:card\" content=\"summary_large_image\" \/>\n<meta name=\"twitter:creator\" content=\"@DarkaMaziTurkce\" \/>\n<meta name=\"twitter:site\" content=\"@DarkaMaziTurkce\" \/>\n<meta name=\"twitter:label1\" content=\"Written by\" \/>\n\t<meta name=\"twitter:data1\" content=\"darka mazi\" \/>\n\t<meta name=\"twitter:label2\" content=\"Est. reading time\" \/>\n\t<meta name=\"twitter:data2\" content=\"1 minute\" \/>\n<script type=\"application\/ld+json\" class=\"seo-schema-graph\">{\"@context\":\"https:\\\/\\\/schema.org\",\"@graph\":[{\"@type\":\"NewsArticle\",\"@id\":\"https:\\\/\\\/darkamazi.site\\\/archives\\\/1022176#article\",\"isPartOf\":{\"@id\":\"https:\\\/\\\/darkamazi.site\\\/archives\\\/1022176\"},\"author\":{\"name\":\"darka mazi\",\"@id\":\"https:\\\/\\\/darkamazi.site\\\/#\\\/schema\\\/person\\\/67986a95ac546c16760365877ef4a9d3\"},\"headline\":\"Kritik ziyaret: Ne\u00e7irvan Barzani ana konular\u0131 g\u00f6r\u00fc\u015fmek \u00fczere Ba\u011fdat&#8217;a gidiyor\",\"datePublished\":\"2022-11-22T07:23:20+00:00\",\"mainEntityOfPage\":{\"@id\":\"https:\\\/\\\/darkamazi.site\\\/archives\\\/1022176\"},\"wordCount\":210,\"publisher\":{\"@id\":\"https:\\\/\\\/darkamazi.site\\\/#organization\"},\"image\":{\"@id\":\"https:\\\/\\\/darkamazi.site\\\/archives\\\/1022176#primaryimage\"},\"thumbnailUrl\":\"https:\\\/\\\/darkamazi.site\\\/darka-content\\\/uploads\\\/2022\\\/11\\\/598442Image1.jpg\",\"keywords\":[\"\u00f6nemli\"],\"articleSection\":[\"Kurdistan\"],\"inLanguage\":\"en-US\"},{\"@type\":\"WebPage\",\"@id\":\"https:\\\/\\\/darkamazi.site\\\/archives\\\/1022176\",\"url\":\"https:\\\/\\\/darkamazi.site\\\/archives\\\/1022176\",\"name\":\"Kritik ziyaret: Ne\u00e7irvan Barzani ana konular\u0131 g\u00f6r\u00fc\u015fmek \u00fczere Ba\u011fdat'a gidiyor - Darka Mazi\",\"isPartOf\":{\"@id\":\"https:\\\/\\\/darkamazi.site\\\/#website\"},\"primaryImageOfPage\":{\"@id\":\"https:\\\/\\\/darkamazi.site\\\/archives\\\/1022176#primaryimage\"},\"image\":{\"@id\":\"https:\\\/\\\/darkamazi.site\\\/archives\\\/1022176#primaryimage\"},\"thumbnailUrl\":\"https:\\\/\\\/darkamazi.site\\\/darka-content\\\/uploads\\\/2022\\\/11\\\/598442Image1.jpg\",\"datePublished\":\"2022-11-22T07:23:20+00:00\",\"breadcrumb\":{\"@id\":\"https:\\\/\\\/darkamazi.site\\\/archives\\\/1022176#breadcrumb\"},\"inLanguage\":\"en-US\",\"potentialAction\":[{\"@type\":\"ReadAction\",\"target\":[\"https:\\\/\\\/darkamazi.site\\\/archives\\\/1022176\"]}]},{\"@type\":\"ImageObject\",\"inLanguage\":\"en-US\",\"@id\":\"https:\\\/\\\/darkamazi.site\\\/archives\\\/1022176#primaryimage\",\"url\":\"https:\\\/\\\/darkamazi.site\\\/darka-content\\\/uploads\\\/2022\\\/11\\\/598442Image1.jpg\",\"contentUrl\":\"https:\\\/\\\/darkamazi.site\\\/darka-content\\\/uploads\\\/2022\\\/11\\\/598442Image1.jpg\",\"width\":1500,\"height\":945,\"caption\":\"Kritik ziyaret: Ne\u00e7irvan Barzani ana konular\u0131 g\u00f6r\u00fc\u015fmek \u00fczere Ba\u011fdat'a gidiyor\"},{\"@type\":\"BreadcrumbList\",\"@id\":\"https:\\\/\\\/darkamazi.site\\\/archives\\\/1022176#breadcrumb\",\"itemListElement\":[{\"@type\":\"ListItem\",\"position\":1,\"name\":\"Home\",\"item\":\"https:\\\/\\\/darkamazi.site\\\/\"},{\"@type\":\"ListItem\",\"position\":2,\"name\":\"Kritik ziyaret: Ne\u00e7irvan Barzani ana konular\u0131 g\u00f6r\u00fc\u015fmek \u00fczere Ba\u011fdat&#8217;a gidiyor\"}]},{\"@type\":\"WebSite\",\"@id\":\"https:\\\/\\\/darkamazi.site\\\/#website\",\"url\":\"https:\\\/\\\/darkamazi.site\\\/\",\"name\":\"Darka Mazi\",\"description\":\"Ana Sayfa\",\"publisher\":{\"@id\":\"https:\\\/\\\/darkamazi.site\\\/#organization\"},\"potentialAction\":[{\"@type\":\"SearchAction\",\"target\":{\"@type\":\"EntryPoint\",\"urlTemplate\":\"https:\\\/\\\/darkamazi.site\\\/?s={search_term_string}\"},\"query-input\":{\"@type\":\"PropertyValueSpecification\",\"valueRequired\":true,\"valueName\":\"search_term_string\"}}],\"inLanguage\":\"en-US\"},{\"@type\":\"Organization\",\"@id\":\"https:\\\/\\\/darkamazi.site\\\/#organization\",\"name\":\"Darka Mazi T\u00fcrk\u00e7e\",\"alternateName\":\"Darka Mazi\",\"url\":\"https:\\\/\\\/darkamazi.site\\\/\",\"logo\":{\"@type\":\"ImageObject\",\"inLanguage\":\"en-US\",\"@id\":\"https:\\\/\\\/darkamazi.site\\\/#\\\/schema\\\/logo\\\/image\\\/\",\"url\":\"https:\\\/\\\/darkamazi.site\\\/darka-content\\\/uploads\\\/2017\\\/12\\\/darka-mazi-logo.png\",\"contentUrl\":\"https:\\\/\\\/darkamazi.site\\\/darka-content\\\/uploads\\\/2017\\\/12\\\/darka-mazi-logo.png\",\"width\":151,\"height\":75,\"caption\":\"Darka Mazi T\u00fcrk\u00e7e\"},\"image\":{\"@id\":\"https:\\\/\\\/darkamazi.site\\\/#\\\/schema\\\/logo\\\/image\\\/\"},\"sameAs\":[\"https:\\\/\\\/www.facebook.com\\\/DarkaMaziturkce\",\"https:\\\/\\\/x.com\\\/DarkaMaziTurkce\"]},{\"@type\":\"Person\",\"@id\":\"https:\\\/\\\/darkamazi.site\\\/#\\\/schema\\\/person\\\/67986a95ac546c16760365877ef4a9d3\",\"name\":\"darka mazi\",\"sameAs\":[\"https:\\\/\\\/darkamazi.site\"],\"url\":\"https:\\\/\\\/darkamazi.site\\\/archives\\\/author\\\/turkish\"}]}<\/script>\n<!-- \/ Yoast SEO plugin. -->","seo_head_json":{"title":"Kritik ziyaret: Ne\u00e7irvan Barzani ana konular\u0131 g\u00f6r\u00fc\u015fmek \u00fczere Ba\u011fdat'a gidiyor - Darka Mazi","robots":{"index":"index","follow":"follow","max-snippet":"max-snippet:-1","max-image-preview":"max-image-preview:large","max-video-preview":"max-video-preview:-1"},"canonical":"https:\/\/darkamazi.site\/archives\/1022176","og_locale":"en_US","og_type":"article","og_title":"Kritik ziyaret: Ne\u00e7irvan Barzani ana konular\u0131 g\u00f6r\u00fc\u015fmek \u00fczere Ba\u011fdat'a gidiyor - Darka Mazi","og_description":"Ba\u015fkan Ne\u00e7irvan Barzani bir dizi temaslarda bulunmak \u00fczere bug\u00fcn Ba\u011fdat\u2019a gitti. Barzani\u2019nin, Irak Cumhurba\u015fkan\u0131 Latif Re\u015fid, Ba\u015fbakan Muhammed \u015eiya es-Sudani ve Yarg\u0131 Ba\u015fkan\u0131 Fayeq Zeydan\u2019\u0131n yan\u0131 s\u0131ra \u00e7ok say\u0131da \u00fcst d\u00fczey yetkili ile g\u00f6r\u00fc\u015fmesi bekleniyor. K\u00fcrdistan B\u00f6lgesi Ba\u015fkanl\u0131\u011f\u0131ndan yap\u0131lan a\u00e7\u0131klamaya g\u00f6re, Barzani ziyareti s\u0131ras\u0131nda \u00fclkedeki durum, Erbil-Ba\u011fdat ili\u015fkileri, b\u00f6lgedeki son geli\u015fmeler ve di\u011fer konular\u0131 g\u00f6r\u00fc\u015fecek. [&hellip;]","og_url":"https:\/\/darkamazi.site\/archives\/1022176","og_site_name":"Darka Mazi","article_publisher":"https:\/\/www.facebook.com\/DarkaMaziturkce","article_published_time":"2022-11-22T07:23:20+00:00","og_image":[{"width":1500,"height":945,"url":"https:\/\/darkamazi.site\/file\/2022\/11\/598442Image1.jpg","type":"image\/jpeg"}],"author":"darka mazi","twitter_card":"summary_large_image","twitter_creator":"@DarkaMaziTurkce","twitter_site":"@DarkaMaziTurkce","twitter_misc":{"Written by":"darka mazi","Est. reading time":"1 minute"},"schema":{"@context":"https:\/\/schema.org","@graph":[{"@type":"NewsArticle","@id":"https:\/\/darkamazi.site\/archives\/1022176#article","isPartOf":{"@id":"https:\/\/darkamazi.site\/archives\/1022176"},"author":{"name":"darka mazi","@id":"https:\/\/darkamazi.site\/#\/schema\/person\/67986a95ac546c16760365877ef4a9d3"},"headline":"Kritik ziyaret: Ne\u00e7irvan Barzani ana konular\u0131 g\u00f6r\u00fc\u015fmek \u00fczere Ba\u011fdat&#8217;a gidiyor","datePublished":"2022-11-22T07:23:20+00:00","mainEntityOfPage":{"@id":"https:\/\/darkamazi.site\/archives\/1022176"},"wordCount":210,"publisher":{"@id":"https:\/\/darkamazi.site\/#organization"},"image":{"@id":"https:\/\/darkamazi.site\/archives\/1022176#primaryimage"},"thumbnailUrl":"https:\/\/darkamazi.site\/file\/2022\/11\/598442Image1.jpg","keywords":["\u00f6nemli"],"articleSection":["Kurdistan"],"inLanguage":"en-US"},{"@type":"WebPage","@id":"https:\/\/darkamazi.site\/archives\/1022176","url":"https:\/\/darkamazi.site\/archives\/1022176","name":"Kritik ziyaret: Ne\u00e7irvan Barzani ana konular\u0131 g\u00f6r\u00fc\u015fmek \u00fczere Ba\u011fdat'a gidiyor - Darka Mazi","isPartOf":{"@id":"https:\/\/darkamazi.site\/#website"},"primaryImageOfPage":{"@id":"https:\/\/darkamazi.site\/archives\/1022176#primaryimage"},"image":{"@id":"https:\/\/darkamazi.site\/archives\/1022176#primaryimage"},"thumbnailUrl":"https:\/\/darkamazi.site\/file\/2022\/11\/598442Image1.jpg","datePublished":"2022-11-22T07:23:20+00:00","breadcrumb":{"@id":"https:\/\/darkamazi.site\/archives\/1022176#breadcrumb"},"inLanguage":"en-US","potentialAction":[{"@type":"ReadAction","target":["https:\/\/darkamazi.site\/archives\/1022176"]}]},{"@type":"ImageObject","inLanguage":"en-US","@id":"https:\/\/darkamazi.site\/archives\/1022176#primaryimage","url":"https:\/\/darkamazi.site\/file\/2022\/11\/598442Image1.jpg","contentUrl":"https:\/\/darkamazi.site\/file\/2022\/11\/598442Image1.jpg","width":1500,"height":945,"caption":"Kritik ziyaret: Ne\u00e7irvan Barzani ana konular\u0131 g\u00f6r\u00fc\u015fmek \u00fczere Ba\u011fdat'a gidiyor"},{"@type":"BreadcrumbList","@id":"https:\/\/darkamazi.site\/archives\/1022176#breadcrumb","itemListElement":[{"@type":"ListItem","position":1,"name":"Home","item":"https:\/\/darkamazi.site\/"},{"@type":"ListItem","position":2,"name":"Kritik ziyaret: Ne\u00e7irvan Barzani ana konular\u0131 g\u00f6r\u00fc\u015fmek \u00fczere Ba\u011fdat&#8217;a gidiyor"}]},{"@type":"WebSite","@id":"https:\/\/darkamazi.site\/#website","url":"https:\/\/darkamazi.site\/","name":"Darka Mazi","description":"Ana Sayfa","publisher":{"@id":"https:\/\/darkamazi.site\/#organization"},"potentialAction":[{"@type":"SearchAction","target":{"@type":"EntryPoint","urlTemplate":"https:\/\/darkamazi.site\/?s={search_term_string}"},"query-input":{"@type":"PropertyValueSpecification","valueRequired":true,"valueName":"search_term_string"}}],"inLanguage":"en-US"},{"@type":"Organization","@id":"https:\/\/darkamazi.site\/#organization","name":"Darka Mazi T\u00fcrk\u00e7e","alternateName":"Darka Mazi","url":"https:\/\/darkamazi.site\/","logo":{"@type":"ImageObject","inLanguage":"en-US","@id":"https:\/\/darkamazi.site\/#\/schema\/logo\/image\/","url":"https:\/\/darkamazi.site\/file\/2017\/12\/darka-mazi-logo.png","contentUrl":"https:\/\/darkamazi.site\/file\/2017\/12\/darka-mazi-logo.png","width":151,"height":75,"caption":"Darka Mazi T\u00fcrk\u00e7e"},"image":{"@id":"https:\/\/darkamazi.site\/#\/schema\/logo\/image\/"},"sameAs":["https:\/\/www.facebook.com\/DarkaMaziturkce","https:\/\/x.com\/DarkaMaziTurkce"]},{"@type":"Person","@id":"https:\/\/darkamazi.site\/#\/schema\/person\/67986a95ac546c16760365877ef4a9d3","name":"darka mazi","sameAs":["https:\/\/darkamazi.site"],"url":"https:\/\/darkamazi.site\/archives\/author\/turkish"}]}},"_links":{"self":[{"href":"https:\/\/darkamazi.site\/funavuv\/wp\/v2\/posts\/1022176","targetHints":{"allow":["GET"]}}],"collection":[{"href":"https:\/\/darkamazi.site\/funavuv\/wp\/v2\/posts"}],"about":[{"href":"https:\/\/darkamazi.site\/funavuv\/wp\/v2\/types\/post"}],"author":[{"embeddable":true,"href":"https:\/\/darkamazi.site\/funavuv\/wp\/v2\/users\/2"}],"replies":[{"embeddable":true,"href":"https:\/\/darkamazi.site\/funavuv\/wp\/v2\/comments?post=1022176"}],"version-history":[{"count":0,"href":"https:\/\/darkamazi.site\/funavuv\/wp\/v2\/posts\/1022176\/revisions"}],"wp:featuredmedia":[{"embeddable":true,"href":"https:\/\/darkamazi.site\/funavuv\/wp\/v2\/media\/1022177"}],"wp:attachment":[{"href":"https:\/\/darkamazi.site\/funavuv\/wp\/v2\/media?parent=1022176"}],"wp:term":[{"taxonomy":"category","embeddable":true,"href":"https:\/\/darkamazi.site\/funavuv\/wp\/v2\/categories?post=1022176"},{"taxonomy":"post_tag","embeddable":true,"href":"https:\/\/darkamazi.site\/funavuv\/wp\/v2\/tags?post=1022176"}],"curies":[{"name":"wp","href":"https:\/\/api.w.org\/{rel}","templated":true}]}}