{"id":1022222,"date":"2022-11-25T16:08:44","date_gmt":"2022-11-25T13:08:44","guid":{"rendered":"https:\/\/darkamazi.site\/?p=1022222"},"modified":"2022-11-25T16:08:44","modified_gmt":"2022-11-25T13:08:44","slug":"kurt-dili-ve-kulturu-seref-odulu-unlu-yazar-firat-ceweriye-verildi","status":"publish","type":"post","link":"https:\/\/darkamazi.site\/archives\/1022222","title":{"rendered":"\u2018K\u00fcrt Dili ve K\u00fclt\u00fcr\u00fc \u015eeref \u00d6d\u00fcl\u00fc\u201d \u00fcnl\u00fc yazar F\u0131rat Ceweri\u2019ye verildi"},"content":{"rendered":"<p>Viyana K\u00fcrt K\u00fclt\u00fcr\u00fc Enstit\u00fcs\u00fc\u2019n\u00fcn 2022 \u2018K\u00fcrt Dili ve K\u00fclt\u00fcr\u00fc \u015eeref \u00d6d\u00fcl\u00fc\u201d \u00fcnl\u00fc yazar F\u0131rat Ceweri\u2019ye verildi.<\/p>\n<p>Enstit\u00fcn\u00fcn \u00f6d\u00fcle ili\u015fkin a\u00e7\u0131klamas\u0131nda, \u201cDe\u011ferli yazar, F\u0131rat Ceweri K\u00fcrt edebiyat\u0131na \u00f6zellikle roman alan\u0131nda uzun y\u0131llard\u0131r verdi\u011fi emekten dolay\u0131, K\u00fcrt yazar, ayd\u0131n, sanat\u00e7\u0131 ve \u00f6\u011frenciler taraf\u0131ndan \u00f6zel bir merasimle kar\u015f\u0131lanmaya lay\u0131k\u201d denildi.<\/p>\n<p>Ceweri\u2019nin K\u00fcrt edebiyat\u0131ndaki yerine de\u011finilen a\u00e7\u0131klamada, \u201cF\u0131rat Ceweri 40 y\u0131l\u0131 a\u015fk\u0131n eme\u011fiyle K\u00fcrt edebiyat\u0131n\u0131n ilerlemesinde \u00e7ok \u00f6nemli bir role sahip olmu\u015ft\u0131r. Ceweri, \u015fimdiye kadar 40 kitap yazm\u0131\u015f ve \u00e7evirmi\u015f, N\u00fbdem dergisinin 40 say\u0131s\u0131n\u0131 yay\u0131mlam\u0131\u015ft\u0131r. \u00c7eviri alan\u0131nda b\u00fcy\u00fck ve de\u011ferli bir eme\u011fi var\u201d denildi.<\/p>\n<p>Kaynak: Nupel<\/p>\n","protected":false},"excerpt":{"rendered":"<p>Viyana K\u00fcrt K\u00fclt\u00fcr\u00fc Enstit\u00fcs\u00fc\u2019n\u00fcn 2022 \u2018K\u00fcrt Dili ve K\u00fclt\u00fcr\u00fc \u015eeref \u00d6d\u00fcl\u00fc\u201d \u00fcnl\u00fc yazar F\u0131rat Ceweri\u2019ye verildi. Enstit\u00fcn\u00fcn \u00f6d\u00fcle ili\u015fkin a\u00e7\u0131klamas\u0131nda, \u201cDe\u011ferli yazar, F\u0131rat Ceweri K\u00fcrt edebiyat\u0131na \u00f6zellikle roman alan\u0131nda uzun y\u0131llard\u0131r verdi\u011fi emekten dolay\u0131, K\u00fcrt yazar, ayd\u0131n, sanat\u00e7\u0131 ve \u00f6\u011frenciler taraf\u0131ndan \u00f6zel bir merasimle kar\u015f\u0131lanmaya lay\u0131k\u201d denildi. Ceweri\u2019nin K\u00fcrt edebiyat\u0131ndaki yerine de\u011finilen a\u00e7\u0131klamada, \u201cF\u0131rat Ceweri [&hellip;]<\/p>\n","protected":false},"author":2,"featured_media":1022223,"comment_status":"closed","ping_status":"closed","sticky":false,"template":"","format":"standard","meta":{"footnotes":""},"categories":[33],"tags":[],"class_list":["post-1022222","post","type-post","status-publish","format-standard","has-post-thumbnail","hentry","category-sanat"],"blocksy_meta":[],"seo_head":"<!-- This site is optimized with the Yoast SEO plugin v27.5 - https:\/\/yoast.com\/product\/yoast-seo-wordpress\/ -->\n<title>\u2018K\u00fcrt Dili ve K\u00fclt\u00fcr\u00fc \u015eeref \u00d6d\u00fcl\u00fc\u201d \u00fcnl\u00fc yazar F\u0131rat Ceweri\u2019ye verildi - Darka Mazi<\/title>\n<meta name=\"robots\" content=\"index, follow, max-snippet:-1, max-image-preview:large, max-video-preview:-1\" \/>\n<link rel=\"canonical\" href=\"https:\/\/darkamazi.site\/archives\/1022222\" \/>\n<meta property=\"og:locale\" content=\"en_US\" \/>\n<meta property=\"og:type\" content=\"article\" \/>\n<meta property=\"og:title\" content=\"\u2018K\u00fcrt Dili ve K\u00fclt\u00fcr\u00fc \u015eeref \u00d6d\u00fcl\u00fc\u201d \u00fcnl\u00fc yazar F\u0131rat Ceweri\u2019ye verildi - Darka Mazi\" \/>\n<meta property=\"og:description\" content=\"Viyana K\u00fcrt K\u00fclt\u00fcr\u00fc Enstit\u00fcs\u00fc\u2019n\u00fcn 2022 \u2018K\u00fcrt Dili ve K\u00fclt\u00fcr\u00fc \u015eeref \u00d6d\u00fcl\u00fc\u201d \u00fcnl\u00fc yazar F\u0131rat Ceweri\u2019ye verildi. Enstit\u00fcn\u00fcn \u00f6d\u00fcle ili\u015fkin a\u00e7\u0131klamas\u0131nda, \u201cDe\u011ferli yazar, F\u0131rat Ceweri K\u00fcrt edebiyat\u0131na \u00f6zellikle roman alan\u0131nda uzun y\u0131llard\u0131r verdi\u011fi emekten dolay\u0131, K\u00fcrt yazar, ayd\u0131n, sanat\u00e7\u0131 ve \u00f6\u011frenciler taraf\u0131ndan \u00f6zel bir merasimle kar\u015f\u0131lanmaya lay\u0131k\u201d denildi. Ceweri\u2019nin K\u00fcrt edebiyat\u0131ndaki yerine de\u011finilen a\u00e7\u0131klamada, \u201cF\u0131rat Ceweri [&hellip;]\" \/>\n<meta property=\"og:url\" content=\"https:\/\/darkamazi.site\/archives\/1022222\" \/>\n<meta property=\"og:site_name\" content=\"Darka Mazi\" \/>\n<meta property=\"article:publisher\" content=\"https:\/\/www.facebook.com\/DarkaMaziturkce\" \/>\n<meta property=\"article:published_time\" content=\"2022-11-25T13:08:44+00:00\" \/>\n<meta property=\"og:image\" content=\"https:\/\/darkamazi.site\/file\/2022\/11\/699229Image1-1.jpg\" \/>\n\t<meta property=\"og:image:width\" content=\"750\" \/>\n\t<meta property=\"og:image:height\" content=\"430\" \/>\n\t<meta property=\"og:image:type\" content=\"image\/jpeg\" \/>\n<meta name=\"author\" content=\"darka mazi\" \/>\n<meta name=\"twitter:card\" content=\"summary_large_image\" \/>\n<meta name=\"twitter:creator\" content=\"@DarkaMaziTurkce\" \/>\n<meta name=\"twitter:site\" content=\"@DarkaMaziTurkce\" \/>\n<meta name=\"twitter:label1\" content=\"Written by\" \/>\n\t<meta name=\"twitter:data1\" content=\"darka mazi\" \/>\n\t<meta name=\"twitter:label2\" content=\"Est. reading time\" \/>\n\t<meta name=\"twitter:data2\" content=\"1 minute\" \/>\n<script type=\"application\/ld+json\" class=\"seo-schema-graph\">{\"@context\":\"https:\\\/\\\/schema.org\",\"@graph\":[{\"@type\":\"NewsArticle\",\"@id\":\"https:\\\/\\\/darkamazi.site\\\/archives\\\/1022222#article\",\"isPartOf\":{\"@id\":\"https:\\\/\\\/darkamazi.site\\\/archives\\\/1022222\"},\"author\":{\"name\":\"darka mazi\",\"@id\":\"https:\\\/\\\/darkamazi.site\\\/#\\\/schema\\\/person\\\/67986a95ac546c16760365877ef4a9d3\"},\"headline\":\"\u2018K\u00fcrt Dili ve K\u00fclt\u00fcr\u00fc \u015eeref \u00d6d\u00fcl\u00fc\u201d \u00fcnl\u00fc yazar F\u0131rat Ceweri\u2019ye verildi\",\"datePublished\":\"2022-11-25T13:08:44+00:00\",\"mainEntityOfPage\":{\"@id\":\"https:\\\/\\\/darkamazi.site\\\/archives\\\/1022222\"},\"wordCount\":162,\"publisher\":{\"@id\":\"https:\\\/\\\/darkamazi.site\\\/#organization\"},\"image\":{\"@id\":\"https:\\\/\\\/darkamazi.site\\\/archives\\\/1022222#primaryimage\"},\"thumbnailUrl\":\"https:\\\/\\\/darkamazi.site\\\/darka-content\\\/uploads\\\/2022\\\/11\\\/699229Image1-1.jpg\",\"articleSection\":[\"Sanat\"],\"inLanguage\":\"en-US\"},{\"@type\":\"WebPage\",\"@id\":\"https:\\\/\\\/darkamazi.site\\\/archives\\\/1022222\",\"url\":\"https:\\\/\\\/darkamazi.site\\\/archives\\\/1022222\",\"name\":\"\u2018K\u00fcrt Dili ve K\u00fclt\u00fcr\u00fc \u015eeref \u00d6d\u00fcl\u00fc\u201d \u00fcnl\u00fc yazar F\u0131rat Ceweri\u2019ye verildi - Darka Mazi\",\"isPartOf\":{\"@id\":\"https:\\\/\\\/darkamazi.site\\\/#website\"},\"primaryImageOfPage\":{\"@id\":\"https:\\\/\\\/darkamazi.site\\\/archives\\\/1022222#primaryimage\"},\"image\":{\"@id\":\"https:\\\/\\\/darkamazi.site\\\/archives\\\/1022222#primaryimage\"},\"thumbnailUrl\":\"https:\\\/\\\/darkamazi.site\\\/darka-content\\\/uploads\\\/2022\\\/11\\\/699229Image1-1.jpg\",\"datePublished\":\"2022-11-25T13:08:44+00:00\",\"breadcrumb\":{\"@id\":\"https:\\\/\\\/darkamazi.site\\\/archives\\\/1022222#breadcrumb\"},\"inLanguage\":\"en-US\",\"potentialAction\":[{\"@type\":\"ReadAction\",\"target\":[\"https:\\\/\\\/darkamazi.site\\\/archives\\\/1022222\"]}]},{\"@type\":\"ImageObject\",\"inLanguage\":\"en-US\",\"@id\":\"https:\\\/\\\/darkamazi.site\\\/archives\\\/1022222#primaryimage\",\"url\":\"https:\\\/\\\/darkamazi.site\\\/darka-content\\\/uploads\\\/2022\\\/11\\\/699229Image1-1.jpg\",\"contentUrl\":\"https:\\\/\\\/darkamazi.site\\\/darka-content\\\/uploads\\\/2022\\\/11\\\/699229Image1-1.jpg\",\"width\":750,\"height\":430,\"caption\":\"\u2018K\u00fcrt Dili ve K\u00fclt\u00fcr\u00fc \u015eeref \u00d6d\u00fcl\u00fc\u201d \u00fcnl\u00fc yazar F\u0131rat Ceweri\u2019ye verildi\"},{\"@type\":\"BreadcrumbList\",\"@id\":\"https:\\\/\\\/darkamazi.site\\\/archives\\\/1022222#breadcrumb\",\"itemListElement\":[{\"@type\":\"ListItem\",\"position\":1,\"name\":\"Home\",\"item\":\"https:\\\/\\\/darkamazi.site\\\/\"},{\"@type\":\"ListItem\",\"position\":2,\"name\":\"\u2018K\u00fcrt Dili ve K\u00fclt\u00fcr\u00fc \u015eeref \u00d6d\u00fcl\u00fc\u201d \u00fcnl\u00fc yazar F\u0131rat Ceweri\u2019ye verildi\"}]},{\"@type\":\"WebSite\",\"@id\":\"https:\\\/\\\/darkamazi.site\\\/#website\",\"url\":\"https:\\\/\\\/darkamazi.site\\\/\",\"name\":\"Darka Mazi\",\"description\":\"Ana Sayfa\",\"publisher\":{\"@id\":\"https:\\\/\\\/darkamazi.site\\\/#organization\"},\"potentialAction\":[{\"@type\":\"SearchAction\",\"target\":{\"@type\":\"EntryPoint\",\"urlTemplate\":\"https:\\\/\\\/darkamazi.site\\\/?s={search_term_string}\"},\"query-input\":{\"@type\":\"PropertyValueSpecification\",\"valueRequired\":true,\"valueName\":\"search_term_string\"}}],\"inLanguage\":\"en-US\"},{\"@type\":\"Organization\",\"@id\":\"https:\\\/\\\/darkamazi.site\\\/#organization\",\"name\":\"Darka Mazi T\u00fcrk\u00e7e\",\"alternateName\":\"Darka Mazi\",\"url\":\"https:\\\/\\\/darkamazi.site\\\/\",\"logo\":{\"@type\":\"ImageObject\",\"inLanguage\":\"en-US\",\"@id\":\"https:\\\/\\\/darkamazi.site\\\/#\\\/schema\\\/logo\\\/image\\\/\",\"url\":\"https:\\\/\\\/darkamazi.site\\\/darka-content\\\/uploads\\\/2017\\\/12\\\/darka-mazi-logo.png\",\"contentUrl\":\"https:\\\/\\\/darkamazi.site\\\/darka-content\\\/uploads\\\/2017\\\/12\\\/darka-mazi-logo.png\",\"width\":151,\"height\":75,\"caption\":\"Darka Mazi T\u00fcrk\u00e7e\"},\"image\":{\"@id\":\"https:\\\/\\\/darkamazi.site\\\/#\\\/schema\\\/logo\\\/image\\\/\"},\"sameAs\":[\"https:\\\/\\\/www.facebook.com\\\/DarkaMaziturkce\",\"https:\\\/\\\/x.com\\\/DarkaMaziTurkce\"]},{\"@type\":\"Person\",\"@id\":\"https:\\\/\\\/darkamazi.site\\\/#\\\/schema\\\/person\\\/67986a95ac546c16760365877ef4a9d3\",\"name\":\"darka mazi\",\"sameAs\":[\"https:\\\/\\\/darkamazi.site\"],\"url\":\"https:\\\/\\\/darkamazi.site\\\/archives\\\/author\\\/turkish\"}]}<\/script>\n<!-- \/ Yoast SEO plugin. -->","seo_head_json":{"title":"\u2018K\u00fcrt Dili ve K\u00fclt\u00fcr\u00fc \u015eeref \u00d6d\u00fcl\u00fc\u201d \u00fcnl\u00fc yazar F\u0131rat Ceweri\u2019ye verildi - Darka Mazi","robots":{"index":"index","follow":"follow","max-snippet":"max-snippet:-1","max-image-preview":"max-image-preview:large","max-video-preview":"max-video-preview:-1"},"canonical":"https:\/\/darkamazi.site\/archives\/1022222","og_locale":"en_US","og_type":"article","og_title":"\u2018K\u00fcrt Dili ve K\u00fclt\u00fcr\u00fc \u015eeref \u00d6d\u00fcl\u00fc\u201d \u00fcnl\u00fc yazar F\u0131rat Ceweri\u2019ye verildi - Darka Mazi","og_description":"Viyana K\u00fcrt K\u00fclt\u00fcr\u00fc Enstit\u00fcs\u00fc\u2019n\u00fcn 2022 \u2018K\u00fcrt Dili ve K\u00fclt\u00fcr\u00fc \u015eeref \u00d6d\u00fcl\u00fc\u201d \u00fcnl\u00fc yazar F\u0131rat Ceweri\u2019ye verildi. Enstit\u00fcn\u00fcn \u00f6d\u00fcle ili\u015fkin a\u00e7\u0131klamas\u0131nda, \u201cDe\u011ferli yazar, F\u0131rat Ceweri K\u00fcrt edebiyat\u0131na \u00f6zellikle roman alan\u0131nda uzun y\u0131llard\u0131r verdi\u011fi emekten dolay\u0131, K\u00fcrt yazar, ayd\u0131n, sanat\u00e7\u0131 ve \u00f6\u011frenciler taraf\u0131ndan \u00f6zel bir merasimle kar\u015f\u0131lanmaya lay\u0131k\u201d denildi. Ceweri\u2019nin K\u00fcrt edebiyat\u0131ndaki yerine de\u011finilen a\u00e7\u0131klamada, \u201cF\u0131rat Ceweri [&hellip;]","og_url":"https:\/\/darkamazi.site\/archives\/1022222","og_site_name":"Darka Mazi","article_publisher":"https:\/\/www.facebook.com\/DarkaMaziturkce","article_published_time":"2022-11-25T13:08:44+00:00","og_image":[{"width":750,"height":430,"url":"https:\/\/darkamazi.site\/file\/2022\/11\/699229Image1-1.jpg","type":"image\/jpeg"}],"author":"darka mazi","twitter_card":"summary_large_image","twitter_creator":"@DarkaMaziTurkce","twitter_site":"@DarkaMaziTurkce","twitter_misc":{"Written by":"darka mazi","Est. reading time":"1 minute"},"schema":{"@context":"https:\/\/schema.org","@graph":[{"@type":"NewsArticle","@id":"https:\/\/darkamazi.site\/archives\/1022222#article","isPartOf":{"@id":"https:\/\/darkamazi.site\/archives\/1022222"},"author":{"name":"darka mazi","@id":"https:\/\/darkamazi.site\/#\/schema\/person\/67986a95ac546c16760365877ef4a9d3"},"headline":"\u2018K\u00fcrt Dili ve K\u00fclt\u00fcr\u00fc \u015eeref \u00d6d\u00fcl\u00fc\u201d \u00fcnl\u00fc yazar F\u0131rat Ceweri\u2019ye verildi","datePublished":"2022-11-25T13:08:44+00:00","mainEntityOfPage":{"@id":"https:\/\/darkamazi.site\/archives\/1022222"},"wordCount":162,"publisher":{"@id":"https:\/\/darkamazi.site\/#organization"},"image":{"@id":"https:\/\/darkamazi.site\/archives\/1022222#primaryimage"},"thumbnailUrl":"https:\/\/darkamazi.site\/file\/2022\/11\/699229Image1-1.jpg","articleSection":["Sanat"],"inLanguage":"en-US"},{"@type":"WebPage","@id":"https:\/\/darkamazi.site\/archives\/1022222","url":"https:\/\/darkamazi.site\/archives\/1022222","name":"\u2018K\u00fcrt Dili ve K\u00fclt\u00fcr\u00fc \u015eeref \u00d6d\u00fcl\u00fc\u201d \u00fcnl\u00fc yazar F\u0131rat Ceweri\u2019ye verildi - Darka Mazi","isPartOf":{"@id":"https:\/\/darkamazi.site\/#website"},"primaryImageOfPage":{"@id":"https:\/\/darkamazi.site\/archives\/1022222#primaryimage"},"image":{"@id":"https:\/\/darkamazi.site\/archives\/1022222#primaryimage"},"thumbnailUrl":"https:\/\/darkamazi.site\/file\/2022\/11\/699229Image1-1.jpg","datePublished":"2022-11-25T13:08:44+00:00","breadcrumb":{"@id":"https:\/\/darkamazi.site\/archives\/1022222#breadcrumb"},"inLanguage":"en-US","potentialAction":[{"@type":"ReadAction","target":["https:\/\/darkamazi.site\/archives\/1022222"]}]},{"@type":"ImageObject","inLanguage":"en-US","@id":"https:\/\/darkamazi.site\/archives\/1022222#primaryimage","url":"https:\/\/darkamazi.site\/file\/2022\/11\/699229Image1-1.jpg","contentUrl":"https:\/\/darkamazi.site\/file\/2022\/11\/699229Image1-1.jpg","width":750,"height":430,"caption":"\u2018K\u00fcrt Dili ve K\u00fclt\u00fcr\u00fc \u015eeref \u00d6d\u00fcl\u00fc\u201d \u00fcnl\u00fc yazar F\u0131rat Ceweri\u2019ye verildi"},{"@type":"BreadcrumbList","@id":"https:\/\/darkamazi.site\/archives\/1022222#breadcrumb","itemListElement":[{"@type":"ListItem","position":1,"name":"Home","item":"https:\/\/darkamazi.site\/"},{"@type":"ListItem","position":2,"name":"\u2018K\u00fcrt Dili ve K\u00fclt\u00fcr\u00fc \u015eeref \u00d6d\u00fcl\u00fc\u201d \u00fcnl\u00fc yazar F\u0131rat Ceweri\u2019ye verildi"}]},{"@type":"WebSite","@id":"https:\/\/darkamazi.site\/#website","url":"https:\/\/darkamazi.site\/","name":"Darka Mazi","description":"Ana Sayfa","publisher":{"@id":"https:\/\/darkamazi.site\/#organization"},"potentialAction":[{"@type":"SearchAction","target":{"@type":"EntryPoint","urlTemplate":"https:\/\/darkamazi.site\/?s={search_term_string}"},"query-input":{"@type":"PropertyValueSpecification","valueRequired":true,"valueName":"search_term_string"}}],"inLanguage":"en-US"},{"@type":"Organization","@id":"https:\/\/darkamazi.site\/#organization","name":"Darka Mazi T\u00fcrk\u00e7e","alternateName":"Darka Mazi","url":"https:\/\/darkamazi.site\/","logo":{"@type":"ImageObject","inLanguage":"en-US","@id":"https:\/\/darkamazi.site\/#\/schema\/logo\/image\/","url":"https:\/\/darkamazi.site\/file\/2017\/12\/darka-mazi-logo.png","contentUrl":"https:\/\/darkamazi.site\/file\/2017\/12\/darka-mazi-logo.png","width":151,"height":75,"caption":"Darka Mazi T\u00fcrk\u00e7e"},"image":{"@id":"https:\/\/darkamazi.site\/#\/schema\/logo\/image\/"},"sameAs":["https:\/\/www.facebook.com\/DarkaMaziturkce","https:\/\/x.com\/DarkaMaziTurkce"]},{"@type":"Person","@id":"https:\/\/darkamazi.site\/#\/schema\/person\/67986a95ac546c16760365877ef4a9d3","name":"darka mazi","sameAs":["https:\/\/darkamazi.site"],"url":"https:\/\/darkamazi.site\/archives\/author\/turkish"}]}},"_links":{"self":[{"href":"https:\/\/darkamazi.site\/funavuv\/wp\/v2\/posts\/1022222","targetHints":{"allow":["GET"]}}],"collection":[{"href":"https:\/\/darkamazi.site\/funavuv\/wp\/v2\/posts"}],"about":[{"href":"https:\/\/darkamazi.site\/funavuv\/wp\/v2\/types\/post"}],"author":[{"embeddable":true,"href":"https:\/\/darkamazi.site\/funavuv\/wp\/v2\/users\/2"}],"replies":[{"embeddable":true,"href":"https:\/\/darkamazi.site\/funavuv\/wp\/v2\/comments?post=1022222"}],"version-history":[{"count":0,"href":"https:\/\/darkamazi.site\/funavuv\/wp\/v2\/posts\/1022222\/revisions"}],"wp:featuredmedia":[{"embeddable":true,"href":"https:\/\/darkamazi.site\/funavuv\/wp\/v2\/media\/1022223"}],"wp:attachment":[{"href":"https:\/\/darkamazi.site\/funavuv\/wp\/v2\/media?parent=1022222"}],"wp:term":[{"taxonomy":"category","embeddable":true,"href":"https:\/\/darkamazi.site\/funavuv\/wp\/v2\/categories?post=1022222"},{"taxonomy":"post_tag","embeddable":true,"href":"https:\/\/darkamazi.site\/funavuv\/wp\/v2\/tags?post=1022222"}],"curies":[{"name":"wp","href":"https:\/\/api.w.org\/{rel}","templated":true}]}}