{"id":1022246,"date":"2022-11-26T16:45:41","date_gmt":"2022-11-26T13:45:41","guid":{"rendered":"https:\/\/darkamazi.site\/?p=1022246"},"modified":"2022-11-26T16:45:41","modified_gmt":"2022-11-26T13:45:41","slug":"mazlum-abdi-abd-turkiyenin-operasyonuna-karsi","status":"publish","type":"post","link":"https:\/\/darkamazi.site\/archives\/1022246","title":{"rendered":"Mazlum Abdi: ABD T\u00fcrkiye\u2019nin operasyonuna kar\u015f\u0131"},"content":{"rendered":"<p style=\"text-align: justify\">Demokratik Suriye G\u00fc\u00e7leri (HSD) Genel Komutan\u0131\u00a0Mazlum Abdi\u00a0ABD ve \u0130ran\u2019\u0131n, T\u00fcrkiye\u2019nin Rojava\u2019ya y\u00f6nelik operasyonuna kar\u015f\u0131 oldu\u011funu s\u00f6yledi.<\/p>\n<p style=\"text-align: justify\">HSD<strong>\u00a0<\/strong>Genel Komutan\u0131\u00a0Mazlum Abdi, Zoom uygulmas\u0131 \u00fczerinden online olarak gazetecilerin sorular\u0131n\u0131 yan\u0131tlad\u0131.<\/p>\n<p style=\"text-align: justify\">Abdi, T\u00fcrkiye\u2019nin Kobani s\u0131n\u0131r\u0131na g\u00fc\u00e7 y\u0131\u011fd\u0131\u011f\u0131n\u0131 ve sald\u0131r\u0131 d\u00fczenleme niyetinde oldu\u011funu s\u00f6yledi.<\/p>\n<p style=\"text-align: justify\">Uluslararas\u0131 toplumun operasyonla ilgili tutumu hakk\u0131nda Mazlum Abdi, \u201cABD\u00a0ve \u0130ran\u00a0T\u00fcrkiye\u2019nin operasyonuna kar\u015f\u0131. ABD operasyonun durdurulmas\u0131 i\u00e7in \u015fu an T\u00fcrkiye\u2019yle g\u00f6r\u00fc\u015fmeler ger\u00e7ekle\u015ftiriyor\u201d dedi.<\/p>\n<p style=\"text-align: justify\">K24&#8217;\u00fcn operasyonla ilgili \u015eam ile Ankara aras\u0131nda bir anla\u015fma olup olmad\u0131\u011f\u0131yla ilgili sorusuna Mazlum Abdi, \u201cT\u00fcrk\u00a0ordusu\u00a0ile\u00a0Suriye\u00a0aras\u0131nda bir i\u015fbirli\u011fi oldu\u011funa inanm\u0131yorum. T\u00fcrk ordusunun herhangi bir sald\u0131r\u0131s\u0131na Suriye\u2019nin yan\u0131t vermesini umuyoruz\u201d yan\u0131t\u0131n\u0131 verdi.<\/p>\n<p style=\"text-align: justify\">Mazlum Abdi, sorunlar\u0131n diyalog yoluyla \u00e7\u00f6z\u00fclmesinden yana olduklar\u0131n\u0131 belirterek, \u201cAncak g\u00fc\u00e7lerimiz, T\u00fcrkiye\u2019nin sald\u0131r\u0131s\u0131na kar\u015f\u0131\u00a0haz\u0131r\u00a0durumdad\u0131r. T\u00fcrkiye tehditlerini sald\u0131r\u0131ya \u00e7evirirse ABD\u2019nin tavr\u0131n\u0131n daha sert olaca\u011f\u0131n\u0131 d\u00fc\u015f\u00fcn\u00fcyorum\u201d dedi.<\/p>\n","protected":false},"excerpt":{"rendered":"<p>Demokratik Suriye G\u00fc\u00e7leri (HSD) Genel Komutan\u0131\u00a0Mazlum Abdi\u00a0ABD ve \u0130ran\u2019\u0131n, T\u00fcrkiye\u2019nin Rojava\u2019ya y\u00f6nelik operasyonuna kar\u015f\u0131 oldu\u011funu s\u00f6yledi. HSD\u00a0Genel Komutan\u0131\u00a0Mazlum Abdi, Zoom uygulmas\u0131 \u00fczerinden online olarak gazetecilerin sorular\u0131n\u0131 yan\u0131tlad\u0131. Abdi, T\u00fcrkiye\u2019nin Kobani s\u0131n\u0131r\u0131na g\u00fc\u00e7 y\u0131\u011fd\u0131\u011f\u0131n\u0131 ve sald\u0131r\u0131 d\u00fczenleme niyetinde oldu\u011funu s\u00f6yledi. Uluslararas\u0131 toplumun operasyonla ilgili tutumu hakk\u0131nda Mazlum Abdi, \u201cABD\u00a0ve \u0130ran\u00a0T\u00fcrkiye\u2019nin operasyonuna kar\u015f\u0131. ABD operasyonun durdurulmas\u0131 i\u00e7in [&hellip;]<\/p>\n","protected":false},"author":2,"featured_media":1022247,"comment_status":"closed","ping_status":"closed","sticky":false,"template":"","format":"standard","meta":{"footnotes":""},"categories":[3],"tags":[],"class_list":["post-1022246","post","type-post","status-publish","format-standard","has-post-thumbnail","hentry","category-kurdistan"],"blocksy_meta":[],"seo_head":"<!-- This site is optimized with the Yoast SEO plugin v27.5 - https:\/\/yoast.com\/product\/yoast-seo-wordpress\/ -->\n<title>Mazlum Abdi: ABD T\u00fcrkiye\u2019nin operasyonuna kar\u015f\u0131 - Darka Mazi<\/title>\n<meta name=\"robots\" content=\"index, follow, max-snippet:-1, max-image-preview:large, max-video-preview:-1\" \/>\n<link rel=\"canonical\" href=\"https:\/\/darkamazi.site\/archives\/1022246\" \/>\n<meta property=\"og:locale\" content=\"en_US\" \/>\n<meta property=\"og:type\" content=\"article\" \/>\n<meta property=\"og:title\" content=\"Mazlum Abdi: ABD T\u00fcrkiye\u2019nin operasyonuna kar\u015f\u0131 - Darka Mazi\" \/>\n<meta property=\"og:description\" content=\"Demokratik Suriye G\u00fc\u00e7leri (HSD) Genel Komutan\u0131\u00a0Mazlum Abdi\u00a0ABD ve \u0130ran\u2019\u0131n, T\u00fcrkiye\u2019nin Rojava\u2019ya y\u00f6nelik operasyonuna kar\u015f\u0131 oldu\u011funu s\u00f6yledi. HSD\u00a0Genel Komutan\u0131\u00a0Mazlum Abdi, Zoom uygulmas\u0131 \u00fczerinden online olarak gazetecilerin sorular\u0131n\u0131 yan\u0131tlad\u0131. Abdi, T\u00fcrkiye\u2019nin Kobani s\u0131n\u0131r\u0131na g\u00fc\u00e7 y\u0131\u011fd\u0131\u011f\u0131n\u0131 ve sald\u0131r\u0131 d\u00fczenleme niyetinde oldu\u011funu s\u00f6yledi. Uluslararas\u0131 toplumun operasyonla ilgili tutumu hakk\u0131nda Mazlum Abdi, \u201cABD\u00a0ve \u0130ran\u00a0T\u00fcrkiye\u2019nin operasyonuna kar\u015f\u0131. ABD operasyonun durdurulmas\u0131 i\u00e7in [&hellip;]\" \/>\n<meta property=\"og:url\" content=\"https:\/\/darkamazi.site\/archives\/1022246\" \/>\n<meta property=\"og:site_name\" content=\"Darka Mazi\" \/>\n<meta property=\"article:publisher\" content=\"https:\/\/www.facebook.com\/DarkaMaziturkce\" \/>\n<meta property=\"article:published_time\" content=\"2022-11-26T13:45:41+00:00\" \/>\n<meta property=\"og:image\" content=\"https:\/\/darkamazi.site\/file\/2022\/11\/FifWvNsXgAEtBJq.jpg\" \/>\n\t<meta property=\"og:image:width\" content=\"781\" \/>\n\t<meta property=\"og:image:height\" content=\"439\" \/>\n\t<meta property=\"og:image:type\" content=\"image\/jpeg\" \/>\n<meta name=\"author\" content=\"darka mazi\" \/>\n<meta name=\"twitter:card\" content=\"summary_large_image\" \/>\n<meta name=\"twitter:creator\" content=\"@DarkaMaziTurkce\" \/>\n<meta name=\"twitter:site\" content=\"@DarkaMaziTurkce\" \/>\n<meta name=\"twitter:label1\" content=\"Written by\" \/>\n\t<meta name=\"twitter:data1\" content=\"darka mazi\" \/>\n\t<meta name=\"twitter:label2\" content=\"Est. reading time\" \/>\n\t<meta name=\"twitter:data2\" content=\"1 minute\" \/>\n<script type=\"application\/ld+json\" class=\"seo-schema-graph\">{\"@context\":\"https:\\\/\\\/schema.org\",\"@graph\":[{\"@type\":\"NewsArticle\",\"@id\":\"https:\\\/\\\/darkamazi.site\\\/archives\\\/1022246#article\",\"isPartOf\":{\"@id\":\"https:\\\/\\\/darkamazi.site\\\/archives\\\/1022246\"},\"author\":{\"name\":\"darka mazi\",\"@id\":\"https:\\\/\\\/darkamazi.site\\\/#\\\/schema\\\/person\\\/67986a95ac546c16760365877ef4a9d3\"},\"headline\":\"Mazlum Abdi: ABD T\u00fcrkiye\u2019nin operasyonuna kar\u015f\u0131\",\"datePublished\":\"2022-11-26T13:45:41+00:00\",\"mainEntityOfPage\":{\"@id\":\"https:\\\/\\\/darkamazi.site\\\/archives\\\/1022246\"},\"wordCount\":206,\"publisher\":{\"@id\":\"https:\\\/\\\/darkamazi.site\\\/#organization\"},\"image\":{\"@id\":\"https:\\\/\\\/darkamazi.site\\\/archives\\\/1022246#primaryimage\"},\"thumbnailUrl\":\"https:\\\/\\\/darkamazi.site\\\/darka-content\\\/uploads\\\/2022\\\/11\\\/FifWvNsXgAEtBJq.jpg\",\"articleSection\":[\"Kurdistan\"],\"inLanguage\":\"en-US\"},{\"@type\":\"WebPage\",\"@id\":\"https:\\\/\\\/darkamazi.site\\\/archives\\\/1022246\",\"url\":\"https:\\\/\\\/darkamazi.site\\\/archives\\\/1022246\",\"name\":\"Mazlum Abdi: ABD T\u00fcrkiye\u2019nin operasyonuna kar\u015f\u0131 - Darka Mazi\",\"isPartOf\":{\"@id\":\"https:\\\/\\\/darkamazi.site\\\/#website\"},\"primaryImageOfPage\":{\"@id\":\"https:\\\/\\\/darkamazi.site\\\/archives\\\/1022246#primaryimage\"},\"image\":{\"@id\":\"https:\\\/\\\/darkamazi.site\\\/archives\\\/1022246#primaryimage\"},\"thumbnailUrl\":\"https:\\\/\\\/darkamazi.site\\\/darka-content\\\/uploads\\\/2022\\\/11\\\/FifWvNsXgAEtBJq.jpg\",\"datePublished\":\"2022-11-26T13:45:41+00:00\",\"breadcrumb\":{\"@id\":\"https:\\\/\\\/darkamazi.site\\\/archives\\\/1022246#breadcrumb\"},\"inLanguage\":\"en-US\",\"potentialAction\":[{\"@type\":\"ReadAction\",\"target\":[\"https:\\\/\\\/darkamazi.site\\\/archives\\\/1022246\"]}]},{\"@type\":\"ImageObject\",\"inLanguage\":\"en-US\",\"@id\":\"https:\\\/\\\/darkamazi.site\\\/archives\\\/1022246#primaryimage\",\"url\":\"https:\\\/\\\/darkamazi.site\\\/darka-content\\\/uploads\\\/2022\\\/11\\\/FifWvNsXgAEtBJq.jpg\",\"contentUrl\":\"https:\\\/\\\/darkamazi.site\\\/darka-content\\\/uploads\\\/2022\\\/11\\\/FifWvNsXgAEtBJq.jpg\",\"width\":781,\"height\":439,\"caption\":\"Mazlum Abdi: ABD T\u00fcrkiye\u2019nin operasyonuna kar\u015f\u0131\"},{\"@type\":\"BreadcrumbList\",\"@id\":\"https:\\\/\\\/darkamazi.site\\\/archives\\\/1022246#breadcrumb\",\"itemListElement\":[{\"@type\":\"ListItem\",\"position\":1,\"name\":\"Home\",\"item\":\"https:\\\/\\\/darkamazi.site\\\/\"},{\"@type\":\"ListItem\",\"position\":2,\"name\":\"Mazlum Abdi: ABD T\u00fcrkiye\u2019nin operasyonuna kar\u015f\u0131\"}]},{\"@type\":\"WebSite\",\"@id\":\"https:\\\/\\\/darkamazi.site\\\/#website\",\"url\":\"https:\\\/\\\/darkamazi.site\\\/\",\"name\":\"Darka Mazi\",\"description\":\"Ana Sayfa\",\"publisher\":{\"@id\":\"https:\\\/\\\/darkamazi.site\\\/#organization\"},\"potentialAction\":[{\"@type\":\"SearchAction\",\"target\":{\"@type\":\"EntryPoint\",\"urlTemplate\":\"https:\\\/\\\/darkamazi.site\\\/?s={search_term_string}\"},\"query-input\":{\"@type\":\"PropertyValueSpecification\",\"valueRequired\":true,\"valueName\":\"search_term_string\"}}],\"inLanguage\":\"en-US\"},{\"@type\":\"Organization\",\"@id\":\"https:\\\/\\\/darkamazi.site\\\/#organization\",\"name\":\"Darka Mazi T\u00fcrk\u00e7e\",\"alternateName\":\"Darka Mazi\",\"url\":\"https:\\\/\\\/darkamazi.site\\\/\",\"logo\":{\"@type\":\"ImageObject\",\"inLanguage\":\"en-US\",\"@id\":\"https:\\\/\\\/darkamazi.site\\\/#\\\/schema\\\/logo\\\/image\\\/\",\"url\":\"https:\\\/\\\/darkamazi.site\\\/darka-content\\\/uploads\\\/2017\\\/12\\\/darka-mazi-logo.png\",\"contentUrl\":\"https:\\\/\\\/darkamazi.site\\\/darka-content\\\/uploads\\\/2017\\\/12\\\/darka-mazi-logo.png\",\"width\":151,\"height\":75,\"caption\":\"Darka Mazi T\u00fcrk\u00e7e\"},\"image\":{\"@id\":\"https:\\\/\\\/darkamazi.site\\\/#\\\/schema\\\/logo\\\/image\\\/\"},\"sameAs\":[\"https:\\\/\\\/www.facebook.com\\\/DarkaMaziturkce\",\"https:\\\/\\\/x.com\\\/DarkaMaziTurkce\"]},{\"@type\":\"Person\",\"@id\":\"https:\\\/\\\/darkamazi.site\\\/#\\\/schema\\\/person\\\/67986a95ac546c16760365877ef4a9d3\",\"name\":\"darka mazi\",\"sameAs\":[\"https:\\\/\\\/darkamazi.site\"],\"url\":\"https:\\\/\\\/darkamazi.site\\\/archives\\\/author\\\/turkish\"}]}<\/script>\n<!-- \/ Yoast SEO plugin. -->","seo_head_json":{"title":"Mazlum Abdi: ABD T\u00fcrkiye\u2019nin operasyonuna kar\u015f\u0131 - Darka Mazi","robots":{"index":"index","follow":"follow","max-snippet":"max-snippet:-1","max-image-preview":"max-image-preview:large","max-video-preview":"max-video-preview:-1"},"canonical":"https:\/\/darkamazi.site\/archives\/1022246","og_locale":"en_US","og_type":"article","og_title":"Mazlum Abdi: ABD T\u00fcrkiye\u2019nin operasyonuna kar\u015f\u0131 - Darka Mazi","og_description":"Demokratik Suriye G\u00fc\u00e7leri (HSD) Genel Komutan\u0131\u00a0Mazlum Abdi\u00a0ABD ve \u0130ran\u2019\u0131n, T\u00fcrkiye\u2019nin Rojava\u2019ya y\u00f6nelik operasyonuna kar\u015f\u0131 oldu\u011funu s\u00f6yledi. HSD\u00a0Genel Komutan\u0131\u00a0Mazlum Abdi, Zoom uygulmas\u0131 \u00fczerinden online olarak gazetecilerin sorular\u0131n\u0131 yan\u0131tlad\u0131. Abdi, T\u00fcrkiye\u2019nin Kobani s\u0131n\u0131r\u0131na g\u00fc\u00e7 y\u0131\u011fd\u0131\u011f\u0131n\u0131 ve sald\u0131r\u0131 d\u00fczenleme niyetinde oldu\u011funu s\u00f6yledi. Uluslararas\u0131 toplumun operasyonla ilgili tutumu hakk\u0131nda Mazlum Abdi, \u201cABD\u00a0ve \u0130ran\u00a0T\u00fcrkiye\u2019nin operasyonuna kar\u015f\u0131. ABD operasyonun durdurulmas\u0131 i\u00e7in [&hellip;]","og_url":"https:\/\/darkamazi.site\/archives\/1022246","og_site_name":"Darka Mazi","article_publisher":"https:\/\/www.facebook.com\/DarkaMaziturkce","article_published_time":"2022-11-26T13:45:41+00:00","og_image":[{"width":781,"height":439,"url":"https:\/\/darkamazi.site\/file\/2022\/11\/FifWvNsXgAEtBJq.jpg","type":"image\/jpeg"}],"author":"darka mazi","twitter_card":"summary_large_image","twitter_creator":"@DarkaMaziTurkce","twitter_site":"@DarkaMaziTurkce","twitter_misc":{"Written by":"darka mazi","Est. reading time":"1 minute"},"schema":{"@context":"https:\/\/schema.org","@graph":[{"@type":"NewsArticle","@id":"https:\/\/darkamazi.site\/archives\/1022246#article","isPartOf":{"@id":"https:\/\/darkamazi.site\/archives\/1022246"},"author":{"name":"darka mazi","@id":"https:\/\/darkamazi.site\/#\/schema\/person\/67986a95ac546c16760365877ef4a9d3"},"headline":"Mazlum Abdi: ABD T\u00fcrkiye\u2019nin operasyonuna kar\u015f\u0131","datePublished":"2022-11-26T13:45:41+00:00","mainEntityOfPage":{"@id":"https:\/\/darkamazi.site\/archives\/1022246"},"wordCount":206,"publisher":{"@id":"https:\/\/darkamazi.site\/#organization"},"image":{"@id":"https:\/\/darkamazi.site\/archives\/1022246#primaryimage"},"thumbnailUrl":"https:\/\/darkamazi.site\/file\/2022\/11\/FifWvNsXgAEtBJq.jpg","articleSection":["Kurdistan"],"inLanguage":"en-US"},{"@type":"WebPage","@id":"https:\/\/darkamazi.site\/archives\/1022246","url":"https:\/\/darkamazi.site\/archives\/1022246","name":"Mazlum Abdi: ABD T\u00fcrkiye\u2019nin operasyonuna kar\u015f\u0131 - Darka Mazi","isPartOf":{"@id":"https:\/\/darkamazi.site\/#website"},"primaryImageOfPage":{"@id":"https:\/\/darkamazi.site\/archives\/1022246#primaryimage"},"image":{"@id":"https:\/\/darkamazi.site\/archives\/1022246#primaryimage"},"thumbnailUrl":"https:\/\/darkamazi.site\/file\/2022\/11\/FifWvNsXgAEtBJq.jpg","datePublished":"2022-11-26T13:45:41+00:00","breadcrumb":{"@id":"https:\/\/darkamazi.site\/archives\/1022246#breadcrumb"},"inLanguage":"en-US","potentialAction":[{"@type":"ReadAction","target":["https:\/\/darkamazi.site\/archives\/1022246"]}]},{"@type":"ImageObject","inLanguage":"en-US","@id":"https:\/\/darkamazi.site\/archives\/1022246#primaryimage","url":"https:\/\/darkamazi.site\/file\/2022\/11\/FifWvNsXgAEtBJq.jpg","contentUrl":"https:\/\/darkamazi.site\/file\/2022\/11\/FifWvNsXgAEtBJq.jpg","width":781,"height":439,"caption":"Mazlum Abdi: ABD T\u00fcrkiye\u2019nin operasyonuna kar\u015f\u0131"},{"@type":"BreadcrumbList","@id":"https:\/\/darkamazi.site\/archives\/1022246#breadcrumb","itemListElement":[{"@type":"ListItem","position":1,"name":"Home","item":"https:\/\/darkamazi.site\/"},{"@type":"ListItem","position":2,"name":"Mazlum Abdi: ABD T\u00fcrkiye\u2019nin operasyonuna kar\u015f\u0131"}]},{"@type":"WebSite","@id":"https:\/\/darkamazi.site\/#website","url":"https:\/\/darkamazi.site\/","name":"Darka Mazi","description":"Ana Sayfa","publisher":{"@id":"https:\/\/darkamazi.site\/#organization"},"potentialAction":[{"@type":"SearchAction","target":{"@type":"EntryPoint","urlTemplate":"https:\/\/darkamazi.site\/?s={search_term_string}"},"query-input":{"@type":"PropertyValueSpecification","valueRequired":true,"valueName":"search_term_string"}}],"inLanguage":"en-US"},{"@type":"Organization","@id":"https:\/\/darkamazi.site\/#organization","name":"Darka Mazi T\u00fcrk\u00e7e","alternateName":"Darka Mazi","url":"https:\/\/darkamazi.site\/","logo":{"@type":"ImageObject","inLanguage":"en-US","@id":"https:\/\/darkamazi.site\/#\/schema\/logo\/image\/","url":"https:\/\/darkamazi.site\/file\/2017\/12\/darka-mazi-logo.png","contentUrl":"https:\/\/darkamazi.site\/file\/2017\/12\/darka-mazi-logo.png","width":151,"height":75,"caption":"Darka Mazi T\u00fcrk\u00e7e"},"image":{"@id":"https:\/\/darkamazi.site\/#\/schema\/logo\/image\/"},"sameAs":["https:\/\/www.facebook.com\/DarkaMaziturkce","https:\/\/x.com\/DarkaMaziTurkce"]},{"@type":"Person","@id":"https:\/\/darkamazi.site\/#\/schema\/person\/67986a95ac546c16760365877ef4a9d3","name":"darka mazi","sameAs":["https:\/\/darkamazi.site"],"url":"https:\/\/darkamazi.site\/archives\/author\/turkish"}]}},"_links":{"self":[{"href":"https:\/\/darkamazi.site\/funavuv\/wp\/v2\/posts\/1022246","targetHints":{"allow":["GET"]}}],"collection":[{"href":"https:\/\/darkamazi.site\/funavuv\/wp\/v2\/posts"}],"about":[{"href":"https:\/\/darkamazi.site\/funavuv\/wp\/v2\/types\/post"}],"author":[{"embeddable":true,"href":"https:\/\/darkamazi.site\/funavuv\/wp\/v2\/users\/2"}],"replies":[{"embeddable":true,"href":"https:\/\/darkamazi.site\/funavuv\/wp\/v2\/comments?post=1022246"}],"version-history":[{"count":0,"href":"https:\/\/darkamazi.site\/funavuv\/wp\/v2\/posts\/1022246\/revisions"}],"wp:featuredmedia":[{"embeddable":true,"href":"https:\/\/darkamazi.site\/funavuv\/wp\/v2\/media\/1022247"}],"wp:attachment":[{"href":"https:\/\/darkamazi.site\/funavuv\/wp\/v2\/media?parent=1022246"}],"wp:term":[{"taxonomy":"category","embeddable":true,"href":"https:\/\/darkamazi.site\/funavuv\/wp\/v2\/categories?post=1022246"},{"taxonomy":"post_tag","embeddable":true,"href":"https:\/\/darkamazi.site\/funavuv\/wp\/v2\/tags?post=1022246"}],"curies":[{"name":"wp","href":"https:\/\/api.w.org\/{rel}","templated":true}]}}