{"id":1022258,"date":"2022-11-27T16:05:22","date_gmt":"2022-11-27T13:05:22","guid":{"rendered":"https:\/\/darkamazi.site\/?p=1022258"},"modified":"2022-11-27T16:05:22","modified_gmt":"2022-11-27T13:05:22","slug":"tskya-ait-savas-ucaklari-rojavayi-bombaliyor","status":"publish","type":"post","link":"https:\/\/darkamazi.site\/archives\/1022258","title":{"rendered":"TSK&#8217;ya ait  sava\u015f u\u00e7aklar\u0131 Rojava&#8217;y\u0131 bombal\u0131yor"},"content":{"rendered":"<p style=\"text-align: justify\">\u00a0TSK\u2019ya ba\u011fl\u0131 sava\u015f u\u00e7aklar\u0131 d\u00fcn gece Tel R\u0131fat, Marenaz ve Minnix Havaalan\u0131 b\u00f6lgelerini bombalad\u0131. Sabah saatlerinde ise top\u00e7u at\u0131\u015flar\u0131 devam etti.<\/p>\n<p style=\"text-align: justify\">Rojava\u2019n\u0131n \u015eehba il\u00e7esindeki Minnix Havaalan\u0131, Marenaz ve Tel R\u0131fat b\u00f6lgeleri d\u00fcn gece TSK\u2019ya ait sava\u015f u\u00e7aklar\u0131 taraf\u0131ndan bombaland\u0131.<\/p>\n<p style=\"text-align: justify\">Yakla\u015f\u0131k bir saat s\u00fcren bombard\u0131man\u0131n ard\u0131ndan, gece saat 01:00 sular\u0131nda sald\u0131r\u0131 alanlar\u0131 geni\u015fledi, Minnix Havaalan\u0131 ve \u015eera\u2019n\u0131n Merenaz k\u00f6y\u00fc hedef al\u0131nd\u0131.<\/p>\n<p style=\"text-align: justify\">Sabah saatlerinde Minnix Havaalan\u0131 ve Eyn Deqn\u00ea k\u00f6y\u00fc bir kez daha sava\u015f u\u00e7aklar\u0131nca bombaland\u0131\u011f\u0131 bildirildi.<\/p>\n<p style=\"text-align: justify\">Bug\u00fcn Minbic, Te\u015frin, Arima ve Tel R\u0131fat b\u00f6lgelerini kapsayan b\u00f6lge top\u00e7u birliklerince bombaland\u0131.<\/p>\n<p style=\"text-align: justify\">\u00d6te yandan ANHA\u2019ya konu\u015fan Kuzey ve Do\u011fu Suriye \u00d6zerk Y\u00f6netimi Ekonomi Kurulu E\u015f Ba\u015fkan\u0131 Selman Bar\u00fbdo, sald\u0131r\u0131lar\u0131n hedefi olan Siw\u00eadiy\u00ea gaz dolum istasyonunun g\u00fcnde 16 bin gaz t\u00fcp\u00fc dolumunu yapt\u0131\u011f\u0131n\u0131 ve Kami\u015flo Kantonu\u2019nun elektrik ihtiyac\u0131n\u0131n %50\u2019sini kar\u015f\u0131lad\u0131\u011f\u0131n\u0131 s\u00f6yledi.<\/p>\n<p style=\"text-align: justify\">Siw\u00eadiy\u00ea gaz istasyonu d\u0131\u015f\u0131nda 5 petrol istasyonunun daha hizmet d\u0131\u015f\u0131 kald\u0131\u011f\u0131 bilgisini veren Bar\u00fbdo, bombard\u0131man\u0131n b\u00f6lgede olumsuz sonu\u00e7lar do\u011furdu\u011funu belirtti.<\/p>\n<p style=\"text-align: justify\">Rojava \u00d6zerk Y\u00f6netimi d\u00fcn, T\u00fcrk Silahl\u0131 Kuvvetleri&#8217;nin (TSK) son 6 g\u00fcnde Rojava\u2019ya y\u00f6nelik d\u00fczenledi\u011fi hava bombard\u0131man\u0131 ve top at\u0131\u015flar\u0131na ili\u015fkin bilan\u00e7o a\u00e7\u0131klad\u0131.<\/p>\n<p style=\"text-align: justify\">A\u00e7\u0131klamaya g\u00f6re, 19\u2019u DSG sava\u015f\u00e7\u0131s\u0131, 16\u2019s\u0131 sivil ve 24\u2019\u00fc Suriye askeri olmak \u00fczere toplam 59 ki\u015fi ya\u015fam\u0131n\u0131 yitirdi, 33 sivil, 13 DSG ile asayi\u015f \u00fcyesi ve 25\u2019i Suriye askeri olmak \u00fczere 73 ki\u015fi ise yaraland\u0131.<\/p>\n","protected":false},"excerpt":{"rendered":"<p>\u00a0TSK\u2019ya ba\u011fl\u0131 sava\u015f u\u00e7aklar\u0131 d\u00fcn gece Tel R\u0131fat, Marenaz ve Minnix Havaalan\u0131 b\u00f6lgelerini bombalad\u0131. Sabah saatlerinde ise top\u00e7u at\u0131\u015flar\u0131 devam etti. Rojava\u2019n\u0131n \u015eehba il\u00e7esindeki Minnix Havaalan\u0131, Marenaz ve Tel R\u0131fat b\u00f6lgeleri d\u00fcn gece TSK\u2019ya ait sava\u015f u\u00e7aklar\u0131 taraf\u0131ndan bombaland\u0131. Yakla\u015f\u0131k bir saat s\u00fcren bombard\u0131man\u0131n ard\u0131ndan, gece saat 01:00 sular\u0131nda sald\u0131r\u0131 alanlar\u0131 geni\u015fledi, Minnix Havaalan\u0131 ve [&hellip;]<\/p>\n","protected":false},"author":2,"featured_media":1022260,"comment_status":"closed","ping_status":"closed","sticky":false,"template":"","format":"standard","meta":{"footnotes":""},"categories":[3],"tags":[31],"class_list":["post-1022258","post","type-post","status-publish","format-standard","has-post-thumbnail","hentry","category-kurdistan","tag-onemli"],"blocksy_meta":[],"seo_head":"<!-- This site is optimized with the Yoast SEO plugin v27.5 - https:\/\/yoast.com\/product\/yoast-seo-wordpress\/ -->\n<title>TSK&#039;ya ait sava\u015f u\u00e7aklar\u0131 Rojava&#039;y\u0131 bombal\u0131yor - Darka Mazi<\/title>\n<meta name=\"robots\" content=\"index, follow, max-snippet:-1, max-image-preview:large, max-video-preview:-1\" \/>\n<link rel=\"canonical\" href=\"https:\/\/darkamazi.site\/archives\/1022258\" \/>\n<meta property=\"og:locale\" content=\"en_US\" \/>\n<meta property=\"og:type\" content=\"article\" \/>\n<meta property=\"og:title\" content=\"TSK&#039;ya ait sava\u015f u\u00e7aklar\u0131 Rojava&#039;y\u0131 bombal\u0131yor - Darka Mazi\" \/>\n<meta property=\"og:description\" content=\"\u00a0TSK\u2019ya ba\u011fl\u0131 sava\u015f u\u00e7aklar\u0131 d\u00fcn gece Tel R\u0131fat, Marenaz ve Minnix Havaalan\u0131 b\u00f6lgelerini bombalad\u0131. Sabah saatlerinde ise top\u00e7u at\u0131\u015flar\u0131 devam etti. Rojava\u2019n\u0131n \u015eehba il\u00e7esindeki Minnix Havaalan\u0131, Marenaz ve Tel R\u0131fat b\u00f6lgeleri d\u00fcn gece TSK\u2019ya ait sava\u015f u\u00e7aklar\u0131 taraf\u0131ndan bombaland\u0131. Yakla\u015f\u0131k bir saat s\u00fcren bombard\u0131man\u0131n ard\u0131ndan, gece saat 01:00 sular\u0131nda sald\u0131r\u0131 alanlar\u0131 geni\u015fledi, Minnix Havaalan\u0131 ve [&hellip;]\" \/>\n<meta property=\"og:url\" content=\"https:\/\/darkamazi.site\/archives\/1022258\" \/>\n<meta property=\"og:site_name\" content=\"Darka Mazi\" \/>\n<meta property=\"article:publisher\" content=\"https:\/\/www.facebook.com\/DarkaMaziturkce\" \/>\n<meta property=\"article:published_time\" content=\"2022-11-27T13:05:22+00:00\" \/>\n<meta property=\"og:image\" content=\"https:\/\/darkamazi.site\/file\/2022\/11\/Fikh3vIXEAINhlW.jpg\" \/>\n\t<meta property=\"og:image:width\" content=\"900\" \/>\n\t<meta property=\"og:image:height\" content=\"497\" \/>\n\t<meta property=\"og:image:type\" content=\"image\/jpeg\" \/>\n<meta name=\"author\" content=\"darka mazi\" \/>\n<meta name=\"twitter:card\" content=\"summary_large_image\" \/>\n<meta name=\"twitter:creator\" content=\"@DarkaMaziTurkce\" \/>\n<meta name=\"twitter:site\" content=\"@DarkaMaziTurkce\" \/>\n<meta name=\"twitter:label1\" content=\"Written by\" \/>\n\t<meta name=\"twitter:data1\" content=\"darka mazi\" \/>\n\t<meta name=\"twitter:label2\" content=\"Est. reading time\" \/>\n\t<meta name=\"twitter:data2\" content=\"1 minute\" \/>\n<script type=\"application\/ld+json\" class=\"seo-schema-graph\">{\"@context\":\"https:\\\/\\\/schema.org\",\"@graph\":[{\"@type\":\"NewsArticle\",\"@id\":\"https:\\\/\\\/darkamazi.site\\\/archives\\\/1022258#article\",\"isPartOf\":{\"@id\":\"https:\\\/\\\/darkamazi.site\\\/archives\\\/1022258\"},\"author\":{\"name\":\"darka mazi\",\"@id\":\"https:\\\/\\\/darkamazi.site\\\/#\\\/schema\\\/person\\\/67986a95ac546c16760365877ef4a9d3\"},\"headline\":\"TSK&#8217;ya ait sava\u015f u\u00e7aklar\u0131 Rojava&#8217;y\u0131 bombal\u0131yor\",\"datePublished\":\"2022-11-27T13:05:22+00:00\",\"mainEntityOfPage\":{\"@id\":\"https:\\\/\\\/darkamazi.site\\\/archives\\\/1022258\"},\"wordCount\":293,\"publisher\":{\"@id\":\"https:\\\/\\\/darkamazi.site\\\/#organization\"},\"image\":{\"@id\":\"https:\\\/\\\/darkamazi.site\\\/archives\\\/1022258#primaryimage\"},\"thumbnailUrl\":\"https:\\\/\\\/darkamazi.site\\\/darka-content\\\/uploads\\\/2022\\\/11\\\/Fikh3vIXEAINhlW.jpg\",\"keywords\":[\"\u00f6nemli\"],\"articleSection\":[\"Kurdistan\"],\"inLanguage\":\"en-US\"},{\"@type\":\"WebPage\",\"@id\":\"https:\\\/\\\/darkamazi.site\\\/archives\\\/1022258\",\"url\":\"https:\\\/\\\/darkamazi.site\\\/archives\\\/1022258\",\"name\":\"TSK'ya ait sava\u015f u\u00e7aklar\u0131 Rojava'y\u0131 bombal\u0131yor - Darka Mazi\",\"isPartOf\":{\"@id\":\"https:\\\/\\\/darkamazi.site\\\/#website\"},\"primaryImageOfPage\":{\"@id\":\"https:\\\/\\\/darkamazi.site\\\/archives\\\/1022258#primaryimage\"},\"image\":{\"@id\":\"https:\\\/\\\/darkamazi.site\\\/archives\\\/1022258#primaryimage\"},\"thumbnailUrl\":\"https:\\\/\\\/darkamazi.site\\\/darka-content\\\/uploads\\\/2022\\\/11\\\/Fikh3vIXEAINhlW.jpg\",\"datePublished\":\"2022-11-27T13:05:22+00:00\",\"breadcrumb\":{\"@id\":\"https:\\\/\\\/darkamazi.site\\\/archives\\\/1022258#breadcrumb\"},\"inLanguage\":\"en-US\",\"potentialAction\":[{\"@type\":\"ReadAction\",\"target\":[\"https:\\\/\\\/darkamazi.site\\\/archives\\\/1022258\"]}]},{\"@type\":\"ImageObject\",\"inLanguage\":\"en-US\",\"@id\":\"https:\\\/\\\/darkamazi.site\\\/archives\\\/1022258#primaryimage\",\"url\":\"https:\\\/\\\/darkamazi.site\\\/darka-content\\\/uploads\\\/2022\\\/11\\\/Fikh3vIXEAINhlW.jpg\",\"contentUrl\":\"https:\\\/\\\/darkamazi.site\\\/darka-content\\\/uploads\\\/2022\\\/11\\\/Fikh3vIXEAINhlW.jpg\",\"width\":900,\"height\":497,\"caption\":\"TSK sava\u015f u\u00e7aklar\u0131 Rojava'y\u0131 bombal\u0131yor\"},{\"@type\":\"BreadcrumbList\",\"@id\":\"https:\\\/\\\/darkamazi.site\\\/archives\\\/1022258#breadcrumb\",\"itemListElement\":[{\"@type\":\"ListItem\",\"position\":1,\"name\":\"Home\",\"item\":\"https:\\\/\\\/darkamazi.site\\\/\"},{\"@type\":\"ListItem\",\"position\":2,\"name\":\"TSK&#8217;ya ait sava\u015f u\u00e7aklar\u0131 Rojava&#8217;y\u0131 bombal\u0131yor\"}]},{\"@type\":\"WebSite\",\"@id\":\"https:\\\/\\\/darkamazi.site\\\/#website\",\"url\":\"https:\\\/\\\/darkamazi.site\\\/\",\"name\":\"Darka Mazi\",\"description\":\"Ana Sayfa\",\"publisher\":{\"@id\":\"https:\\\/\\\/darkamazi.site\\\/#organization\"},\"potentialAction\":[{\"@type\":\"SearchAction\",\"target\":{\"@type\":\"EntryPoint\",\"urlTemplate\":\"https:\\\/\\\/darkamazi.site\\\/?s={search_term_string}\"},\"query-input\":{\"@type\":\"PropertyValueSpecification\",\"valueRequired\":true,\"valueName\":\"search_term_string\"}}],\"inLanguage\":\"en-US\"},{\"@type\":\"Organization\",\"@id\":\"https:\\\/\\\/darkamazi.site\\\/#organization\",\"name\":\"Darka Mazi T\u00fcrk\u00e7e\",\"alternateName\":\"Darka Mazi\",\"url\":\"https:\\\/\\\/darkamazi.site\\\/\",\"logo\":{\"@type\":\"ImageObject\",\"inLanguage\":\"en-US\",\"@id\":\"https:\\\/\\\/darkamazi.site\\\/#\\\/schema\\\/logo\\\/image\\\/\",\"url\":\"https:\\\/\\\/darkamazi.site\\\/darka-content\\\/uploads\\\/2017\\\/12\\\/darka-mazi-logo.png\",\"contentUrl\":\"https:\\\/\\\/darkamazi.site\\\/darka-content\\\/uploads\\\/2017\\\/12\\\/darka-mazi-logo.png\",\"width\":151,\"height\":75,\"caption\":\"Darka Mazi T\u00fcrk\u00e7e\"},\"image\":{\"@id\":\"https:\\\/\\\/darkamazi.site\\\/#\\\/schema\\\/logo\\\/image\\\/\"},\"sameAs\":[\"https:\\\/\\\/www.facebook.com\\\/DarkaMaziturkce\",\"https:\\\/\\\/x.com\\\/DarkaMaziTurkce\"]},{\"@type\":\"Person\",\"@id\":\"https:\\\/\\\/darkamazi.site\\\/#\\\/schema\\\/person\\\/67986a95ac546c16760365877ef4a9d3\",\"name\":\"darka mazi\",\"sameAs\":[\"https:\\\/\\\/darkamazi.site\"],\"url\":\"https:\\\/\\\/darkamazi.site\\\/archives\\\/author\\\/turkish\"}]}<\/script>\n<!-- \/ Yoast SEO plugin. -->","seo_head_json":{"title":"TSK'ya ait sava\u015f u\u00e7aklar\u0131 Rojava'y\u0131 bombal\u0131yor - Darka Mazi","robots":{"index":"index","follow":"follow","max-snippet":"max-snippet:-1","max-image-preview":"max-image-preview:large","max-video-preview":"max-video-preview:-1"},"canonical":"https:\/\/darkamazi.site\/archives\/1022258","og_locale":"en_US","og_type":"article","og_title":"TSK'ya ait sava\u015f u\u00e7aklar\u0131 Rojava'y\u0131 bombal\u0131yor - Darka Mazi","og_description":"\u00a0TSK\u2019ya ba\u011fl\u0131 sava\u015f u\u00e7aklar\u0131 d\u00fcn gece Tel R\u0131fat, Marenaz ve Minnix Havaalan\u0131 b\u00f6lgelerini bombalad\u0131. Sabah saatlerinde ise top\u00e7u at\u0131\u015flar\u0131 devam etti. Rojava\u2019n\u0131n \u015eehba il\u00e7esindeki Minnix Havaalan\u0131, Marenaz ve Tel R\u0131fat b\u00f6lgeleri d\u00fcn gece TSK\u2019ya ait sava\u015f u\u00e7aklar\u0131 taraf\u0131ndan bombaland\u0131. Yakla\u015f\u0131k bir saat s\u00fcren bombard\u0131man\u0131n ard\u0131ndan, gece saat 01:00 sular\u0131nda sald\u0131r\u0131 alanlar\u0131 geni\u015fledi, Minnix Havaalan\u0131 ve [&hellip;]","og_url":"https:\/\/darkamazi.site\/archives\/1022258","og_site_name":"Darka Mazi","article_publisher":"https:\/\/www.facebook.com\/DarkaMaziturkce","article_published_time":"2022-11-27T13:05:22+00:00","og_image":[{"width":900,"height":497,"url":"https:\/\/darkamazi.site\/file\/2022\/11\/Fikh3vIXEAINhlW.jpg","type":"image\/jpeg"}],"author":"darka mazi","twitter_card":"summary_large_image","twitter_creator":"@DarkaMaziTurkce","twitter_site":"@DarkaMaziTurkce","twitter_misc":{"Written by":"darka mazi","Est. reading time":"1 minute"},"schema":{"@context":"https:\/\/schema.org","@graph":[{"@type":"NewsArticle","@id":"https:\/\/darkamazi.site\/archives\/1022258#article","isPartOf":{"@id":"https:\/\/darkamazi.site\/archives\/1022258"},"author":{"name":"darka mazi","@id":"https:\/\/darkamazi.site\/#\/schema\/person\/67986a95ac546c16760365877ef4a9d3"},"headline":"TSK&#8217;ya ait sava\u015f u\u00e7aklar\u0131 Rojava&#8217;y\u0131 bombal\u0131yor","datePublished":"2022-11-27T13:05:22+00:00","mainEntityOfPage":{"@id":"https:\/\/darkamazi.site\/archives\/1022258"},"wordCount":293,"publisher":{"@id":"https:\/\/darkamazi.site\/#organization"},"image":{"@id":"https:\/\/darkamazi.site\/archives\/1022258#primaryimage"},"thumbnailUrl":"https:\/\/darkamazi.site\/file\/2022\/11\/Fikh3vIXEAINhlW.jpg","keywords":["\u00f6nemli"],"articleSection":["Kurdistan"],"inLanguage":"en-US"},{"@type":"WebPage","@id":"https:\/\/darkamazi.site\/archives\/1022258","url":"https:\/\/darkamazi.site\/archives\/1022258","name":"TSK'ya ait sava\u015f u\u00e7aklar\u0131 Rojava'y\u0131 bombal\u0131yor - Darka Mazi","isPartOf":{"@id":"https:\/\/darkamazi.site\/#website"},"primaryImageOfPage":{"@id":"https:\/\/darkamazi.site\/archives\/1022258#primaryimage"},"image":{"@id":"https:\/\/darkamazi.site\/archives\/1022258#primaryimage"},"thumbnailUrl":"https:\/\/darkamazi.site\/file\/2022\/11\/Fikh3vIXEAINhlW.jpg","datePublished":"2022-11-27T13:05:22+00:00","breadcrumb":{"@id":"https:\/\/darkamazi.site\/archives\/1022258#breadcrumb"},"inLanguage":"en-US","potentialAction":[{"@type":"ReadAction","target":["https:\/\/darkamazi.site\/archives\/1022258"]}]},{"@type":"ImageObject","inLanguage":"en-US","@id":"https:\/\/darkamazi.site\/archives\/1022258#primaryimage","url":"https:\/\/darkamazi.site\/file\/2022\/11\/Fikh3vIXEAINhlW.jpg","contentUrl":"https:\/\/darkamazi.site\/file\/2022\/11\/Fikh3vIXEAINhlW.jpg","width":900,"height":497,"caption":"TSK sava\u015f u\u00e7aklar\u0131 Rojava'y\u0131 bombal\u0131yor"},{"@type":"BreadcrumbList","@id":"https:\/\/darkamazi.site\/archives\/1022258#breadcrumb","itemListElement":[{"@type":"ListItem","position":1,"name":"Home","item":"https:\/\/darkamazi.site\/"},{"@type":"ListItem","position":2,"name":"TSK&#8217;ya ait sava\u015f u\u00e7aklar\u0131 Rojava&#8217;y\u0131 bombal\u0131yor"}]},{"@type":"WebSite","@id":"https:\/\/darkamazi.site\/#website","url":"https:\/\/darkamazi.site\/","name":"Darka Mazi","description":"Ana Sayfa","publisher":{"@id":"https:\/\/darkamazi.site\/#organization"},"potentialAction":[{"@type":"SearchAction","target":{"@type":"EntryPoint","urlTemplate":"https:\/\/darkamazi.site\/?s={search_term_string}"},"query-input":{"@type":"PropertyValueSpecification","valueRequired":true,"valueName":"search_term_string"}}],"inLanguage":"en-US"},{"@type":"Organization","@id":"https:\/\/darkamazi.site\/#organization","name":"Darka Mazi T\u00fcrk\u00e7e","alternateName":"Darka Mazi","url":"https:\/\/darkamazi.site\/","logo":{"@type":"ImageObject","inLanguage":"en-US","@id":"https:\/\/darkamazi.site\/#\/schema\/logo\/image\/","url":"https:\/\/darkamazi.site\/file\/2017\/12\/darka-mazi-logo.png","contentUrl":"https:\/\/darkamazi.site\/file\/2017\/12\/darka-mazi-logo.png","width":151,"height":75,"caption":"Darka Mazi T\u00fcrk\u00e7e"},"image":{"@id":"https:\/\/darkamazi.site\/#\/schema\/logo\/image\/"},"sameAs":["https:\/\/www.facebook.com\/DarkaMaziturkce","https:\/\/x.com\/DarkaMaziTurkce"]},{"@type":"Person","@id":"https:\/\/darkamazi.site\/#\/schema\/person\/67986a95ac546c16760365877ef4a9d3","name":"darka mazi","sameAs":["https:\/\/darkamazi.site"],"url":"https:\/\/darkamazi.site\/archives\/author\/turkish"}]}},"_links":{"self":[{"href":"https:\/\/darkamazi.site\/funavuv\/wp\/v2\/posts\/1022258","targetHints":{"allow":["GET"]}}],"collection":[{"href":"https:\/\/darkamazi.site\/funavuv\/wp\/v2\/posts"}],"about":[{"href":"https:\/\/darkamazi.site\/funavuv\/wp\/v2\/types\/post"}],"author":[{"embeddable":true,"href":"https:\/\/darkamazi.site\/funavuv\/wp\/v2\/users\/2"}],"replies":[{"embeddable":true,"href":"https:\/\/darkamazi.site\/funavuv\/wp\/v2\/comments?post=1022258"}],"version-history":[{"count":0,"href":"https:\/\/darkamazi.site\/funavuv\/wp\/v2\/posts\/1022258\/revisions"}],"wp:featuredmedia":[{"embeddable":true,"href":"https:\/\/darkamazi.site\/funavuv\/wp\/v2\/media\/1022260"}],"wp:attachment":[{"href":"https:\/\/darkamazi.site\/funavuv\/wp\/v2\/media?parent=1022258"}],"wp:term":[{"taxonomy":"category","embeddable":true,"href":"https:\/\/darkamazi.site\/funavuv\/wp\/v2\/categories?post=1022258"},{"taxonomy":"post_tag","embeddable":true,"href":"https:\/\/darkamazi.site\/funavuv\/wp\/v2\/tags?post=1022258"}],"curies":[{"name":"wp","href":"https:\/\/api.w.org\/{rel}","templated":true}]}}