{"id":1022272,"date":"2022-11-28T13:50:42","date_gmt":"2022-11-28T10:50:42","guid":{"rendered":"https:\/\/darkamazi.site\/?p=1022272"},"modified":"2022-11-28T13:50:42","modified_gmt":"2022-11-28T10:50:42","slug":"duhok-uluslararasi-film-festivali-ilk-kez-bir-multeci-kampinda-gerceklestirilecek","status":"publish","type":"post","link":"https:\/\/darkamazi.site\/archives\/1022272","title":{"rendered":"Duhok Uluslararas\u0131 Film Festivali ilk kez bir m\u00fclteci kamp\u0131nda ger\u00e7ekle\u015ftirilecek"},"content":{"rendered":"<p>Duhok Uluslararas\u0131 9\u2019uncu Film Festivali ilk kez Rojava K\u00fcrdistan\u0131 m\u00fcltecilerinin kald\u0131\u011f\u0131 bir kampta ger\u00e7ekle\u015ftirilecek.<\/p>\n<p>Duhok Uluslararas\u0131 9\u2019uncu Film Festivali Organizat\u00f6r\u00fc Hesen Ar\u00eef konuyla ilgili \u00a0Basnews\u2019e yapt\u0131\u011f\u0131 a\u00e7\u0131klamada \u015funlar\u0131 s\u00f6yledi: \u201cFestivalde K\u00fcrt ve yabanc\u0131 100\u2019den fazla film g\u00f6sterilecek. Bu festivalde g\u00f6sterilecek filmlerin b\u00fcy\u00fck \u00e7o\u011funlu\u011fu m\u00fcltecilik \u00fczerine ve bu nedenle bir b\u00f6l\u00fcm\u00fc m\u00fcltecilerin ya\u015fad\u0131\u011f\u0131 kampta g\u00f6sterilecek.\u201d<\/p>\n<p>Hesen Er\u00eef a\u00e7\u0131klamas\u0131n\u0131n devam\u0131nda \u015funlar\u0131 dile getirdi: \u201cDuhok Uluslararas\u0131 Film Festivali tarihinde ilk kez festivalin bir b\u00f6l\u00fcm\u00fc bir m\u00fclteci kamp\u0131nda yap\u0131lacak. Burada amac\u0131m\u0131z festival arac\u0131l\u0131\u011f\u0131yla m\u00fcltecilik ko\u015fullar\u0131na dikkat \u00e7ekmek olacak. Uzun metrajl\u0131 filmler K\u00fcrt\u00e7e altyaz\u0131l\u0131 olarak m\u00fclteci kamp\u0131nda Rojava K\u00fcrdistan\u0131 m\u00fcltecilerine izlettirilecek. Dedi\u011fim gibi buradaki temel amac\u0131m\u0131z m\u00fclteci karde\u015flerimize hizmet sunmak olacak.\u201d<\/p>\n","protected":false},"excerpt":{"rendered":"<p>Duhok Uluslararas\u0131 9\u2019uncu Film Festivali ilk kez Rojava K\u00fcrdistan\u0131 m\u00fcltecilerinin kald\u0131\u011f\u0131 bir kampta ger\u00e7ekle\u015ftirilecek. Duhok Uluslararas\u0131 9\u2019uncu Film Festivali Organizat\u00f6r\u00fc Hesen Ar\u00eef konuyla ilgili \u00a0Basnews\u2019e yapt\u0131\u011f\u0131 a\u00e7\u0131klamada \u015funlar\u0131 s\u00f6yledi: \u201cFestivalde K\u00fcrt ve yabanc\u0131 100\u2019den fazla film g\u00f6sterilecek. Bu festivalde g\u00f6sterilecek filmlerin b\u00fcy\u00fck \u00e7o\u011funlu\u011fu m\u00fcltecilik \u00fczerine ve bu nedenle bir b\u00f6l\u00fcm\u00fc m\u00fcltecilerin ya\u015fad\u0131\u011f\u0131 kampta g\u00f6sterilecek.\u201d Hesen [&hellip;]<\/p>\n","protected":false},"author":2,"featured_media":1022273,"comment_status":"closed","ping_status":"closed","sticky":false,"template":"","format":"standard","meta":{"footnotes":""},"categories":[33],"tags":[],"class_list":["post-1022272","post","type-post","status-publish","format-standard","has-post-thumbnail","hentry","category-sanat"],"blocksy_meta":[],"seo_head":"<!-- This site is optimized with the Yoast SEO plugin v27.5 - https:\/\/yoast.com\/product\/yoast-seo-wordpress\/ -->\n<title>Duhok Uluslararas\u0131 Film Festivali ilk kez bir m\u00fclteci kamp\u0131nda ger\u00e7ekle\u015ftirilecek - Darka Mazi<\/title>\n<meta name=\"robots\" content=\"index, follow, max-snippet:-1, max-image-preview:large, max-video-preview:-1\" \/>\n<link rel=\"canonical\" href=\"https:\/\/darkamazi.site\/archives\/1022272\" \/>\n<meta property=\"og:locale\" content=\"en_US\" \/>\n<meta property=\"og:type\" content=\"article\" \/>\n<meta property=\"og:title\" content=\"Duhok Uluslararas\u0131 Film Festivali ilk kez bir m\u00fclteci kamp\u0131nda ger\u00e7ekle\u015ftirilecek - Darka Mazi\" \/>\n<meta property=\"og:description\" content=\"Duhok Uluslararas\u0131 9\u2019uncu Film Festivali ilk kez Rojava K\u00fcrdistan\u0131 m\u00fcltecilerinin kald\u0131\u011f\u0131 bir kampta ger\u00e7ekle\u015ftirilecek. Duhok Uluslararas\u0131 9\u2019uncu Film Festivali Organizat\u00f6r\u00fc Hesen Ar\u00eef konuyla ilgili \u00a0Basnews\u2019e yapt\u0131\u011f\u0131 a\u00e7\u0131klamada \u015funlar\u0131 s\u00f6yledi: \u201cFestivalde K\u00fcrt ve yabanc\u0131 100\u2019den fazla film g\u00f6sterilecek. Bu festivalde g\u00f6sterilecek filmlerin b\u00fcy\u00fck \u00e7o\u011funlu\u011fu m\u00fcltecilik \u00fczerine ve bu nedenle bir b\u00f6l\u00fcm\u00fc m\u00fcltecilerin ya\u015fad\u0131\u011f\u0131 kampta g\u00f6sterilecek.\u201d Hesen [&hellip;]\" \/>\n<meta property=\"og:url\" content=\"https:\/\/darkamazi.site\/archives\/1022272\" \/>\n<meta property=\"og:site_name\" content=\"Darka Mazi\" \/>\n<meta property=\"article:publisher\" content=\"https:\/\/www.facebook.com\/DarkaMaziturkce\" \/>\n<meta property=\"article:published_time\" content=\"2022-11-28T10:50:42+00:00\" \/>\n<meta property=\"og:image\" content=\"https:\/\/darkamazi.site\/file\/2022\/11\/72e6187b0440b1bca98204cd77622f56_L.jpg\" \/>\n\t<meta property=\"og:image:width\" content=\"710\" \/>\n\t<meta property=\"og:image:height\" content=\"360\" \/>\n\t<meta property=\"og:image:type\" content=\"image\/jpeg\" \/>\n<meta name=\"author\" content=\"darka mazi\" \/>\n<meta name=\"twitter:card\" content=\"summary_large_image\" \/>\n<meta name=\"twitter:creator\" content=\"@DarkaMaziTurkce\" \/>\n<meta name=\"twitter:site\" content=\"@DarkaMaziTurkce\" \/>\n<meta name=\"twitter:label1\" content=\"Written by\" \/>\n\t<meta name=\"twitter:data1\" content=\"darka mazi\" \/>\n\t<meta name=\"twitter:label2\" content=\"Est. reading time\" \/>\n\t<meta name=\"twitter:data2\" content=\"1 minute\" \/>\n<script type=\"application\/ld+json\" class=\"seo-schema-graph\">{\"@context\":\"https:\\\/\\\/schema.org\",\"@graph\":[{\"@type\":\"NewsArticle\",\"@id\":\"https:\\\/\\\/darkamazi.site\\\/archives\\\/1022272#article\",\"isPartOf\":{\"@id\":\"https:\\\/\\\/darkamazi.site\\\/archives\\\/1022272\"},\"author\":{\"name\":\"darka mazi\",\"@id\":\"https:\\\/\\\/darkamazi.site\\\/#\\\/schema\\\/person\\\/67986a95ac546c16760365877ef4a9d3\"},\"headline\":\"Duhok Uluslararas\u0131 Film Festivali ilk kez bir m\u00fclteci kamp\u0131nda ger\u00e7ekle\u015ftirilecek\",\"datePublished\":\"2022-11-28T10:50:42+00:00\",\"mainEntityOfPage\":{\"@id\":\"https:\\\/\\\/darkamazi.site\\\/archives\\\/1022272\"},\"wordCount\":171,\"publisher\":{\"@id\":\"https:\\\/\\\/darkamazi.site\\\/#organization\"},\"image\":{\"@id\":\"https:\\\/\\\/darkamazi.site\\\/archives\\\/1022272#primaryimage\"},\"thumbnailUrl\":\"https:\\\/\\\/darkamazi.site\\\/darka-content\\\/uploads\\\/2022\\\/11\\\/72e6187b0440b1bca98204cd77622f56_L.jpg\",\"articleSection\":[\"Sanat\"],\"inLanguage\":\"en-US\"},{\"@type\":\"WebPage\",\"@id\":\"https:\\\/\\\/darkamazi.site\\\/archives\\\/1022272\",\"url\":\"https:\\\/\\\/darkamazi.site\\\/archives\\\/1022272\",\"name\":\"Duhok Uluslararas\u0131 Film Festivali ilk kez bir m\u00fclteci kamp\u0131nda ger\u00e7ekle\u015ftirilecek - Darka Mazi\",\"isPartOf\":{\"@id\":\"https:\\\/\\\/darkamazi.site\\\/#website\"},\"primaryImageOfPage\":{\"@id\":\"https:\\\/\\\/darkamazi.site\\\/archives\\\/1022272#primaryimage\"},\"image\":{\"@id\":\"https:\\\/\\\/darkamazi.site\\\/archives\\\/1022272#primaryimage\"},\"thumbnailUrl\":\"https:\\\/\\\/darkamazi.site\\\/darka-content\\\/uploads\\\/2022\\\/11\\\/72e6187b0440b1bca98204cd77622f56_L.jpg\",\"datePublished\":\"2022-11-28T10:50:42+00:00\",\"breadcrumb\":{\"@id\":\"https:\\\/\\\/darkamazi.site\\\/archives\\\/1022272#breadcrumb\"},\"inLanguage\":\"en-US\",\"potentialAction\":[{\"@type\":\"ReadAction\",\"target\":[\"https:\\\/\\\/darkamazi.site\\\/archives\\\/1022272\"]}]},{\"@type\":\"ImageObject\",\"inLanguage\":\"en-US\",\"@id\":\"https:\\\/\\\/darkamazi.site\\\/archives\\\/1022272#primaryimage\",\"url\":\"https:\\\/\\\/darkamazi.site\\\/darka-content\\\/uploads\\\/2022\\\/11\\\/72e6187b0440b1bca98204cd77622f56_L.jpg\",\"contentUrl\":\"https:\\\/\\\/darkamazi.site\\\/darka-content\\\/uploads\\\/2022\\\/11\\\/72e6187b0440b1bca98204cd77622f56_L.jpg\",\"width\":710,\"height\":360,\"caption\":\"Duhok Uluslararas\u0131 Film Festivali ilk kez bir m\u00fclteci kamp\u0131nda ger\u00e7ekle\u015ftirilecek\"},{\"@type\":\"BreadcrumbList\",\"@id\":\"https:\\\/\\\/darkamazi.site\\\/archives\\\/1022272#breadcrumb\",\"itemListElement\":[{\"@type\":\"ListItem\",\"position\":1,\"name\":\"Home\",\"item\":\"https:\\\/\\\/darkamazi.site\\\/\"},{\"@type\":\"ListItem\",\"position\":2,\"name\":\"Duhok Uluslararas\u0131 Film Festivali ilk kez bir m\u00fclteci kamp\u0131nda ger\u00e7ekle\u015ftirilecek\"}]},{\"@type\":\"WebSite\",\"@id\":\"https:\\\/\\\/darkamazi.site\\\/#website\",\"url\":\"https:\\\/\\\/darkamazi.site\\\/\",\"name\":\"Darka Mazi\",\"description\":\"Ana Sayfa\",\"publisher\":{\"@id\":\"https:\\\/\\\/darkamazi.site\\\/#organization\"},\"potentialAction\":[{\"@type\":\"SearchAction\",\"target\":{\"@type\":\"EntryPoint\",\"urlTemplate\":\"https:\\\/\\\/darkamazi.site\\\/?s={search_term_string}\"},\"query-input\":{\"@type\":\"PropertyValueSpecification\",\"valueRequired\":true,\"valueName\":\"search_term_string\"}}],\"inLanguage\":\"en-US\"},{\"@type\":\"Organization\",\"@id\":\"https:\\\/\\\/darkamazi.site\\\/#organization\",\"name\":\"Darka Mazi T\u00fcrk\u00e7e\",\"alternateName\":\"Darka Mazi\",\"url\":\"https:\\\/\\\/darkamazi.site\\\/\",\"logo\":{\"@type\":\"ImageObject\",\"inLanguage\":\"en-US\",\"@id\":\"https:\\\/\\\/darkamazi.site\\\/#\\\/schema\\\/logo\\\/image\\\/\",\"url\":\"https:\\\/\\\/darkamazi.site\\\/darka-content\\\/uploads\\\/2017\\\/12\\\/darka-mazi-logo.png\",\"contentUrl\":\"https:\\\/\\\/darkamazi.site\\\/darka-content\\\/uploads\\\/2017\\\/12\\\/darka-mazi-logo.png\",\"width\":151,\"height\":75,\"caption\":\"Darka Mazi T\u00fcrk\u00e7e\"},\"image\":{\"@id\":\"https:\\\/\\\/darkamazi.site\\\/#\\\/schema\\\/logo\\\/image\\\/\"},\"sameAs\":[\"https:\\\/\\\/www.facebook.com\\\/DarkaMaziturkce\",\"https:\\\/\\\/x.com\\\/DarkaMaziTurkce\"]},{\"@type\":\"Person\",\"@id\":\"https:\\\/\\\/darkamazi.site\\\/#\\\/schema\\\/person\\\/67986a95ac546c16760365877ef4a9d3\",\"name\":\"darka mazi\",\"sameAs\":[\"https:\\\/\\\/darkamazi.site\"],\"url\":\"https:\\\/\\\/darkamazi.site\\\/archives\\\/author\\\/turkish\"}]}<\/script>\n<!-- \/ Yoast SEO plugin. -->","seo_head_json":{"title":"Duhok Uluslararas\u0131 Film Festivali ilk kez bir m\u00fclteci kamp\u0131nda ger\u00e7ekle\u015ftirilecek - Darka Mazi","robots":{"index":"index","follow":"follow","max-snippet":"max-snippet:-1","max-image-preview":"max-image-preview:large","max-video-preview":"max-video-preview:-1"},"canonical":"https:\/\/darkamazi.site\/archives\/1022272","og_locale":"en_US","og_type":"article","og_title":"Duhok Uluslararas\u0131 Film Festivali ilk kez bir m\u00fclteci kamp\u0131nda ger\u00e7ekle\u015ftirilecek - Darka Mazi","og_description":"Duhok Uluslararas\u0131 9\u2019uncu Film Festivali ilk kez Rojava K\u00fcrdistan\u0131 m\u00fcltecilerinin kald\u0131\u011f\u0131 bir kampta ger\u00e7ekle\u015ftirilecek. Duhok Uluslararas\u0131 9\u2019uncu Film Festivali Organizat\u00f6r\u00fc Hesen Ar\u00eef konuyla ilgili \u00a0Basnews\u2019e yapt\u0131\u011f\u0131 a\u00e7\u0131klamada \u015funlar\u0131 s\u00f6yledi: \u201cFestivalde K\u00fcrt ve yabanc\u0131 100\u2019den fazla film g\u00f6sterilecek. Bu festivalde g\u00f6sterilecek filmlerin b\u00fcy\u00fck \u00e7o\u011funlu\u011fu m\u00fcltecilik \u00fczerine ve bu nedenle bir b\u00f6l\u00fcm\u00fc m\u00fcltecilerin ya\u015fad\u0131\u011f\u0131 kampta g\u00f6sterilecek.\u201d Hesen [&hellip;]","og_url":"https:\/\/darkamazi.site\/archives\/1022272","og_site_name":"Darka Mazi","article_publisher":"https:\/\/www.facebook.com\/DarkaMaziturkce","article_published_time":"2022-11-28T10:50:42+00:00","og_image":[{"width":710,"height":360,"url":"https:\/\/darkamazi.site\/file\/2022\/11\/72e6187b0440b1bca98204cd77622f56_L.jpg","type":"image\/jpeg"}],"author":"darka mazi","twitter_card":"summary_large_image","twitter_creator":"@DarkaMaziTurkce","twitter_site":"@DarkaMaziTurkce","twitter_misc":{"Written by":"darka mazi","Est. reading time":"1 minute"},"schema":{"@context":"https:\/\/schema.org","@graph":[{"@type":"NewsArticle","@id":"https:\/\/darkamazi.site\/archives\/1022272#article","isPartOf":{"@id":"https:\/\/darkamazi.site\/archives\/1022272"},"author":{"name":"darka mazi","@id":"https:\/\/darkamazi.site\/#\/schema\/person\/67986a95ac546c16760365877ef4a9d3"},"headline":"Duhok Uluslararas\u0131 Film Festivali ilk kez bir m\u00fclteci kamp\u0131nda ger\u00e7ekle\u015ftirilecek","datePublished":"2022-11-28T10:50:42+00:00","mainEntityOfPage":{"@id":"https:\/\/darkamazi.site\/archives\/1022272"},"wordCount":171,"publisher":{"@id":"https:\/\/darkamazi.site\/#organization"},"image":{"@id":"https:\/\/darkamazi.site\/archives\/1022272#primaryimage"},"thumbnailUrl":"https:\/\/darkamazi.site\/file\/2022\/11\/72e6187b0440b1bca98204cd77622f56_L.jpg","articleSection":["Sanat"],"inLanguage":"en-US"},{"@type":"WebPage","@id":"https:\/\/darkamazi.site\/archives\/1022272","url":"https:\/\/darkamazi.site\/archives\/1022272","name":"Duhok Uluslararas\u0131 Film Festivali ilk kez bir m\u00fclteci kamp\u0131nda ger\u00e7ekle\u015ftirilecek - Darka Mazi","isPartOf":{"@id":"https:\/\/darkamazi.site\/#website"},"primaryImageOfPage":{"@id":"https:\/\/darkamazi.site\/archives\/1022272#primaryimage"},"image":{"@id":"https:\/\/darkamazi.site\/archives\/1022272#primaryimage"},"thumbnailUrl":"https:\/\/darkamazi.site\/file\/2022\/11\/72e6187b0440b1bca98204cd77622f56_L.jpg","datePublished":"2022-11-28T10:50:42+00:00","breadcrumb":{"@id":"https:\/\/darkamazi.site\/archives\/1022272#breadcrumb"},"inLanguage":"en-US","potentialAction":[{"@type":"ReadAction","target":["https:\/\/darkamazi.site\/archives\/1022272"]}]},{"@type":"ImageObject","inLanguage":"en-US","@id":"https:\/\/darkamazi.site\/archives\/1022272#primaryimage","url":"https:\/\/darkamazi.site\/file\/2022\/11\/72e6187b0440b1bca98204cd77622f56_L.jpg","contentUrl":"https:\/\/darkamazi.site\/file\/2022\/11\/72e6187b0440b1bca98204cd77622f56_L.jpg","width":710,"height":360,"caption":"Duhok Uluslararas\u0131 Film Festivali ilk kez bir m\u00fclteci kamp\u0131nda ger\u00e7ekle\u015ftirilecek"},{"@type":"BreadcrumbList","@id":"https:\/\/darkamazi.site\/archives\/1022272#breadcrumb","itemListElement":[{"@type":"ListItem","position":1,"name":"Home","item":"https:\/\/darkamazi.site\/"},{"@type":"ListItem","position":2,"name":"Duhok Uluslararas\u0131 Film Festivali ilk kez bir m\u00fclteci kamp\u0131nda ger\u00e7ekle\u015ftirilecek"}]},{"@type":"WebSite","@id":"https:\/\/darkamazi.site\/#website","url":"https:\/\/darkamazi.site\/","name":"Darka Mazi","description":"Ana Sayfa","publisher":{"@id":"https:\/\/darkamazi.site\/#organization"},"potentialAction":[{"@type":"SearchAction","target":{"@type":"EntryPoint","urlTemplate":"https:\/\/darkamazi.site\/?s={search_term_string}"},"query-input":{"@type":"PropertyValueSpecification","valueRequired":true,"valueName":"search_term_string"}}],"inLanguage":"en-US"},{"@type":"Organization","@id":"https:\/\/darkamazi.site\/#organization","name":"Darka Mazi T\u00fcrk\u00e7e","alternateName":"Darka Mazi","url":"https:\/\/darkamazi.site\/","logo":{"@type":"ImageObject","inLanguage":"en-US","@id":"https:\/\/darkamazi.site\/#\/schema\/logo\/image\/","url":"https:\/\/darkamazi.site\/file\/2017\/12\/darka-mazi-logo.png","contentUrl":"https:\/\/darkamazi.site\/file\/2017\/12\/darka-mazi-logo.png","width":151,"height":75,"caption":"Darka Mazi T\u00fcrk\u00e7e"},"image":{"@id":"https:\/\/darkamazi.site\/#\/schema\/logo\/image\/"},"sameAs":["https:\/\/www.facebook.com\/DarkaMaziturkce","https:\/\/x.com\/DarkaMaziTurkce"]},{"@type":"Person","@id":"https:\/\/darkamazi.site\/#\/schema\/person\/67986a95ac546c16760365877ef4a9d3","name":"darka mazi","sameAs":["https:\/\/darkamazi.site"],"url":"https:\/\/darkamazi.site\/archives\/author\/turkish"}]}},"_links":{"self":[{"href":"https:\/\/darkamazi.site\/funavuv\/wp\/v2\/posts\/1022272","targetHints":{"allow":["GET"]}}],"collection":[{"href":"https:\/\/darkamazi.site\/funavuv\/wp\/v2\/posts"}],"about":[{"href":"https:\/\/darkamazi.site\/funavuv\/wp\/v2\/types\/post"}],"author":[{"embeddable":true,"href":"https:\/\/darkamazi.site\/funavuv\/wp\/v2\/users\/2"}],"replies":[{"embeddable":true,"href":"https:\/\/darkamazi.site\/funavuv\/wp\/v2\/comments?post=1022272"}],"version-history":[{"count":0,"href":"https:\/\/darkamazi.site\/funavuv\/wp\/v2\/posts\/1022272\/revisions"}],"wp:featuredmedia":[{"embeddable":true,"href":"https:\/\/darkamazi.site\/funavuv\/wp\/v2\/media\/1022273"}],"wp:attachment":[{"href":"https:\/\/darkamazi.site\/funavuv\/wp\/v2\/media?parent=1022272"}],"wp:term":[{"taxonomy":"category","embeddable":true,"href":"https:\/\/darkamazi.site\/funavuv\/wp\/v2\/categories?post=1022272"},{"taxonomy":"post_tag","embeddable":true,"href":"https:\/\/darkamazi.site\/funavuv\/wp\/v2\/tags?post=1022272"}],"curies":[{"name":"wp","href":"https:\/\/api.w.org\/{rel}","templated":true}]}}