{"id":1022555,"date":"2022-12-19T18:30:02","date_gmt":"2022-12-19T15:30:02","guid":{"rendered":"https:\/\/darkamazi.site\/?p=1022555"},"modified":"2022-12-19T18:32:49","modified_gmt":"2022-12-19T15:32:49","slug":"azadi-hareketi-genel-sekreteri-pirani-gozaltina-alindi","status":"publish","type":"post","link":"https:\/\/darkamazi.site\/archives\/1022555","title":{"rendered":"Azad\u00ee Hareketi Genel Sekreteri Pirani g\u00f6zalt\u0131na al\u0131nd\u0131!"},"content":{"rendered":"<p style=\"text-align: justify\">Azad\u00ee Hareketi Genel Sekreteri Metin Pirani, sosyal medyada g\u00f6zalt\u0131na al\u0131nd\u0131\u011f\u0131n\u0131 a\u00e7\u0131klad\u0131.<\/p>\n<p style=\"text-align: justify\">Bu g\u00fcn sabah saatlerinde Diyarbak\u0131r Sulh Hakimli\u011fi\u2019nin talimat\u0131yla aralar\u0131nda\u00a0 K\u00fcrdistan \u00d6zg\u00fcrl\u00fck Partisi (PAK), K\u00fcrdistan Sosyalist Partisi (PSK) ve Azad\u00ee (\u00d6zg\u00fcrl\u00fck) Hareketi&#8217;nin Diyarbak\u0131r binalar\u0131 polislar taraf\u0131ndan bas\u0131ld\u0131.<\/p>\n<p style=\"text-align: justify\">K\u00fcrdistan Bayra\u011f\u0131 G\u00fcn\u00fc vesilesiyle d\u00fcn\u00a0 PSK , PAK ve Azad\u00ee Hareketi&#8217;nin parti binalar\u0131na as\u0131lan K\u00fcrdistan Bayraklar\u0131 polisler taraf\u0131ndan indirildi.<\/p>\n<p style=\"text-align: justify\">Azad\u00ee Hareketi Genel Sekreteri Metin Pirani ise yapt\u0131\u011f\u0131 a\u00e7\u0131klamada parti binalar\u0131n\u0131n polis ablukas\u0131 alt\u0131nda oldu\u011funu kaydetti.<\/p>\n<p style=\"text-align: justify\">Twitter\u2019dan a\u00e7\u0131klama yapan Pirani \u201cT\u00fcm Yurtsever Kamuoyu ve dostlar\u0131m\u0131za duyurulur. Hareketimiz binas\u0131 \u015fu anda polis ablukas\u0131 alt\u0131nda\u201d ifadelerini kulland\u0131.<\/p>\n<p style=\"text-align: justify\">K\u0131sa bir s\u00fcre sonra ise Pirani g\u00f6z alt\u0131na al\u0131nd\u0131\u011f\u0131n\u0131 a\u00e7\u0131klad\u0131.<\/p>\n","protected":false},"excerpt":{"rendered":"<p>Azad\u00ee Hareketi Genel Sekreteri Metin Pirani, sosyal medyada g\u00f6zalt\u0131na al\u0131nd\u0131\u011f\u0131n\u0131 a\u00e7\u0131klad\u0131. Bu g\u00fcn sabah saatlerinde Diyarbak\u0131r Sulh Hakimli\u011fi\u2019nin talimat\u0131yla aralar\u0131nda\u00a0 K\u00fcrdistan \u00d6zg\u00fcrl\u00fck Partisi (PAK), K\u00fcrdistan Sosyalist Partisi (PSK) ve Azad\u00ee (\u00d6zg\u00fcrl\u00fck) Hareketi&#8217;nin Diyarbak\u0131r binalar\u0131 polislar taraf\u0131ndan bas\u0131ld\u0131. K\u00fcrdistan Bayra\u011f\u0131 G\u00fcn\u00fc vesilesiyle d\u00fcn\u00a0 PSK , PAK ve Azad\u00ee Hareketi&#8217;nin parti binalar\u0131na as\u0131lan K\u00fcrdistan Bayraklar\u0131 polisler taraf\u0131ndan [&hellip;]<\/p>\n","protected":false},"author":2,"featured_media":1022556,"comment_status":"closed","ping_status":"closed","sticky":false,"template":"","format":"standard","meta":{"footnotes":""},"categories":[3],"tags":[31],"class_list":["post-1022555","post","type-post","status-publish","format-standard","has-post-thumbnail","hentry","category-kurdistan","tag-onemli"],"blocksy_meta":[],"seo_head":"<!-- This site is optimized with the Yoast SEO plugin v27.5 - https:\/\/yoast.com\/product\/yoast-seo-wordpress\/ -->\n<title>Azad\u00ee Hareketi Genel Sekreteri Pirani g\u00f6zalt\u0131na al\u0131nd\u0131! - Darka Mazi<\/title>\n<meta name=\"robots\" content=\"index, follow, max-snippet:-1, max-image-preview:large, max-video-preview:-1\" \/>\n<link rel=\"canonical\" href=\"https:\/\/darkamazi.site\/archives\/1022555\" \/>\n<meta property=\"og:locale\" content=\"en_US\" \/>\n<meta property=\"og:type\" content=\"article\" \/>\n<meta property=\"og:title\" content=\"Azad\u00ee Hareketi Genel Sekreteri Pirani g\u00f6zalt\u0131na al\u0131nd\u0131! - Darka Mazi\" \/>\n<meta property=\"og:description\" content=\"Azad\u00ee Hareketi Genel Sekreteri Metin Pirani, sosyal medyada g\u00f6zalt\u0131na al\u0131nd\u0131\u011f\u0131n\u0131 a\u00e7\u0131klad\u0131. Bu g\u00fcn sabah saatlerinde Diyarbak\u0131r Sulh Hakimli\u011fi\u2019nin talimat\u0131yla aralar\u0131nda\u00a0 K\u00fcrdistan \u00d6zg\u00fcrl\u00fck Partisi (PAK), K\u00fcrdistan Sosyalist Partisi (PSK) ve Azad\u00ee (\u00d6zg\u00fcrl\u00fck) Hareketi&#8217;nin Diyarbak\u0131r binalar\u0131 polislar taraf\u0131ndan bas\u0131ld\u0131. K\u00fcrdistan Bayra\u011f\u0131 G\u00fcn\u00fc vesilesiyle d\u00fcn\u00a0 PSK , PAK ve Azad\u00ee Hareketi&#8217;nin parti binalar\u0131na as\u0131lan K\u00fcrdistan Bayraklar\u0131 polisler taraf\u0131ndan [&hellip;]\" \/>\n<meta property=\"og:url\" content=\"https:\/\/darkamazi.site\/archives\/1022555\" \/>\n<meta property=\"og:site_name\" content=\"Darka Mazi\" \/>\n<meta property=\"article:publisher\" content=\"https:\/\/www.facebook.com\/DarkaMaziturkce\" \/>\n<meta property=\"article:published_time\" content=\"2022-12-19T15:30:02+00:00\" \/>\n<meta property=\"article:modified_time\" content=\"2022-12-19T15:32:49+00:00\" \/>\n<meta property=\"og:image\" content=\"https:\/\/darkamazi.site\/file\/2022\/12\/Metin-pirani-123.jpg\" \/>\n\t<meta property=\"og:image:width\" content=\"900\" \/>\n\t<meta property=\"og:image:height\" content=\"497\" \/>\n\t<meta property=\"og:image:type\" content=\"image\/jpeg\" \/>\n<meta name=\"author\" content=\"darka mazi\" \/>\n<meta name=\"twitter:card\" content=\"summary_large_image\" \/>\n<meta name=\"twitter:creator\" content=\"@DarkaMaziTurkce\" \/>\n<meta name=\"twitter:site\" content=\"@DarkaMaziTurkce\" \/>\n<meta name=\"twitter:label1\" content=\"Written by\" \/>\n\t<meta name=\"twitter:data1\" content=\"darka mazi\" \/>\n\t<meta name=\"twitter:label2\" content=\"Est. reading time\" \/>\n\t<meta name=\"twitter:data2\" content=\"1 minute\" \/>\n<script type=\"application\/ld+json\" class=\"seo-schema-graph\">{\"@context\":\"https:\\\/\\\/schema.org\",\"@graph\":[{\"@type\":\"NewsArticle\",\"@id\":\"https:\\\/\\\/darkamazi.site\\\/archives\\\/1022555#article\",\"isPartOf\":{\"@id\":\"https:\\\/\\\/darkamazi.site\\\/archives\\\/1022555\"},\"author\":{\"name\":\"darka mazi\",\"@id\":\"https:\\\/\\\/darkamazi.site\\\/#\\\/schema\\\/person\\\/67986a95ac546c16760365877ef4a9d3\"},\"headline\":\"Azad\u00ee Hareketi Genel Sekreteri Pirani g\u00f6zalt\u0131na al\u0131nd\u0131!\",\"datePublished\":\"2022-12-19T15:30:02+00:00\",\"dateModified\":\"2022-12-19T15:32:49+00:00\",\"mainEntityOfPage\":{\"@id\":\"https:\\\/\\\/darkamazi.site\\\/archives\\\/1022555\"},\"wordCount\":157,\"publisher\":{\"@id\":\"https:\\\/\\\/darkamazi.site\\\/#organization\"},\"image\":{\"@id\":\"https:\\\/\\\/darkamazi.site\\\/archives\\\/1022555#primaryimage\"},\"thumbnailUrl\":\"https:\\\/\\\/darkamazi.site\\\/darka-content\\\/uploads\\\/2022\\\/12\\\/Metin-pirani-123.jpg\",\"keywords\":[\"\u00f6nemli\"],\"articleSection\":[\"Kurdistan\"],\"inLanguage\":\"en-US\"},{\"@type\":\"WebPage\",\"@id\":\"https:\\\/\\\/darkamazi.site\\\/archives\\\/1022555\",\"url\":\"https:\\\/\\\/darkamazi.site\\\/archives\\\/1022555\",\"name\":\"Azad\u00ee Hareketi Genel Sekreteri Pirani g\u00f6zalt\u0131na al\u0131nd\u0131! - Darka Mazi\",\"isPartOf\":{\"@id\":\"https:\\\/\\\/darkamazi.site\\\/#website\"},\"primaryImageOfPage\":{\"@id\":\"https:\\\/\\\/darkamazi.site\\\/archives\\\/1022555#primaryimage\"},\"image\":{\"@id\":\"https:\\\/\\\/darkamazi.site\\\/archives\\\/1022555#primaryimage\"},\"thumbnailUrl\":\"https:\\\/\\\/darkamazi.site\\\/darka-content\\\/uploads\\\/2022\\\/12\\\/Metin-pirani-123.jpg\",\"datePublished\":\"2022-12-19T15:30:02+00:00\",\"dateModified\":\"2022-12-19T15:32:49+00:00\",\"breadcrumb\":{\"@id\":\"https:\\\/\\\/darkamazi.site\\\/archives\\\/1022555#breadcrumb\"},\"inLanguage\":\"en-US\",\"potentialAction\":[{\"@type\":\"ReadAction\",\"target\":[\"https:\\\/\\\/darkamazi.site\\\/archives\\\/1022555\"]}]},{\"@type\":\"ImageObject\",\"inLanguage\":\"en-US\",\"@id\":\"https:\\\/\\\/darkamazi.site\\\/archives\\\/1022555#primaryimage\",\"url\":\"https:\\\/\\\/darkamazi.site\\\/darka-content\\\/uploads\\\/2022\\\/12\\\/Metin-pirani-123.jpg\",\"contentUrl\":\"https:\\\/\\\/darkamazi.site\\\/darka-content\\\/uploads\\\/2022\\\/12\\\/Metin-pirani-123.jpg\",\"width\":900,\"height\":497,\"caption\":\"Azad\u00ee Hareketi Genel Sekreteri Pirani g\u00f6zalt\u0131na al\u0131nd\u0131!\"},{\"@type\":\"BreadcrumbList\",\"@id\":\"https:\\\/\\\/darkamazi.site\\\/archives\\\/1022555#breadcrumb\",\"itemListElement\":[{\"@type\":\"ListItem\",\"position\":1,\"name\":\"Home\",\"item\":\"https:\\\/\\\/darkamazi.site\\\/\"},{\"@type\":\"ListItem\",\"position\":2,\"name\":\"Azad\u00ee Hareketi Genel Sekreteri Pirani g\u00f6zalt\u0131na al\u0131nd\u0131!\"}]},{\"@type\":\"WebSite\",\"@id\":\"https:\\\/\\\/darkamazi.site\\\/#website\",\"url\":\"https:\\\/\\\/darkamazi.site\\\/\",\"name\":\"Darka Mazi\",\"description\":\"Ana Sayfa\",\"publisher\":{\"@id\":\"https:\\\/\\\/darkamazi.site\\\/#organization\"},\"potentialAction\":[{\"@type\":\"SearchAction\",\"target\":{\"@type\":\"EntryPoint\",\"urlTemplate\":\"https:\\\/\\\/darkamazi.site\\\/?s={search_term_string}\"},\"query-input\":{\"@type\":\"PropertyValueSpecification\",\"valueRequired\":true,\"valueName\":\"search_term_string\"}}],\"inLanguage\":\"en-US\"},{\"@type\":\"Organization\",\"@id\":\"https:\\\/\\\/darkamazi.site\\\/#organization\",\"name\":\"Darka Mazi T\u00fcrk\u00e7e\",\"alternateName\":\"Darka Mazi\",\"url\":\"https:\\\/\\\/darkamazi.site\\\/\",\"logo\":{\"@type\":\"ImageObject\",\"inLanguage\":\"en-US\",\"@id\":\"https:\\\/\\\/darkamazi.site\\\/#\\\/schema\\\/logo\\\/image\\\/\",\"url\":\"https:\\\/\\\/darkamazi.site\\\/darka-content\\\/uploads\\\/2017\\\/12\\\/darka-mazi-logo.png\",\"contentUrl\":\"https:\\\/\\\/darkamazi.site\\\/darka-content\\\/uploads\\\/2017\\\/12\\\/darka-mazi-logo.png\",\"width\":151,\"height\":75,\"caption\":\"Darka Mazi T\u00fcrk\u00e7e\"},\"image\":{\"@id\":\"https:\\\/\\\/darkamazi.site\\\/#\\\/schema\\\/logo\\\/image\\\/\"},\"sameAs\":[\"https:\\\/\\\/www.facebook.com\\\/DarkaMaziturkce\",\"https:\\\/\\\/x.com\\\/DarkaMaziTurkce\"]},{\"@type\":\"Person\",\"@id\":\"https:\\\/\\\/darkamazi.site\\\/#\\\/schema\\\/person\\\/67986a95ac546c16760365877ef4a9d3\",\"name\":\"darka mazi\",\"sameAs\":[\"https:\\\/\\\/darkamazi.site\"],\"url\":\"https:\\\/\\\/darkamazi.site\\\/archives\\\/author\\\/turkish\"}]}<\/script>\n<!-- \/ Yoast SEO plugin. -->","seo_head_json":{"title":"Azad\u00ee Hareketi Genel Sekreteri Pirani g\u00f6zalt\u0131na al\u0131nd\u0131! - Darka Mazi","robots":{"index":"index","follow":"follow","max-snippet":"max-snippet:-1","max-image-preview":"max-image-preview:large","max-video-preview":"max-video-preview:-1"},"canonical":"https:\/\/darkamazi.site\/archives\/1022555","og_locale":"en_US","og_type":"article","og_title":"Azad\u00ee Hareketi Genel Sekreteri Pirani g\u00f6zalt\u0131na al\u0131nd\u0131! - Darka Mazi","og_description":"Azad\u00ee Hareketi Genel Sekreteri Metin Pirani, sosyal medyada g\u00f6zalt\u0131na al\u0131nd\u0131\u011f\u0131n\u0131 a\u00e7\u0131klad\u0131. Bu g\u00fcn sabah saatlerinde Diyarbak\u0131r Sulh Hakimli\u011fi\u2019nin talimat\u0131yla aralar\u0131nda\u00a0 K\u00fcrdistan \u00d6zg\u00fcrl\u00fck Partisi (PAK), K\u00fcrdistan Sosyalist Partisi (PSK) ve Azad\u00ee (\u00d6zg\u00fcrl\u00fck) Hareketi&#8217;nin Diyarbak\u0131r binalar\u0131 polislar taraf\u0131ndan bas\u0131ld\u0131. K\u00fcrdistan Bayra\u011f\u0131 G\u00fcn\u00fc vesilesiyle d\u00fcn\u00a0 PSK , PAK ve Azad\u00ee Hareketi&#8217;nin parti binalar\u0131na as\u0131lan K\u00fcrdistan Bayraklar\u0131 polisler taraf\u0131ndan [&hellip;]","og_url":"https:\/\/darkamazi.site\/archives\/1022555","og_site_name":"Darka Mazi","article_publisher":"https:\/\/www.facebook.com\/DarkaMaziturkce","article_published_time":"2022-12-19T15:30:02+00:00","article_modified_time":"2022-12-19T15:32:49+00:00","og_image":[{"width":900,"height":497,"url":"https:\/\/darkamazi.site\/file\/2022\/12\/Metin-pirani-123.jpg","type":"image\/jpeg"}],"author":"darka mazi","twitter_card":"summary_large_image","twitter_creator":"@DarkaMaziTurkce","twitter_site":"@DarkaMaziTurkce","twitter_misc":{"Written by":"darka mazi","Est. reading time":"1 minute"},"schema":{"@context":"https:\/\/schema.org","@graph":[{"@type":"NewsArticle","@id":"https:\/\/darkamazi.site\/archives\/1022555#article","isPartOf":{"@id":"https:\/\/darkamazi.site\/archives\/1022555"},"author":{"name":"darka mazi","@id":"https:\/\/darkamazi.site\/#\/schema\/person\/67986a95ac546c16760365877ef4a9d3"},"headline":"Azad\u00ee Hareketi Genel Sekreteri Pirani g\u00f6zalt\u0131na al\u0131nd\u0131!","datePublished":"2022-12-19T15:30:02+00:00","dateModified":"2022-12-19T15:32:49+00:00","mainEntityOfPage":{"@id":"https:\/\/darkamazi.site\/archives\/1022555"},"wordCount":157,"publisher":{"@id":"https:\/\/darkamazi.site\/#organization"},"image":{"@id":"https:\/\/darkamazi.site\/archives\/1022555#primaryimage"},"thumbnailUrl":"https:\/\/darkamazi.site\/file\/2022\/12\/Metin-pirani-123.jpg","keywords":["\u00f6nemli"],"articleSection":["Kurdistan"],"inLanguage":"en-US"},{"@type":"WebPage","@id":"https:\/\/darkamazi.site\/archives\/1022555","url":"https:\/\/darkamazi.site\/archives\/1022555","name":"Azad\u00ee Hareketi Genel Sekreteri Pirani g\u00f6zalt\u0131na al\u0131nd\u0131! - Darka Mazi","isPartOf":{"@id":"https:\/\/darkamazi.site\/#website"},"primaryImageOfPage":{"@id":"https:\/\/darkamazi.site\/archives\/1022555#primaryimage"},"image":{"@id":"https:\/\/darkamazi.site\/archives\/1022555#primaryimage"},"thumbnailUrl":"https:\/\/darkamazi.site\/file\/2022\/12\/Metin-pirani-123.jpg","datePublished":"2022-12-19T15:30:02+00:00","dateModified":"2022-12-19T15:32:49+00:00","breadcrumb":{"@id":"https:\/\/darkamazi.site\/archives\/1022555#breadcrumb"},"inLanguage":"en-US","potentialAction":[{"@type":"ReadAction","target":["https:\/\/darkamazi.site\/archives\/1022555"]}]},{"@type":"ImageObject","inLanguage":"en-US","@id":"https:\/\/darkamazi.site\/archives\/1022555#primaryimage","url":"https:\/\/darkamazi.site\/file\/2022\/12\/Metin-pirani-123.jpg","contentUrl":"https:\/\/darkamazi.site\/file\/2022\/12\/Metin-pirani-123.jpg","width":900,"height":497,"caption":"Azad\u00ee Hareketi Genel Sekreteri Pirani g\u00f6zalt\u0131na al\u0131nd\u0131!"},{"@type":"BreadcrumbList","@id":"https:\/\/darkamazi.site\/archives\/1022555#breadcrumb","itemListElement":[{"@type":"ListItem","position":1,"name":"Home","item":"https:\/\/darkamazi.site\/"},{"@type":"ListItem","position":2,"name":"Azad\u00ee Hareketi Genel Sekreteri Pirani g\u00f6zalt\u0131na al\u0131nd\u0131!"}]},{"@type":"WebSite","@id":"https:\/\/darkamazi.site\/#website","url":"https:\/\/darkamazi.site\/","name":"Darka Mazi","description":"Ana Sayfa","publisher":{"@id":"https:\/\/darkamazi.site\/#organization"},"potentialAction":[{"@type":"SearchAction","target":{"@type":"EntryPoint","urlTemplate":"https:\/\/darkamazi.site\/?s={search_term_string}"},"query-input":{"@type":"PropertyValueSpecification","valueRequired":true,"valueName":"search_term_string"}}],"inLanguage":"en-US"},{"@type":"Organization","@id":"https:\/\/darkamazi.site\/#organization","name":"Darka Mazi T\u00fcrk\u00e7e","alternateName":"Darka Mazi","url":"https:\/\/darkamazi.site\/","logo":{"@type":"ImageObject","inLanguage":"en-US","@id":"https:\/\/darkamazi.site\/#\/schema\/logo\/image\/","url":"https:\/\/darkamazi.site\/file\/2017\/12\/darka-mazi-logo.png","contentUrl":"https:\/\/darkamazi.site\/file\/2017\/12\/darka-mazi-logo.png","width":151,"height":75,"caption":"Darka Mazi T\u00fcrk\u00e7e"},"image":{"@id":"https:\/\/darkamazi.site\/#\/schema\/logo\/image\/"},"sameAs":["https:\/\/www.facebook.com\/DarkaMaziturkce","https:\/\/x.com\/DarkaMaziTurkce"]},{"@type":"Person","@id":"https:\/\/darkamazi.site\/#\/schema\/person\/67986a95ac546c16760365877ef4a9d3","name":"darka mazi","sameAs":["https:\/\/darkamazi.site"],"url":"https:\/\/darkamazi.site\/archives\/author\/turkish"}]}},"_links":{"self":[{"href":"https:\/\/darkamazi.site\/funavuv\/wp\/v2\/posts\/1022555","targetHints":{"allow":["GET"]}}],"collection":[{"href":"https:\/\/darkamazi.site\/funavuv\/wp\/v2\/posts"}],"about":[{"href":"https:\/\/darkamazi.site\/funavuv\/wp\/v2\/types\/post"}],"author":[{"embeddable":true,"href":"https:\/\/darkamazi.site\/funavuv\/wp\/v2\/users\/2"}],"replies":[{"embeddable":true,"href":"https:\/\/darkamazi.site\/funavuv\/wp\/v2\/comments?post=1022555"}],"version-history":[{"count":0,"href":"https:\/\/darkamazi.site\/funavuv\/wp\/v2\/posts\/1022555\/revisions"}],"wp:featuredmedia":[{"embeddable":true,"href":"https:\/\/darkamazi.site\/funavuv\/wp\/v2\/media\/1022556"}],"wp:attachment":[{"href":"https:\/\/darkamazi.site\/funavuv\/wp\/v2\/media?parent=1022555"}],"wp:term":[{"taxonomy":"category","embeddable":true,"href":"https:\/\/darkamazi.site\/funavuv\/wp\/v2\/categories?post=1022555"},{"taxonomy":"post_tag","embeddable":true,"href":"https:\/\/darkamazi.site\/funavuv\/wp\/v2\/tags?post=1022555"}],"curies":[{"name":"wp","href":"https:\/\/api.w.org\/{rel}","templated":true}]}}