{"id":1022741,"date":"2023-01-04T14:55:43","date_gmt":"2023-01-04T11:55:43","guid":{"rendered":"https:\/\/darkamazi.site\/?p=1022741"},"modified":"2023-01-04T14:55:43","modified_gmt":"2023-01-04T11:55:43","slug":"demirtasin-dort-dilli-web-sitesinde-kurtce-yok","status":"publish","type":"post","link":"https:\/\/darkamazi.site\/archives\/1022741","title":{"rendered":"Demirta\u015f\u2019\u0131n d\u00f6rt dilli web sitesinde K\u00fcrt\u00e7e yok"},"content":{"rendered":"<p style=\"text-align: justify\">\u00a0HDP eski E\u015f Genel Ba\u015fkan\u0131 Selahattin Demirta\u015f\u2019\u0131n d\u00f6rt dilli ki\u015fisel web sitesinde K\u00fcrt\u00e7e b\u00f6l\u00fcm\u00fcn\u00fcn yer almamas\u0131 ele\u015ftirilere neden oldu.<\/p>\n<p style=\"text-align: justify\">Edirne F Tipi Cezaevi&#8217;nde tutuklu bulunan eski HDP E\u015f Genel Ba\u015fkan\u0131 Selahattin Demirta\u015f, ba\u015flatt\u0131\u011f\u0131 \u201cSe\u00e7im Kampanyas\u0131\u201d kapsam\u0131nda de\u011fi\u015fik \u00e7evre ve ki\u015filerden g\u00f6r\u00fc\u015f ve \u00f6neri almak i\u00e7in web sitesinin linkini payla\u015ft\u0131.<\/p>\n<p style=\"text-align: justify\">Demirta\u015f\u2019a ait ki\u015fisel web sitesinde biyografisi, hukuki durumu, duru\u015fma takvimleri, yaz\u0131lar ve r\u00f6portajlar\u0131 ile eserleri yer al\u0131yor.<\/p>\n<p style=\"text-align: justify\">Sitede T\u00fcrk\u00e7e\u2019nin yan\u0131 s\u0131ra \u0130ngilizce, Frans\u0131zca ve Almanca b\u00f6l\u00fcm\u00fc bulunuyor.<\/p>\n<p style=\"text-align: justify\">Sosyal medyadaki payla\u015f\u0131m ile siteyi t\u0131klayanlar, \u201cT\u00fcrk\u00e7e, \u0130ngilizce, Almanca, Frans\u0131zca var ama K\u00fcrt\u00e7e neden yok?\u201d diye sordu.<\/p>\n<p style=\"text-align: justify\">Sitenin \u00fcst b\u00f6l\u00fcm\u00fcnde \u201cDemirta\u015f&#8217;a mesaj\u0131n\u0131z\u0131 yaz\u0131n\u201d linki bulunuyor. Twitter hesab\u0131ndan ilgili linki payla\u015fan Demirta\u015f, \u015fu ifadeleri kulland\u0131:<\/p>\n<p style=\"text-align: justify\">\u201c\u00d6nerilerinizi buradan yazabilirsiniz. Kapsaml\u0131 yazmak isteyenleri de \u015furaya alal\u0131m:<\/p>\n<p style=\"text-align: justify\">https:\/\/demirtasinfo.com\/tr\/mesaj-gonder<\/p>\n<p style=\"text-align: justify\">\u0130letece\u011finiz her g\u00f6r\u00fc\u015f\u00fc avukatlar\u0131m bana aktaracak, titizlikle de\u011ferlendirece\u011fimizden emin olabilirsiniz.<\/p>\n<p style=\"text-align: justify\">Haydi BA\u015eLIYORUZ! Kolay gelsin. Yolunuz, yolumuz a\u00e7\u0131k olsun.\u201d<\/p>\n","protected":false},"excerpt":{"rendered":"<p>\u00a0HDP eski E\u015f Genel Ba\u015fkan\u0131 Selahattin Demirta\u015f\u2019\u0131n d\u00f6rt dilli ki\u015fisel web sitesinde K\u00fcrt\u00e7e b\u00f6l\u00fcm\u00fcn\u00fcn yer almamas\u0131 ele\u015ftirilere neden oldu. Edirne F Tipi Cezaevi&#8217;nde tutuklu bulunan eski HDP E\u015f Genel Ba\u015fkan\u0131 Selahattin Demirta\u015f, ba\u015flatt\u0131\u011f\u0131 \u201cSe\u00e7im Kampanyas\u0131\u201d kapsam\u0131nda de\u011fi\u015fik \u00e7evre ve ki\u015filerden g\u00f6r\u00fc\u015f ve \u00f6neri almak i\u00e7in web sitesinin linkini payla\u015ft\u0131. Demirta\u015f\u2019a ait ki\u015fisel web sitesinde biyografisi, [&hellip;]<\/p>\n","protected":false},"author":2,"featured_media":1022742,"comment_status":"closed","ping_status":"closed","sticky":false,"template":"","format":"standard","meta":{"footnotes":""},"categories":[3],"tags":[],"class_list":["post-1022741","post","type-post","status-publish","format-standard","has-post-thumbnail","hentry","category-kurdistan"],"blocksy_meta":[],"seo_head":"<!-- This site is optimized with the Yoast SEO plugin v27.5 - https:\/\/yoast.com\/product\/yoast-seo-wordpress\/ -->\n<title>Demirta\u015f\u2019\u0131n d\u00f6rt dilli web sitesinde K\u00fcrt\u00e7e yok - Darka Mazi<\/title>\n<meta name=\"robots\" content=\"index, follow, max-snippet:-1, max-image-preview:large, max-video-preview:-1\" \/>\n<link rel=\"canonical\" href=\"https:\/\/darkamazi.site\/archives\/1022741\" \/>\n<meta property=\"og:locale\" content=\"en_US\" \/>\n<meta property=\"og:type\" content=\"article\" \/>\n<meta property=\"og:title\" content=\"Demirta\u015f\u2019\u0131n d\u00f6rt dilli web sitesinde K\u00fcrt\u00e7e yok - Darka Mazi\" \/>\n<meta property=\"og:description\" content=\"\u00a0HDP eski E\u015f Genel Ba\u015fkan\u0131 Selahattin Demirta\u015f\u2019\u0131n d\u00f6rt dilli ki\u015fisel web sitesinde K\u00fcrt\u00e7e b\u00f6l\u00fcm\u00fcn\u00fcn yer almamas\u0131 ele\u015ftirilere neden oldu. Edirne F Tipi Cezaevi&#8217;nde tutuklu bulunan eski HDP E\u015f Genel Ba\u015fkan\u0131 Selahattin Demirta\u015f, ba\u015flatt\u0131\u011f\u0131 \u201cSe\u00e7im Kampanyas\u0131\u201d kapsam\u0131nda de\u011fi\u015fik \u00e7evre ve ki\u015filerden g\u00f6r\u00fc\u015f ve \u00f6neri almak i\u00e7in web sitesinin linkini payla\u015ft\u0131. Demirta\u015f\u2019a ait ki\u015fisel web sitesinde biyografisi, [&hellip;]\" \/>\n<meta property=\"og:url\" content=\"https:\/\/darkamazi.site\/archives\/1022741\" \/>\n<meta property=\"og:site_name\" content=\"Darka Mazi\" \/>\n<meta property=\"article:publisher\" content=\"https:\/\/www.facebook.com\/DarkaMaziturkce\" \/>\n<meta property=\"article:published_time\" content=\"2023-01-04T11:55:43+00:00\" \/>\n<meta property=\"og:image\" content=\"https:\/\/darkamazi.site\/file\/2023\/01\/1038016-21901788.jpg\" \/>\n\t<meta property=\"og:image:width\" content=\"800\" \/>\n\t<meta property=\"og:image:height\" content=\"483\" \/>\n\t<meta property=\"og:image:type\" content=\"image\/jpeg\" \/>\n<meta name=\"author\" content=\"darka mazi\" \/>\n<meta name=\"twitter:card\" content=\"summary_large_image\" \/>\n<meta name=\"twitter:creator\" content=\"@DarkaMaziTurkce\" \/>\n<meta name=\"twitter:site\" content=\"@DarkaMaziTurkce\" \/>\n<meta name=\"twitter:label1\" content=\"Written by\" \/>\n\t<meta name=\"twitter:data1\" content=\"darka mazi\" \/>\n\t<meta name=\"twitter:label2\" content=\"Est. reading time\" \/>\n\t<meta name=\"twitter:data2\" content=\"1 minute\" \/>\n<script type=\"application\/ld+json\" class=\"seo-schema-graph\">{\"@context\":\"https:\\\/\\\/schema.org\",\"@graph\":[{\"@type\":\"NewsArticle\",\"@id\":\"https:\\\/\\\/darkamazi.site\\\/archives\\\/1022741#article\",\"isPartOf\":{\"@id\":\"https:\\\/\\\/darkamazi.site\\\/archives\\\/1022741\"},\"author\":{\"name\":\"darka mazi\",\"@id\":\"https:\\\/\\\/darkamazi.site\\\/#\\\/schema\\\/person\\\/67986a95ac546c16760365877ef4a9d3\"},\"headline\":\"Demirta\u015f\u2019\u0131n d\u00f6rt dilli web sitesinde K\u00fcrt\u00e7e yok\",\"datePublished\":\"2023-01-04T11:55:43+00:00\",\"mainEntityOfPage\":{\"@id\":\"https:\\\/\\\/darkamazi.site\\\/archives\\\/1022741\"},\"wordCount\":212,\"publisher\":{\"@id\":\"https:\\\/\\\/darkamazi.site\\\/#organization\"},\"image\":{\"@id\":\"https:\\\/\\\/darkamazi.site\\\/archives\\\/1022741#primaryimage\"},\"thumbnailUrl\":\"https:\\\/\\\/darkamazi.site\\\/darka-content\\\/uploads\\\/2023\\\/01\\\/1038016-21901788.jpg\",\"articleSection\":[\"Kurdistan\"],\"inLanguage\":\"en-US\"},{\"@type\":\"WebPage\",\"@id\":\"https:\\\/\\\/darkamazi.site\\\/archives\\\/1022741\",\"url\":\"https:\\\/\\\/darkamazi.site\\\/archives\\\/1022741\",\"name\":\"Demirta\u015f\u2019\u0131n d\u00f6rt dilli web sitesinde K\u00fcrt\u00e7e yok - Darka Mazi\",\"isPartOf\":{\"@id\":\"https:\\\/\\\/darkamazi.site\\\/#website\"},\"primaryImageOfPage\":{\"@id\":\"https:\\\/\\\/darkamazi.site\\\/archives\\\/1022741#primaryimage\"},\"image\":{\"@id\":\"https:\\\/\\\/darkamazi.site\\\/archives\\\/1022741#primaryimage\"},\"thumbnailUrl\":\"https:\\\/\\\/darkamazi.site\\\/darka-content\\\/uploads\\\/2023\\\/01\\\/1038016-21901788.jpg\",\"datePublished\":\"2023-01-04T11:55:43+00:00\",\"breadcrumb\":{\"@id\":\"https:\\\/\\\/darkamazi.site\\\/archives\\\/1022741#breadcrumb\"},\"inLanguage\":\"en-US\",\"potentialAction\":[{\"@type\":\"ReadAction\",\"target\":[\"https:\\\/\\\/darkamazi.site\\\/archives\\\/1022741\"]}]},{\"@type\":\"ImageObject\",\"inLanguage\":\"en-US\",\"@id\":\"https:\\\/\\\/darkamazi.site\\\/archives\\\/1022741#primaryimage\",\"url\":\"https:\\\/\\\/darkamazi.site\\\/darka-content\\\/uploads\\\/2023\\\/01\\\/1038016-21901788.jpg\",\"contentUrl\":\"https:\\\/\\\/darkamazi.site\\\/darka-content\\\/uploads\\\/2023\\\/01\\\/1038016-21901788.jpg\",\"width\":800,\"height\":483,\"caption\":\"Sitede T\u00fcrk\u00e7e\u2019nin yan\u0131 s\u0131ra \u0130ngilizce, Frans\u0131zca ve Almanca b\u00f6l\u00fcm\u00fc bulunuyor. Sosyal medyadaki payla\u015f\u0131m ile siteyi t\u0131klayanlar, \u201cT\u00fcrk\u00e7e, \u0130ngilizce, Almanca, Frans\u0131zca var ama K\u00fcrt\u00e7e neden yok?\u201d diye sordu.\"},{\"@type\":\"BreadcrumbList\",\"@id\":\"https:\\\/\\\/darkamazi.site\\\/archives\\\/1022741#breadcrumb\",\"itemListElement\":[{\"@type\":\"ListItem\",\"position\":1,\"name\":\"Home\",\"item\":\"https:\\\/\\\/darkamazi.site\\\/\"},{\"@type\":\"ListItem\",\"position\":2,\"name\":\"Demirta\u015f\u2019\u0131n d\u00f6rt dilli web sitesinde K\u00fcrt\u00e7e yok\"}]},{\"@type\":\"WebSite\",\"@id\":\"https:\\\/\\\/darkamazi.site\\\/#website\",\"url\":\"https:\\\/\\\/darkamazi.site\\\/\",\"name\":\"Darka Mazi\",\"description\":\"Ana Sayfa\",\"publisher\":{\"@id\":\"https:\\\/\\\/darkamazi.site\\\/#organization\"},\"potentialAction\":[{\"@type\":\"SearchAction\",\"target\":{\"@type\":\"EntryPoint\",\"urlTemplate\":\"https:\\\/\\\/darkamazi.site\\\/?s={search_term_string}\"},\"query-input\":{\"@type\":\"PropertyValueSpecification\",\"valueRequired\":true,\"valueName\":\"search_term_string\"}}],\"inLanguage\":\"en-US\"},{\"@type\":\"Organization\",\"@id\":\"https:\\\/\\\/darkamazi.site\\\/#organization\",\"name\":\"Darka Mazi T\u00fcrk\u00e7e\",\"alternateName\":\"Darka Mazi\",\"url\":\"https:\\\/\\\/darkamazi.site\\\/\",\"logo\":{\"@type\":\"ImageObject\",\"inLanguage\":\"en-US\",\"@id\":\"https:\\\/\\\/darkamazi.site\\\/#\\\/schema\\\/logo\\\/image\\\/\",\"url\":\"https:\\\/\\\/darkamazi.site\\\/darka-content\\\/uploads\\\/2017\\\/12\\\/darka-mazi-logo.png\",\"contentUrl\":\"https:\\\/\\\/darkamazi.site\\\/darka-content\\\/uploads\\\/2017\\\/12\\\/darka-mazi-logo.png\",\"width\":151,\"height\":75,\"caption\":\"Darka Mazi T\u00fcrk\u00e7e\"},\"image\":{\"@id\":\"https:\\\/\\\/darkamazi.site\\\/#\\\/schema\\\/logo\\\/image\\\/\"},\"sameAs\":[\"https:\\\/\\\/www.facebook.com\\\/DarkaMaziturkce\",\"https:\\\/\\\/x.com\\\/DarkaMaziTurkce\"]},{\"@type\":\"Person\",\"@id\":\"https:\\\/\\\/darkamazi.site\\\/#\\\/schema\\\/person\\\/67986a95ac546c16760365877ef4a9d3\",\"name\":\"darka mazi\",\"sameAs\":[\"https:\\\/\\\/darkamazi.site\"],\"url\":\"https:\\\/\\\/darkamazi.site\\\/archives\\\/author\\\/turkish\"}]}<\/script>\n<!-- \/ Yoast SEO plugin. -->","seo_head_json":{"title":"Demirta\u015f\u2019\u0131n d\u00f6rt dilli web sitesinde K\u00fcrt\u00e7e yok - Darka Mazi","robots":{"index":"index","follow":"follow","max-snippet":"max-snippet:-1","max-image-preview":"max-image-preview:large","max-video-preview":"max-video-preview:-1"},"canonical":"https:\/\/darkamazi.site\/archives\/1022741","og_locale":"en_US","og_type":"article","og_title":"Demirta\u015f\u2019\u0131n d\u00f6rt dilli web sitesinde K\u00fcrt\u00e7e yok - Darka Mazi","og_description":"\u00a0HDP eski E\u015f Genel Ba\u015fkan\u0131 Selahattin Demirta\u015f\u2019\u0131n d\u00f6rt dilli ki\u015fisel web sitesinde K\u00fcrt\u00e7e b\u00f6l\u00fcm\u00fcn\u00fcn yer almamas\u0131 ele\u015ftirilere neden oldu. Edirne F Tipi Cezaevi&#8217;nde tutuklu bulunan eski HDP E\u015f Genel Ba\u015fkan\u0131 Selahattin Demirta\u015f, ba\u015flatt\u0131\u011f\u0131 \u201cSe\u00e7im Kampanyas\u0131\u201d kapsam\u0131nda de\u011fi\u015fik \u00e7evre ve ki\u015filerden g\u00f6r\u00fc\u015f ve \u00f6neri almak i\u00e7in web sitesinin linkini payla\u015ft\u0131. Demirta\u015f\u2019a ait ki\u015fisel web sitesinde biyografisi, [&hellip;]","og_url":"https:\/\/darkamazi.site\/archives\/1022741","og_site_name":"Darka Mazi","article_publisher":"https:\/\/www.facebook.com\/DarkaMaziturkce","article_published_time":"2023-01-04T11:55:43+00:00","og_image":[{"width":800,"height":483,"url":"https:\/\/darkamazi.site\/file\/2023\/01\/1038016-21901788.jpg","type":"image\/jpeg"}],"author":"darka mazi","twitter_card":"summary_large_image","twitter_creator":"@DarkaMaziTurkce","twitter_site":"@DarkaMaziTurkce","twitter_misc":{"Written by":"darka mazi","Est. reading time":"1 minute"},"schema":{"@context":"https:\/\/schema.org","@graph":[{"@type":"NewsArticle","@id":"https:\/\/darkamazi.site\/archives\/1022741#article","isPartOf":{"@id":"https:\/\/darkamazi.site\/archives\/1022741"},"author":{"name":"darka mazi","@id":"https:\/\/darkamazi.site\/#\/schema\/person\/67986a95ac546c16760365877ef4a9d3"},"headline":"Demirta\u015f\u2019\u0131n d\u00f6rt dilli web sitesinde K\u00fcrt\u00e7e yok","datePublished":"2023-01-04T11:55:43+00:00","mainEntityOfPage":{"@id":"https:\/\/darkamazi.site\/archives\/1022741"},"wordCount":212,"publisher":{"@id":"https:\/\/darkamazi.site\/#organization"},"image":{"@id":"https:\/\/darkamazi.site\/archives\/1022741#primaryimage"},"thumbnailUrl":"https:\/\/darkamazi.site\/file\/2023\/01\/1038016-21901788.jpg","articleSection":["Kurdistan"],"inLanguage":"en-US"},{"@type":"WebPage","@id":"https:\/\/darkamazi.site\/archives\/1022741","url":"https:\/\/darkamazi.site\/archives\/1022741","name":"Demirta\u015f\u2019\u0131n d\u00f6rt dilli web sitesinde K\u00fcrt\u00e7e yok - Darka Mazi","isPartOf":{"@id":"https:\/\/darkamazi.site\/#website"},"primaryImageOfPage":{"@id":"https:\/\/darkamazi.site\/archives\/1022741#primaryimage"},"image":{"@id":"https:\/\/darkamazi.site\/archives\/1022741#primaryimage"},"thumbnailUrl":"https:\/\/darkamazi.site\/file\/2023\/01\/1038016-21901788.jpg","datePublished":"2023-01-04T11:55:43+00:00","breadcrumb":{"@id":"https:\/\/darkamazi.site\/archives\/1022741#breadcrumb"},"inLanguage":"en-US","potentialAction":[{"@type":"ReadAction","target":["https:\/\/darkamazi.site\/archives\/1022741"]}]},{"@type":"ImageObject","inLanguage":"en-US","@id":"https:\/\/darkamazi.site\/archives\/1022741#primaryimage","url":"https:\/\/darkamazi.site\/file\/2023\/01\/1038016-21901788.jpg","contentUrl":"https:\/\/darkamazi.site\/file\/2023\/01\/1038016-21901788.jpg","width":800,"height":483,"caption":"Sitede T\u00fcrk\u00e7e\u2019nin yan\u0131 s\u0131ra \u0130ngilizce, Frans\u0131zca ve Almanca b\u00f6l\u00fcm\u00fc bulunuyor. Sosyal medyadaki payla\u015f\u0131m ile siteyi t\u0131klayanlar, \u201cT\u00fcrk\u00e7e, \u0130ngilizce, Almanca, Frans\u0131zca var ama K\u00fcrt\u00e7e neden yok?\u201d diye sordu."},{"@type":"BreadcrumbList","@id":"https:\/\/darkamazi.site\/archives\/1022741#breadcrumb","itemListElement":[{"@type":"ListItem","position":1,"name":"Home","item":"https:\/\/darkamazi.site\/"},{"@type":"ListItem","position":2,"name":"Demirta\u015f\u2019\u0131n d\u00f6rt dilli web sitesinde K\u00fcrt\u00e7e yok"}]},{"@type":"WebSite","@id":"https:\/\/darkamazi.site\/#website","url":"https:\/\/darkamazi.site\/","name":"Darka Mazi","description":"Ana Sayfa","publisher":{"@id":"https:\/\/darkamazi.site\/#organization"},"potentialAction":[{"@type":"SearchAction","target":{"@type":"EntryPoint","urlTemplate":"https:\/\/darkamazi.site\/?s={search_term_string}"},"query-input":{"@type":"PropertyValueSpecification","valueRequired":true,"valueName":"search_term_string"}}],"inLanguage":"en-US"},{"@type":"Organization","@id":"https:\/\/darkamazi.site\/#organization","name":"Darka Mazi T\u00fcrk\u00e7e","alternateName":"Darka Mazi","url":"https:\/\/darkamazi.site\/","logo":{"@type":"ImageObject","inLanguage":"en-US","@id":"https:\/\/darkamazi.site\/#\/schema\/logo\/image\/","url":"https:\/\/darkamazi.site\/file\/2017\/12\/darka-mazi-logo.png","contentUrl":"https:\/\/darkamazi.site\/file\/2017\/12\/darka-mazi-logo.png","width":151,"height":75,"caption":"Darka Mazi T\u00fcrk\u00e7e"},"image":{"@id":"https:\/\/darkamazi.site\/#\/schema\/logo\/image\/"},"sameAs":["https:\/\/www.facebook.com\/DarkaMaziturkce","https:\/\/x.com\/DarkaMaziTurkce"]},{"@type":"Person","@id":"https:\/\/darkamazi.site\/#\/schema\/person\/67986a95ac546c16760365877ef4a9d3","name":"darka mazi","sameAs":["https:\/\/darkamazi.site"],"url":"https:\/\/darkamazi.site\/archives\/author\/turkish"}]}},"_links":{"self":[{"href":"https:\/\/darkamazi.site\/funavuv\/wp\/v2\/posts\/1022741","targetHints":{"allow":["GET"]}}],"collection":[{"href":"https:\/\/darkamazi.site\/funavuv\/wp\/v2\/posts"}],"about":[{"href":"https:\/\/darkamazi.site\/funavuv\/wp\/v2\/types\/post"}],"author":[{"embeddable":true,"href":"https:\/\/darkamazi.site\/funavuv\/wp\/v2\/users\/2"}],"replies":[{"embeddable":true,"href":"https:\/\/darkamazi.site\/funavuv\/wp\/v2\/comments?post=1022741"}],"version-history":[{"count":0,"href":"https:\/\/darkamazi.site\/funavuv\/wp\/v2\/posts\/1022741\/revisions"}],"wp:featuredmedia":[{"embeddable":true,"href":"https:\/\/darkamazi.site\/funavuv\/wp\/v2\/media\/1022742"}],"wp:attachment":[{"href":"https:\/\/darkamazi.site\/funavuv\/wp\/v2\/media?parent=1022741"}],"wp:term":[{"taxonomy":"category","embeddable":true,"href":"https:\/\/darkamazi.site\/funavuv\/wp\/v2\/categories?post=1022741"},{"taxonomy":"post_tag","embeddable":true,"href":"https:\/\/darkamazi.site\/funavuv\/wp\/v2\/tags?post=1022741"}],"curies":[{"name":"wp","href":"https:\/\/api.w.org\/{rel}","templated":true}]}}