{"id":1022784,"date":"2023-01-08T11:19:08","date_gmt":"2023-01-08T08:19:08","guid":{"rendered":"https:\/\/darkamazi.site\/?p=1022784"},"modified":"2023-01-08T11:19:08","modified_gmt":"2023-01-08T08:19:08","slug":"almanya-parlamentosu-ezidi-soykirimi-gundemiyle-26-ocakta-toplanacak","status":"publish","type":"post","link":"https:\/\/darkamazi.site\/archives\/1022784","title":{"rendered":"Almanya Parlamentosu, Ezidi Soyk\u0131r\u0131m\u0131 g\u00fcndemiyle 26 Ocak\u2019ta toplanacak"},"content":{"rendered":"<p style=\"text-align: justify\"><strong>\u00a0<\/strong>Almanya Parlamentosu\u2019nun 3 A\u011fustos 2014\u2019te I\u015e\u0130D\u2019in Ezidilere y\u00f6nelik ger\u00e7ekle\u015ftirdi\u011fi soyk\u0131r\u0131m\u0131n tan\u0131nmas\u0131n\u0131 oylamak i\u00e7in ge\u00e7ti\u011fimiz 17 Ocak&#8217;ta d\u00fczenlemesini planlad\u0131\u011f\u0131 oturum, 26 Ocak\u2019a ertelendi.<\/p>\n<p style=\"text-align: justify\"><strong>K24\u2019\u00fcn haberine g\u00f6re;<\/strong>\u00a0oturuma kat\u0131lacak olan bir Almanya Parlamentosu \u00dcyesi, \u201cBu ay sonunda yap\u0131lacak oturumda Ezidilere y\u00f6nelik soyk\u0131r\u0131ma ili\u015fkin t\u00fcm deliller ve istatistikler haz\u0131rland\u0131\u201d dedi.<\/p>\n<p style=\"text-align: justify\">S\u00f6z konusu kaynak, Ezidilere y\u00f6nelik katliam\u0131n soyk\u0131r\u0131m olarak tan\u0131nmas\u0131n\u0131n H\u00fcr Demokratik Parti\u2019nin deste\u011fiyle Almanya Parlamentosu\u2019nun g\u00fcndeminde oldu\u011funu bildirdi. Ezidilerden olu\u015fan \u00fcst d\u00fczey bir heyet oturuma kat\u0131lmak \u00fczere Almanya&#8217;y\u0131 ziyaret edecek. Ayr\u0131ca soyk\u0131r\u0131mdan sa\u011f kurtulan baz\u0131 ki\u015filer olay\u0131n tan\u0131klar\u0131 olarak dinlenecek.<\/p>\n<p style=\"text-align: justify\">Oturumun bir di\u011fer g\u00fcndem maddesinin DA\u0130\u015e\u2019ten sa\u011f kurtulan \u00e7ocuklara nas\u0131l davran\u0131laca\u011f\u0131n\u0131n olmas\u0131 bekleniyor.<\/p>\n<p style=\"text-align: justify\"><strong>Ezidi soyk\u0131r\u0131m\u0131<\/strong><\/p>\n<p style=\"text-align: justify\">3 A\u011fustos 2014\u2019te Ezidi K\u00fcrtlerin ya\u015fad\u0131\u011f\u0131 \u015eengal\u2019e sald\u0131ran I\u015e\u0130D, binlerce masum Ezidi\u2019yi katlederek toplu mezarlara g\u00f6mm\u00fc\u015f, binlercesini de ka\u00e7\u0131rm\u0131\u015ft\u0131.<\/p>\n<p style=\"text-align: justify\">Ka\u00e7\u0131rd\u0131klar\u0131 Ezidi erkeklerinin \u00e7o\u011funu infaz eden, kad\u0131n ve k\u0131z \u00e7ocuklar\u0131n\u0131 ise k\u00f6le pazar\u0131na satan I\u015e\u0130D\u2019in elinden kurtulan ki\u015filer, ya\u015fananlar\u0131 uluslararas\u0131 kurulu\u015flara ve sivil toplum \u00f6rg\u00fctlerine anlatarak seslerini d\u00fcnyaya duyurdu.<\/p>\n<p style=\"text-align: justify\">K\u00fcrdistan B\u00f6lgesi H\u00fck\u00fcmeti de Duhok merkezli Ka\u00e7\u0131r\u0131lan Ezidileri Kurtarma Ofisi\u2019ni kurarak, I\u015e\u0130D\u2019in ka\u00e7\u0131rd\u0131\u011f\u0131 ki\u015fileri kurtarmak i\u00e7in \u00e7aba g\u00f6sterdi ve bu sayede ka\u00e7\u0131r\u0131lan ki\u015filerin yar\u0131s\u0131ndan fazlas\u0131 ailelerine kavu\u015ftu.<\/p>\n<p style=\"text-align: justify\">Halen 3 bin dolay\u0131nda Ezidi K\u00fcrd\u00fcn\u00a0 ak\u0131beti bilinmiyor.<\/p>\n","protected":false},"excerpt":{"rendered":"<p>\u00a0Almanya Parlamentosu\u2019nun 3 A\u011fustos 2014\u2019te I\u015e\u0130D\u2019in Ezidilere y\u00f6nelik ger\u00e7ekle\u015ftirdi\u011fi soyk\u0131r\u0131m\u0131n tan\u0131nmas\u0131n\u0131 oylamak i\u00e7in ge\u00e7ti\u011fimiz 17 Ocak&#8217;ta d\u00fczenlemesini planlad\u0131\u011f\u0131 oturum, 26 Ocak\u2019a ertelendi. K24\u2019\u00fcn haberine g\u00f6re;\u00a0oturuma kat\u0131lacak olan bir Almanya Parlamentosu \u00dcyesi, \u201cBu ay sonunda yap\u0131lacak oturumda Ezidilere y\u00f6nelik soyk\u0131r\u0131ma ili\u015fkin t\u00fcm deliller ve istatistikler haz\u0131rland\u0131\u201d dedi. S\u00f6z konusu kaynak, Ezidilere y\u00f6nelik katliam\u0131n soyk\u0131r\u0131m olarak tan\u0131nmas\u0131n\u0131n [&hellip;]<\/p>\n","protected":false},"author":2,"featured_media":1022785,"comment_status":"closed","ping_status":"closed","sticky":false,"template":"","format":"standard","meta":{"footnotes":""},"categories":[3],"tags":[],"class_list":["post-1022784","post","type-post","status-publish","format-standard","has-post-thumbnail","hentry","category-kurdistan"],"blocksy_meta":[],"seo_head":"<!-- This site is optimized with the Yoast SEO plugin v27.5 - https:\/\/yoast.com\/product\/yoast-seo-wordpress\/ -->\n<title>Almanya Parlamentosu, Ezidi Soyk\u0131r\u0131m\u0131 g\u00fcndemiyle 26 Ocak\u2019ta toplanacak - Darka Mazi<\/title>\n<meta name=\"robots\" content=\"index, follow, max-snippet:-1, max-image-preview:large, max-video-preview:-1\" \/>\n<link rel=\"canonical\" href=\"https:\/\/darkamazi.site\/archives\/1022784\" \/>\n<meta property=\"og:locale\" content=\"en_US\" \/>\n<meta property=\"og:type\" content=\"article\" \/>\n<meta property=\"og:title\" content=\"Almanya Parlamentosu, Ezidi Soyk\u0131r\u0131m\u0131 g\u00fcndemiyle 26 Ocak\u2019ta toplanacak - Darka Mazi\" \/>\n<meta property=\"og:description\" content=\"\u00a0Almanya Parlamentosu\u2019nun 3 A\u011fustos 2014\u2019te I\u015e\u0130D\u2019in Ezidilere y\u00f6nelik ger\u00e7ekle\u015ftirdi\u011fi soyk\u0131r\u0131m\u0131n tan\u0131nmas\u0131n\u0131 oylamak i\u00e7in ge\u00e7ti\u011fimiz 17 Ocak&#8217;ta d\u00fczenlemesini planlad\u0131\u011f\u0131 oturum, 26 Ocak\u2019a ertelendi. K24\u2019\u00fcn haberine g\u00f6re;\u00a0oturuma kat\u0131lacak olan bir Almanya Parlamentosu \u00dcyesi, \u201cBu ay sonunda yap\u0131lacak oturumda Ezidilere y\u00f6nelik soyk\u0131r\u0131ma ili\u015fkin t\u00fcm deliller ve istatistikler haz\u0131rland\u0131\u201d dedi. S\u00f6z konusu kaynak, Ezidilere y\u00f6nelik katliam\u0131n soyk\u0131r\u0131m olarak tan\u0131nmas\u0131n\u0131n [&hellip;]\" \/>\n<meta property=\"og:url\" content=\"https:\/\/darkamazi.site\/archives\/1022784\" \/>\n<meta property=\"og:site_name\" content=\"Darka Mazi\" \/>\n<meta property=\"article:publisher\" content=\"https:\/\/www.facebook.com\/DarkaMaziturkce\" \/>\n<meta property=\"article:published_time\" content=\"2023-01-08T08:19:08+00:00\" \/>\n<meta property=\"og:image\" content=\"https:\/\/darkamazi.site\/file\/2023\/01\/Almanya-parlamentosu-Ezidi.jpg\" \/>\n\t<meta property=\"og:image:width\" content=\"900\" \/>\n\t<meta property=\"og:image:height\" content=\"497\" \/>\n\t<meta property=\"og:image:type\" content=\"image\/jpeg\" \/>\n<meta name=\"author\" content=\"darka mazi\" \/>\n<meta name=\"twitter:card\" content=\"summary_large_image\" \/>\n<meta name=\"twitter:creator\" content=\"@DarkaMaziTurkce\" \/>\n<meta name=\"twitter:site\" content=\"@DarkaMaziTurkce\" \/>\n<meta name=\"twitter:label1\" content=\"Written by\" \/>\n\t<meta name=\"twitter:data1\" content=\"darka mazi\" \/>\n\t<meta name=\"twitter:label2\" content=\"Est. reading time\" \/>\n\t<meta name=\"twitter:data2\" content=\"1 minute\" \/>\n<script type=\"application\/ld+json\" class=\"seo-schema-graph\">{\"@context\":\"https:\\\/\\\/schema.org\",\"@graph\":[{\"@type\":\"NewsArticle\",\"@id\":\"https:\\\/\\\/darkamazi.site\\\/archives\\\/1022784#article\",\"isPartOf\":{\"@id\":\"https:\\\/\\\/darkamazi.site\\\/archives\\\/1022784\"},\"author\":{\"name\":\"darka mazi\",\"@id\":\"https:\\\/\\\/darkamazi.site\\\/#\\\/schema\\\/person\\\/67986a95ac546c16760365877ef4a9d3\"},\"headline\":\"Almanya Parlamentosu, Ezidi Soyk\u0131r\u0131m\u0131 g\u00fcndemiyle 26 Ocak\u2019ta toplanacak\",\"datePublished\":\"2023-01-08T08:19:08+00:00\",\"mainEntityOfPage\":{\"@id\":\"https:\\\/\\\/darkamazi.site\\\/archives\\\/1022784\"},\"wordCount\":301,\"publisher\":{\"@id\":\"https:\\\/\\\/darkamazi.site\\\/#organization\"},\"image\":{\"@id\":\"https:\\\/\\\/darkamazi.site\\\/archives\\\/1022784#primaryimage\"},\"thumbnailUrl\":\"https:\\\/\\\/darkamazi.site\\\/darka-content\\\/uploads\\\/2023\\\/01\\\/Almanya-parlamentosu-Ezidi.jpg\",\"articleSection\":[\"Kurdistan\"],\"inLanguage\":\"en-US\"},{\"@type\":\"WebPage\",\"@id\":\"https:\\\/\\\/darkamazi.site\\\/archives\\\/1022784\",\"url\":\"https:\\\/\\\/darkamazi.site\\\/archives\\\/1022784\",\"name\":\"Almanya Parlamentosu, Ezidi Soyk\u0131r\u0131m\u0131 g\u00fcndemiyle 26 Ocak\u2019ta toplanacak - Darka Mazi\",\"isPartOf\":{\"@id\":\"https:\\\/\\\/darkamazi.site\\\/#website\"},\"primaryImageOfPage\":{\"@id\":\"https:\\\/\\\/darkamazi.site\\\/archives\\\/1022784#primaryimage\"},\"image\":{\"@id\":\"https:\\\/\\\/darkamazi.site\\\/archives\\\/1022784#primaryimage\"},\"thumbnailUrl\":\"https:\\\/\\\/darkamazi.site\\\/darka-content\\\/uploads\\\/2023\\\/01\\\/Almanya-parlamentosu-Ezidi.jpg\",\"datePublished\":\"2023-01-08T08:19:08+00:00\",\"breadcrumb\":{\"@id\":\"https:\\\/\\\/darkamazi.site\\\/archives\\\/1022784#breadcrumb\"},\"inLanguage\":\"en-US\",\"potentialAction\":[{\"@type\":\"ReadAction\",\"target\":[\"https:\\\/\\\/darkamazi.site\\\/archives\\\/1022784\"]}]},{\"@type\":\"ImageObject\",\"inLanguage\":\"en-US\",\"@id\":\"https:\\\/\\\/darkamazi.site\\\/archives\\\/1022784#primaryimage\",\"url\":\"https:\\\/\\\/darkamazi.site\\\/darka-content\\\/uploads\\\/2023\\\/01\\\/Almanya-parlamentosu-Ezidi.jpg\",\"contentUrl\":\"https:\\\/\\\/darkamazi.site\\\/darka-content\\\/uploads\\\/2023\\\/01\\\/Almanya-parlamentosu-Ezidi.jpg\",\"width\":900,\"height\":497,\"caption\":\"Almanya Parlamentosu, Ezidi Soyk\u0131r\u0131m\u0131 g\u00fcndemiyle 26 Ocak\u2019ta toplanacak\"},{\"@type\":\"BreadcrumbList\",\"@id\":\"https:\\\/\\\/darkamazi.site\\\/archives\\\/1022784#breadcrumb\",\"itemListElement\":[{\"@type\":\"ListItem\",\"position\":1,\"name\":\"Home\",\"item\":\"https:\\\/\\\/darkamazi.site\\\/\"},{\"@type\":\"ListItem\",\"position\":2,\"name\":\"Almanya Parlamentosu, Ezidi Soyk\u0131r\u0131m\u0131 g\u00fcndemiyle 26 Ocak\u2019ta toplanacak\"}]},{\"@type\":\"WebSite\",\"@id\":\"https:\\\/\\\/darkamazi.site\\\/#website\",\"url\":\"https:\\\/\\\/darkamazi.site\\\/\",\"name\":\"Darka Mazi\",\"description\":\"Ana Sayfa\",\"publisher\":{\"@id\":\"https:\\\/\\\/darkamazi.site\\\/#organization\"},\"potentialAction\":[{\"@type\":\"SearchAction\",\"target\":{\"@type\":\"EntryPoint\",\"urlTemplate\":\"https:\\\/\\\/darkamazi.site\\\/?s={search_term_string}\"},\"query-input\":{\"@type\":\"PropertyValueSpecification\",\"valueRequired\":true,\"valueName\":\"search_term_string\"}}],\"inLanguage\":\"en-US\"},{\"@type\":\"Organization\",\"@id\":\"https:\\\/\\\/darkamazi.site\\\/#organization\",\"name\":\"Darka Mazi T\u00fcrk\u00e7e\",\"alternateName\":\"Darka Mazi\",\"url\":\"https:\\\/\\\/darkamazi.site\\\/\",\"logo\":{\"@type\":\"ImageObject\",\"inLanguage\":\"en-US\",\"@id\":\"https:\\\/\\\/darkamazi.site\\\/#\\\/schema\\\/logo\\\/image\\\/\",\"url\":\"https:\\\/\\\/darkamazi.site\\\/darka-content\\\/uploads\\\/2017\\\/12\\\/darka-mazi-logo.png\",\"contentUrl\":\"https:\\\/\\\/darkamazi.site\\\/darka-content\\\/uploads\\\/2017\\\/12\\\/darka-mazi-logo.png\",\"width\":151,\"height\":75,\"caption\":\"Darka Mazi T\u00fcrk\u00e7e\"},\"image\":{\"@id\":\"https:\\\/\\\/darkamazi.site\\\/#\\\/schema\\\/logo\\\/image\\\/\"},\"sameAs\":[\"https:\\\/\\\/www.facebook.com\\\/DarkaMaziturkce\",\"https:\\\/\\\/x.com\\\/DarkaMaziTurkce\"]},{\"@type\":\"Person\",\"@id\":\"https:\\\/\\\/darkamazi.site\\\/#\\\/schema\\\/person\\\/67986a95ac546c16760365877ef4a9d3\",\"name\":\"darka mazi\",\"sameAs\":[\"https:\\\/\\\/darkamazi.site\"],\"url\":\"https:\\\/\\\/darkamazi.site\\\/archives\\\/author\\\/turkish\"}]}<\/script>\n<!-- \/ Yoast SEO plugin. -->","seo_head_json":{"title":"Almanya Parlamentosu, Ezidi Soyk\u0131r\u0131m\u0131 g\u00fcndemiyle 26 Ocak\u2019ta toplanacak - Darka Mazi","robots":{"index":"index","follow":"follow","max-snippet":"max-snippet:-1","max-image-preview":"max-image-preview:large","max-video-preview":"max-video-preview:-1"},"canonical":"https:\/\/darkamazi.site\/archives\/1022784","og_locale":"en_US","og_type":"article","og_title":"Almanya Parlamentosu, Ezidi Soyk\u0131r\u0131m\u0131 g\u00fcndemiyle 26 Ocak\u2019ta toplanacak - Darka Mazi","og_description":"\u00a0Almanya Parlamentosu\u2019nun 3 A\u011fustos 2014\u2019te I\u015e\u0130D\u2019in Ezidilere y\u00f6nelik ger\u00e7ekle\u015ftirdi\u011fi soyk\u0131r\u0131m\u0131n tan\u0131nmas\u0131n\u0131 oylamak i\u00e7in ge\u00e7ti\u011fimiz 17 Ocak&#8217;ta d\u00fczenlemesini planlad\u0131\u011f\u0131 oturum, 26 Ocak\u2019a ertelendi. K24\u2019\u00fcn haberine g\u00f6re;\u00a0oturuma kat\u0131lacak olan bir Almanya Parlamentosu \u00dcyesi, \u201cBu ay sonunda yap\u0131lacak oturumda Ezidilere y\u00f6nelik soyk\u0131r\u0131ma ili\u015fkin t\u00fcm deliller ve istatistikler haz\u0131rland\u0131\u201d dedi. S\u00f6z konusu kaynak, Ezidilere y\u00f6nelik katliam\u0131n soyk\u0131r\u0131m olarak tan\u0131nmas\u0131n\u0131n [&hellip;]","og_url":"https:\/\/darkamazi.site\/archives\/1022784","og_site_name":"Darka Mazi","article_publisher":"https:\/\/www.facebook.com\/DarkaMaziturkce","article_published_time":"2023-01-08T08:19:08+00:00","og_image":[{"width":900,"height":497,"url":"https:\/\/darkamazi.site\/file\/2023\/01\/Almanya-parlamentosu-Ezidi.jpg","type":"image\/jpeg"}],"author":"darka mazi","twitter_card":"summary_large_image","twitter_creator":"@DarkaMaziTurkce","twitter_site":"@DarkaMaziTurkce","twitter_misc":{"Written by":"darka mazi","Est. reading time":"1 minute"},"schema":{"@context":"https:\/\/schema.org","@graph":[{"@type":"NewsArticle","@id":"https:\/\/darkamazi.site\/archives\/1022784#article","isPartOf":{"@id":"https:\/\/darkamazi.site\/archives\/1022784"},"author":{"name":"darka mazi","@id":"https:\/\/darkamazi.site\/#\/schema\/person\/67986a95ac546c16760365877ef4a9d3"},"headline":"Almanya Parlamentosu, Ezidi Soyk\u0131r\u0131m\u0131 g\u00fcndemiyle 26 Ocak\u2019ta toplanacak","datePublished":"2023-01-08T08:19:08+00:00","mainEntityOfPage":{"@id":"https:\/\/darkamazi.site\/archives\/1022784"},"wordCount":301,"publisher":{"@id":"https:\/\/darkamazi.site\/#organization"},"image":{"@id":"https:\/\/darkamazi.site\/archives\/1022784#primaryimage"},"thumbnailUrl":"https:\/\/darkamazi.site\/file\/2023\/01\/Almanya-parlamentosu-Ezidi.jpg","articleSection":["Kurdistan"],"inLanguage":"en-US"},{"@type":"WebPage","@id":"https:\/\/darkamazi.site\/archives\/1022784","url":"https:\/\/darkamazi.site\/archives\/1022784","name":"Almanya Parlamentosu, Ezidi Soyk\u0131r\u0131m\u0131 g\u00fcndemiyle 26 Ocak\u2019ta toplanacak - Darka Mazi","isPartOf":{"@id":"https:\/\/darkamazi.site\/#website"},"primaryImageOfPage":{"@id":"https:\/\/darkamazi.site\/archives\/1022784#primaryimage"},"image":{"@id":"https:\/\/darkamazi.site\/archives\/1022784#primaryimage"},"thumbnailUrl":"https:\/\/darkamazi.site\/file\/2023\/01\/Almanya-parlamentosu-Ezidi.jpg","datePublished":"2023-01-08T08:19:08+00:00","breadcrumb":{"@id":"https:\/\/darkamazi.site\/archives\/1022784#breadcrumb"},"inLanguage":"en-US","potentialAction":[{"@type":"ReadAction","target":["https:\/\/darkamazi.site\/archives\/1022784"]}]},{"@type":"ImageObject","inLanguage":"en-US","@id":"https:\/\/darkamazi.site\/archives\/1022784#primaryimage","url":"https:\/\/darkamazi.site\/file\/2023\/01\/Almanya-parlamentosu-Ezidi.jpg","contentUrl":"https:\/\/darkamazi.site\/file\/2023\/01\/Almanya-parlamentosu-Ezidi.jpg","width":900,"height":497,"caption":"Almanya Parlamentosu, Ezidi Soyk\u0131r\u0131m\u0131 g\u00fcndemiyle 26 Ocak\u2019ta toplanacak"},{"@type":"BreadcrumbList","@id":"https:\/\/darkamazi.site\/archives\/1022784#breadcrumb","itemListElement":[{"@type":"ListItem","position":1,"name":"Home","item":"https:\/\/darkamazi.site\/"},{"@type":"ListItem","position":2,"name":"Almanya Parlamentosu, Ezidi Soyk\u0131r\u0131m\u0131 g\u00fcndemiyle 26 Ocak\u2019ta toplanacak"}]},{"@type":"WebSite","@id":"https:\/\/darkamazi.site\/#website","url":"https:\/\/darkamazi.site\/","name":"Darka Mazi","description":"Ana Sayfa","publisher":{"@id":"https:\/\/darkamazi.site\/#organization"},"potentialAction":[{"@type":"SearchAction","target":{"@type":"EntryPoint","urlTemplate":"https:\/\/darkamazi.site\/?s={search_term_string}"},"query-input":{"@type":"PropertyValueSpecification","valueRequired":true,"valueName":"search_term_string"}}],"inLanguage":"en-US"},{"@type":"Organization","@id":"https:\/\/darkamazi.site\/#organization","name":"Darka Mazi T\u00fcrk\u00e7e","alternateName":"Darka Mazi","url":"https:\/\/darkamazi.site\/","logo":{"@type":"ImageObject","inLanguage":"en-US","@id":"https:\/\/darkamazi.site\/#\/schema\/logo\/image\/","url":"https:\/\/darkamazi.site\/file\/2017\/12\/darka-mazi-logo.png","contentUrl":"https:\/\/darkamazi.site\/file\/2017\/12\/darka-mazi-logo.png","width":151,"height":75,"caption":"Darka Mazi T\u00fcrk\u00e7e"},"image":{"@id":"https:\/\/darkamazi.site\/#\/schema\/logo\/image\/"},"sameAs":["https:\/\/www.facebook.com\/DarkaMaziturkce","https:\/\/x.com\/DarkaMaziTurkce"]},{"@type":"Person","@id":"https:\/\/darkamazi.site\/#\/schema\/person\/67986a95ac546c16760365877ef4a9d3","name":"darka mazi","sameAs":["https:\/\/darkamazi.site"],"url":"https:\/\/darkamazi.site\/archives\/author\/turkish"}]}},"_links":{"self":[{"href":"https:\/\/darkamazi.site\/funavuv\/wp\/v2\/posts\/1022784","targetHints":{"allow":["GET"]}}],"collection":[{"href":"https:\/\/darkamazi.site\/funavuv\/wp\/v2\/posts"}],"about":[{"href":"https:\/\/darkamazi.site\/funavuv\/wp\/v2\/types\/post"}],"author":[{"embeddable":true,"href":"https:\/\/darkamazi.site\/funavuv\/wp\/v2\/users\/2"}],"replies":[{"embeddable":true,"href":"https:\/\/darkamazi.site\/funavuv\/wp\/v2\/comments?post=1022784"}],"version-history":[{"count":0,"href":"https:\/\/darkamazi.site\/funavuv\/wp\/v2\/posts\/1022784\/revisions"}],"wp:featuredmedia":[{"embeddable":true,"href":"https:\/\/darkamazi.site\/funavuv\/wp\/v2\/media\/1022785"}],"wp:attachment":[{"href":"https:\/\/darkamazi.site\/funavuv\/wp\/v2\/media?parent=1022784"}],"wp:term":[{"taxonomy":"category","embeddable":true,"href":"https:\/\/darkamazi.site\/funavuv\/wp\/v2\/categories?post=1022784"},{"taxonomy":"post_tag","embeddable":true,"href":"https:\/\/darkamazi.site\/funavuv\/wp\/v2\/tags?post=1022784"}],"curies":[{"name":"wp","href":"https:\/\/api.w.org\/{rel}","templated":true}]}}