{"id":1022957,"date":"2023-01-18T19:49:42","date_gmt":"2023-01-18T16:49:42","guid":{"rendered":"https:\/\/darkamazi.site\/?p=1022957"},"modified":"2023-01-18T19:49:42","modified_gmt":"2023-01-18T16:49:42","slug":"genclerbirligi-kurt-oldugunu-ogrendigi-oyuncunun-sozlesmesini-feshetti","status":"publish","type":"post","link":"https:\/\/darkamazi.site\/archives\/1022957","title":{"rendered":"Gen\u00e7lerbirli\u011fi K\u00fcrt oldu\u011funu \u00f6\u011frendi\u011fi oyuncunun s\u00f6zle\u015fmesini feshetti"},"content":{"rendered":"<p style=\"text-align: justify\">Ankara Gen\u00e7lerbirli\u011fi futbol tak\u0131m\u0131, \u0130sve\u00e7\u2019ten transfer etti\u011fi\u00a0 24 ya\u015f\u0131ndaki K\u00fcrt futbolcu Rodin Cem Deprem&#8217;i le imzalad\u0131\u011f\u0131 s\u00f6zle\u015fmeyi feshetti.<\/p>\n<p style=\"text-align: justify\"><strong>Bianet\u2019ten Ruken Tuncel\u2019in haberine g\u00f6re;\u00a0<\/strong>Tak\u0131m d\u00fcn (17 Ocak) Deprem ile bir bu\u00e7uk y\u0131ll\u0131\u011f\u0131na s\u00f6zle\u015fme imzalad\u0131, antrenmana \u00e7\u0131kan oyuncunun daha \u00f6nce K\u00fcrt tak\u0131m\u0131 Dalkurd\u2019a oynamas\u0131 ve K\u00fcrt oldu\u011funun anla\u015f\u0131lmas\u0131 \u00fczerine s\u00f6zle\u015fmesi feshedildi.<\/p>\n<p style=\"text-align: justify\">\u0130smini vermek istemeyen bir Gen\u00e7lerbirli\u011fi Kongre \u00dcyesi, &#8220;S\u00f6zle\u015fmenin feshedilmesinin tek gerek\u00e7esi Rodin Cem Deprem&#8217;in K\u00fcrt olmas\u0131 ve daha \u00f6nce Dalkurd tak\u0131m\u0131nda oynamas\u0131d\u0131r&#8221; dedi.<\/p>\n<p style=\"text-align: justify\"><strong>&#8220;Dalkurd ter\u00f6rist bir tak\u0131m say\u0131ld\u0131&#8221;<\/strong><\/p>\n<p style=\"text-align: justify\">Kongre \u00fcyesi, Gen\u00e7lerbirli\u011fi&#8217;nin Deprem&#8217;in K\u00fcrt oldu\u011funu daha sonra fark etti\u011fini bunun \u00fczerine ara\u015ft\u0131rma yapt\u0131\u011f\u0131n\u0131 Dalkurd&#8217;da oynad\u0131\u011f\u0131n\u0131 da g\u00f6r\u00fcnce fesih karar\u0131 al\u0131nd\u0131\u011f\u0131n\u0131 belirtti: &#8220;Gen\u00e7lerbirli\u011fi resmi Twitter hesab\u0131 bir tweet at\u0131, &#8216;Rubin Cem Deprem ile s\u00f6zle\u015fme imzalad\u0131&#8217; \u015feklinde fakat oyuncunun ismi yanl\u0131\u015f yazm\u0131\u015flard\u0131. Oyuncunun isminin yanl\u0131\u015f oldu\u011funu s\u00f6yledik, bu tweeti sildiler. Daha sonra s\u00f6zle\u015fmenin imzaland\u0131\u011f\u0131na dair foto\u011fraf payla\u015f\u0131ld\u0131, foto\u011frafta Gen\u00e7lerbirli\u011fi Ba\u015fkan\u0131n\u0131 surat\u0131 olduk\u00e7a as\u0131lm\u0131\u015ft\u0131. \u0130sve\u00e7 \u00fc\u00e7\u00fcnc\u00fc liginde oynayan Dalkurd&#8217;un ter\u00f6rist bir tak\u0131m oldu\u011fu iddia edildi. Tak\u0131m, biraz daha ara\u015ft\u0131rd\u0131\u011f\u0131nda Amedspor&#8217;un bir ay \u00f6nce futbolcuyu istedi\u011fini fakat anla\u015famad\u0131klar\u0131n\u0131 \u00f6\u011freniyor. Dalkurd ve \u00fcst\u00fcne Amedspor eklenince k\u0131yamet koptu ve s\u00f6zle\u015fmesi feshedildi. Tepkiler \u00fczerine s\u00f6zle\u015fmenin ekonomik \u015fartlar nedeniyle iptal edildi\u011fini s\u00f6yl\u00fcyorlar fakat bu tamamen \u00e7arp\u0131tma denemeye gelmedi bu oyuncu antremana \u00e7\u0131kt\u0131. Oyuncu olarak al\u0131nd\u0131 fakat K\u00fcrt oldu\u011fu \u00f6\u011frenilince taraftar tepkisi gibi gerek\u00e7elerle s\u00f6zle\u015fmesini feshettiler.&#8221;<\/p>\n<p style=\"text-align: justify\">Dalkurd, \u0130sve\u00e7&#8217;in Borl\u00e4nge \u015fehrinde 2004 y\u0131l\u0131nda K\u00fcrtler taraf\u0131ndan kurulan profesyonel \u0130sve\u00e7 futbol tak\u0131m\u0131.<\/p>\n<p style=\"text-align: justify\"><strong>Kul\u00fcp ba\u015fkan\u0131: Gelece\u011fiyle oynamayal\u0131m dedik<\/strong><\/p>\n<p style=\"text-align: justify\">Ula\u015ft\u0131\u011f\u0131m\u0131z Gen\u00e7lerbirli\u011fi Spor Kul\u00fcb\u00fc Ba\u015fkan\u0131 Ba\u015fkan\u0131 Niyazi Akda\u015f ise; iddialar\u0131n ger\u00e7ek olmad\u0131\u011f\u0131n\u0131 Rodin Cem Deprem ile anla\u015fmal\u0131 olarak ayr\u0131ld\u0131klar\u0131n\u0131 s\u00f6yledi. Akda\u015f, Deprem ile santrfor olarak s\u00f6zle\u015fme imzalad\u0131klar\u0131n\u0131 belirtti ve \u015f\u00f6yle dedi: &#8220;Santrfor olarak s\u00f6zle\u015fme imzalad\u0131k sonra \u00e7ocu\u011fun gelece\u011fiyle oynamayal\u0131m, yaz\u0131k olmas\u0131n diye d\u00fc\u015f\u00fcnd\u00fck, hem biz de daha fazla para vermi\u015f olacakt\u0131k, o nedenle kar\u015f\u0131l\u0131kl\u0131 anla\u015fmal\u0131 ayr\u0131ld\u0131k.&#8221;<\/p>\n","protected":false},"excerpt":{"rendered":"<p>Ankara Gen\u00e7lerbirli\u011fi futbol tak\u0131m\u0131, \u0130sve\u00e7\u2019ten transfer etti\u011fi\u00a0 24 ya\u015f\u0131ndaki K\u00fcrt futbolcu Rodin Cem Deprem&#8217;i le imzalad\u0131\u011f\u0131 s\u00f6zle\u015fmeyi feshetti. Bianet\u2019ten Ruken Tuncel\u2019in haberine g\u00f6re;\u00a0Tak\u0131m d\u00fcn (17 Ocak) Deprem ile bir bu\u00e7uk y\u0131ll\u0131\u011f\u0131na s\u00f6zle\u015fme imzalad\u0131, antrenmana \u00e7\u0131kan oyuncunun daha \u00f6nce K\u00fcrt tak\u0131m\u0131 Dalkurd\u2019a oynamas\u0131 ve K\u00fcrt oldu\u011funun anla\u015f\u0131lmas\u0131 \u00fczerine s\u00f6zle\u015fmesi feshedildi. \u0130smini vermek istemeyen bir Gen\u00e7lerbirli\u011fi Kongre [&hellip;]<\/p>\n","protected":false},"author":2,"featured_media":1022958,"comment_status":"closed","ping_status":"closed","sticky":false,"template":"","format":"standard","meta":{"footnotes":""},"categories":[3],"tags":[],"class_list":["post-1022957","post","type-post","status-publish","format-standard","has-post-thumbnail","hentry","category-kurdistan"],"blocksy_meta":[],"seo_head":"<!-- This site is optimized with the Yoast SEO plugin v27.5 - https:\/\/yoast.com\/product\/yoast-seo-wordpress\/ -->\n<title>Gen\u00e7lerbirli\u011fi K\u00fcrt oldu\u011funu \u00f6\u011frendi\u011fi oyuncunun s\u00f6zle\u015fmesini feshetti - Darka Mazi<\/title>\n<meta name=\"robots\" content=\"index, follow, max-snippet:-1, max-image-preview:large, max-video-preview:-1\" \/>\n<link rel=\"canonical\" href=\"https:\/\/darkamazi.site\/archives\/1022957\" \/>\n<meta property=\"og:locale\" content=\"en_US\" \/>\n<meta property=\"og:type\" content=\"article\" \/>\n<meta property=\"og:title\" content=\"Gen\u00e7lerbirli\u011fi K\u00fcrt oldu\u011funu \u00f6\u011frendi\u011fi oyuncunun s\u00f6zle\u015fmesini feshetti - Darka Mazi\" \/>\n<meta property=\"og:description\" content=\"Ankara Gen\u00e7lerbirli\u011fi futbol tak\u0131m\u0131, \u0130sve\u00e7\u2019ten transfer etti\u011fi\u00a0 24 ya\u015f\u0131ndaki K\u00fcrt futbolcu Rodin Cem Deprem&#8217;i le imzalad\u0131\u011f\u0131 s\u00f6zle\u015fmeyi feshetti. Bianet\u2019ten Ruken Tuncel\u2019in haberine g\u00f6re;\u00a0Tak\u0131m d\u00fcn (17 Ocak) Deprem ile bir bu\u00e7uk y\u0131ll\u0131\u011f\u0131na s\u00f6zle\u015fme imzalad\u0131, antrenmana \u00e7\u0131kan oyuncunun daha \u00f6nce K\u00fcrt tak\u0131m\u0131 Dalkurd\u2019a oynamas\u0131 ve K\u00fcrt oldu\u011funun anla\u015f\u0131lmas\u0131 \u00fczerine s\u00f6zle\u015fmesi feshedildi. \u0130smini vermek istemeyen bir Gen\u00e7lerbirli\u011fi Kongre [&hellip;]\" \/>\n<meta property=\"og:url\" content=\"https:\/\/darkamazi.site\/archives\/1022957\" \/>\n<meta property=\"og:site_name\" content=\"Darka Mazi\" \/>\n<meta property=\"article:publisher\" content=\"https:\/\/www.facebook.com\/DarkaMaziturkce\" \/>\n<meta property=\"article:published_time\" content=\"2023-01-18T16:49:42+00:00\" \/>\n<meta property=\"og:image\" content=\"https:\/\/darkamazi.site\/file\/2023\/01\/0fe764acd25208412c78291d6cd0af92_L.jpg\" \/>\n\t<meta property=\"og:image:width\" content=\"710\" \/>\n\t<meta property=\"og:image:height\" content=\"402\" \/>\n\t<meta property=\"og:image:type\" content=\"image\/jpeg\" \/>\n<meta name=\"author\" content=\"darka mazi\" \/>\n<meta name=\"twitter:card\" content=\"summary_large_image\" \/>\n<meta name=\"twitter:creator\" content=\"@DarkaMaziTurkce\" \/>\n<meta name=\"twitter:site\" content=\"@DarkaMaziTurkce\" \/>\n<meta name=\"twitter:label1\" content=\"Written by\" \/>\n\t<meta name=\"twitter:data1\" content=\"darka mazi\" \/>\n\t<meta name=\"twitter:label2\" content=\"Est. reading time\" \/>\n\t<meta name=\"twitter:data2\" content=\"2 minutes\" \/>\n<script type=\"application\/ld+json\" class=\"seo-schema-graph\">{\"@context\":\"https:\\\/\\\/schema.org\",\"@graph\":[{\"@type\":\"NewsArticle\",\"@id\":\"https:\\\/\\\/darkamazi.site\\\/archives\\\/1022957#article\",\"isPartOf\":{\"@id\":\"https:\\\/\\\/darkamazi.site\\\/archives\\\/1022957\"},\"author\":{\"name\":\"darka mazi\",\"@id\":\"https:\\\/\\\/darkamazi.site\\\/#\\\/schema\\\/person\\\/67986a95ac546c16760365877ef4a9d3\"},\"headline\":\"Gen\u00e7lerbirli\u011fi K\u00fcrt oldu\u011funu \u00f6\u011frendi\u011fi oyuncunun s\u00f6zle\u015fmesini feshetti\",\"datePublished\":\"2023-01-18T16:49:42+00:00\",\"mainEntityOfPage\":{\"@id\":\"https:\\\/\\\/darkamazi.site\\\/archives\\\/1022957\"},\"wordCount\":445,\"publisher\":{\"@id\":\"https:\\\/\\\/darkamazi.site\\\/#organization\"},\"image\":{\"@id\":\"https:\\\/\\\/darkamazi.site\\\/archives\\\/1022957#primaryimage\"},\"thumbnailUrl\":\"https:\\\/\\\/darkamazi.site\\\/darka-content\\\/uploads\\\/2023\\\/01\\\/0fe764acd25208412c78291d6cd0af92_L.jpg\",\"articleSection\":[\"Kurdistan\"],\"inLanguage\":\"en-US\"},{\"@type\":\"WebPage\",\"@id\":\"https:\\\/\\\/darkamazi.site\\\/archives\\\/1022957\",\"url\":\"https:\\\/\\\/darkamazi.site\\\/archives\\\/1022957\",\"name\":\"Gen\u00e7lerbirli\u011fi K\u00fcrt oldu\u011funu \u00f6\u011frendi\u011fi oyuncunun s\u00f6zle\u015fmesini feshetti - Darka Mazi\",\"isPartOf\":{\"@id\":\"https:\\\/\\\/darkamazi.site\\\/#website\"},\"primaryImageOfPage\":{\"@id\":\"https:\\\/\\\/darkamazi.site\\\/archives\\\/1022957#primaryimage\"},\"image\":{\"@id\":\"https:\\\/\\\/darkamazi.site\\\/archives\\\/1022957#primaryimage\"},\"thumbnailUrl\":\"https:\\\/\\\/darkamazi.site\\\/darka-content\\\/uploads\\\/2023\\\/01\\\/0fe764acd25208412c78291d6cd0af92_L.jpg\",\"datePublished\":\"2023-01-18T16:49:42+00:00\",\"breadcrumb\":{\"@id\":\"https:\\\/\\\/darkamazi.site\\\/archives\\\/1022957#breadcrumb\"},\"inLanguage\":\"en-US\",\"potentialAction\":[{\"@type\":\"ReadAction\",\"target\":[\"https:\\\/\\\/darkamazi.site\\\/archives\\\/1022957\"]}]},{\"@type\":\"ImageObject\",\"inLanguage\":\"en-US\",\"@id\":\"https:\\\/\\\/darkamazi.site\\\/archives\\\/1022957#primaryimage\",\"url\":\"https:\\\/\\\/darkamazi.site\\\/darka-content\\\/uploads\\\/2023\\\/01\\\/0fe764acd25208412c78291d6cd0af92_L.jpg\",\"contentUrl\":\"https:\\\/\\\/darkamazi.site\\\/darka-content\\\/uploads\\\/2023\\\/01\\\/0fe764acd25208412c78291d6cd0af92_L.jpg\",\"width\":710,\"height\":402,\"caption\":\"Gen\u00e7lerbirli\u011fi K\u00fcrt oldu\u011funu \u00f6\u011frendi\u011fi oyuncunun s\u00f6zle\u015fmesini feshetti\"},{\"@type\":\"BreadcrumbList\",\"@id\":\"https:\\\/\\\/darkamazi.site\\\/archives\\\/1022957#breadcrumb\",\"itemListElement\":[{\"@type\":\"ListItem\",\"position\":1,\"name\":\"Home\",\"item\":\"https:\\\/\\\/darkamazi.site\\\/\"},{\"@type\":\"ListItem\",\"position\":2,\"name\":\"Gen\u00e7lerbirli\u011fi K\u00fcrt oldu\u011funu \u00f6\u011frendi\u011fi oyuncunun s\u00f6zle\u015fmesini feshetti\"}]},{\"@type\":\"WebSite\",\"@id\":\"https:\\\/\\\/darkamazi.site\\\/#website\",\"url\":\"https:\\\/\\\/darkamazi.site\\\/\",\"name\":\"Darka Mazi\",\"description\":\"Ana Sayfa\",\"publisher\":{\"@id\":\"https:\\\/\\\/darkamazi.site\\\/#organization\"},\"potentialAction\":[{\"@type\":\"SearchAction\",\"target\":{\"@type\":\"EntryPoint\",\"urlTemplate\":\"https:\\\/\\\/darkamazi.site\\\/?s={search_term_string}\"},\"query-input\":{\"@type\":\"PropertyValueSpecification\",\"valueRequired\":true,\"valueName\":\"search_term_string\"}}],\"inLanguage\":\"en-US\"},{\"@type\":\"Organization\",\"@id\":\"https:\\\/\\\/darkamazi.site\\\/#organization\",\"name\":\"Darka Mazi T\u00fcrk\u00e7e\",\"alternateName\":\"Darka Mazi\",\"url\":\"https:\\\/\\\/darkamazi.site\\\/\",\"logo\":{\"@type\":\"ImageObject\",\"inLanguage\":\"en-US\",\"@id\":\"https:\\\/\\\/darkamazi.site\\\/#\\\/schema\\\/logo\\\/image\\\/\",\"url\":\"https:\\\/\\\/darkamazi.site\\\/darka-content\\\/uploads\\\/2017\\\/12\\\/darka-mazi-logo.png\",\"contentUrl\":\"https:\\\/\\\/darkamazi.site\\\/darka-content\\\/uploads\\\/2017\\\/12\\\/darka-mazi-logo.png\",\"width\":151,\"height\":75,\"caption\":\"Darka Mazi T\u00fcrk\u00e7e\"},\"image\":{\"@id\":\"https:\\\/\\\/darkamazi.site\\\/#\\\/schema\\\/logo\\\/image\\\/\"},\"sameAs\":[\"https:\\\/\\\/www.facebook.com\\\/DarkaMaziturkce\",\"https:\\\/\\\/x.com\\\/DarkaMaziTurkce\"]},{\"@type\":\"Person\",\"@id\":\"https:\\\/\\\/darkamazi.site\\\/#\\\/schema\\\/person\\\/67986a95ac546c16760365877ef4a9d3\",\"name\":\"darka mazi\",\"sameAs\":[\"https:\\\/\\\/darkamazi.site\"],\"url\":\"https:\\\/\\\/darkamazi.site\\\/archives\\\/author\\\/turkish\"}]}<\/script>\n<!-- \/ Yoast SEO plugin. -->","seo_head_json":{"title":"Gen\u00e7lerbirli\u011fi K\u00fcrt oldu\u011funu \u00f6\u011frendi\u011fi oyuncunun s\u00f6zle\u015fmesini feshetti - Darka Mazi","robots":{"index":"index","follow":"follow","max-snippet":"max-snippet:-1","max-image-preview":"max-image-preview:large","max-video-preview":"max-video-preview:-1"},"canonical":"https:\/\/darkamazi.site\/archives\/1022957","og_locale":"en_US","og_type":"article","og_title":"Gen\u00e7lerbirli\u011fi K\u00fcrt oldu\u011funu \u00f6\u011frendi\u011fi oyuncunun s\u00f6zle\u015fmesini feshetti - Darka Mazi","og_description":"Ankara Gen\u00e7lerbirli\u011fi futbol tak\u0131m\u0131, \u0130sve\u00e7\u2019ten transfer etti\u011fi\u00a0 24 ya\u015f\u0131ndaki K\u00fcrt futbolcu Rodin Cem Deprem&#8217;i le imzalad\u0131\u011f\u0131 s\u00f6zle\u015fmeyi feshetti. Bianet\u2019ten Ruken Tuncel\u2019in haberine g\u00f6re;\u00a0Tak\u0131m d\u00fcn (17 Ocak) Deprem ile bir bu\u00e7uk y\u0131ll\u0131\u011f\u0131na s\u00f6zle\u015fme imzalad\u0131, antrenmana \u00e7\u0131kan oyuncunun daha \u00f6nce K\u00fcrt tak\u0131m\u0131 Dalkurd\u2019a oynamas\u0131 ve K\u00fcrt oldu\u011funun anla\u015f\u0131lmas\u0131 \u00fczerine s\u00f6zle\u015fmesi feshedildi. \u0130smini vermek istemeyen bir Gen\u00e7lerbirli\u011fi Kongre [&hellip;]","og_url":"https:\/\/darkamazi.site\/archives\/1022957","og_site_name":"Darka Mazi","article_publisher":"https:\/\/www.facebook.com\/DarkaMaziturkce","article_published_time":"2023-01-18T16:49:42+00:00","og_image":[{"width":710,"height":402,"url":"https:\/\/darkamazi.site\/file\/2023\/01\/0fe764acd25208412c78291d6cd0af92_L.jpg","type":"image\/jpeg"}],"author":"darka mazi","twitter_card":"summary_large_image","twitter_creator":"@DarkaMaziTurkce","twitter_site":"@DarkaMaziTurkce","twitter_misc":{"Written by":"darka mazi","Est. reading time":"2 minutes"},"schema":{"@context":"https:\/\/schema.org","@graph":[{"@type":"NewsArticle","@id":"https:\/\/darkamazi.site\/archives\/1022957#article","isPartOf":{"@id":"https:\/\/darkamazi.site\/archives\/1022957"},"author":{"name":"darka mazi","@id":"https:\/\/darkamazi.site\/#\/schema\/person\/67986a95ac546c16760365877ef4a9d3"},"headline":"Gen\u00e7lerbirli\u011fi K\u00fcrt oldu\u011funu \u00f6\u011frendi\u011fi oyuncunun s\u00f6zle\u015fmesini feshetti","datePublished":"2023-01-18T16:49:42+00:00","mainEntityOfPage":{"@id":"https:\/\/darkamazi.site\/archives\/1022957"},"wordCount":445,"publisher":{"@id":"https:\/\/darkamazi.site\/#organization"},"image":{"@id":"https:\/\/darkamazi.site\/archives\/1022957#primaryimage"},"thumbnailUrl":"https:\/\/darkamazi.site\/file\/2023\/01\/0fe764acd25208412c78291d6cd0af92_L.jpg","articleSection":["Kurdistan"],"inLanguage":"en-US"},{"@type":"WebPage","@id":"https:\/\/darkamazi.site\/archives\/1022957","url":"https:\/\/darkamazi.site\/archives\/1022957","name":"Gen\u00e7lerbirli\u011fi K\u00fcrt oldu\u011funu \u00f6\u011frendi\u011fi oyuncunun s\u00f6zle\u015fmesini feshetti - Darka Mazi","isPartOf":{"@id":"https:\/\/darkamazi.site\/#website"},"primaryImageOfPage":{"@id":"https:\/\/darkamazi.site\/archives\/1022957#primaryimage"},"image":{"@id":"https:\/\/darkamazi.site\/archives\/1022957#primaryimage"},"thumbnailUrl":"https:\/\/darkamazi.site\/file\/2023\/01\/0fe764acd25208412c78291d6cd0af92_L.jpg","datePublished":"2023-01-18T16:49:42+00:00","breadcrumb":{"@id":"https:\/\/darkamazi.site\/archives\/1022957#breadcrumb"},"inLanguage":"en-US","potentialAction":[{"@type":"ReadAction","target":["https:\/\/darkamazi.site\/archives\/1022957"]}]},{"@type":"ImageObject","inLanguage":"en-US","@id":"https:\/\/darkamazi.site\/archives\/1022957#primaryimage","url":"https:\/\/darkamazi.site\/file\/2023\/01\/0fe764acd25208412c78291d6cd0af92_L.jpg","contentUrl":"https:\/\/darkamazi.site\/file\/2023\/01\/0fe764acd25208412c78291d6cd0af92_L.jpg","width":710,"height":402,"caption":"Gen\u00e7lerbirli\u011fi K\u00fcrt oldu\u011funu \u00f6\u011frendi\u011fi oyuncunun s\u00f6zle\u015fmesini feshetti"},{"@type":"BreadcrumbList","@id":"https:\/\/darkamazi.site\/archives\/1022957#breadcrumb","itemListElement":[{"@type":"ListItem","position":1,"name":"Home","item":"https:\/\/darkamazi.site\/"},{"@type":"ListItem","position":2,"name":"Gen\u00e7lerbirli\u011fi K\u00fcrt oldu\u011funu \u00f6\u011frendi\u011fi oyuncunun s\u00f6zle\u015fmesini feshetti"}]},{"@type":"WebSite","@id":"https:\/\/darkamazi.site\/#website","url":"https:\/\/darkamazi.site\/","name":"Darka Mazi","description":"Ana Sayfa","publisher":{"@id":"https:\/\/darkamazi.site\/#organization"},"potentialAction":[{"@type":"SearchAction","target":{"@type":"EntryPoint","urlTemplate":"https:\/\/darkamazi.site\/?s={search_term_string}"},"query-input":{"@type":"PropertyValueSpecification","valueRequired":true,"valueName":"search_term_string"}}],"inLanguage":"en-US"},{"@type":"Organization","@id":"https:\/\/darkamazi.site\/#organization","name":"Darka Mazi T\u00fcrk\u00e7e","alternateName":"Darka Mazi","url":"https:\/\/darkamazi.site\/","logo":{"@type":"ImageObject","inLanguage":"en-US","@id":"https:\/\/darkamazi.site\/#\/schema\/logo\/image\/","url":"https:\/\/darkamazi.site\/file\/2017\/12\/darka-mazi-logo.png","contentUrl":"https:\/\/darkamazi.site\/file\/2017\/12\/darka-mazi-logo.png","width":151,"height":75,"caption":"Darka Mazi T\u00fcrk\u00e7e"},"image":{"@id":"https:\/\/darkamazi.site\/#\/schema\/logo\/image\/"},"sameAs":["https:\/\/www.facebook.com\/DarkaMaziturkce","https:\/\/x.com\/DarkaMaziTurkce"]},{"@type":"Person","@id":"https:\/\/darkamazi.site\/#\/schema\/person\/67986a95ac546c16760365877ef4a9d3","name":"darka mazi","sameAs":["https:\/\/darkamazi.site"],"url":"https:\/\/darkamazi.site\/archives\/author\/turkish"}]}},"_links":{"self":[{"href":"https:\/\/darkamazi.site\/funavuv\/wp\/v2\/posts\/1022957","targetHints":{"allow":["GET"]}}],"collection":[{"href":"https:\/\/darkamazi.site\/funavuv\/wp\/v2\/posts"}],"about":[{"href":"https:\/\/darkamazi.site\/funavuv\/wp\/v2\/types\/post"}],"author":[{"embeddable":true,"href":"https:\/\/darkamazi.site\/funavuv\/wp\/v2\/users\/2"}],"replies":[{"embeddable":true,"href":"https:\/\/darkamazi.site\/funavuv\/wp\/v2\/comments?post=1022957"}],"version-history":[{"count":0,"href":"https:\/\/darkamazi.site\/funavuv\/wp\/v2\/posts\/1022957\/revisions"}],"wp:featuredmedia":[{"embeddable":true,"href":"https:\/\/darkamazi.site\/funavuv\/wp\/v2\/media\/1022958"}],"wp:attachment":[{"href":"https:\/\/darkamazi.site\/funavuv\/wp\/v2\/media?parent=1022957"}],"wp:term":[{"taxonomy":"category","embeddable":true,"href":"https:\/\/darkamazi.site\/funavuv\/wp\/v2\/categories?post=1022957"},{"taxonomy":"post_tag","embeddable":true,"href":"https:\/\/darkamazi.site\/funavuv\/wp\/v2\/tags?post=1022957"}],"curies":[{"name":"wp","href":"https:\/\/api.w.org\/{rel}","templated":true}]}}