{"id":1023002,"date":"2023-01-22T10:44:59","date_gmt":"2023-01-22T07:44:59","guid":{"rendered":"https:\/\/darkamazi.site\/?p=1023002"},"modified":"2023-01-22T10:44:59","modified_gmt":"2023-01-22T07:44:59","slug":"mustafa-karasudan-sonra-cemil-bayikta-ayni-aciklamayi-yapti-suriye-rejimi-bugun-ayaktaysa-mucadelemiz-sayesindedir","status":"publish","type":"post","link":"https:\/\/darkamazi.site\/archives\/1023002","title":{"rendered":"Mustafa Karasu\u2019dan sonra Cemil Bay\u0131k\u2019ta ayn\u0131 a\u00e7\u0131klamay\u0131 yapt\u0131: \u201cSuriye Rejimi bug\u00fcn ayaktaysa m\u00fccadelemiz sayesindedir\u201d"},"content":{"rendered":"<p style=\"text-align: justify\"><strong>Cemil Bay\u0131k\u2019\u0131n a\u00e7\u0131klamas\u0131 ne anlama geliyor?<\/strong><\/p>\n<p style=\"text-align: justify\">PKK y\u00f6neticileri Suriye ve T\u00fcrkiye aras\u0131ndaki g\u00f6r\u00fc\u015fme ve ili\u015fki tart\u0131\u015fmalar\u0131 ba\u015flad\u0131\u011f\u0131ndan bu yanad\u0131r s\u0131ra ile a\u00e7\u0131klama yaparak Suriye rejimini ayakta tuttuklar\u0131n\u0131 s\u00f6yl\u00fcyorlar.<\/p>\n<p style=\"text-align: justify\">En son olarak Mustafa Karasu PKK yay\u0131n organlar\u0131ndan Medya Haber\u2019de kat\u0131larak \u201cSuriye Rejimini biz ayakta tutuyoruz\u201d demi\u015fti. \u0130lgili yaz\u0131ya ula\u015fmak i\u00e7in: <a href=\"https:\/\/darkamazi.site\/archives\/1022860\">https:\/\/darkamazi.site\/archives\/1022860<\/a><\/p>\n<p style=\"text-align: justify\">D\u00fcn ise Cemil Bay\u0131k Sterk TV\u2019de yay\u0131nlanan r\u00f6portaj\u0131nda \u201cSuriye Rejimi e\u011fer ayakta ise bunu K\u00fcrtlere bor\u00e7ludur\u201d dedi.<\/p>\n<p style=\"text-align: justify\"><strong>Cemil Bay\u0131k \u201cK\u00fcrtlerin baz\u0131 hatalar\u0131 var\u201d<\/strong><\/p>\n<p style=\"text-align: justify\">\u00a0Cemil Bay\u0131k konu\u015fmas\u0131nda \u201cT\u00fcrk devletinin amac\u0131 K\u00fcrtleri katletmek. Hedefleri bu. Bu hedefe Suriye\u2019yi de kendi siyasetine \u00e7ekerek ula\u015fmak istiyor. T\u00fcrk devleti, K\u00fcrt d\u00fc\u015fman\u0131d\u0131r, K\u00fcrtleri katletmek istiyor. Suriye, bu siyasete alet olmamal\u0131. Bu siyasete girerse Suriye ile Erdo\u011fan aras\u0131nda hi\u00e7bir fark kalmayacakt\u0131r.&#8221; dedi.<\/p>\n<p style=\"text-align: justify\">Bay\u0131k konu\u015fmas\u0131na \u015f\u00f6yle devam etti: \u201cK\u00fcrtler, bug\u00fcne kadar Suriye&#8217;yi korudu. Ayakta tuttu. Belki baz\u0131 hatalar\u0131 vard\u0131r, bu y\u00fczden K\u00fcrtlere y\u00f6nelik Suriye\u2019nin de baz\u0131 ele\u015ftirileri olabilir fakat bu, d\u00fc\u015fmanca bir a\u015famaya gelmemelidir. T\u00fcrk devleti zaten K\u00fcrtlere, demokrasiye, \u00f6zg\u00fcrl\u00fc\u011fe d\u00fc\u015fmand\u0131r; bunu a\u00e7\u0131k\u00e7a ortaya da koyuyor. K\u00fcrtlere y\u00f6nelik baz\u0131 ele\u015ftirileri olan Suriye, Erdo\u011fan\u2019\u0131n d\u00fc\u015fmanl\u0131\u011f\u0131 gibi bir a\u015famaya getirmemeli durumu. E\u011fer bunu yaparsa kendi sonunu getirir. \u0130nan\u0131yorum ki; Suriye bu kirli siyasete alet olmayacak ve K\u00fcrtlerle ili\u015fki geli\u015ftirerek aralar\u0131ndaki sorunlar\u0131 \u00e7\u00f6zecektir. Suriye\u2019nin b\u00fct\u00fcnl\u00fc\u011f\u00fcn\u00fc sa\u011flayacak olan da budur. Suriye\u2019ye \u00e7a\u011fr\u0131m bu temeldedir.\u201d<\/p>\n<p style=\"text-align: justify\"><strong>Rojava\u2019da K\u00fcrtler niye \u00f6ld\u00fc?<\/strong><\/p>\n<p style=\"text-align: justify\">Cemil Bay\u0131k\u2019\u0131n konu\u015fmas\u0131 Suriye devleti sanki bir s\u00f6m\u00fcrgeci de\u011filmi\u015f gibi yap\u0131lan bir konu\u015fmad\u0131r. On y\u0131llard\u0131r K\u00fcrtlerin topraklar\u0131ndaki petrolleri \u00e7\u0131kar\u0131p satan, K\u00fcrtlerin topraklar\u0131nda demografi de\u011fi\u015fsin diye Araplar\u0131 getiren yerle\u015ftiren Suriye devleti de\u011filmi\u015f gibi Cemil Bay\u0131k\u2019\u0131n \u201cK\u00fcrtlerin hatalar\u0131 ola bilir\u201d demesi Suriye devletinin s\u00f6m\u00fcrgeci de\u011fil dost devlet olarak K\u00fcrtlere kabul ettirmek istemesi ile ba\u011flant\u0131l\u0131d\u0131r.<\/p>\n<p style=\"text-align: justify\">K\u00fcrtlerin Suriye\u2019de ne hatas\u0131 olmu\u015f? K\u00fcrtler y\u0131llarca kimliksiz gezmi\u015f, dili yasalanm\u0131\u015f, topraklar\u0131 i\u015fgal edilmi\u015ftir. Son 13 y\u0131ll\u0131k d\u00f6nemde de PKK\u2019nin uzant\u0131s\u0131 olan YPG gibi yap\u0131lar Halep\u2019te, Derazor\u2019da Haseki\u2019de Suriye rejiminin sava\u015fmas\u0131 gereken yap\u0131lara kar\u015f\u0131 sava\u015fm\u0131\u015ft\u0131r. K\u00fcrtler binlerce kay\u0131p verdiler. Sadece Rojaval\u0131lar de\u011fil K\u00fcrdistan\u2019\u0131n di\u011fer par\u00e7alar\u0131ndan binlerce K\u00fcrt Rojava\u2019y\u0131 destekledi ve hayat\u0131n\u0131 kaybetti. Ne i\u00e7in Esad rejimi ayakta kals\u0131n diye mi?<\/p>\n<p style=\"text-align: justify\">Esad y\u00f6netimi ne s\u00f6z verdi de PKK K\u00fcrtlerin rejimi korumak i\u00e7in \u00f6lmesini kabul etti? PKK\u2019nin as\u0131l a\u00e7\u0131klamas\u0131 gereken budur.<\/p>\n<p style=\"text-align: justify\"><strong>Esad\u2019\u0131n K\u00fcrt siyaseti<\/strong><\/p>\n<p style=\"text-align: justify\">Ortado\u011fu\u2019nun s\u00f6m\u00fcrgeci d\u00f6rt g\u00fcc\u00fc var. Suriye, K\u00fcrdistan\u2019\u0131 s\u00f6m\u00fcren \u00fclkeler i\u00e7inde en zay\u0131f\u0131 gibi g\u00f6r\u00fcnse de K\u00fcrt kimli\u011fini her zaman i\u00e7in ret etti. Suriye sadece di\u011fer \u00fclkelere kar\u015f\u0131 kullanmak i\u00e7in zaman zaman baz\u0131 K\u00fcrt \u00f6rg\u00fctlerinin varl\u0131\u011f\u0131na yard\u0131mc\u0131 oldu. Ayr\u0131ca n\u00fcfus olarak az\u0131nl\u0131kta olan Alevi k\u00f6kenli olan Esad rejimi her zaman i\u00e7in S\u00fcnni Araplarla K\u00fcrtleri kar\u015f\u0131 kar\u015f\u0131ya getirmeyi hedefledi. Bu nedenle de zaman zaman K\u00fcrtleri zaman Arap ve di\u011fer yap\u0131lar destekledi. Fakat Rojava\u2019daki K\u00fcrtlere d\u00f6n\u00fck hi\u00e7bir zaman haklar\u0131n\u0131 kabul eden bir tutum i\u00e7inde olmad\u0131.<\/p>\n<p style=\"text-align: justify\">Daha ge\u00e7ti\u011fimiz y\u0131l bile Suriye E\u011fitim Bakan\u0131 K\u00fcrt\u00e7enin anacak hafta bir saat se\u00e7meli ders ola bilece\u011fini s\u00f6yledi. Yani Esad rejiminin de K\u00fcrtleri tan\u0131ma ve haklar\u0131n\u0131 vermek gibi bir siyaseti yoktur. Esad rejimi ihtiya\u00e7 duydu\u011fu zaman PKK\u2019yi kullanm\u0131\u015ft\u0131r. T\u00fcrk devletine kar\u015f\u0131 de\u011fil, K\u00fcrtlere kar\u015f\u0131 kullanm\u0131\u015ft\u0131r.<br \/>\n1986 y\u0131l\u0131ndan bu yana PKK ve Suriye devleti aras\u0131nda bir anla\u015fma yap\u0131lm\u0131\u015ft\u0131r. Buna g\u00f6re PKK radikal K\u00fcrt yap\u0131lar\u0131n Rojava\u2019da engellenmesinden sorumlu olmu\u015ftur.<br \/>\nPKK Rojava\u2019da K\u00fcrtlerin ayr\u0131l\u0131k\u00e7\u0131 bir \u00e7izgiye kaymas\u0131n\u0131 engellemek i\u00e7in kullan\u0131lan bir baraj g\u00f6revi g\u00f6rm\u00fc\u015ft\u00fcr. 1980 y\u0131l\u0131ndan bu yana Esad rejimi ile i\u00e7li d\u0131\u015fl\u0131d\u0131r, binlerce kadrosu \u015eam\u2019dan u\u00e7akla Tahran ve Urmiye\u2019ye gitmi\u015ftir. Binlerce sava\u015f\u00e7\u0131s\u0131 \u015eam\u2019dan trenle Qami\u015flo\u2019ya oradan da araba ile Derik\u2019ten s\u0131n\u0131ra Irak\u2019a gitmi\u015ftir. \u00d6calan \u015eam\u2019da, Lazikiye\u2019de elini kolunu sallayarak gezmi\u015ftir. Hatta Cemil Bay\u0131k 2000 y\u0131l\u0131ndan sonra da iki y\u0131l boyunca \u015eam\u2019da \u00d6calan\u2019\u0131n k\u00fc\u00e7\u00fck \u00e7iftlik denen villas\u0131nda kalm\u0131\u015ft\u0131r. G\u00fcvenli\u011fini Esad Rejimi alm\u0131\u015f ve Bay\u0131k 2002 y\u0131l\u0131nda u\u00e7akla Tahran\u2019a oradan da Kandil\u2019e gelmi\u015ftir. Ama ayn\u0131 y\u0131llarda PKK\u2019nin onlarca Kuzeyli kadrosu T\u00fcrk devletine teslim edilmi\u015f, pek \u00e7ok Rojaval\u0131 ki\u015fi Halep ve \u015eam\u2019da tutuklan\u0131p a\u011f\u0131r i\u015fkence g\u00f6rm\u00fc\u015ft\u00fcr.<\/p>\n<p style=\"text-align: justify\">Yani y\u0131llarca Esad rejimi ile bu kadar kucak kuca\u011fa olan PKK ve y\u00f6neticiler Rojava \u2018da ya\u015farken Rojava halk\u0131 tek bir santim ilerleme sa\u011flamam\u0131\u015f ve hak almam\u0131\u015ft\u0131r.<\/p>\n<p style=\"text-align: justify\">PKK\u2019nin yapt\u0131\u011f\u0131 Rojava halk\u0131n\u0131n vatansever duygular\u0131n\u0131 kullanarak Suriye devletine satmas\u0131, pe\u015fke\u015f \u00e7ekmesidir. Bu sadece PKK ile Suriye aras\u0131ndaki bir ili\u015fki bi\u00e7imi de\u011fildir. PKK \u0130ran ile Do\u011fu K\u00fcrdistan halk\u0131n\u0131n kontrol\u00fc, Irak ile K\u00fcrdistan B\u00f6lgesinin kontrol\u00fc \u00fczerinden de benzer bir ili\u015fki i\u00e7indedir. PKK\u2019nin stratejisi \u015fudur: \u201cK\u00fcrtleri kontrol et sonra pazarla.\u201d<\/p>\n<p style=\"text-align: justify\">Cemil Bay\u0131k\u2019\u0131n Suriye devletine \u201cK\u00fcrtlerin hatalar\u0131 var ama d\u00fczelte biliriz\u201d demesi ise \u201cbunlar ABD ile biraz dost olmu\u015f ola bilirler, ama ben daha fazlas\u0131na izin vermem, 1990\u2019lara d\u00f6neriz\u201d demek anlam\u0131na geliyor.<br \/>\nCemil Bay\u0131k\u2019\u0131n bunu TV ekranlar\u0131nda hi\u00e7 \u00e7ekinmeden s\u00f6ylemesi ise topluma bunu diplomasi yap\u0131yoruz, Rojava\u2019y\u0131 kurtarmaya \u00e7al\u0131\u015f\u0131yoruz normal bir \u015feymi\u015f gibi g\u00f6sterme isteminden kaynaklan\u0131yor.<\/p>\n<p style=\"text-align: justify\">PKK medyas\u0131 arac\u0131l\u0131\u011f\u0131 ile bu s\u00f6ylemleri s\u00fcrekli tekrarlayarak normalle\u015ftirmektedir. Bu s\u00f6ylem bir \u00e7\u00f6z\u00fcm aray\u0131\u015f\u0131 s\u00f6ylemi de\u011fildir. Bir diplomatik s\u00f6ylem de\u011fildir. Bu s\u00f6ylem K\u00fcrtlerdeki anti s\u00f6m\u00fcrgeci d\u00fc\u015f\u00fcnceleri n\u00f6trle\u015ftirmek amac\u0131 ile yani bilin\u00e7 \u00e7arp\u0131tmak i\u00e7in s\u00f6ylenmi\u015ftir.<\/p>\n<p style=\"text-align: justify\">Rojava T\u00fcrk s\u00f6m\u00fcrgecili\u011fi ile Suriye s\u00f6m\u00fcrgecili\u011fi aras\u0131na s\u0131k\u0131\u015fm\u0131\u015ft\u0131r. Yok olma tehlikesi de vard\u0131r. PKK y\u00f6neticilerinin \u0131srarl\u0131 \u00e7a\u011fr\u0131lar\u0131 \u201cRojava\u2019y\u0131 teslim edeceksek bari bir kar\u015f\u0131l\u0131\u011f\u0131 olsun, bize bir \u015feyler verilsin\u201d s\u00f6ylemidir.<\/p>\n<p style=\"text-align: justify\">Rojava\u2019daki d\u00fcr\u00fcst baz\u0131 \u00f6\u011feler PKK\u2019yi a\u015famam\u0131\u015ft\u0131r. Rojava\u2019n\u0131n kaderi Cemil Bay\u0131k ve Mustafa Karasu gibi K\u00fcrtl\u00fck hissiyat\u0131 ve d\u00fc\u015f\u00fcncesi olmayan insanlar\u0131n Esad\u2019\u0131n istihbarat\u0131 ile \u015eam\u2019da yap\u0131lan g\u00f6r\u00fc\u015fmelere kal\u0131rsa Rojava \u00e7ok b\u00fcy\u00fck kaybedecektir.<\/p>\n<p style=\"text-align: justify\">\u00a0PKK\u2019nin2000\u2019li y\u0131llardaki misyonu Ortado\u011fu\u2019da K\u00fcrtlerin kendi kaderini tayin hakk\u0131n\u0131 kullanmas\u0131n\u0131 ve kendini y\u00f6netecek d\u00fczeye gelmesini engellemektir.<\/p>\n","protected":false},"excerpt":{"rendered":"<p>Cemil Bay\u0131k\u2019\u0131n a\u00e7\u0131klamas\u0131 ne anlama geliyor? PKK y\u00f6neticileri Suriye ve T\u00fcrkiye aras\u0131ndaki g\u00f6r\u00fc\u015fme ve ili\u015fki tart\u0131\u015fmalar\u0131 ba\u015flad\u0131\u011f\u0131ndan bu yanad\u0131r s\u0131ra ile a\u00e7\u0131klama yaparak Suriye rejimini ayakta tuttuklar\u0131n\u0131 s\u00f6yl\u00fcyorlar. En son olarak Mustafa Karasu PKK yay\u0131n organlar\u0131ndan Medya Haber\u2019de kat\u0131larak \u201cSuriye Rejimini biz ayakta tutuyoruz\u201d demi\u015fti. \u0130lgili yaz\u0131ya ula\u015fmak i\u00e7in: https:\/\/darkamazi.site\/archives\/1022860 D\u00fcn ise Cemil Bay\u0131k Sterk [&hellip;]<\/p>\n","protected":false},"author":2,"featured_media":1023003,"comment_status":"closed","ping_status":"closed","sticky":false,"template":"","format":"standard","meta":{"footnotes":""},"categories":[7],"tags":[31],"class_list":["post-1023002","post","type-post","status-publish","format-standard","has-post-thumbnail","hentry","category-editorden","tag-onemli"],"blocksy_meta":[],"seo_head":"<!-- This site is optimized with the Yoast SEO plugin v27.5 - https:\/\/yoast.com\/product\/yoast-seo-wordpress\/ -->\n<title>Mustafa Karasu\u2019dan sonra Cemil Bay\u0131k\u2019ta ayn\u0131 a\u00e7\u0131klamay\u0131 yapt\u0131: \u201cSuriye Rejimi bug\u00fcn ayaktaysa m\u00fccadelemiz sayesindedir\u201d - Darka Mazi<\/title>\n<meta name=\"robots\" content=\"index, follow, max-snippet:-1, max-image-preview:large, max-video-preview:-1\" \/>\n<link rel=\"canonical\" href=\"https:\/\/darkamazi.site\/archives\/1023002\" \/>\n<meta property=\"og:locale\" content=\"en_US\" \/>\n<meta property=\"og:type\" content=\"article\" \/>\n<meta property=\"og:title\" content=\"Mustafa Karasu\u2019dan sonra Cemil Bay\u0131k\u2019ta ayn\u0131 a\u00e7\u0131klamay\u0131 yapt\u0131: \u201cSuriye Rejimi bug\u00fcn ayaktaysa m\u00fccadelemiz sayesindedir\u201d - Darka Mazi\" \/>\n<meta property=\"og:description\" content=\"Cemil Bay\u0131k\u2019\u0131n a\u00e7\u0131klamas\u0131 ne anlama geliyor? PKK y\u00f6neticileri Suriye ve T\u00fcrkiye aras\u0131ndaki g\u00f6r\u00fc\u015fme ve ili\u015fki tart\u0131\u015fmalar\u0131 ba\u015flad\u0131\u011f\u0131ndan bu yanad\u0131r s\u0131ra ile a\u00e7\u0131klama yaparak Suriye rejimini ayakta tuttuklar\u0131n\u0131 s\u00f6yl\u00fcyorlar. En son olarak Mustafa Karasu PKK yay\u0131n organlar\u0131ndan Medya Haber\u2019de kat\u0131larak \u201cSuriye Rejimini biz ayakta tutuyoruz\u201d demi\u015fti. \u0130lgili yaz\u0131ya ula\u015fmak i\u00e7in: https:\/\/darkamazi.site\/archives\/1022860 D\u00fcn ise Cemil Bay\u0131k Sterk [&hellip;]\" \/>\n<meta property=\"og:url\" content=\"https:\/\/darkamazi.site\/archives\/1023002\" \/>\n<meta property=\"og:site_name\" content=\"Darka Mazi\" \/>\n<meta property=\"article:publisher\" content=\"https:\/\/www.facebook.com\/DarkaMaziturkce\" \/>\n<meta property=\"article:published_time\" content=\"2023-01-22T07:44:59+00:00\" \/>\n<meta property=\"og:image\" content=\"https:\/\/darkamazi.site\/file\/2023\/01\/karasu-baik.jpg\" \/>\n\t<meta property=\"og:image:width\" content=\"900\" \/>\n\t<meta property=\"og:image:height\" content=\"500\" \/>\n\t<meta property=\"og:image:type\" content=\"image\/jpeg\" \/>\n<meta name=\"author\" content=\"darka mazi\" \/>\n<meta name=\"twitter:card\" content=\"summary_large_image\" \/>\n<meta name=\"twitter:creator\" content=\"@DarkaMaziTurkce\" \/>\n<meta name=\"twitter:site\" content=\"@DarkaMaziTurkce\" \/>\n<meta name=\"twitter:label1\" content=\"Written by\" \/>\n\t<meta name=\"twitter:data1\" content=\"darka mazi\" \/>\n\t<meta name=\"twitter:label2\" content=\"Est. reading time\" \/>\n\t<meta name=\"twitter:data2\" content=\"6 minutes\" \/>\n<script type=\"application\/ld+json\" class=\"seo-schema-graph\">{\"@context\":\"https:\\\/\\\/schema.org\",\"@graph\":[{\"@type\":\"NewsArticle\",\"@id\":\"https:\\\/\\\/darkamazi.site\\\/archives\\\/1023002#article\",\"isPartOf\":{\"@id\":\"https:\\\/\\\/darkamazi.site\\\/archives\\\/1023002\"},\"author\":{\"name\":\"darka mazi\",\"@id\":\"https:\\\/\\\/darkamazi.site\\\/#\\\/schema\\\/person\\\/67986a95ac546c16760365877ef4a9d3\"},\"headline\":\"Mustafa Karasu\u2019dan sonra Cemil Bay\u0131k\u2019ta ayn\u0131 a\u00e7\u0131klamay\u0131 yapt\u0131: \u201cSuriye Rejimi bug\u00fcn ayaktaysa m\u00fccadelemiz sayesindedir\u201d\",\"datePublished\":\"2023-01-22T07:44:59+00:00\",\"mainEntityOfPage\":{\"@id\":\"https:\\\/\\\/darkamazi.site\\\/archives\\\/1023002\"},\"wordCount\":1273,\"publisher\":{\"@id\":\"https:\\\/\\\/darkamazi.site\\\/#organization\"},\"image\":{\"@id\":\"https:\\\/\\\/darkamazi.site\\\/archives\\\/1023002#primaryimage\"},\"thumbnailUrl\":\"https:\\\/\\\/darkamazi.site\\\/darka-content\\\/uploads\\\/2023\\\/01\\\/karasu-baik.jpg\",\"keywords\":[\"\u00f6nemli\"],\"articleSection\":[\"Edit\u00f6rden\"],\"inLanguage\":\"en-US\"},{\"@type\":\"WebPage\",\"@id\":\"https:\\\/\\\/darkamazi.site\\\/archives\\\/1023002\",\"url\":\"https:\\\/\\\/darkamazi.site\\\/archives\\\/1023002\",\"name\":\"Mustafa Karasu\u2019dan sonra Cemil Bay\u0131k\u2019ta ayn\u0131 a\u00e7\u0131klamay\u0131 yapt\u0131: \u201cSuriye Rejimi bug\u00fcn ayaktaysa m\u00fccadelemiz sayesindedir\u201d - Darka Mazi\",\"isPartOf\":{\"@id\":\"https:\\\/\\\/darkamazi.site\\\/#website\"},\"primaryImageOfPage\":{\"@id\":\"https:\\\/\\\/darkamazi.site\\\/archives\\\/1023002#primaryimage\"},\"image\":{\"@id\":\"https:\\\/\\\/darkamazi.site\\\/archives\\\/1023002#primaryimage\"},\"thumbnailUrl\":\"https:\\\/\\\/darkamazi.site\\\/darka-content\\\/uploads\\\/2023\\\/01\\\/karasu-baik.jpg\",\"datePublished\":\"2023-01-22T07:44:59+00:00\",\"breadcrumb\":{\"@id\":\"https:\\\/\\\/darkamazi.site\\\/archives\\\/1023002#breadcrumb\"},\"inLanguage\":\"en-US\",\"potentialAction\":[{\"@type\":\"ReadAction\",\"target\":[\"https:\\\/\\\/darkamazi.site\\\/archives\\\/1023002\"]}]},{\"@type\":\"ImageObject\",\"inLanguage\":\"en-US\",\"@id\":\"https:\\\/\\\/darkamazi.site\\\/archives\\\/1023002#primaryimage\",\"url\":\"https:\\\/\\\/darkamazi.site\\\/darka-content\\\/uploads\\\/2023\\\/01\\\/karasu-baik.jpg\",\"contentUrl\":\"https:\\\/\\\/darkamazi.site\\\/darka-content\\\/uploads\\\/2023\\\/01\\\/karasu-baik.jpg\",\"width\":900,\"height\":500,\"caption\":\"Mustafa Karasu\u2019dan sonra Cemil Bay\u0131k\u2019ta ayn\u0131 a\u00e7\u0131klamay\u0131 yapt\u0131: \u201cSuriye Rejimi bug\u00fcn ayaktaysa m\u00fccadelemiz sayesindedir\u201d Esad Rejimi, PKK, KCK, Suriye devleti, \u00d6calan, Qami\u015flo, Derik, \u015eam, \u00d6calan'\u0131n \u015eam'daki evleri\"},{\"@type\":\"BreadcrumbList\",\"@id\":\"https:\\\/\\\/darkamazi.site\\\/archives\\\/1023002#breadcrumb\",\"itemListElement\":[{\"@type\":\"ListItem\",\"position\":1,\"name\":\"Home\",\"item\":\"https:\\\/\\\/darkamazi.site\\\/\"},{\"@type\":\"ListItem\",\"position\":2,\"name\":\"Mustafa Karasu\u2019dan sonra Cemil Bay\u0131k\u2019ta ayn\u0131 a\u00e7\u0131klamay\u0131 yapt\u0131: \u201cSuriye Rejimi bug\u00fcn ayaktaysa m\u00fccadelemiz sayesindedir\u201d\"}]},{\"@type\":\"WebSite\",\"@id\":\"https:\\\/\\\/darkamazi.site\\\/#website\",\"url\":\"https:\\\/\\\/darkamazi.site\\\/\",\"name\":\"Darka Mazi\",\"description\":\"Ana Sayfa\",\"publisher\":{\"@id\":\"https:\\\/\\\/darkamazi.site\\\/#organization\"},\"potentialAction\":[{\"@type\":\"SearchAction\",\"target\":{\"@type\":\"EntryPoint\",\"urlTemplate\":\"https:\\\/\\\/darkamazi.site\\\/?s={search_term_string}\"},\"query-input\":{\"@type\":\"PropertyValueSpecification\",\"valueRequired\":true,\"valueName\":\"search_term_string\"}}],\"inLanguage\":\"en-US\"},{\"@type\":\"Organization\",\"@id\":\"https:\\\/\\\/darkamazi.site\\\/#organization\",\"name\":\"Darka Mazi T\u00fcrk\u00e7e\",\"alternateName\":\"Darka Mazi\",\"url\":\"https:\\\/\\\/darkamazi.site\\\/\",\"logo\":{\"@type\":\"ImageObject\",\"inLanguage\":\"en-US\",\"@id\":\"https:\\\/\\\/darkamazi.site\\\/#\\\/schema\\\/logo\\\/image\\\/\",\"url\":\"https:\\\/\\\/darkamazi.site\\\/darka-content\\\/uploads\\\/2017\\\/12\\\/darka-mazi-logo.png\",\"contentUrl\":\"https:\\\/\\\/darkamazi.site\\\/darka-content\\\/uploads\\\/2017\\\/12\\\/darka-mazi-logo.png\",\"width\":151,\"height\":75,\"caption\":\"Darka Mazi T\u00fcrk\u00e7e\"},\"image\":{\"@id\":\"https:\\\/\\\/darkamazi.site\\\/#\\\/schema\\\/logo\\\/image\\\/\"},\"sameAs\":[\"https:\\\/\\\/www.facebook.com\\\/DarkaMaziturkce\",\"https:\\\/\\\/x.com\\\/DarkaMaziTurkce\"]},{\"@type\":\"Person\",\"@id\":\"https:\\\/\\\/darkamazi.site\\\/#\\\/schema\\\/person\\\/67986a95ac546c16760365877ef4a9d3\",\"name\":\"darka mazi\",\"sameAs\":[\"https:\\\/\\\/darkamazi.site\"],\"url\":\"https:\\\/\\\/darkamazi.site\\\/archives\\\/author\\\/turkish\"}]}<\/script>\n<!-- \/ Yoast SEO plugin. -->","seo_head_json":{"title":"Mustafa Karasu\u2019dan sonra Cemil Bay\u0131k\u2019ta ayn\u0131 a\u00e7\u0131klamay\u0131 yapt\u0131: \u201cSuriye Rejimi bug\u00fcn ayaktaysa m\u00fccadelemiz sayesindedir\u201d - Darka Mazi","robots":{"index":"index","follow":"follow","max-snippet":"max-snippet:-1","max-image-preview":"max-image-preview:large","max-video-preview":"max-video-preview:-1"},"canonical":"https:\/\/darkamazi.site\/archives\/1023002","og_locale":"en_US","og_type":"article","og_title":"Mustafa Karasu\u2019dan sonra Cemil Bay\u0131k\u2019ta ayn\u0131 a\u00e7\u0131klamay\u0131 yapt\u0131: \u201cSuriye Rejimi bug\u00fcn ayaktaysa m\u00fccadelemiz sayesindedir\u201d - Darka Mazi","og_description":"Cemil Bay\u0131k\u2019\u0131n a\u00e7\u0131klamas\u0131 ne anlama geliyor? PKK y\u00f6neticileri Suriye ve T\u00fcrkiye aras\u0131ndaki g\u00f6r\u00fc\u015fme ve ili\u015fki tart\u0131\u015fmalar\u0131 ba\u015flad\u0131\u011f\u0131ndan bu yanad\u0131r s\u0131ra ile a\u00e7\u0131klama yaparak Suriye rejimini ayakta tuttuklar\u0131n\u0131 s\u00f6yl\u00fcyorlar. En son olarak Mustafa Karasu PKK yay\u0131n organlar\u0131ndan Medya Haber\u2019de kat\u0131larak \u201cSuriye Rejimini biz ayakta tutuyoruz\u201d demi\u015fti. \u0130lgili yaz\u0131ya ula\u015fmak i\u00e7in: https:\/\/darkamazi.site\/archives\/1022860 D\u00fcn ise Cemil Bay\u0131k Sterk [&hellip;]","og_url":"https:\/\/darkamazi.site\/archives\/1023002","og_site_name":"Darka Mazi","article_publisher":"https:\/\/www.facebook.com\/DarkaMaziturkce","article_published_time":"2023-01-22T07:44:59+00:00","og_image":[{"width":900,"height":500,"url":"https:\/\/darkamazi.site\/file\/2023\/01\/karasu-baik.jpg","type":"image\/jpeg"}],"author":"darka mazi","twitter_card":"summary_large_image","twitter_creator":"@DarkaMaziTurkce","twitter_site":"@DarkaMaziTurkce","twitter_misc":{"Written by":"darka mazi","Est. reading time":"6 minutes"},"schema":{"@context":"https:\/\/schema.org","@graph":[{"@type":"NewsArticle","@id":"https:\/\/darkamazi.site\/archives\/1023002#article","isPartOf":{"@id":"https:\/\/darkamazi.site\/archives\/1023002"},"author":{"name":"darka mazi","@id":"https:\/\/darkamazi.site\/#\/schema\/person\/67986a95ac546c16760365877ef4a9d3"},"headline":"Mustafa Karasu\u2019dan sonra Cemil Bay\u0131k\u2019ta ayn\u0131 a\u00e7\u0131klamay\u0131 yapt\u0131: \u201cSuriye Rejimi bug\u00fcn ayaktaysa m\u00fccadelemiz sayesindedir\u201d","datePublished":"2023-01-22T07:44:59+00:00","mainEntityOfPage":{"@id":"https:\/\/darkamazi.site\/archives\/1023002"},"wordCount":1273,"publisher":{"@id":"https:\/\/darkamazi.site\/#organization"},"image":{"@id":"https:\/\/darkamazi.site\/archives\/1023002#primaryimage"},"thumbnailUrl":"https:\/\/darkamazi.site\/file\/2023\/01\/karasu-baik.jpg","keywords":["\u00f6nemli"],"articleSection":["Edit\u00f6rden"],"inLanguage":"en-US"},{"@type":"WebPage","@id":"https:\/\/darkamazi.site\/archives\/1023002","url":"https:\/\/darkamazi.site\/archives\/1023002","name":"Mustafa Karasu\u2019dan sonra Cemil Bay\u0131k\u2019ta ayn\u0131 a\u00e7\u0131klamay\u0131 yapt\u0131: \u201cSuriye Rejimi bug\u00fcn ayaktaysa m\u00fccadelemiz sayesindedir\u201d - Darka Mazi","isPartOf":{"@id":"https:\/\/darkamazi.site\/#website"},"primaryImageOfPage":{"@id":"https:\/\/darkamazi.site\/archives\/1023002#primaryimage"},"image":{"@id":"https:\/\/darkamazi.site\/archives\/1023002#primaryimage"},"thumbnailUrl":"https:\/\/darkamazi.site\/file\/2023\/01\/karasu-baik.jpg","datePublished":"2023-01-22T07:44:59+00:00","breadcrumb":{"@id":"https:\/\/darkamazi.site\/archives\/1023002#breadcrumb"},"inLanguage":"en-US","potentialAction":[{"@type":"ReadAction","target":["https:\/\/darkamazi.site\/archives\/1023002"]}]},{"@type":"ImageObject","inLanguage":"en-US","@id":"https:\/\/darkamazi.site\/archives\/1023002#primaryimage","url":"https:\/\/darkamazi.site\/file\/2023\/01\/karasu-baik.jpg","contentUrl":"https:\/\/darkamazi.site\/file\/2023\/01\/karasu-baik.jpg","width":900,"height":500,"caption":"Mustafa Karasu\u2019dan sonra Cemil Bay\u0131k\u2019ta ayn\u0131 a\u00e7\u0131klamay\u0131 yapt\u0131: \u201cSuriye Rejimi bug\u00fcn ayaktaysa m\u00fccadelemiz sayesindedir\u201d Esad Rejimi, PKK, KCK, Suriye devleti, \u00d6calan, Qami\u015flo, Derik, \u015eam, \u00d6calan'\u0131n \u015eam'daki evleri"},{"@type":"BreadcrumbList","@id":"https:\/\/darkamazi.site\/archives\/1023002#breadcrumb","itemListElement":[{"@type":"ListItem","position":1,"name":"Home","item":"https:\/\/darkamazi.site\/"},{"@type":"ListItem","position":2,"name":"Mustafa Karasu\u2019dan sonra Cemil Bay\u0131k\u2019ta ayn\u0131 a\u00e7\u0131klamay\u0131 yapt\u0131: \u201cSuriye Rejimi bug\u00fcn ayaktaysa m\u00fccadelemiz sayesindedir\u201d"}]},{"@type":"WebSite","@id":"https:\/\/darkamazi.site\/#website","url":"https:\/\/darkamazi.site\/","name":"Darka Mazi","description":"Ana Sayfa","publisher":{"@id":"https:\/\/darkamazi.site\/#organization"},"potentialAction":[{"@type":"SearchAction","target":{"@type":"EntryPoint","urlTemplate":"https:\/\/darkamazi.site\/?s={search_term_string}"},"query-input":{"@type":"PropertyValueSpecification","valueRequired":true,"valueName":"search_term_string"}}],"inLanguage":"en-US"},{"@type":"Organization","@id":"https:\/\/darkamazi.site\/#organization","name":"Darka Mazi T\u00fcrk\u00e7e","alternateName":"Darka Mazi","url":"https:\/\/darkamazi.site\/","logo":{"@type":"ImageObject","inLanguage":"en-US","@id":"https:\/\/darkamazi.site\/#\/schema\/logo\/image\/","url":"https:\/\/darkamazi.site\/file\/2017\/12\/darka-mazi-logo.png","contentUrl":"https:\/\/darkamazi.site\/file\/2017\/12\/darka-mazi-logo.png","width":151,"height":75,"caption":"Darka Mazi T\u00fcrk\u00e7e"},"image":{"@id":"https:\/\/darkamazi.site\/#\/schema\/logo\/image\/"},"sameAs":["https:\/\/www.facebook.com\/DarkaMaziturkce","https:\/\/x.com\/DarkaMaziTurkce"]},{"@type":"Person","@id":"https:\/\/darkamazi.site\/#\/schema\/person\/67986a95ac546c16760365877ef4a9d3","name":"darka mazi","sameAs":["https:\/\/darkamazi.site"],"url":"https:\/\/darkamazi.site\/archives\/author\/turkish"}]}},"_links":{"self":[{"href":"https:\/\/darkamazi.site\/funavuv\/wp\/v2\/posts\/1023002","targetHints":{"allow":["GET"]}}],"collection":[{"href":"https:\/\/darkamazi.site\/funavuv\/wp\/v2\/posts"}],"about":[{"href":"https:\/\/darkamazi.site\/funavuv\/wp\/v2\/types\/post"}],"author":[{"embeddable":true,"href":"https:\/\/darkamazi.site\/funavuv\/wp\/v2\/users\/2"}],"replies":[{"embeddable":true,"href":"https:\/\/darkamazi.site\/funavuv\/wp\/v2\/comments?post=1023002"}],"version-history":[{"count":0,"href":"https:\/\/darkamazi.site\/funavuv\/wp\/v2\/posts\/1023002\/revisions"}],"wp:featuredmedia":[{"embeddable":true,"href":"https:\/\/darkamazi.site\/funavuv\/wp\/v2\/media\/1023003"}],"wp:attachment":[{"href":"https:\/\/darkamazi.site\/funavuv\/wp\/v2\/media?parent=1023002"}],"wp:term":[{"taxonomy":"category","embeddable":true,"href":"https:\/\/darkamazi.site\/funavuv\/wp\/v2\/categories?post=1023002"},{"taxonomy":"post_tag","embeddable":true,"href":"https:\/\/darkamazi.site\/funavuv\/wp\/v2\/tags?post=1023002"}],"curies":[{"name":"wp","href":"https:\/\/api.w.org\/{rel}","templated":true}]}}