{"id":1023272,"date":"2023-02-09T14:18:39","date_gmt":"2023-02-09T11:18:39","guid":{"rendered":"https:\/\/darkamazi.site\/?p=1023272"},"modified":"2023-02-09T14:23:01","modified_gmt":"2023-02-09T11:23:01","slug":"depremezedelere-ulasmasi-icin-yardimlarimizi-nereye-verelim-heyva-sora-kurdistan-guvenilir-bir-adres-mi","status":"publish","type":"post","link":"https:\/\/darkamazi.site\/archives\/1023272","title":{"rendered":"Depremzedelere ula\u015fmas\u0131 i\u00e7in yard\u0131mlar\u0131m\u0131z\u0131 nereye verelim, Heyva Sor  g\u00fcvenilir bir adres mi?"},"content":{"rendered":"<p style=\"text-align: justify\">Kuzey ve Rojava K\u00fcrdistan\u2019\u0131 ile Suriye, T\u00fcrkiye\u2019yi etkileyen Mara\u015f merkezli deprem hala canl\u0131 bir enkaz olarak \u00f6n\u00fcm\u00fczde duruyor. \u00a0Sadece Kuzey K\u00fcrdistan\u2019da on il b\u00fcy\u00fck oranda il\u00e7eleri ile beraber yar\u0131 yar\u0131ya yok oldu. Baz\u0131 yerlerde yar\u0131ndan fazla yok oldu.<br \/>\nOradaki halk\u0131n \u015fu anda b\u00fcy\u00fck bir yard\u0131ma ihtiyac\u0131 var. T\u00fcrk devleti b\u00fcy\u00fck \u00e7o\u011funlu\u011fu K\u00fcrt olan co\u011frafyay\u0131 \u00f6l\u00fcme mahkum etti. \u00a0Bu deprem sadece do\u011fal bir afet de\u011fildi. Ayr\u0131ca K\u00fcrtlerin T\u00fcrkiye Cumhuriyeti i\u00e7inde 100 y\u0131ld\u0131r maruz kald\u0131\u011f\u0131 sistemin, rejimlerin ve devlet aklan\u0131n\u0131n K\u00fcrtlere \u00f6l\u00fcm getirmesiydi.<\/p>\n<p style=\"text-align: justify\">Bu deprem ve yarataca\u011f\u0131 etki ilerde \u00e7ok\u00e7a konu\u015fulacak. \u015eimdi yard\u0131m ve dayan\u0131\u015fma zaman\u0131. Herkes yard\u0131m etmek istiyor. Baz\u0131 k\u00f6t\u00fc niyetli insanlar \u00e7\u0131ksa bile K\u00fcrtler dayan\u0131\u015fmak i\u00e7in elinden geleni yapmaya \u00e7al\u0131\u015f\u0131yor.<\/p>\n<p style=\"text-align: justify\"><strong>Barzani Yard\u0131m Vakf\u0131 ve K\u00fcrdistan B\u00f6lgesi Kuzey K\u00fcrdistan\u2019a ilk ula\u015fan yard\u0131m gurubu oldu<\/strong><br \/>\n\u00d6zellikle de K\u00fcrdistan B\u00f6lgesi h\u00fck\u00fcmeti ve BFC\u2019nin (Barzani Yard\u0131m Vakf\u0131)\u2019n\u0131n 24 saat dolmadan deprem b\u00f6lgesine ula\u015fmas\u0131 \u00e7ok anlaml\u0131yd\u0131. Erbil\u2019den Elbistan\u2019a kadar ula\u015ft\u0131lar. Yard\u0131mlar\u0131 ve \u015feffafl\u0131k konusunda kendi r\u00fc\u015ft\u00fcn\u00fc ispatlam\u0131\u015f olan BFC i\u015flerini \u015fova \u00e7evirmeden, ger\u00e7ekten bir \u015feyleri d\u00fczeltmek i\u00e7in harekete ge\u00e7en bir yap\u0131. \u00c7al\u0131\u015fmalar\u0131n\u0131 takdir etmemek elde de\u011fil. Bu \u00e7al\u0131\u015fma tarz\u0131 nedeni ile de K\u00fcrtlerin her zaman destekledi\u011fi bir kurulu\u015f oldu. Bizlerde bu deprem d\u00f6neminde yine BFC\u2019yi tercih edece\u011fiz.<\/p>\n<p style=\"text-align: justify\">Birde K\u00fcrt yar\u0131m kurulu\u015fu olarak ad\u0131 ge\u00e7en Heyva Sor\u2019a K\u00fcrdistan var. O da ilk saatlerden itibaren yard\u0131m kampanyas\u0131 ba\u015flatt\u0131. Biz hepimiz zaten zor ekonomik ko\u015fullar da ya\u015f\u0131yoruz. Kendi bo\u011faz\u0131m\u0131zdan k\u0131sarak verece\u011fimiz yard\u0131mlar\u0131n ger\u00e7ekten yerine ula\u015ft\u0131\u011f\u0131n\u0131 bilmek istiyoruz. Peki burada \u00f6nemli soru Heyva Sora K\u00fcrdistan g\u00fcvenilir bir yard\u0131m kurulu\u015fu mu? Yard\u0131mlar\u0131m\u0131z ger\u00e7ekten depremzedelere ula\u015f\u0131r m\u0131?<\/p>\n<p style=\"text-align: justify\"><strong>Heyva Sor \u015feffafl\u0131k ve yard\u0131mlar\u0131n ula\u015fmas\u0131nda s\u0131n\u0131fta kalm\u0131\u015f bir kurum<\/strong><\/p>\n<p style=\"text-align: justify\">Maalesef Heyva Sor\u2019a Kurdistan \u015fu ana kadar \u015feffafl\u0131k ve yard\u0131mlar\u0131n yerine ula\u015fmas\u0131 konusunda s\u0131n\u0131fta kalm\u0131\u015f bir yap\u0131. Bir\u00e7ok kez Avrupa \u00fclkeleri taraf\u0131ndan bu konuda soru\u015fturuldu ve cezalara tabi tutuldu. Bunun d\u0131\u015f\u0131nda da \u015fu ana kadar halk\u0131n verdi\u011fi yard\u0131mlar\u0131n kimseye ula\u015ft\u0131\u011f\u0131na veya ne kadar yard\u0131m toplan\u0131p ne kadar\u0131n\u0131n da\u011f\u0131t\u0131ld\u0131\u011f\u0131na dair bir bilgi yok.<\/p>\n<p style=\"text-align: justify\">A\u00e7\u0131k s\u00f6ylemek gerekirse Heyva Sora K\u00fcrdistan PKK\u2019nin Avrupa\u2019da kara para aklad\u0131\u011f\u0131 bir yap\u0131. Yani PKK halktan kampanya olarak toplad\u0131\u011f\u0131 paralar\u0131 Heyva Sor \u00fczerinden akl\u0131yor. Toplanan\u0131n binde biri kadar para \u015eengal, Rojava, Mahmur kamp\u0131 vb birka\u00e7 yerde g\u00f6steri ama\u00e7l\u0131 da\u011f\u0131t\u0131l\u0131yor. Geri kalan para ile PKK\u2019nin Avrupa\u2019daki TV\u2019leri ba\u015fta olmak \u00fczere kurumlar\u0131 finanse ediliyor. Heyva Sor b\u00f6yle bir i\u015fleve sahip. Evet sayfas\u0131na ve bakarsan\u0131z Heyva Sor\u2019un \u015eengal\u2019de yard\u0131m da\u011f\u0131tt\u0131\u011f\u0131 g\u00f6r\u00fcnt\u00fcleri g\u00f6re bilirsiniz. Fakat milyon Euro toplayan bir kurumun \u00e7o\u011fu halktan toplanm\u0131\u015f de\u011feri 3000 Euro\u2019yu ge\u00e7en yard\u0131m paketleri sadece kendi pozisyonunun gizlemek i\u00e7indir.<\/p>\n<p style=\"text-align: justify\"><strong>Heyva Sor tencere ile topluyor \u00e7ay ka\u015f\u0131\u011f\u0131 ile da\u011f\u0131t\u0131yor<\/strong><\/p>\n<p style=\"text-align: justify\">Heyva Sor ge\u00e7mi\u015fte de \u0130ran\u2019daki sel ma\u011fdurlar\u0131 i\u00e7in para toplad\u0131. Bu para nereye gitti bilinmiyor?<\/p>\n<p style=\"text-align: justify\">Heyva Sor her y\u0131l fitre zek\u00e2t topluyor. Bu para nereye gidiyor?<\/p>\n<p style=\"text-align: justify\">Heyva Sor 2015 -2016 hendek \u00e7at\u0131\u015fmalar\u0131 d\u00f6neminde Sur halk\u0131 i\u00e7in yard\u0131m topland\u0131. Bu para nereye gitti?<\/p>\n<p style=\"text-align: justify\">Hi\u00e7bir \u015feffafl\u0131k yok. \u00a0Sadece d\u00f6nem d\u00f6nem PKK\u2019nin \u00f6demesi gereken PKK\u2019ye ait Kandil Belediyesi\u2019ne ait yol yap\u0131m\u0131 i\u00e7in para veriyor.<\/p>\n<p style=\"text-align: justify\">Zaman zaman Rojava\u2019da PKK\u2019nin binlerce litre petrol satt\u0131klar\u0131, silah ka\u00e7ak\u00e7\u0131l\u0131\u011f\u0131 yapt\u0131\u011f\u0131 yerde birka\u00e7 kamyon yard\u0131m malzemesi da\u011f\u0131t\u0131yor.<\/p>\n<p style=\"text-align: justify\">Yani Heyva Sor tencere ile topluyor. Ka\u015f\u0131k ile da\u011f\u0131t\u0131yor. Bunlarda onun g\u00fcvenirlili\u011fini zedeliyor.<\/p>\n<p style=\"text-align: justify\">Her \u015fey bir yana Heyv Sor zaten Kuzey K\u00fcrdistan\u2019a direk yard\u0131m g\u00f6ndere bilecek bir konumda de\u011fil. E\u011fer var sayal\u0131m g\u00f6nderse bile elden ele para eriyecek. Herkes bir yerden t\u0131rt\u0131klayacak. Bunun i\u00e7in yard\u0131mlar\u0131m\u0131z\u0131 Heyva Sor\u2019a vermek param\u0131z\u0131 belirsizli\u011fe s\u00fcr\u00fckler.<\/p>\n<p style=\"text-align: justify\"><strong>Heyva Sor\u2019un kime para verece\u011fini Cemil Bay\u0131k belirler<\/strong><\/p>\n<p style=\"text-align: justify\">Ger\u00e7ekten siyaset konu\u015facak, PKK\u2019nin Avrupa\u2019daki ekonomik sisteminin nas\u0131l i\u015flendi\u011fi paralar\u0131n hangi fabrika ve marketlerden hangisine gitti\u011fini, insanlardan nas\u0131l zorla para topland\u0131\u011f\u0131n\u0131 anlatacak g\u00fcc\u00fcm\u00fcz yok, \u00e7\u00fcnk\u00fc \u00e7ok \u00fczg\u00fcn\u00fcz. \u00a0Heyva Sor\u2019un PKK\u2019nin bir paravan \u00f6rg\u00fct\u00fc oldu\u011funu uzun uzun ispatlar\u0131 ve belgeleri ile anlatamay\u0131z. \u00dczg\u00fcn\u00fcz \u015fu anda PKK\u2019nin t\u00fcm mali sisteminin Cemil Bay\u0131k taraf\u0131ndan kontrol edildi\u011fi ve Heyva Sor\u2019un da nereye ne kadar para verece\u011fini uzun uzun anlatamay\u0131z.<\/p>\n<p style=\"text-align: justify\">\u00a0\u00c7ok \u00fczg\u00fcn\u00fcz, sadece istiyoruz ki yard\u0131mlar yerine gitsin. Sadece istiyoruz ki insanlar ger\u00e7ekten s\u0131cak bir k\u0131yafet giysin, s\u0131cak bir \u00e7orba i\u00e7sin. \u00c7ocuklara mama verilsin. Ba\u015flar\u0131n\u0131 sokacak bir \u00e7ad\u0131r verilsin. Hala uzun bir k\u0131\u015f var, so\u011fuk var. Yard\u0131mlar\u0131m\u0131z yerine gitsin. Bunun i\u00e7in Heyva Sor yard\u0131m vermek i\u00e7in tercih edilecek bir yer de\u011fil.<\/p>\n","protected":false},"excerpt":{"rendered":"<p>Kuzey ve Rojava K\u00fcrdistan\u2019\u0131 ile Suriye, T\u00fcrkiye\u2019yi etkileyen Mara\u015f merkezli deprem hala canl\u0131 bir enkaz olarak \u00f6n\u00fcm\u00fczde duruyor. \u00a0Sadece Kuzey K\u00fcrdistan\u2019da on il b\u00fcy\u00fck oranda il\u00e7eleri ile beraber yar\u0131 yar\u0131ya yok oldu. Baz\u0131 yerlerde yar\u0131ndan fazla yok oldu. Oradaki halk\u0131n \u015fu anda b\u00fcy\u00fck bir yard\u0131ma ihtiyac\u0131 var. T\u00fcrk devleti b\u00fcy\u00fck \u00e7o\u011funlu\u011fu K\u00fcrt olan co\u011frafyay\u0131 \u00f6l\u00fcme [&hellip;]<\/p>\n","protected":false},"author":2,"featured_media":1023273,"comment_status":"closed","ping_status":"closed","sticky":false,"template":"","format":"standard","meta":{"footnotes":""},"categories":[3],"tags":[31],"class_list":["post-1023272","post","type-post","status-publish","format-standard","has-post-thumbnail","hentry","category-kurdistan","tag-onemli"],"blocksy_meta":[],"seo_head":"<!-- This site is optimized with the Yoast SEO plugin v27.5 - https:\/\/yoast.com\/product\/yoast-seo-wordpress\/ -->\n<title>Depremzedelere ula\u015fmas\u0131 i\u00e7in yard\u0131mlar\u0131m\u0131z\u0131 nereye verelim, Heyva Sor g\u00fcvenilir bir adres mi? - Darka Mazi<\/title>\n<meta name=\"robots\" content=\"index, follow, max-snippet:-1, max-image-preview:large, max-video-preview:-1\" \/>\n<link rel=\"canonical\" href=\"https:\/\/darkamazi.site\/archives\/1023272\" \/>\n<meta property=\"og:locale\" content=\"en_US\" \/>\n<meta property=\"og:type\" content=\"article\" \/>\n<meta property=\"og:title\" content=\"Depremzedelere ula\u015fmas\u0131 i\u00e7in yard\u0131mlar\u0131m\u0131z\u0131 nereye verelim, Heyva Sor g\u00fcvenilir bir adres mi? - Darka Mazi\" \/>\n<meta property=\"og:description\" content=\"Kuzey ve Rojava K\u00fcrdistan\u2019\u0131 ile Suriye, T\u00fcrkiye\u2019yi etkileyen Mara\u015f merkezli deprem hala canl\u0131 bir enkaz olarak \u00f6n\u00fcm\u00fczde duruyor. \u00a0Sadece Kuzey K\u00fcrdistan\u2019da on il b\u00fcy\u00fck oranda il\u00e7eleri ile beraber yar\u0131 yar\u0131ya yok oldu. Baz\u0131 yerlerde yar\u0131ndan fazla yok oldu. Oradaki halk\u0131n \u015fu anda b\u00fcy\u00fck bir yard\u0131ma ihtiyac\u0131 var. T\u00fcrk devleti b\u00fcy\u00fck \u00e7o\u011funlu\u011fu K\u00fcrt olan co\u011frafyay\u0131 \u00f6l\u00fcme [&hellip;]\" \/>\n<meta property=\"og:url\" content=\"https:\/\/darkamazi.site\/archives\/1023272\" \/>\n<meta property=\"og:site_name\" content=\"Darka Mazi\" \/>\n<meta property=\"article:publisher\" content=\"https:\/\/www.facebook.com\/DarkaMaziturkce\" \/>\n<meta property=\"article:published_time\" content=\"2023-02-09T11:18:39+00:00\" \/>\n<meta property=\"article:modified_time\" content=\"2023-02-09T11:23:01+00:00\" \/>\n<meta property=\"og:image\" content=\"https:\/\/darkamazi.site\/file\/2023\/02\/heyva-sor.jpg\" \/>\n\t<meta property=\"og:image:width\" content=\"900\" \/>\n\t<meta property=\"og:image:height\" content=\"497\" \/>\n\t<meta property=\"og:image:type\" content=\"image\/jpeg\" \/>\n<meta name=\"author\" content=\"darka mazi\" \/>\n<meta name=\"twitter:card\" content=\"summary_large_image\" \/>\n<meta name=\"twitter:creator\" content=\"@DarkaMaziTurkce\" \/>\n<meta name=\"twitter:site\" content=\"@DarkaMaziTurkce\" \/>\n<meta name=\"twitter:label1\" content=\"Written by\" \/>\n\t<meta name=\"twitter:data1\" content=\"darka mazi\" \/>\n\t<meta name=\"twitter:label2\" content=\"Est. reading time\" \/>\n\t<meta name=\"twitter:data2\" content=\"3 minutes\" \/>\n<script type=\"application\/ld+json\" class=\"seo-schema-graph\">{\"@context\":\"https:\\\/\\\/schema.org\",\"@graph\":[{\"@type\":\"NewsArticle\",\"@id\":\"https:\\\/\\\/darkamazi.site\\\/archives\\\/1023272#article\",\"isPartOf\":{\"@id\":\"https:\\\/\\\/darkamazi.site\\\/archives\\\/1023272\"},\"author\":{\"name\":\"darka mazi\",\"@id\":\"https:\\\/\\\/darkamazi.site\\\/#\\\/schema\\\/person\\\/67986a95ac546c16760365877ef4a9d3\"},\"headline\":\"Depremzedelere ula\u015fmas\u0131 i\u00e7in yard\u0131mlar\u0131m\u0131z\u0131 nereye verelim, Heyva Sor g\u00fcvenilir bir adres mi?\",\"datePublished\":\"2023-02-09T11:18:39+00:00\",\"dateModified\":\"2023-02-09T11:23:01+00:00\",\"mainEntityOfPage\":{\"@id\":\"https:\\\/\\\/darkamazi.site\\\/archives\\\/1023272\"},\"wordCount\":962,\"publisher\":{\"@id\":\"https:\\\/\\\/darkamazi.site\\\/#organization\"},\"image\":{\"@id\":\"https:\\\/\\\/darkamazi.site\\\/archives\\\/1023272#primaryimage\"},\"thumbnailUrl\":\"https:\\\/\\\/darkamazi.site\\\/darka-content\\\/uploads\\\/2023\\\/02\\\/heyva-sor.jpg\",\"keywords\":[\"\u00f6nemli\"],\"articleSection\":[\"Kurdistan\"],\"inLanguage\":\"en-US\"},{\"@type\":\"WebPage\",\"@id\":\"https:\\\/\\\/darkamazi.site\\\/archives\\\/1023272\",\"url\":\"https:\\\/\\\/darkamazi.site\\\/archives\\\/1023272\",\"name\":\"Depremzedelere ula\u015fmas\u0131 i\u00e7in yard\u0131mlar\u0131m\u0131z\u0131 nereye verelim, Heyva Sor g\u00fcvenilir bir adres mi? - Darka Mazi\",\"isPartOf\":{\"@id\":\"https:\\\/\\\/darkamazi.site\\\/#website\"},\"primaryImageOfPage\":{\"@id\":\"https:\\\/\\\/darkamazi.site\\\/archives\\\/1023272#primaryimage\"},\"image\":{\"@id\":\"https:\\\/\\\/darkamazi.site\\\/archives\\\/1023272#primaryimage\"},\"thumbnailUrl\":\"https:\\\/\\\/darkamazi.site\\\/darka-content\\\/uploads\\\/2023\\\/02\\\/heyva-sor.jpg\",\"datePublished\":\"2023-02-09T11:18:39+00:00\",\"dateModified\":\"2023-02-09T11:23:01+00:00\",\"breadcrumb\":{\"@id\":\"https:\\\/\\\/darkamazi.site\\\/archives\\\/1023272#breadcrumb\"},\"inLanguage\":\"en-US\",\"potentialAction\":[{\"@type\":\"ReadAction\",\"target\":[\"https:\\\/\\\/darkamazi.site\\\/archives\\\/1023272\"]}]},{\"@type\":\"ImageObject\",\"inLanguage\":\"en-US\",\"@id\":\"https:\\\/\\\/darkamazi.site\\\/archives\\\/1023272#primaryimage\",\"url\":\"https:\\\/\\\/darkamazi.site\\\/darka-content\\\/uploads\\\/2023\\\/02\\\/heyva-sor.jpg\",\"contentUrl\":\"https:\\\/\\\/darkamazi.site\\\/darka-content\\\/uploads\\\/2023\\\/02\\\/heyva-sor.jpg\",\"width\":900,\"height\":497,\"caption\":\"Depremezedelere ula\u015fmas\u0131 i\u00e7in yard\u0131mlar\u0131m\u0131z\u0131 nereye verelim, Heyva Sor\u2019a Kurdistan g\u00fcvenilir bir adres mi?\"},{\"@type\":\"BreadcrumbList\",\"@id\":\"https:\\\/\\\/darkamazi.site\\\/archives\\\/1023272#breadcrumb\",\"itemListElement\":[{\"@type\":\"ListItem\",\"position\":1,\"name\":\"Home\",\"item\":\"https:\\\/\\\/darkamazi.site\\\/\"},{\"@type\":\"ListItem\",\"position\":2,\"name\":\"Depremzedelere ula\u015fmas\u0131 i\u00e7in yard\u0131mlar\u0131m\u0131z\u0131 nereye verelim, Heyva Sor g\u00fcvenilir bir adres mi?\"}]},{\"@type\":\"WebSite\",\"@id\":\"https:\\\/\\\/darkamazi.site\\\/#website\",\"url\":\"https:\\\/\\\/darkamazi.site\\\/\",\"name\":\"Darka Mazi\",\"description\":\"Ana Sayfa\",\"publisher\":{\"@id\":\"https:\\\/\\\/darkamazi.site\\\/#organization\"},\"potentialAction\":[{\"@type\":\"SearchAction\",\"target\":{\"@type\":\"EntryPoint\",\"urlTemplate\":\"https:\\\/\\\/darkamazi.site\\\/?s={search_term_string}\"},\"query-input\":{\"@type\":\"PropertyValueSpecification\",\"valueRequired\":true,\"valueName\":\"search_term_string\"}}],\"inLanguage\":\"en-US\"},{\"@type\":\"Organization\",\"@id\":\"https:\\\/\\\/darkamazi.site\\\/#organization\",\"name\":\"Darka Mazi T\u00fcrk\u00e7e\",\"alternateName\":\"Darka Mazi\",\"url\":\"https:\\\/\\\/darkamazi.site\\\/\",\"logo\":{\"@type\":\"ImageObject\",\"inLanguage\":\"en-US\",\"@id\":\"https:\\\/\\\/darkamazi.site\\\/#\\\/schema\\\/logo\\\/image\\\/\",\"url\":\"https:\\\/\\\/darkamazi.site\\\/darka-content\\\/uploads\\\/2017\\\/12\\\/darka-mazi-logo.png\",\"contentUrl\":\"https:\\\/\\\/darkamazi.site\\\/darka-content\\\/uploads\\\/2017\\\/12\\\/darka-mazi-logo.png\",\"width\":151,\"height\":75,\"caption\":\"Darka Mazi T\u00fcrk\u00e7e\"},\"image\":{\"@id\":\"https:\\\/\\\/darkamazi.site\\\/#\\\/schema\\\/logo\\\/image\\\/\"},\"sameAs\":[\"https:\\\/\\\/www.facebook.com\\\/DarkaMaziturkce\",\"https:\\\/\\\/x.com\\\/DarkaMaziTurkce\"]},{\"@type\":\"Person\",\"@id\":\"https:\\\/\\\/darkamazi.site\\\/#\\\/schema\\\/person\\\/67986a95ac546c16760365877ef4a9d3\",\"name\":\"darka mazi\",\"sameAs\":[\"https:\\\/\\\/darkamazi.site\"],\"url\":\"https:\\\/\\\/darkamazi.site\\\/archives\\\/author\\\/turkish\"}]}<\/script>\n<!-- \/ Yoast SEO plugin. -->","seo_head_json":{"title":"Depremzedelere ula\u015fmas\u0131 i\u00e7in yard\u0131mlar\u0131m\u0131z\u0131 nereye verelim, Heyva Sor g\u00fcvenilir bir adres mi? - Darka Mazi","robots":{"index":"index","follow":"follow","max-snippet":"max-snippet:-1","max-image-preview":"max-image-preview:large","max-video-preview":"max-video-preview:-1"},"canonical":"https:\/\/darkamazi.site\/archives\/1023272","og_locale":"en_US","og_type":"article","og_title":"Depremzedelere ula\u015fmas\u0131 i\u00e7in yard\u0131mlar\u0131m\u0131z\u0131 nereye verelim, Heyva Sor g\u00fcvenilir bir adres mi? - Darka Mazi","og_description":"Kuzey ve Rojava K\u00fcrdistan\u2019\u0131 ile Suriye, T\u00fcrkiye\u2019yi etkileyen Mara\u015f merkezli deprem hala canl\u0131 bir enkaz olarak \u00f6n\u00fcm\u00fczde duruyor. \u00a0Sadece Kuzey K\u00fcrdistan\u2019da on il b\u00fcy\u00fck oranda il\u00e7eleri ile beraber yar\u0131 yar\u0131ya yok oldu. Baz\u0131 yerlerde yar\u0131ndan fazla yok oldu. Oradaki halk\u0131n \u015fu anda b\u00fcy\u00fck bir yard\u0131ma ihtiyac\u0131 var. T\u00fcrk devleti b\u00fcy\u00fck \u00e7o\u011funlu\u011fu K\u00fcrt olan co\u011frafyay\u0131 \u00f6l\u00fcme [&hellip;]","og_url":"https:\/\/darkamazi.site\/archives\/1023272","og_site_name":"Darka Mazi","article_publisher":"https:\/\/www.facebook.com\/DarkaMaziturkce","article_published_time":"2023-02-09T11:18:39+00:00","article_modified_time":"2023-02-09T11:23:01+00:00","og_image":[{"width":900,"height":497,"url":"https:\/\/darkamazi.site\/file\/2023\/02\/heyva-sor.jpg","type":"image\/jpeg"}],"author":"darka mazi","twitter_card":"summary_large_image","twitter_creator":"@DarkaMaziTurkce","twitter_site":"@DarkaMaziTurkce","twitter_misc":{"Written by":"darka mazi","Est. reading time":"3 minutes"},"schema":{"@context":"https:\/\/schema.org","@graph":[{"@type":"NewsArticle","@id":"https:\/\/darkamazi.site\/archives\/1023272#article","isPartOf":{"@id":"https:\/\/darkamazi.site\/archives\/1023272"},"author":{"name":"darka mazi","@id":"https:\/\/darkamazi.site\/#\/schema\/person\/67986a95ac546c16760365877ef4a9d3"},"headline":"Depremzedelere ula\u015fmas\u0131 i\u00e7in yard\u0131mlar\u0131m\u0131z\u0131 nereye verelim, Heyva Sor g\u00fcvenilir bir adres mi?","datePublished":"2023-02-09T11:18:39+00:00","dateModified":"2023-02-09T11:23:01+00:00","mainEntityOfPage":{"@id":"https:\/\/darkamazi.site\/archives\/1023272"},"wordCount":962,"publisher":{"@id":"https:\/\/darkamazi.site\/#organization"},"image":{"@id":"https:\/\/darkamazi.site\/archives\/1023272#primaryimage"},"thumbnailUrl":"https:\/\/darkamazi.site\/file\/2023\/02\/heyva-sor.jpg","keywords":["\u00f6nemli"],"articleSection":["Kurdistan"],"inLanguage":"en-US"},{"@type":"WebPage","@id":"https:\/\/darkamazi.site\/archives\/1023272","url":"https:\/\/darkamazi.site\/archives\/1023272","name":"Depremzedelere ula\u015fmas\u0131 i\u00e7in yard\u0131mlar\u0131m\u0131z\u0131 nereye verelim, Heyva Sor g\u00fcvenilir bir adres mi? - Darka Mazi","isPartOf":{"@id":"https:\/\/darkamazi.site\/#website"},"primaryImageOfPage":{"@id":"https:\/\/darkamazi.site\/archives\/1023272#primaryimage"},"image":{"@id":"https:\/\/darkamazi.site\/archives\/1023272#primaryimage"},"thumbnailUrl":"https:\/\/darkamazi.site\/file\/2023\/02\/heyva-sor.jpg","datePublished":"2023-02-09T11:18:39+00:00","dateModified":"2023-02-09T11:23:01+00:00","breadcrumb":{"@id":"https:\/\/darkamazi.site\/archives\/1023272#breadcrumb"},"inLanguage":"en-US","potentialAction":[{"@type":"ReadAction","target":["https:\/\/darkamazi.site\/archives\/1023272"]}]},{"@type":"ImageObject","inLanguage":"en-US","@id":"https:\/\/darkamazi.site\/archives\/1023272#primaryimage","url":"https:\/\/darkamazi.site\/file\/2023\/02\/heyva-sor.jpg","contentUrl":"https:\/\/darkamazi.site\/file\/2023\/02\/heyva-sor.jpg","width":900,"height":497,"caption":"Depremezedelere ula\u015fmas\u0131 i\u00e7in yard\u0131mlar\u0131m\u0131z\u0131 nereye verelim, Heyva Sor\u2019a Kurdistan g\u00fcvenilir bir adres mi?"},{"@type":"BreadcrumbList","@id":"https:\/\/darkamazi.site\/archives\/1023272#breadcrumb","itemListElement":[{"@type":"ListItem","position":1,"name":"Home","item":"https:\/\/darkamazi.site\/"},{"@type":"ListItem","position":2,"name":"Depremzedelere ula\u015fmas\u0131 i\u00e7in yard\u0131mlar\u0131m\u0131z\u0131 nereye verelim, Heyva Sor g\u00fcvenilir bir adres mi?"}]},{"@type":"WebSite","@id":"https:\/\/darkamazi.site\/#website","url":"https:\/\/darkamazi.site\/","name":"Darka Mazi","description":"Ana Sayfa","publisher":{"@id":"https:\/\/darkamazi.site\/#organization"},"potentialAction":[{"@type":"SearchAction","target":{"@type":"EntryPoint","urlTemplate":"https:\/\/darkamazi.site\/?s={search_term_string}"},"query-input":{"@type":"PropertyValueSpecification","valueRequired":true,"valueName":"search_term_string"}}],"inLanguage":"en-US"},{"@type":"Organization","@id":"https:\/\/darkamazi.site\/#organization","name":"Darka Mazi T\u00fcrk\u00e7e","alternateName":"Darka Mazi","url":"https:\/\/darkamazi.site\/","logo":{"@type":"ImageObject","inLanguage":"en-US","@id":"https:\/\/darkamazi.site\/#\/schema\/logo\/image\/","url":"https:\/\/darkamazi.site\/file\/2017\/12\/darka-mazi-logo.png","contentUrl":"https:\/\/darkamazi.site\/file\/2017\/12\/darka-mazi-logo.png","width":151,"height":75,"caption":"Darka Mazi T\u00fcrk\u00e7e"},"image":{"@id":"https:\/\/darkamazi.site\/#\/schema\/logo\/image\/"},"sameAs":["https:\/\/www.facebook.com\/DarkaMaziturkce","https:\/\/x.com\/DarkaMaziTurkce"]},{"@type":"Person","@id":"https:\/\/darkamazi.site\/#\/schema\/person\/67986a95ac546c16760365877ef4a9d3","name":"darka mazi","sameAs":["https:\/\/darkamazi.site"],"url":"https:\/\/darkamazi.site\/archives\/author\/turkish"}]}},"_links":{"self":[{"href":"https:\/\/darkamazi.site\/funavuv\/wp\/v2\/posts\/1023272","targetHints":{"allow":["GET"]}}],"collection":[{"href":"https:\/\/darkamazi.site\/funavuv\/wp\/v2\/posts"}],"about":[{"href":"https:\/\/darkamazi.site\/funavuv\/wp\/v2\/types\/post"}],"author":[{"embeddable":true,"href":"https:\/\/darkamazi.site\/funavuv\/wp\/v2\/users\/2"}],"replies":[{"embeddable":true,"href":"https:\/\/darkamazi.site\/funavuv\/wp\/v2\/comments?post=1023272"}],"version-history":[{"count":0,"href":"https:\/\/darkamazi.site\/funavuv\/wp\/v2\/posts\/1023272\/revisions"}],"wp:featuredmedia":[{"embeddable":true,"href":"https:\/\/darkamazi.site\/funavuv\/wp\/v2\/media\/1023273"}],"wp:attachment":[{"href":"https:\/\/darkamazi.site\/funavuv\/wp\/v2\/media?parent=1023272"}],"wp:term":[{"taxonomy":"category","embeddable":true,"href":"https:\/\/darkamazi.site\/funavuv\/wp\/v2\/categories?post=1023272"},{"taxonomy":"post_tag","embeddable":true,"href":"https:\/\/darkamazi.site\/funavuv\/wp\/v2\/tags?post=1023272"}],"curies":[{"name":"wp","href":"https:\/\/api.w.org\/{rel}","templated":true}]}}